{"id":26232,"date":"2024-01-09T15:14:07","date_gmt":"2024-01-09T18:14:07","guid":{"rendered":"https:\/\/noticiasribeiraopreto.com.br\/index.php\/2024\/01\/09\/poupanca-tem-saque-liquido-de-r-87819-bi-em-2023\/"},"modified":"2024-01-09T15:14:07","modified_gmt":"2024-01-09T18:14:07","slug":"poupanca-tem-saque-liquido-de-r-87819-bi-em-2023","status":"publish","type":"post","link":"https:\/\/noticiasribeiraopreto.com.br\/index.php\/2024\/01\/09\/poupanca-tem-saque-liquido-de-r-87819-bi-em-2023\/","title":{"rendered":"Poupan\u00e7a tem saque l\u00edquido de R$ 87,819 bi em 2023"},"content":{"rendered":"<div class='code-block code-block-1' style='margin: 8px 0 8px auto; text-align: right; display: block; clear: both;'>\n<p><a href=\"https:\/\/wa.link\/vpicfd\"><img data-recalc-dims=\"1\" class=\"wp-image-4922\" style=\"aspect-ratio: 2.0253164556962027; width: 561px; height: auto;\" src=\"https:\/\/i0.wp.com\/ismaelcolosi.com.br\/wp-content\/uploads\/2023\/11\/grupo-de-empregos-whatsapp-e-facebook-ismael-colosi-vagas.jpg?ssl=1\" alt=\"\" \/><\/a><\/p>\n<!-- \/wp:image -->\n<\/div>\n<p> <br \/>\n<\/p>\n<div id=\"post-369755\">\n<header class=\"entry-header penci-entry-header penci-title-center\">\n<p> <span class=\"entry-meta-item penci-posted-on\"><i class=\"fa fa-clock-o\"\/><time class=\"entry-date published\" datetime=\"2024-01-09T15:00:27-03:00\">9 de janeiro de 2024 | 15:00<\/time><time class=\"updated\" datetime=\"2024-01-09T09:14:58-03:00\">9 de janeiro de 2024 | 9:14<\/time><\/span><\/p>\n<p> <span class=\"penci-social-buttons penci-social-share-footer\"><a href=\"#\" class=\"penci-post-like penci_post-meta_item  single-like-button penci-social-item like\" data-post_id=\"369755\" title=\"Like\" data-like=\"Like\" data-unlike=\"Unlike\"><i class=\"fa fa-thumbs-o-up\"\/><span class=\"penci-share-number\">0<\/span><\/a><i class=\"fa fa-facebook\"\/><a class=\"penci-social-item twitter\" target=\"_blank\" rel=\"noopener\" title=\"\" href=\"https:\/\/twitter.com\/intent\/tweet?text=Poupan\u00e7a%20tem%20saque%20l\u00edquido%20de%20R$%2087,819%20bi%20em%202023%20-%20https:\/\/www.tribunaribeirao.com.br\/site\/poupanca-tem-saque-liquido-de-r-87819-bi-em-2023\/\"><i class=\"fa fa-twitter\"\/><\/a><i class=\"fa fa-whatsapp\"\/><\/span><\/header>\n<div class=\"penci-entry-content entry-content\">\n<p><span class=\"TextRun SCXW123499898 BCX0\" lang=\"PT-BR\" xml:lang=\"PT-BR\" data-contrast=\"auto\"><span class=\"NormalTextRun SCXW123499898 BCX0\">A caderneta de poupan\u00e7a registrou forte sa\u00edda de recursos em 2023. Dados divulgados nesta segunda-feira, <\/span><span class=\"NormalTextRun SCXW123499898 BCX0\">8<\/span><span class=\"NormalTextRun SCXW123499898 BCX0\"> de janeiro<\/span><span class=\"NormalTextRun SCXW123499898 BCX0\">, pelo Banco Central (BC) mostram que as retiradas superaram as aplica\u00e7\u00f5es em R$ 87,819 bilh\u00f5es no ano passado, o segundo pior resultado da s\u00e9rie hist\u00f3rica iniciada em 1995.<\/span><\/span><span class=\"LineBreakBlob BlobObject DragDrop SCXW123499898 BCX0\"><span class=\"SCXW123499898 BCX0\">\u00a0<\/span><br class=\"SCXW123499898 BCX0\"\/><\/span><span class=\"LineBreakBlob BlobObject DragDrop SCXW123499898 BCX0\"><span class=\"SCXW123499898 BCX0\">\u00a0<\/span><br class=\"SCXW123499898 BCX0\"\/><\/span><span class=\"TextRun SCXW123499898 BCX0\" lang=\"PT-BR\" xml:lang=\"PT-BR\" data-contrast=\"auto\"><span class=\"NormalTextRun SCXW123499898 BCX0\">Com apenas dois meses positivos no ano <\/span><span class=\"NormalTextRun SCXW123499898 BCX0\">\u2013<\/span><span class=\"NormalTextRun SCXW123499898 BCX0\"> junho e dezembro <\/span><span class=\"NormalTextRun SCXW123499898 BCX0\">\u2013<\/span><span class=\"NormalTextRun SCXW123499898 BCX0\"> o saque l\u00edquido de 2023 s\u00f3 n\u00e3o superou o recorde negativo de 2022, quando a sa\u00edda da poupan\u00e7a totalizou R$ 103,237 bilh\u00f5es. O \u00faltimo ano com capta\u00e7\u00e3o l\u00edquida foi 2020, com ingressos de R$ <\/span><span class=\"NormalTextRun SCXW123499898 BCX0\">166,<\/span><span class=\"NormalTextRun SCXW123499898 BCX0\">309 bilh\u00f5es na caderneta em meio \u00e0 pandemia de <\/span><span class=\"NormalTextRun SCXW123499898 BCX0\">covid<\/span><span class=\"NormalTextRun SCXW123499898 BCX0\">-19.<\/span><\/span><span class=\"LineBreakBlob BlobObject DragDrop SCXW123499898 BCX0\"><span class=\"SCXW123499898 BCX0\">\u00a0<\/span><br class=\"SCXW123499898 BCX0\"\/><\/span><span class=\"LineBreakBlob BlobObject DragDrop SCXW123499898 BCX0\"><span class=\"SCXW123499898 BCX0\">\u00a0<\/span><br class=\"SCXW123499898 BCX0\"\/><\/span><span class=\"TextRun SCXW123499898 BCX0\" lang=\"PT-BR\" xml:lang=\"PT-BR\" data-contrast=\"auto\"><span class=\"NormalTextRun SCXW123499898 BCX0\">Em dezembro, houve ingresso l\u00edquido de R$ 13,771 bilh\u00f5es. O resultado foi o melhor para o m\u00eas desde 2020, quando houve capta\u00e7\u00e3o l\u00edquida de R$ 20,601 bilh\u00f5es.<\/span> <span class=\"NormalTextRun SCXW123499898 BCX0\">No m\u00eas passado, foram aplicados na poupan\u00e7a R$ <\/span><span class=\"NormalTextRun SCXW123499898 BCX0\">363,<\/span><span class=\"NormalTextRun SCXW123499898 BCX0\">876 bilh\u00f5es, enquanto R$ 351,104 bilh\u00f5es foram sacados pelos brasileiros. Considerando o rendimento de R$ <\/span><span class=\"NormalTextRun SCXW123499898 BCX0\">5,<\/span><span class=\"NormalTextRun SCXW123499898 BCX0\">396 bilh\u00f5es, o saldo total da caderneta somou R$ 983,033 bilh\u00f5es ao final de dezembro.<\/span><\/span><span class=\"LineBreakBlob BlobObject DragDrop SCXW123499898 BCX0\"><span class=\"SCXW123499898 BCX0\">\u00a0<\/span><br class=\"SCXW123499898 BCX0\"\/><\/span><span class=\"LineBreakBlob BlobObject DragDrop SCXW123499898 BCX0\"><span class=\"SCXW123499898 BCX0\">\u00a0<\/span><br class=\"SCXW123499898 BCX0\"\/><\/span><span class=\"TextRun SCXW123499898 BCX0\" lang=\"PT-BR\" xml:lang=\"PT-BR\" data-contrast=\"auto\"><span class=\"NormalTextRun SCXW123499898 BCX0\">Atualmente, com a taxa <\/span><span class=\"NormalTextRun SCXW123499898 BCX0\">Selic<\/span><span class=\"NormalTextRun SCXW123499898 BCX0\"> a 11,75% ao ano, a poupan\u00e7a \u00e9 remunerada pela taxa referencial (TR), hoje em 0,0912% ao m\u00eas (1,0999% ao ano), mais uma taxa fixa de 0,5% ao m\u00eas (6,17% ao ano). Quando a <\/span><span class=\"NormalTextRun SCXW123499898 BCX0\">Selic<\/span><span class=\"NormalTextRun SCXW123499898 BCX0\"> est\u00e1 abaixo de 8,5%, a atualiza\u00e7\u00e3o \u00e9 feita pela TR mais 70% da taxa b\u00e1sica de juros.<\/span><\/span><span class=\"LineBreakBlob BlobObject DragDrop SCXW123499898 BCX0\"><span class=\"SCXW123499898 BCX0\">\u00a0<\/span><br class=\"SCXW123499898 BCX0\"\/><\/span><\/p>\n<\/div>\n<footer class=\"penci-entry-footer\"\/><\/div>\n<p><script async src=\"\/\/platform.twitter.com\/widgets.js\" charset=\"utf-8\"><\/script><br \/>\n<br \/><br \/>\n<br \/><a href=\"https:\/\/www.tribunaribeirao.com.br\/site\/poupanca-tem-saque-liquido-de-r-87819-bi-em-2023\/\">Source link <\/a><\/p>\n<!-- CONTENT END 1 -->\n","protected":false},"excerpt":{"rendered":"<p>9 de janeiro de 2024 | 15:009 de janeiro de 2024 | 9:14 0 A caderneta de poupan\u00e7a registrou forte sa\u00edda de recursos em 2023&#8230;.<\/p>\n","protected":false},"author":1,"featured_media":26233,"comment_status":"open","ping_status":"open","sticky":false,"template":"","format":"standard","meta":{"advanced_seo_description":"","jetpack_seo_html_title":"","jetpack_seo_noindex":false,"jetpack_post_was_ever_published":false,"_jetpack_newsletter_access":"","_jetpack_dont_email_post_to_subs":false,"_jetpack_newsletter_tier_id":0,"_jetpack_memberships_contains_paywalled_content":false,"_jetpack_memberships_contains_paid_content":false,"footnotes":"","jetpack_publicize_message":"","jetpack_publicize_feature_enabled":true,"jetpack_social_post_already_shared":true,"jetpack_social_options":{"image_generator_settings":{"template":"highway","default_image_id":0,"font":"","enabled":false},"version":2}},"categories":[11],"tags":[3285,3283,3284,162],"class_list":["post-26232","post","type-post","status-publish","format-standard","has-post-thumbnail","hentry","category-noticias-de-ribeirao-preto-sp-e-regiao-ismael-colosi","tag-liquido","tag-poupanca","tag-saque","tag-tem"],"jetpack_publicize_connections":[],"jetpack_featured_media_url":"https:\/\/i0.wp.com\/noticiasribeiraopreto.com.br\/wp-content\/uploads\/2024\/01\/Poupa-Marcello-Casal-Jr.-Ag.Br_-scaled.jpg?fit=1000%2C598&ssl=1","jetpack-related-posts":[{"id":75463,"url":"https:\/\/noticiasribeiraopreto.com.br\/index.php\/2025\/08\/09\/saques-da-poupanca-superam-depositos\/","url_meta":{"origin":26232,"position":0},"title":"Saques da poupan\u00e7a superam dep\u00f3sitos \u00a0","author":"noticiasribeiraopreto.com.br","date":"9 de August de 2025","format":false,"excerpt":"9 de agosto de 2025 08:499 de agosto de 2025 06:324 Compartilhar0 Os saques em cadernetas de poupan\u00e7a superaram os dep\u00f3sitos em R$ 6,25 bilh\u00f5es no m\u00eas de julho deste ano. O resultado decorre de um total de R$ 363,57 bilh\u00f5es em dep\u00f3sitos; e de R$ 369,82 bilh\u00f5es em saques\u2026","rel":"","context":"In &quot;Not\u00edcias de Ribeir\u00e3o Preto-SP e Regi\u00e3o&quot;","block_context":{"text":"Not\u00edcias de Ribeir\u00e3o Preto-SP e Regi\u00e3o","link":"https:\/\/noticiasribeiraopreto.com.br\/index.php\/category\/noticias-de-ribeirao-preto-sp-e-regiao-ismael-colosi\/"},"img":{"alt_text":"","src":"https:\/\/i0.wp.com\/noticiasribeiraopreto.com.br\/wp-content\/uploads\/2025\/08\/Poupa.jpg?fit=1170%2C700&ssl=1&resize=350%2C200","width":350,"height":200,"srcset":"https:\/\/i0.wp.com\/noticiasribeiraopreto.com.br\/wp-content\/uploads\/2025\/08\/Poupa.jpg?fit=1170%2C700&ssl=1&resize=350%2C200 1x, https:\/\/i0.wp.com\/noticiasribeiraopreto.com.br\/wp-content\/uploads\/2025\/08\/Poupa.jpg?fit=1170%2C700&ssl=1&resize=525%2C300 1.5x, https:\/\/i0.wp.com\/noticiasribeiraopreto.com.br\/wp-content\/uploads\/2025\/08\/Poupa.jpg?fit=1170%2C700&ssl=1&resize=700%2C400 2x, https:\/\/i0.wp.com\/noticiasribeiraopreto.com.br\/wp-content\/uploads\/2025\/08\/Poupa.jpg?fit=1170%2C700&ssl=1&resize=1050%2C600 3x"},"classes":[]},{"id":22792,"url":"https:\/\/noticiasribeiraopreto.com.br\/index.php\/2023\/12\/31\/atencao-novo-saque-do-fgts-fica-disponivel-em-janeiro-de-2024-veja-quem-tem-direito\/","url_meta":{"origin":26232,"position":1},"title":"ATEN\u00c7\u00c3O! Novo saque do FGTS fica DISPON\u00cdVEL em janeiro de 2024; veja quem tem direito","author":"noticiasribeiraopreto.com.br","date":"31 de December de 2023","format":false,"excerpt":"Os brasileiros que trabalham de carteira assinada podem ter acesso a diferentes tipos de saque do FGTS (Fundo de Garantia por Tempo de Servi\u00e7o). Isso porque o Fundo de Garantia \u00e9 uma esp\u00e9cie de poupan\u00e7a que tem o objetivo de garantir a seguran\u00e7a do trabalhador. Em janeiro de 2024, ser\u00e1\u2026","rel":"","context":"In &quot;Vagas de Emprego em Ribeir\u00e3o Preto-SP&quot;","block_context":{"text":"Vagas de Emprego em Ribeir\u00e3o Preto-SP","link":"https:\/\/noticiasribeiraopreto.com.br\/index.php\/category\/empregos-classificados-vagas-trabalho\/vagas-de-empregos-em-ribeirao-preto-regiao-brasil\/"},"img":{"alt_text":"","src":"https:\/\/i0.wp.com\/noticiasribeiraopreto.com.br\/wp-content\/uploads\/2023\/12\/noticiasconcursos.com_.br-atencao-novo-saque-do-fgts-fica-disponivel-em-janeiro-de-2024-veja-quem-tem-direito-reproducao-canva-21.jpg?fit=1200%2C800&ssl=1&resize=350%2C200","width":350,"height":200,"srcset":"https:\/\/i0.wp.com\/noticiasribeiraopreto.com.br\/wp-content\/uploads\/2023\/12\/noticiasconcursos.com_.br-atencao-novo-saque-do-fgts-fica-disponivel-em-janeiro-de-2024-veja-quem-tem-direito-reproducao-canva-21.jpg?fit=1200%2C800&ssl=1&resize=350%2C200 1x, https:\/\/i0.wp.com\/noticiasribeiraopreto.com.br\/wp-content\/uploads\/2023\/12\/noticiasconcursos.com_.br-atencao-novo-saque-do-fgts-fica-disponivel-em-janeiro-de-2024-veja-quem-tem-direito-reproducao-canva-21.jpg?fit=1200%2C800&ssl=1&resize=525%2C300 1.5x, https:\/\/i0.wp.com\/noticiasribeiraopreto.com.br\/wp-content\/uploads\/2023\/12\/noticiasconcursos.com_.br-atencao-novo-saque-do-fgts-fica-disponivel-em-janeiro-de-2024-veja-quem-tem-direito-reproducao-canva-21.jpg?fit=1200%2C800&ssl=1&resize=700%2C400 2x, https:\/\/i0.wp.com\/noticiasribeiraopreto.com.br\/wp-content\/uploads\/2023\/12\/noticiasconcursos.com_.br-atencao-novo-saque-do-fgts-fica-disponivel-em-janeiro-de-2024-veja-quem-tem-direito-reproducao-canva-21.jpg?fit=1200%2C800&ssl=1&resize=1050%2C600 3x"},"classes":[]},{"id":62247,"url":"https:\/\/noticiasribeiraopreto.com.br\/index.php\/2025\/01\/08\/poupanca-registra-saques-de-r-154-bilhoes-em-2024-veja-os-numeros\/","url_meta":{"origin":26232,"position":2},"title":"Poupan\u00e7a registra saques de R$ 15,4 bilh\u00f5es em 2024; Veja os n\u00fameros","author":"noticiasribeiraopreto.com.br","date":"8 de January de 2025","format":false,"excerpt":"O Banco Central (BC) informou nesta quarta-feira (8) que as retiradas da poupan\u00e7a superaram os dep\u00f3sitos em R$ 15,44 bilh\u00f5es. Os dados constam do relat\u00f3rio de poupan\u00e7a divulgado pelo BC e mostram que, no ano passado, os brasileiros aplicaram na poupan\u00e7a R$ 4,17 trilh\u00f5es e sacaram R$ 4,21 trilh\u00f5es. Esse\u2026","rel":"","context":"In &quot;Not\u00edcias de Ribeir\u00e3o Preto-SP e Regi\u00e3o&quot;","block_context":{"text":"Not\u00edcias de Ribeir\u00e3o Preto-SP e Regi\u00e3o","link":"https:\/\/noticiasribeiraopreto.com.br\/index.php\/category\/noticias-de-ribeirao-preto-sp-e-regiao-ismael-colosi\/"},"img":{"alt_text":"","src":"https:\/\/i0.wp.com\/noticiasribeiraopreto.com.br\/wp-content\/uploads\/2025\/01\/ballots-1195046_1920.jpg?fit=1200%2C800&ssl=1&resize=350%2C200","width":350,"height":200,"srcset":"https:\/\/i0.wp.com\/noticiasribeiraopreto.com.br\/wp-content\/uploads\/2025\/01\/ballots-1195046_1920.jpg?fit=1200%2C800&ssl=1&resize=350%2C200 1x, https:\/\/i0.wp.com\/noticiasribeiraopreto.com.br\/wp-content\/uploads\/2025\/01\/ballots-1195046_1920.jpg?fit=1200%2C800&ssl=1&resize=525%2C300 1.5x, https:\/\/i0.wp.com\/noticiasribeiraopreto.com.br\/wp-content\/uploads\/2025\/01\/ballots-1195046_1920.jpg?fit=1200%2C800&ssl=1&resize=700%2C400 2x, https:\/\/i0.wp.com\/noticiasribeiraopreto.com.br\/wp-content\/uploads\/2025\/01\/ballots-1195046_1920.jpg?fit=1200%2C800&ssl=1&resize=1050%2C600 3x"},"classes":[]},{"id":17119,"url":"https:\/\/noticiasribeiraopreto.com.br\/index.php\/2023\/12\/17\/fgts-anuncia-lista-de-saques-aprovados-para-janeiro-de-2024\/","url_meta":{"origin":26232,"position":3},"title":"FGTS anuncia lista de saques aprovados para janeiro de 2024","author":"noticiasribeiraopreto.com.br","date":"17 de December de 2023","format":false,"excerpt":"Cr\u00e9ditos: Ag\u00eancia Brasil\/Marcelo CamargoVeja as novidades sobre o FGTS O Fundo de Garantia do Tempo de Servi\u00e7o (FGTS) tem um papel crucial na vida dos trabalhadores, funcionando como uma esp\u00e9cie de poupan\u00e7a for\u00e7ada. Os dep\u00f3sitos mensais, correspondentes a 8% do sal\u00e1rio bruto, s\u00e3o retidos e bloqueados, constituindo uma reserva financeira\u2026","rel":"","context":"In &quot;Variedades&quot;","block_context":{"text":"Variedades","link":"https:\/\/noticiasribeiraopreto.com.br\/index.php\/category\/variedades\/"},"img":{"alt_text":"","src":"https:\/\/i0.wp.com\/noticiasribeiraopreto.com.br\/wp-content\/uploads\/2023\/12\/lucro-bilionario-do-fgts-sera-distribuido-ate-agosto-veja-quem-pode-sacar.jpg?fit=1200%2C638&ssl=1&resize=350%2C200","width":350,"height":200,"srcset":"https:\/\/i0.wp.com\/noticiasribeiraopreto.com.br\/wp-content\/uploads\/2023\/12\/lucro-bilionario-do-fgts-sera-distribuido-ate-agosto-veja-quem-pode-sacar.jpg?fit=1200%2C638&ssl=1&resize=350%2C200 1x, https:\/\/i0.wp.com\/noticiasribeiraopreto.com.br\/wp-content\/uploads\/2023\/12\/lucro-bilionario-do-fgts-sera-distribuido-ate-agosto-veja-quem-pode-sacar.jpg?fit=1200%2C638&ssl=1&resize=525%2C300 1.5x, https:\/\/i0.wp.com\/noticiasribeiraopreto.com.br\/wp-content\/uploads\/2023\/12\/lucro-bilionario-do-fgts-sera-distribuido-ate-agosto-veja-quem-pode-sacar.jpg?fit=1200%2C638&ssl=1&resize=700%2C400 2x, https:\/\/i0.wp.com\/noticiasribeiraopreto.com.br\/wp-content\/uploads\/2023\/12\/lucro-bilionario-do-fgts-sera-distribuido-ate-agosto-veja-quem-pode-sacar.jpg?fit=1200%2C638&ssl=1&resize=1050%2C600 3x"},"classes":[]},{"id":22070,"url":"https:\/\/noticiasribeiraopreto.com.br\/index.php\/2023\/12\/29\/lista-de-beneficios-confirmados-para-janeiro\/","url_meta":{"origin":26232,"position":4},"title":"lista de benef\u00edcios confirmados para janeiro","author":"noticiasribeiraopreto.com.br","date":"29 de December de 2023","format":false,"excerpt":"Cr\u00e9ditos: Ag\u00eancia Brasil\/Jos\u00e9 CruzCaixa Tem mostra novidades para brasileiros O aplicativo Caixa Tem, criado pelo Governo Federal para funcionar como uma poupan\u00e7a social, se prepara para realizar dep\u00f3sitos de diversos benef\u00edcios em janeiro de 2024. Essa plataforma, que est\u00e1 dispon\u00edvel para download, tornou-se uma ferramenta fundamental para benefici\u00e1rios de programas\u2026","rel":"","context":"In &quot;Variedades&quot;","block_context":{"text":"Variedades","link":"https:\/\/noticiasribeiraopreto.com.br\/index.php\/category\/variedades\/"},"img":{"alt_text":"","src":"https:\/\/i0.wp.com\/noticiasribeiraopreto.com.br\/wp-content\/uploads\/2023\/12\/1703838465_caixa-tem-concurso.jpg?fit=1200%2C638&ssl=1&resize=350%2C200","width":350,"height":200,"srcset":"https:\/\/i0.wp.com\/noticiasribeiraopreto.com.br\/wp-content\/uploads\/2023\/12\/1703838465_caixa-tem-concurso.jpg?fit=1200%2C638&ssl=1&resize=350%2C200 1x, https:\/\/i0.wp.com\/noticiasribeiraopreto.com.br\/wp-content\/uploads\/2023\/12\/1703838465_caixa-tem-concurso.jpg?fit=1200%2C638&ssl=1&resize=525%2C300 1.5x, https:\/\/i0.wp.com\/noticiasribeiraopreto.com.br\/wp-content\/uploads\/2023\/12\/1703838465_caixa-tem-concurso.jpg?fit=1200%2C638&ssl=1&resize=700%2C400 2x, https:\/\/i0.wp.com\/noticiasribeiraopreto.com.br\/wp-content\/uploads\/2023\/12\/1703838465_caixa-tem-concurso.jpg?fit=1200%2C638&ssl=1&resize=1050%2C600 3x"},"classes":[]},{"id":6291,"url":"https:\/\/noticiasribeiraopreto.com.br\/index.php\/2023\/11\/25\/caixa-libera-lista-de-cpfs-com-direito-a-saque-de-r-600-entenda\/","url_meta":{"origin":26232,"position":5},"title":"Caixa libera lista de CPFs com direito a saque de R$ 600; entenda","author":"noticiasribeiraopreto.com.br","date":"25 de November de 2023","format":false,"excerpt":"Cr\u00e9ditos: Marcelo Camargo\/ Ag\u00eancia BrasilCaixa traz not\u00edcias para brasileiros O Caixa Tem, plataforma digital desenvolvida pela Caixa Econ\u00f4mica Federal durante os primeiros momentos da pandemia de Covid-19, anunciou recentemente a lista de CPFs beneficiados com o pagamento do Bolsa Fam\u00edlia para o m\u00eas de novembro. O valor de R$ 600,\u2026","rel":"","context":"In &quot;Variedades&quot;","block_context":{"text":"Variedades","link":"https:\/\/noticiasribeiraopreto.com.br\/index.php\/category\/variedades\/"},"img":{"alt_text":"","src":"https:\/\/i0.wp.com\/noticiasribeiraopreto.com.br\/wp-content\/uploads\/2023\/11\/1700928502_caixa-tem-concurso.jpg?fit=1200%2C638&ssl=1&resize=350%2C200","width":350,"height":200,"srcset":"https:\/\/i0.wp.com\/noticiasribeiraopreto.com.br\/wp-content\/uploads\/2023\/11\/1700928502_caixa-tem-concurso.jpg?fit=1200%2C638&ssl=1&resize=350%2C200 1x, https:\/\/i0.wp.com\/noticiasribeiraopreto.com.br\/wp-content\/uploads\/2023\/11\/1700928502_caixa-tem-concurso.jpg?fit=1200%2C638&ssl=1&resize=525%2C300 1.5x, https:\/\/i0.wp.com\/noticiasribeiraopreto.com.br\/wp-content\/uploads\/2023\/11\/1700928502_caixa-tem-concurso.jpg?fit=1200%2C638&ssl=1&resize=700%2C400 2x, https:\/\/i0.wp.com\/noticiasribeiraopreto.com.br\/wp-content\/uploads\/2023\/11\/1700928502_caixa-tem-concurso.jpg?fit=1200%2C638&ssl=1&resize=1050%2C600 3x"},"classes":[]}],"jetpack_sharing_enabled":true,"jetpack_shortlink":"https:\/\/wp.me\/peQAOb-6P6","_links":{"self":[{"href":"https:\/\/noticiasribeiraopreto.com.br\/index.php\/wp-json\/wp\/v2\/posts\/26232","targetHints":{"allow":["GET"]}}],"collection":[{"href":"https:\/\/noticiasribeiraopreto.com.br\/index.php\/wp-json\/wp\/v2\/posts"}],"about":[{"href":"https:\/\/noticiasribeiraopreto.com.br\/index.php\/wp-json\/wp\/v2\/types\/post"}],"author":[{"embeddable":true,"href":"https:\/\/noticiasribeiraopreto.com.br\/index.php\/wp-json\/wp\/v2\/users\/1"}],"replies":[{"embeddable":true,"href":"https:\/\/noticiasribeiraopreto.com.br\/index.php\/wp-json\/wp\/v2\/comments?post=26232"}],"version-history":[{"count":0,"href":"https:\/\/noticiasribeiraopreto.com.br\/index.php\/wp-json\/wp\/v2\/posts\/26232\/revisions"}],"wp:featuredmedia":[{"embeddable":true,"href":"https:\/\/noticiasribeiraopreto.com.br\/index.php\/wp-json\/wp\/v2\/media\/26233"}],"wp:attachment":[{"href":"https:\/\/noticiasribeiraopreto.com.br\/index.php\/wp-json\/wp\/v2\/media?parent=26232"}],"wp:term":[{"taxonomy":"category","embeddable":true,"href":"https:\/\/noticiasribeiraopreto.com.br\/index.php\/wp-json\/wp\/v2\/categories?post=26232"},{"taxonomy":"post_tag","embeddable":true,"href":"https:\/\/noticiasribeiraopreto.com.br\/index.php\/wp-json\/wp\/v2\/tags?post=26232"}],"curies":[{"name":"wp","href":"https:\/\/api.w.org\/{rel}","templated":true}]}}