{"id":26253,"date":"2024-01-09T16:08:31","date_gmt":"2024-01-09T19:08:31","guid":{"rendered":"https:\/\/noticiasribeiraopreto.com.br\/index.php\/2024\/01\/09\/gasolina-vai-cair-preco-esta-6-acima-do-mercado-internacional\/"},"modified":"2024-01-09T16:08:31","modified_gmt":"2024-01-09T19:08:31","slug":"gasolina-vai-cair-preco-esta-6-acima-do-mercado-internacional","status":"publish","type":"post","link":"https:\/\/noticiasribeiraopreto.com.br\/index.php\/2024\/01\/09\/gasolina-vai-cair-preco-esta-6-acima-do-mercado-internacional\/","title":{"rendered":"Gasolina vai cair? Pre\u00e7o est\u00e1 6% acima do mercado internacional"},"content":{"rendered":"<div class='code-block code-block-1' style='margin: 8px 0 8px auto; text-align: right; display: block; clear: both;'>\n<p><a href=\"https:\/\/wa.link\/vpicfd\"><img data-recalc-dims=\"1\" class=\"wp-image-4922\" style=\"aspect-ratio: 2.0253164556962027; width: 561px; height: auto;\" src=\"https:\/\/i0.wp.com\/ismaelcolosi.com.br\/wp-content\/uploads\/2023\/11\/grupo-de-empregos-whatsapp-e-facebook-ismael-colosi-vagas.jpg?ssl=1\" alt=\"\" \/><\/a><\/p>\n<!-- \/wp:image -->\n<\/div>\n<p> <br \/>\n<\/p>\n<div id=\"js-first-letter\">\n<p>A queda do pre\u00e7o do <strong>petr\u00f3leo <\/strong>tornou a <strong>gasolina <\/strong>vendida no Brasil 6% mais cara do que no mercado internacional, sinalizando para um poss\u00edvel recuo nos pre\u00e7os das refinarias brasileiras se o pre\u00e7o da commodity se estabilizar no atual patamar.<\/p>\n<p>A queda do petr\u00f3leo pode ser explicada pelo <a href=\"https:\/\/www.seudinheiro.com\/2024\/bolsa-dolar\/arabia-saudita-reduz-precos-do-barril-ao-nivel-mais-baixo-em-27-meses-e-petroleo-recua-quase-5-por-cento-lils\/\">corte de pre\u00e7o anunciado pela Saudi Aramco<\/a>, indicando uma demanda global menor do que a esperada.<\/p>\n<p>De acordo com o Centro Brasileiro de Infraestrutura (Cbie), o corte no pre\u00e7o da gasolina no mercado interno poderia ser de R$ 0,16 por litro, valor semelhante ao indicado pela Associa\u00e7\u00e3o Brasileiras dos Importadores de Combust\u00edveis (<strong>Abicom<\/strong>).<\/p>\n<h2 class=\"wp-block-heading\" id=\"h-ultimo-ajuste-da-gasolina-aconteceu-ha-quase-tres-meses\">\u00daltimo ajuste da gasolina aconteceu h\u00e1 quase tr\u00eas meses<\/h2>\n<p>&#8220;A redu\u00e7\u00e3o promovida pela companhia saudita levou os pre\u00e7os do \u00f3leo vendido pelo pa\u00eds ao patamar mais baixo dos \u00faltimos 2 anos, superando as expectativas de especialistas do mercado. Para al\u00e9m, a decis\u00e3o refor\u00e7ou a ideia de que um dos maiores produtores da commodity no mundo v\u00ea uma demanda reduzida nos pr\u00f3ximos meses&#8221;, avaliou o Cbie em seu relat\u00f3rio di\u00e1rio.<\/p>\n<p>O \u00faltimo reajuste da gasolina nas refinarias da Petrobras (PETR3\/PETR4) foi h\u00e1 81 dias, quando a estatal reduziu o pre\u00e7o do combust\u00edvel em 4%, ou menos R$ 0,12 por litro.<\/p>\n<p>J\u00e1 o diesel teve duas redu\u00e7\u00f5es feitas pela estatal no m\u00eas de dezembro do ano passado, sendo a \u00faltima no dia 27, estando praticamente alinhado com o pre\u00e7o internacional.<\/p>\n<p>No total, a queda do pre\u00e7o do diesel em dezembro foi de R$ 0,57 por litro nas refinarias da estatal. A defasagem m\u00e9dia do diesel nas refinarias brasileiras \u00e9 de 2%, tanto na Acelen como na Petrobras.<\/p>\n<h3 class=\"wp-block-heading\" id=\"h-diferenca-para-as-refinarias\">Diferen\u00e7a para as refinarias<\/h3>\n<p>A Refinaria de Mataripe, na Bahia, controlada pela Acelen,<a href=\"https:\/\/www.seudinheiro.com\/2023\/empresas\/petrobras-petr4-presidente-mubadala-fundo-refinaria-rens\/\"> bra\u00e7o no Brasil do fundo \u00e1rabe Mubadala<\/a>, faz reajustes semanais e est\u00e1 com diferen\u00e7a da gasolina menor, se comparada \u00e0 Petrobr\u00e1s.<\/p>\n<p>Enquanto na Bahia a gasolina est\u00e1 com o pre\u00e7o 2% maior do que no mercado externo, as refinarias da Petrobras chegam a registrar pre\u00e7os 10% maiores do que o produto importado, como \u00e9 o caso do polo de Itacoatiara, no Amazonas.<\/p>\n<p>Segundo a Abicom, no caso da gasolina, todos os polos de opera\u00e7\u00e3o est\u00e3o abertos para importa\u00e7\u00e3o. Na importa\u00e7\u00e3o de diesel, entretanto, &#8220;j\u00e1 s\u00e3o 14 dias de janelas fechadas&#8221;, informou a Abicom.<\/p>\n<p><em>*Com informa\u00e7\u00f5es do Estad\u00e3o Conte\u00fado<\/em><\/p>\n<\/div>\n<p><br \/>\n<br \/><a href=\"https:\/\/www.seudinheiro.com\/2024\/economia\/gasolina-espaco-cair-preco-combustivel-rens\/\">Source link <\/a><\/p>\n<!-- CONTENT END 1 -->\n","protected":false},"excerpt":{"rendered":"<p>A queda do pre\u00e7o do petr\u00f3leo tornou a gasolina vendida no Brasil 6% mais cara do que no mercado internacional, sinalizando para um poss\u00edvel recuo&#8230;<\/p>\n","protected":false},"author":1,"featured_media":26254,"comment_status":"open","ping_status":"open","sticky":false,"template":"","format":"standard","meta":{"advanced_seo_description":"","jetpack_seo_html_title":"","jetpack_seo_noindex":false,"jetpack_post_was_ever_published":false,"_jetpack_newsletter_access":"","_jetpack_dont_email_post_to_subs":false,"_jetpack_newsletter_tier_id":0,"_jetpack_memberships_contains_paywalled_content":false,"_jetpack_memberships_contains_paid_content":false,"footnotes":"","jetpack_publicize_message":"","jetpack_publicize_feature_enabled":true,"jetpack_social_post_already_shared":true,"jetpack_social_options":{"image_generator_settings":{"template":"highway","default_image_id":0,"font":"","enabled":false},"version":2}},"categories":[1235],"tags":[],"class_list":["post-26253","post","type-post","status-publish","format-standard","has-post-thumbnail","hentry","category-dinheiro-e-investimento-como-fazer-como-ganhar"],"jetpack_publicize_connections":[],"jetpack_featured_media_url":"https:\/\/i0.wp.com\/noticiasribeiraopreto.com.br\/wp-content\/uploads\/2024\/01\/combustiveis-gasolina-diesel-pexels-715x402.jpg?fit=715%2C402&ssl=1","jetpack-related-posts":[{"id":54453,"url":"https:\/\/noticiasribeiraopreto.com.br\/index.php\/2024\/07\/11\/noticia-alarmante-aumento-nos-precos-do-gas-de-cozinha-e-gasolina-preocupa-populacao-brasileira-veja-detalhes\/","url_meta":{"origin":26253,"position":0},"title":"Not\u00edcia Alarmante: Aumento nos Pre\u00e7os do G\u00e1s de Cozinha e Gasolina Preocupa Popula\u00e7\u00e3o Brasileira; Veja detalhes","author":"noticiasribeiraopreto.com.br","date":"11 de July de 2024","format":false,"excerpt":"Na \u00faltima segunda-feira (8), a Petrobras confirmou o aumento dos pre\u00e7os da gasolina e dos botij\u00f5es de g\u00e1s de cozinha. Segundo a estatal, as raz\u00f5es para o reajuste est\u00e3o ligadas \u00e0 alta dos pre\u00e7os internacionais do petr\u00f3leo e \u00e0 desvaloriza\u00e7\u00e3o da moeda. Os novos pre\u00e7os do g\u00e1s de cozinha e\u2026","rel":"","context":"In &quot;Dinheiro e Investimento&quot;","block_context":{"text":"Dinheiro e Investimento","link":"https:\/\/noticiasribeiraopreto.com.br\/index.php\/category\/dinheiro-e-investimento-como-fazer-como-ganhar\/"},"img":{"alt_text":"","src":"https:\/\/i0.wp.com\/noticiasribeiraopreto.com.br\/wp-content\/uploads\/2024\/07\/Aumento-no-gas-de-cozinha.webp.webp?fit=1200%2C630&ssl=1&resize=350%2C200","width":350,"height":200,"srcset":"https:\/\/i0.wp.com\/noticiasribeiraopreto.com.br\/wp-content\/uploads\/2024\/07\/Aumento-no-gas-de-cozinha.webp.webp?fit=1200%2C630&ssl=1&resize=350%2C200 1x, https:\/\/i0.wp.com\/noticiasribeiraopreto.com.br\/wp-content\/uploads\/2024\/07\/Aumento-no-gas-de-cozinha.webp.webp?fit=1200%2C630&ssl=1&resize=525%2C300 1.5x, https:\/\/i0.wp.com\/noticiasribeiraopreto.com.br\/wp-content\/uploads\/2024\/07\/Aumento-no-gas-de-cozinha.webp.webp?fit=1200%2C630&ssl=1&resize=700%2C400 2x, https:\/\/i0.wp.com\/noticiasribeiraopreto.com.br\/wp-content\/uploads\/2024\/07\/Aumento-no-gas-de-cozinha.webp.webp?fit=1200%2C630&ssl=1&resize=1050%2C600 3x"},"classes":[]},{"id":83115,"url":"https:\/\/noticiasribeiraopreto.com.br\/index.php\/2026\/03\/10\/combustiveis-sofrem-reajuste-nas-bombas\/","url_meta":{"origin":26253,"position":1},"title":"Combust\u00edveis sofrem reajuste nas bombas","author":"noticiasribeiraopreto.com.br","date":"10 de March de 2026","format":false,"excerpt":"Petrobras j\u00e1 est\u00e1 \u201climitando fornecimento\u201d do diesel , que abastece 99% da frota de caminh\u00f5es do pa\u00eds; gasolina subiu\u00a0 R$ 0,50\/litro e etano, R$ 0,10 A Central de Monitoramento da Associa\u00e7\u00e3o N\u00facleo Postos de Ribeir\u00e3o Preto, que re\u00fane 85 revendedores da cidade e regi\u00e3o, apurou que nos \u00faltimos dez dias\u2026","rel":"","context":"In &quot;Not\u00edcias de Ribeir\u00e3o Preto-SP e Regi\u00e3o&quot;","block_context":{"text":"Not\u00edcias de Ribeir\u00e3o Preto-SP e Regi\u00e3o","link":"https:\/\/noticiasribeiraopreto.com.br\/index.php\/category\/noticias-de-ribeirao-preto-sp-e-regiao-ismael-colosi\/"},"img":{"alt_text":"","src":"https:\/\/i0.wp.com\/noticiasribeiraopreto.com.br\/wp-content\/uploads\/2026\/03\/EtanolRP-Alfredo-Risk-scaled.jpeg?fit=1170%2C780&ssl=1&resize=350%2C200","width":350,"height":200,"srcset":"https:\/\/i0.wp.com\/noticiasribeiraopreto.com.br\/wp-content\/uploads\/2026\/03\/EtanolRP-Alfredo-Risk-scaled.jpeg?fit=1170%2C780&ssl=1&resize=350%2C200 1x, https:\/\/i0.wp.com\/noticiasribeiraopreto.com.br\/wp-content\/uploads\/2026\/03\/EtanolRP-Alfredo-Risk-scaled.jpeg?fit=1170%2C780&ssl=1&resize=525%2C300 1.5x, https:\/\/i0.wp.com\/noticiasribeiraopreto.com.br\/wp-content\/uploads\/2026\/03\/EtanolRP-Alfredo-Risk-scaled.jpeg?fit=1170%2C780&ssl=1&resize=700%2C400 2x, https:\/\/i0.wp.com\/noticiasribeiraopreto.com.br\/wp-content\/uploads\/2026\/03\/EtanolRP-Alfredo-Risk-scaled.jpeg?fit=1170%2C780&ssl=1&resize=1050%2C600 3x"},"classes":[]},{"id":71179,"url":"https:\/\/noticiasribeiraopreto.com.br\/index.php\/2025\/06\/03\/petrobras-baixa-o-preco-da-gasolina\/","url_meta":{"origin":26253,"position":2},"title":"Petrobras baixa o\u00a0pre\u00e7o da gasolina\u00a0","author":"noticiasribeiraopreto.com.br","date":"3 de June de 2025","format":false,"excerpt":"A partir desta ter\u00e7a-feira, 3 de junho, a Petrobras vai reduzir seus pre\u00e7os de venda de gasolina A para as distribuidoras em 5,6%, informa a estatal. Para as distribuidoras passar\u00e1 a ser, em m\u00e9dia, de R$ 2,85 por litro, redu\u00e7\u00e3o de R$ 0,17 por litro. O combust\u00edvel estava h\u00e1 328\u2026","rel":"","context":"In &quot;Not\u00edcias de Ribeir\u00e3o Preto-SP e Regi\u00e3o&quot;","block_context":{"text":"Not\u00edcias de Ribeir\u00e3o Preto-SP e Regi\u00e3o","link":"https:\/\/noticiasribeiraopreto.com.br\/index.php\/category\/noticias-de-ribeirao-preto-sp-e-regiao-ismael-colosi\/"},"img":{"alt_text":"","src":"https:\/\/i0.wp.com\/noticiasribeiraopreto.com.br\/wp-content\/uploads\/2025\/06\/EtanolRP-Marcelo-Camargo-Ag.Br_.-2.jpg?fit=1170%2C700&ssl=1&resize=350%2C200","width":350,"height":200,"srcset":"https:\/\/i0.wp.com\/noticiasribeiraopreto.com.br\/wp-content\/uploads\/2025\/06\/EtanolRP-Marcelo-Camargo-Ag.Br_.-2.jpg?fit=1170%2C700&ssl=1&resize=350%2C200 1x, https:\/\/i0.wp.com\/noticiasribeiraopreto.com.br\/wp-content\/uploads\/2025\/06\/EtanolRP-Marcelo-Camargo-Ag.Br_.-2.jpg?fit=1170%2C700&ssl=1&resize=525%2C300 1.5x, https:\/\/i0.wp.com\/noticiasribeiraopreto.com.br\/wp-content\/uploads\/2025\/06\/EtanolRP-Marcelo-Camargo-Ag.Br_.-2.jpg?fit=1170%2C700&ssl=1&resize=700%2C400 2x, https:\/\/i0.wp.com\/noticiasribeiraopreto.com.br\/wp-content\/uploads\/2025\/06\/EtanolRP-Marcelo-Camargo-Ag.Br_.-2.jpg?fit=1170%2C700&ssl=1&resize=1050%2C600 3x"},"classes":[]},{"id":12100,"url":"https:\/\/noticiasribeiraopreto.com.br\/index.php\/2023\/12\/07\/petrobras-petr4-anuncia-queda-no-preco-do-diesel-veja-quanto-custara-o-combustivel-a-partir-de-amanha\/","url_meta":{"origin":26253,"position":3},"title":"Petrobras (PETR4) anuncia queda no pre\u00e7o do diesel; veja quanto custar\u00e1 o combust\u00edvel a partir de amanh\u00e3","author":"noticiasribeiraopreto.com.br","date":"7 de December de 2023","format":false,"excerpt":"Quem tem um ve\u00edculo movido a diesel recebeu uma boa not\u00edcia nesta quinta-feira (7): a Petrobras (PETR4) acaba de anunciar uma redu\u00e7\u00e3o de R$ 0,27 por litro no pre\u00e7o m\u00e9dio de venda do combust\u00edvel tipo A, que passar\u00e1 a custar R$ 3,78 para as distribuidoras. A queda, que equivale a\u2026","rel":"","context":"In &quot;Dinheiro e Investimento&quot;","block_context":{"text":"Dinheiro e Investimento","link":"https:\/\/noticiasribeiraopreto.com.br\/index.php\/category\/dinheiro-e-investimento-como-fazer-como-ganhar\/"},"img":{"alt_text":"","src":"https:\/\/i0.wp.com\/noticiasribeiraopreto.com.br\/wp-content\/uploads\/2023\/12\/petrobras-combustiveis-renuncia-CAPA-SD-628x353.png?fit=628%2C353&ssl=1&resize=350%2C200","width":350,"height":200,"srcset":"https:\/\/i0.wp.com\/noticiasribeiraopreto.com.br\/wp-content\/uploads\/2023\/12\/petrobras-combustiveis-renuncia-CAPA-SD-628x353.png?fit=628%2C353&ssl=1&resize=350%2C200 1x, https:\/\/i0.wp.com\/noticiasribeiraopreto.com.br\/wp-content\/uploads\/2023\/12\/petrobras-combustiveis-renuncia-CAPA-SD-628x353.png?fit=628%2C353&ssl=1&resize=525%2C300 1.5x"},"classes":[]},{"id":12116,"url":"https:\/\/noticiasribeiraopreto.com.br\/index.php\/2023\/12\/07\/petrobras-petr4-reduz-preco-do-diesel-em-r027-por-litro-e-mantem-valor-da-gasolina\/","url_meta":{"origin":26253,"position":4},"title":"Petrobras (PETR4) reduz pre\u00e7o do diesel em R$0,27 por litro e mant\u00e9m valor da gasolina.","author":"noticiasribeiraopreto.com.br","date":"7 de December de 2023","format":false,"excerpt":"Segundo a empresa, a redu\u00e7\u00e3o acumulada em 2023 do diesel soma R$ 0,71 por litro \u2013 Todos os direitos: InfoMoney A Petrobras informou hoje (7) que a partir de amanh\u00e3 (08), ir\u00e1 reduzir em R$ 0,27 o pre\u00e7o m\u00e9dio do litro do diesel A para as distribuidoras, que passar\u00e1 a\u2026","rel":"","context":"In &quot;Vagas de Emprego em Ribeir\u00e3o Preto-SP&quot;","block_context":{"text":"Vagas de Emprego em Ribeir\u00e3o Preto-SP","link":"https:\/\/noticiasribeiraopreto.com.br\/index.php\/category\/empregos-classificados-vagas-trabalho\/vagas-de-empregos-em-ribeirao-preto-regiao-brasil\/"},"img":{"alt_text":"","src":"https:\/\/i0.wp.com\/noticiasribeiraopreto.com.br\/wp-content\/uploads\/2023\/12\/petrobras-petr4-reduz-preco-do-diesel-em-r027-por-litro-e-mantem-valor-da-gasolina-830x450.jpg?fit=830%2C450&ssl=1&resize=350%2C200","width":350,"height":200,"srcset":"https:\/\/i0.wp.com\/noticiasribeiraopreto.com.br\/wp-content\/uploads\/2023\/12\/petrobras-petr4-reduz-preco-do-diesel-em-r027-por-litro-e-mantem-valor-da-gasolina-830x450.jpg?fit=830%2C450&ssl=1&resize=350%2C200 1x, https:\/\/i0.wp.com\/noticiasribeiraopreto.com.br\/wp-content\/uploads\/2023\/12\/petrobras-petr4-reduz-preco-do-diesel-em-r027-por-litro-e-mantem-valor-da-gasolina-830x450.jpg?fit=830%2C450&ssl=1&resize=525%2C300 1.5x, https:\/\/i0.wp.com\/noticiasribeiraopreto.com.br\/wp-content\/uploads\/2023\/12\/petrobras-petr4-reduz-preco-do-diesel-em-r027-por-litro-e-mantem-valor-da-gasolina-830x450.jpg?fit=830%2C450&ssl=1&resize=700%2C400 2x"},"classes":[]},{"id":79790,"url":"https:\/\/noticiasribeiraopreto.com.br\/index.php\/2025\/11\/07\/preco-do-etanol-deve-avancar-5\/","url_meta":{"origin":26253,"position":5},"title":"Pre\u00e7o do etanol deve avan\u00e7ar 5%","author":"noticiasribeiraopreto.com.br","date":"7 de November de 2025","format":false,"excerpt":"No \u00faltimo m\u00eas, o pre\u00e7o praticado pelas distribuidoras para os postos revendedores acumulou alta de mais de 5%; gasolina tamb\u00e9m deve sofrer impacto \u2028\u2028A Associa\u00e7\u00e3o N\u00facleo Postos Ribeir\u00e3o Preto, que re\u00fane 100 revendedores da cidade e regi\u00e3o, alerta para tend\u00eancia de aumento no pre\u00e7o do etanol nos pr\u00f3ximos dias. Desde\u2026","rel":"","context":"In &quot;Not\u00edcias de Ribeir\u00e3o Preto-SP e Regi\u00e3o&quot;","block_context":{"text":"Not\u00edcias de Ribeir\u00e3o Preto-SP e Regi\u00e3o","link":"https:\/\/noticiasribeiraopreto.com.br\/index.php\/category\/noticias-de-ribeirao-preto-sp-e-regiao-ismael-colosi\/"},"img":{"alt_text":"","src":"https:\/\/i0.wp.com\/noticiasribeiraopreto.com.br\/wp-content\/uploads\/2025\/11\/EtanolRP-Marcelo-Camargo-Ag.Br_.jpg?fit=1170%2C700&ssl=1&resize=350%2C200","width":350,"height":200,"srcset":"https:\/\/i0.wp.com\/noticiasribeiraopreto.com.br\/wp-content\/uploads\/2025\/11\/EtanolRP-Marcelo-Camargo-Ag.Br_.jpg?fit=1170%2C700&ssl=1&resize=350%2C200 1x, https:\/\/i0.wp.com\/noticiasribeiraopreto.com.br\/wp-content\/uploads\/2025\/11\/EtanolRP-Marcelo-Camargo-Ag.Br_.jpg?fit=1170%2C700&ssl=1&resize=525%2C300 1.5x, https:\/\/i0.wp.com\/noticiasribeiraopreto.com.br\/wp-content\/uploads\/2025\/11\/EtanolRP-Marcelo-Camargo-Ag.Br_.jpg?fit=1170%2C700&ssl=1&resize=700%2C400 2x, https:\/\/i0.wp.com\/noticiasribeiraopreto.com.br\/wp-content\/uploads\/2025\/11\/EtanolRP-Marcelo-Camargo-Ag.Br_.jpg?fit=1170%2C700&ssl=1&resize=1050%2C600 3x"},"classes":[]}],"jetpack_sharing_enabled":true,"jetpack_shortlink":"https:\/\/wp.me\/peQAOb-6Pr","_links":{"self":[{"href":"https:\/\/noticiasribeiraopreto.com.br\/index.php\/wp-json\/wp\/v2\/posts\/26253","targetHints":{"allow":["GET"]}}],"collection":[{"href":"https:\/\/noticiasribeiraopreto.com.br\/index.php\/wp-json\/wp\/v2\/posts"}],"about":[{"href":"https:\/\/noticiasribeiraopreto.com.br\/index.php\/wp-json\/wp\/v2\/types\/post"}],"author":[{"embeddable":true,"href":"https:\/\/noticiasribeiraopreto.com.br\/index.php\/wp-json\/wp\/v2\/users\/1"}],"replies":[{"embeddable":true,"href":"https:\/\/noticiasribeiraopreto.com.br\/index.php\/wp-json\/wp\/v2\/comments?post=26253"}],"version-history":[{"count":0,"href":"https:\/\/noticiasribeiraopreto.com.br\/index.php\/wp-json\/wp\/v2\/posts\/26253\/revisions"}],"wp:featuredmedia":[{"embeddable":true,"href":"https:\/\/noticiasribeiraopreto.com.br\/index.php\/wp-json\/wp\/v2\/media\/26254"}],"wp:attachment":[{"href":"https:\/\/noticiasribeiraopreto.com.br\/index.php\/wp-json\/wp\/v2\/media?parent=26253"}],"wp:term":[{"taxonomy":"category","embeddable":true,"href":"https:\/\/noticiasribeiraopreto.com.br\/index.php\/wp-json\/wp\/v2\/categories?post=26253"},{"taxonomy":"post_tag","embeddable":true,"href":"https:\/\/noticiasribeiraopreto.com.br\/index.php\/wp-json\/wp\/v2\/tags?post=26253"}],"curies":[{"name":"wp","href":"https:\/\/api.w.org\/{rel}","templated":true}]}}