{"id":26295,"date":"2024-01-09T18:30:16","date_gmt":"2024-01-09T21:30:16","guid":{"rendered":"https:\/\/noticiasribeiraopreto.com.br\/index.php\/2024\/01\/09\/caso-pedro-lucas-apos-prisao-do-padrasto-descoberta-da-policia-pode-apontar-desfecho-tragico-sobre-paradeiro-do-garoto\/"},"modified":"2024-01-09T18:30:16","modified_gmt":"2024-01-09T21:30:16","slug":"caso-pedro-lucas-apos-prisao-do-padrasto-descoberta-da-policia-pode-apontar-desfecho-tragico-sobre-paradeiro-do-garoto","status":"publish","type":"post","link":"https:\/\/noticiasribeiraopreto.com.br\/index.php\/2024\/01\/09\/caso-pedro-lucas-apos-prisao-do-padrasto-descoberta-da-policia-pode-apontar-desfecho-tragico-sobre-paradeiro-do-garoto\/","title":{"rendered":"Caso Pedro Lucas: Ap\u00f3s pris\u00e3o do padrasto, descoberta da pol\u00edcia pode apontar desfecho tr\u00e1gico sobre paradeiro do garoto"},"content":{"rendered":"<div class='code-block code-block-1' style='margin: 8px 0 8px auto; text-align: right; display: block; clear: both;'>\n<p><a href=\"https:\/\/wa.link\/vpicfd\"><img data-recalc-dims=\"1\" class=\"wp-image-4922\" style=\"aspect-ratio: 2.0253164556962027; width: 561px; height: auto;\" src=\"https:\/\/i0.wp.com\/ismaelcolosi.com.br\/wp-content\/uploads\/2023\/11\/grupo-de-empregos-whatsapp-e-facebook-ismael-colosi-vagas.jpg?ssl=1\" alt=\"\" \/><\/a><\/p>\n<!-- \/wp:image -->\n<\/div>\n<p> <br \/>\n<\/p>\n<div itemprop=\"text\">\n<p>A Pol\u00edcia Civil localizou restos mortais nas proximidades do c\u00f3rrego Ab\u00f3bora, em um trecho que fica pr\u00f3ximo \u00e0 cidade Rio Verde, localizada no interior do estado de Goi\u00e1s.<\/p>\n<p>De acordo com os relatos, a Pol\u00edcia Cient\u00edfica est\u00e1 examinando os restos para determinar se pertencem a Pedro Lucas Santos, de 9 anos, desaparecido h\u00e1 mais de dois meses.<\/p>\n<p>Danilo Fabiano, delegado respons\u00e1vel pelas investiga\u00e7\u00f5es afirmou que est\u00e1 aguardando os resultados dos exames periciais para determinar se a ossada pertence a um humano, caso o resultado seja positivo, ser\u00e1 solicitado um exame de DNA.<\/p>\n<p>Ainda de acordo com o delegado, a ossada foi localizada dentro de uma bolsa na \u00faltima segunda-feira (8), ou seja, no mesmo dia em que o padrasto de Pedro Lucas foi preso.<\/p>\n<p>O indiv\u00edduo detido \u00e9 Jos\u00e9 Domingos Silva dos Santos, um pedreiro de 22 anos e padrasto do garoto que est\u00e1 h\u00e1 mais de 2 meses desaparecido. At\u00e9 o momento, a Pol\u00edcia Civil n\u00e3o divulgou detalhes sobre a alegada participa\u00e7\u00e3o dele no crime.<\/p>\n<p>Pedro Lucas sumiu em 1\u00ba de novembro de 2023, ap\u00f3s levar sua irm\u00e3 at\u00e9 a escola, entretanto, a fam\u00edlia s\u00f3 comunicou a pol\u00edcia sobre o desaparecimento dias depois.<\/p>\n<p>Apesar de uma s\u00e9rie de buscas ter sido conduzida para encontr\u00e1-lo, a aus\u00eancia de informa\u00e7\u00f5es e evid\u00eancias levou a investiga\u00e7\u00e3o a ser transformada em um caso de homic\u00eddio em dezembro.<\/p>\n<p>Para assistir ao v\u00eddeo <a href=\"https:\/\/g1.globo.com\/go\/goias\/video\/caso-pedro-lucas-policia-encontra-ossada-que-pode-ser-de-menino-que-desapareceu-12250725.ghtml\" target=\"_blank\" rel=\"nofollow noopener sponsored\">CLIQUE AQUI!<\/a><\/p>\n<p>A demora da fam\u00edlia em fazer o registro oficial do desaparecimento de Pedro Lucas, dificultou o trabalho dos agentes de seguran\u00e7a na busca por pistas que pudessem levar ao paradeiro do menino.<\/p>\n<\/div>\n<p><br \/>\n<br \/><a href=\"https:\/\/fnmais.com\/caso-pedro-lucas-apos-prisao-padrasto-descoberta-policia-pode-apontar-desfecho-tragico-sobre-paradeiro-garoto-video\/\">Source link <\/a><\/p>\n<!-- CONTENT END 1 -->\n","protected":false},"excerpt":{"rendered":"<p>A Pol\u00edcia Civil localizou restos mortais nas proximidades do c\u00f3rrego Ab\u00f3bora, em um trecho que fica pr\u00f3ximo \u00e0 cidade Rio Verde, localizada no interior do&#8230;<\/p>\n","protected":false},"author":1,"featured_media":26296,"comment_status":"open","ping_status":"open","sticky":false,"template":"","format":"standard","meta":{"advanced_seo_description":"","jetpack_seo_html_title":"","jetpack_seo_noindex":false,"jetpack_post_was_ever_published":false,"_jetpack_newsletter_access":"","_jetpack_dont_email_post_to_subs":false,"_jetpack_newsletter_tier_id":0,"_jetpack_memberships_contains_paywalled_content":false,"_jetpack_memberships_contains_paid_content":false,"footnotes":"","jetpack_publicize_message":"","jetpack_publicize_feature_enabled":true,"jetpack_social_post_already_shared":true,"jetpack_social_options":{"image_generator_settings":{"template":"highway","default_image_id":0,"font":"","enabled":false},"version":2}},"categories":[1],"tags":[],"class_list":["post-26295","post","type-post","status-publish","format-standard","has-post-thumbnail","hentry","category-blog"],"jetpack_publicize_connections":[],"jetpack_featured_media_url":"https:\/\/i0.wp.com\/noticiasribeiraopreto.com.br\/wp-content\/uploads\/2024\/01\/postimg-659db9eccfb555295.jpg?fit=1200%2C628&ssl=1","jetpack-related-posts":[{"id":26349,"url":"https:\/\/noticiasribeiraopreto.com.br\/index.php\/2024\/01\/09\/ossada-encontrada-pode-ser-do-menino-segundo-a-policia\/","url_meta":{"origin":26295,"position":0},"title":"ossada encontrada pode ser do menino, segundo a pol\u00edcia","author":"noticiasribeiraopreto.com.br","date":"9 de January de 2024","format":false,"excerpt":"As investiga\u00e7\u00f5es sobre o desaparecimento do menino Pedro Lucas podem estar perto de uma descoberta infeliz. Isso porque a pol\u00edcia confirmou ter localizado uma ossada que pode pertencer ao menino.Pedro Lucas Santos, de 9 anos, esta desaparecido h\u00e1 cerca de dois meses. As autoridades j\u00e1 assumem que o caso agora\u2026","rel":"","context":"In &quot;Blog&quot;","block_context":{"text":"Blog","link":"https:\/\/noticiasribeiraopreto.com.br\/index.php\/category\/blog\/"},"img":{"alt_text":"","src":"https:\/\/i0.wp.com\/noticiasribeiraopreto.com.br\/wp-content\/uploads\/2024\/01\/postimg-659dc33f19a773577.jpg?fit=1200%2C628&ssl=1&resize=350%2C200","width":350,"height":200,"srcset":"https:\/\/i0.wp.com\/noticiasribeiraopreto.com.br\/wp-content\/uploads\/2024\/01\/postimg-659dc33f19a773577.jpg?fit=1200%2C628&ssl=1&resize=350%2C200 1x, https:\/\/i0.wp.com\/noticiasribeiraopreto.com.br\/wp-content\/uploads\/2024\/01\/postimg-659dc33f19a773577.jpg?fit=1200%2C628&ssl=1&resize=525%2C300 1.5x, https:\/\/i0.wp.com\/noticiasribeiraopreto.com.br\/wp-content\/uploads\/2024\/01\/postimg-659dc33f19a773577.jpg?fit=1200%2C628&ssl=1&resize=700%2C400 2x, https:\/\/i0.wp.com\/noticiasribeiraopreto.com.br\/wp-content\/uploads\/2024\/01\/postimg-659dc33f19a773577.jpg?fit=1200%2C628&ssl=1&resize=1050%2C600 3x"},"classes":[]},{"id":26196,"url":"https:\/\/noticiasribeiraopreto.com.br\/index.php\/2024\/01\/09\/misterio-sobre-o-desaparecimento-do-menino-pode-ter-chegado-ao-fim-e-policia-expoe-mais-informacoes\/","url_meta":{"origin":26295,"position":1},"title":"mist\u00e9rio sobre o desaparecimento do menino pode ter chegado ao fim e Pol\u00edcia exp\u00f5e mais informa\u00e7\u00f5es","author":"noticiasribeiraopreto.com.br","date":"9 de January de 2024","format":false,"excerpt":"O menino Pedro Lucas Santos segue desaparecido desde o dia primeiro de novembro de 2023, e agora, as autoridades finalmente trouxeram mais detalhes diante da tr\u00e1gica situa\u00e7\u00e3o.Jos\u00e9 Domingos Silva dos Santos, foi preso nesta \u00faltima segunda-feira, dia 8 de janeiro. Ele \u00e9 o padrasto do menino e a Pol\u00edcia informou\u2026","rel":"","context":"In &quot;Blog&quot;","block_context":{"text":"Blog","link":"https:\/\/noticiasribeiraopreto.com.br\/index.php\/category\/blog\/"},"img":{"alt_text":"","src":"https:\/\/i0.wp.com\/noticiasribeiraopreto.com.br\/wp-content\/uploads\/2024\/01\/postimg-659d702f3bcf96676.jpg?fit=1200%2C628&ssl=1&resize=350%2C200","width":350,"height":200,"srcset":"https:\/\/i0.wp.com\/noticiasribeiraopreto.com.br\/wp-content\/uploads\/2024\/01\/postimg-659d702f3bcf96676.jpg?fit=1200%2C628&ssl=1&resize=350%2C200 1x, https:\/\/i0.wp.com\/noticiasribeiraopreto.com.br\/wp-content\/uploads\/2024\/01\/postimg-659d702f3bcf96676.jpg?fit=1200%2C628&ssl=1&resize=525%2C300 1.5x, https:\/\/i0.wp.com\/noticiasribeiraopreto.com.br\/wp-content\/uploads\/2024\/01\/postimg-659d702f3bcf96676.jpg?fit=1200%2C628&ssl=1&resize=700%2C400 2x, https:\/\/i0.wp.com\/noticiasribeiraopreto.com.br\/wp-content\/uploads\/2024\/01\/postimg-659d702f3bcf96676.jpg?fit=1200%2C628&ssl=1&resize=1050%2C600 3x"},"classes":[]},{"id":74755,"url":"https:\/\/noticiasribeiraopreto.com.br\/index.php\/2025\/07\/28\/ossada-com-casquete-policial-e-encontrada-na-zona-leste\/","url_meta":{"origin":26295,"position":2},"title":"Ossada com casquete policial \u00e9 encontrada na zona Leste","author":"noticiasribeiraopreto.com.br","date":"28 de July de 2025","format":false,"excerpt":"28 de julho de 2025 19:572 Compartilhar0 A Pol\u00edcia Militar foi acionada na manh\u00e3 desta segunda-feira (28) ap\u00f3s um morador localizar parte de uma ossada humana em uma \u00e1rea de mata no Complexo Ribeir\u00e3o Verde, na zona Leste da cidade. O que chamou a aten\u00e7\u00e3o das autoridades foi a presen\u00e7a\u2026","rel":"","context":"In &quot;Not\u00edcias de Ribeir\u00e3o Preto-SP e Regi\u00e3o&quot;","block_context":{"text":"Not\u00edcias de Ribeir\u00e3o Preto-SP e Regi\u00e3o","link":"https:\/\/noticiasribeiraopreto.com.br\/index.php\/category\/noticias-de-ribeirao-preto-sp-e-regiao-ismael-colosi\/"},"img":{"alt_text":"","src":"https:\/\/i0.wp.com\/noticiasribeiraopreto.com.br\/wp-content\/uploads\/2025\/07\/ossos_casquete-e1753743346596.jpg?fit=750%2C653&ssl=1&resize=350%2C200","width":350,"height":200,"srcset":"https:\/\/i0.wp.com\/noticiasribeiraopreto.com.br\/wp-content\/uploads\/2025\/07\/ossos_casquete-e1753743346596.jpg?fit=750%2C653&ssl=1&resize=350%2C200 1x, https:\/\/i0.wp.com\/noticiasribeiraopreto.com.br\/wp-content\/uploads\/2025\/07\/ossos_casquete-e1753743346596.jpg?fit=750%2C653&ssl=1&resize=525%2C300 1.5x, https:\/\/i0.wp.com\/noticiasribeiraopreto.com.br\/wp-content\/uploads\/2025\/07\/ossos_casquete-e1753743346596.jpg?fit=750%2C653&ssl=1&resize=700%2C400 2x"},"classes":[]},{"id":80186,"url":"https:\/\/noticiasribeiraopreto.com.br\/index.php\/2025\/11\/17\/policia-civil-investiga-mais-um-suspeito-no-caso-da-morte-de-menina-de-11-anos\/","url_meta":{"origin":26295,"position":3},"title":"Pol\u00edcia Civil investiga mais um suspeito no caso da morte de menina de 11 anos","author":"noticiasribeiraopreto.com.br","date":"17 de November de 2025","format":false,"excerpt":"A Pol\u00edcia Civil informou nesta segunda-feira (17) que mais um suspeito \u00e9 investigado no caso da morte da menina\u00a0Ana Alice Santos Fran\u00e7a, de 11 anos, em Serrana, na regi\u00e3o de\u00a0Ribeir\u00e3o Preto. O padrasto, Douglas Junior Nogueira, foi preso temporariamente no \u00faltimo s\u00e1bado (15). A pol\u00edcia suspeita que a crian\u00e7a tenha\u2026","rel":"","context":"In &quot;Not\u00edcias de Ribeir\u00e3o Preto-SP e Regi\u00e3o&quot;","block_context":{"text":"Not\u00edcias de Ribeir\u00e3o Preto-SP e Regi\u00e3o","link":"https:\/\/noticiasribeiraopreto.com.br\/index.php\/category\/noticias-de-ribeirao-preto-sp-e-regiao-ismael-colosi\/"},"img":{"alt_text":"","src":"https:\/\/i0.wp.com\/noticiasribeiraopreto.com.br\/wp-content\/uploads\/2025\/11\/ana-alice_2025-11-15_20-53-32.webp.webp?fit=979%2C633&ssl=1&resize=350%2C200","width":350,"height":200,"srcset":"https:\/\/i0.wp.com\/noticiasribeiraopreto.com.br\/wp-content\/uploads\/2025\/11\/ana-alice_2025-11-15_20-53-32.webp.webp?fit=979%2C633&ssl=1&resize=350%2C200 1x, https:\/\/i0.wp.com\/noticiasribeiraopreto.com.br\/wp-content\/uploads\/2025\/11\/ana-alice_2025-11-15_20-53-32.webp.webp?fit=979%2C633&ssl=1&resize=525%2C300 1.5x, https:\/\/i0.wp.com\/noticiasribeiraopreto.com.br\/wp-content\/uploads\/2025\/11\/ana-alice_2025-11-15_20-53-32.webp.webp?fit=979%2C633&ssl=1&resize=700%2C400 2x"},"classes":[]},{"id":45925,"url":"https:\/\/noticiasribeiraopreto.com.br\/index.php\/2024\/04\/08\/policia-encontra-ossada-humana-em-zona-rural-de-cidade-na-regiao-de-ribeirao-preto\/","url_meta":{"origin":26295,"position":4},"title":"Pol\u00edcia encontra ossada humana em zona rural de cidade na regi\u00e3o de Ribeir\u00e3o Preto","author":"noticiasribeiraopreto.com.br","date":"8 de April de 2024","format":false,"excerpt":"Uma ossada humana foi encontrada em uma ch\u00e1cara, na zona rural de Guatapar\u00e1, cidade na regi\u00e3o de Ribeir\u00e3o Preto, na tarde desta segunda-feira (8). De acordo com as informa\u00e7\u00f5es da Pol\u00edcia Civil, os ossos localizados s\u00e3o de uma mulher que estava desaparecida desde o m\u00eas de mar\u00e7o, e estavam enterrados\u2026","rel":"","context":"In &quot;Not\u00edcias de Ribeir\u00e3o Preto-SP e Regi\u00e3o&quot;","block_context":{"text":"Not\u00edcias de Ribeir\u00e3o Preto-SP e Regi\u00e3o","link":"https:\/\/noticiasribeiraopreto.com.br\/index.php\/category\/noticias-de-ribeirao-preto-sp-e-regiao-ismael-colosi\/"},"img":{"alt_text":"","src":"https:\/\/i0.wp.com\/noticiasribeiraopreto.com.br\/wp-content\/uploads\/2024\/04\/53408978572_b00e8879d4_k.jpg?fit=1200%2C800&ssl=1&resize=350%2C200","width":350,"height":200,"srcset":"https:\/\/i0.wp.com\/noticiasribeiraopreto.com.br\/wp-content\/uploads\/2024\/04\/53408978572_b00e8879d4_k.jpg?fit=1200%2C800&ssl=1&resize=350%2C200 1x, https:\/\/i0.wp.com\/noticiasribeiraopreto.com.br\/wp-content\/uploads\/2024\/04\/53408978572_b00e8879d4_k.jpg?fit=1200%2C800&ssl=1&resize=525%2C300 1.5x, https:\/\/i0.wp.com\/noticiasribeiraopreto.com.br\/wp-content\/uploads\/2024\/04\/53408978572_b00e8879d4_k.jpg?fit=1200%2C800&ssl=1&resize=700%2C400 2x, https:\/\/i0.wp.com\/noticiasribeiraopreto.com.br\/wp-content\/uploads\/2024\/04\/53408978572_b00e8879d4_k.jpg?fit=1200%2C800&ssl=1&resize=1050%2C600 3x"},"classes":[]},{"id":74747,"url":"https:\/\/noticiasribeiraopreto.com.br\/index.php\/2025\/07\/28\/ossada-e-encontrada-em-area-de-mata-na-zona-leste-de-ribeirao-preto\/","url_meta":{"origin":26295,"position":5},"title":"Ossada \u00e9 encontrada em \u00e1rea de mata na zona Leste de Ribeir\u00e3o Preto","author":"noticiasribeiraopreto.com.br","date":"28 de July de 2025","format":false,"excerpt":"Parte de uma ossada foi encontrada na manh\u00e3 desta segunda-feira (28) em uma \u00e1rea de mata do Complexo Ribeir\u00e3o Verde, na zona Leste de Ribeir\u00e3o Preto. A Pol\u00edcia Militar foi acionada por um cidad\u00e3o que localizou dois ossos cravados no solo, cobertos por um pano semelhante ao tecido usado pela\u2026","rel":"","context":"In &quot;Not\u00edcias de Ribeir\u00e3o Preto-SP e Regi\u00e3o&quot;","block_context":{"text":"Not\u00edcias de Ribeir\u00e3o Preto-SP e Regi\u00e3o","link":"https:\/\/noticiasribeiraopreto.com.br\/index.php\/category\/noticias-de-ribeirao-preto-sp-e-regiao-ismael-colosi\/"},"img":{"alt_text":"","src":"https:\/\/i0.wp.com\/noticiasribeiraopreto.com.br\/wp-content\/uploads\/2025\/07\/Copia-de-Copia-de-Copia-de-TAMANHO-EXATO-PARA-FOTOS-NO-SISTEMA-NOVO-2025-07-28T184648.234_2025-07-28_21-47-22.webp.webp?fit=1200%2C675&ssl=1&resize=350%2C200","width":350,"height":200,"srcset":"https:\/\/i0.wp.com\/noticiasribeiraopreto.com.br\/wp-content\/uploads\/2025\/07\/Copia-de-Copia-de-Copia-de-TAMANHO-EXATO-PARA-FOTOS-NO-SISTEMA-NOVO-2025-07-28T184648.234_2025-07-28_21-47-22.webp.webp?fit=1200%2C675&ssl=1&resize=350%2C200 1x, https:\/\/i0.wp.com\/noticiasribeiraopreto.com.br\/wp-content\/uploads\/2025\/07\/Copia-de-Copia-de-Copia-de-TAMANHO-EXATO-PARA-FOTOS-NO-SISTEMA-NOVO-2025-07-28T184648.234_2025-07-28_21-47-22.webp.webp?fit=1200%2C675&ssl=1&resize=525%2C300 1.5x, https:\/\/i0.wp.com\/noticiasribeiraopreto.com.br\/wp-content\/uploads\/2025\/07\/Copia-de-Copia-de-Copia-de-TAMANHO-EXATO-PARA-FOTOS-NO-SISTEMA-NOVO-2025-07-28T184648.234_2025-07-28_21-47-22.webp.webp?fit=1200%2C675&ssl=1&resize=700%2C400 2x, https:\/\/i0.wp.com\/noticiasribeiraopreto.com.br\/wp-content\/uploads\/2025\/07\/Copia-de-Copia-de-Copia-de-TAMANHO-EXATO-PARA-FOTOS-NO-SISTEMA-NOVO-2025-07-28T184648.234_2025-07-28_21-47-22.webp.webp?fit=1200%2C675&ssl=1&resize=1050%2C600 3x"},"classes":[]}],"jetpack_sharing_enabled":true,"jetpack_shortlink":"https:\/\/wp.me\/peQAOb-6Q7","_links":{"self":[{"href":"https:\/\/noticiasribeiraopreto.com.br\/index.php\/wp-json\/wp\/v2\/posts\/26295","targetHints":{"allow":["GET"]}}],"collection":[{"href":"https:\/\/noticiasribeiraopreto.com.br\/index.php\/wp-json\/wp\/v2\/posts"}],"about":[{"href":"https:\/\/noticiasribeiraopreto.com.br\/index.php\/wp-json\/wp\/v2\/types\/post"}],"author":[{"embeddable":true,"href":"https:\/\/noticiasribeiraopreto.com.br\/index.php\/wp-json\/wp\/v2\/users\/1"}],"replies":[{"embeddable":true,"href":"https:\/\/noticiasribeiraopreto.com.br\/index.php\/wp-json\/wp\/v2\/comments?post=26295"}],"version-history":[{"count":0,"href":"https:\/\/noticiasribeiraopreto.com.br\/index.php\/wp-json\/wp\/v2\/posts\/26295\/revisions"}],"wp:featuredmedia":[{"embeddable":true,"href":"https:\/\/noticiasribeiraopreto.com.br\/index.php\/wp-json\/wp\/v2\/media\/26296"}],"wp:attachment":[{"href":"https:\/\/noticiasribeiraopreto.com.br\/index.php\/wp-json\/wp\/v2\/media?parent=26295"}],"wp:term":[{"taxonomy":"category","embeddable":true,"href":"https:\/\/noticiasribeiraopreto.com.br\/index.php\/wp-json\/wp\/v2\/categories?post=26295"},{"taxonomy":"post_tag","embeddable":true,"href":"https:\/\/noticiasribeiraopreto.com.br\/index.php\/wp-json\/wp\/v2\/tags?post=26295"}],"curies":[{"name":"wp","href":"https:\/\/api.w.org\/{rel}","templated":true}]}}