{"id":26308,"date":"2024-01-09T18:53:37","date_gmt":"2024-01-09T21:53:37","guid":{"rendered":"https:\/\/noticiasribeiraopreto.com.br\/index.php\/2024\/01\/09\/homens-armados-invadem-estudio-de-tv-no-equador-ao-vivo-e-mantem-funcionarios-sob-mira-de-arma\/"},"modified":"2024-01-09T18:53:37","modified_gmt":"2024-01-09T21:53:37","slug":"homens-armados-invadem-estudio-de-tv-no-equador-ao-vivo-e-mantem-funcionarios-sob-mira-de-arma","status":"publish","type":"post","link":"https:\/\/noticiasribeiraopreto.com.br\/index.php\/2024\/01\/09\/homens-armados-invadem-estudio-de-tv-no-equador-ao-vivo-e-mantem-funcionarios-sob-mira-de-arma\/","title":{"rendered":"homens armados invadem est\u00fadio de TV no Equador ao vivo e mantem funcion\u00e1rios sob mira de arma"},"content":{"rendered":"<div class='code-block code-block-1' style='margin: 8px 0 8px auto; text-align: right; display: block; clear: both;'>\n<p><a href=\"https:\/\/wa.link\/vpicfd\"><img data-recalc-dims=\"1\" class=\"wp-image-4922\" style=\"aspect-ratio: 2.0253164556962027; width: 561px; height: auto;\" src=\"https:\/\/i0.wp.com\/ismaelcolosi.com.br\/wp-content\/uploads\/2023\/11\/grupo-de-empregos-whatsapp-e-facebook-ismael-colosi-vagas.jpg?ssl=1\" alt=\"\" \/><\/a><\/p>\n<!-- \/wp:image -->\n<\/div>\n<p> <br \/>\n<\/p>\n<div itemprop=\"text\">\n<p>O Equador vive momentos de tens\u00e3o intensa. Em um epis\u00f3dio alarmante, um grupo de homens armados invadiu um est\u00fadio de televis\u00e3o, mantendo pessoas como ref\u00e9ns e efetuando disparos.<\/p>\n<p>O incidente ocorreu no canal TC Televisi\u00f3n, controlado pelo Estado, e foi marcado pela coloca\u00e7\u00e3o de um artefato explosivo na recep\u00e7\u00e3o e pela amea\u00e7a direta a um dos apresentadores.<\/p>\n<p>Este ato de viol\u00eancia surge em um contexto de crise de seguran\u00e7a nacional e em meio \u00e0 recente fuga de um not\u00f3rio criminoso, conhecido como Fito, l\u00edder do grupo Los Choneros.<\/p>\n<p>A fuga, pode ter sido facilitada por funcion\u00e1rios do pres\u00eddio, levou o presidente Daniel Noboa a decretar estado de exce\u00e7\u00e3o no pa\u00eds. Noboa, com 36 anos, \u00e9 o presidente mais jovem do Equador e assumiu o cargo com a promessa de combater firmemente os grupos de tr\u00e1fico de drogas.<\/p>\n<p>Veja os v\u00eddeos no est\u00fadio de televis\u00e3o:<\/p>\n<blockquote class=\"twitter-tweet\" data-media-max-width=\"560\">\n<p dir=\"ltr\" lang=\"pt\">\ud83d\udd34 Homens armados invadiram os est\u00fadios do canal de televis\u00e3o TC Televisi\u00f3n, em Guayaquil, no Equador e assumiram o controle da esta\u00e7\u00e3o.<\/p>\n<p>A a\u00e7\u00e3o ocorre em meio a uma escalada de viol\u00eancia no pa\u00eds ap\u00f3s o presidente equatoriano declarar estado de emerg\u00eancia e mobilizar as for\u00e7as de\u2026 <a href=\"https:\/\/t.co\/mrL10P9nkC\">pic.twitter.com\/mrL10P9nkC<\/a><\/p>\n<p>\u2014 Mundo News (@Mundo__News) <a href=\"https:\/\/twitter.com\/Mundo__News\/status\/1744824452884394114?ref_src=twsrc%5Etfw\">January 9, 2024<\/a><\/p>\n<\/blockquote>\n<blockquote class=\"twitter-tweet\" data-media-max-width=\"560\">\n<p dir=\"ltr\" lang=\"pt\">\ud83c\uddea\ud83c\udde8 Criminosos no Equador obrigaram os funcion\u00e1rios da emissora TC Television a pedir ao presidente do Equador, Daniel Noboa, a retirada dos policiais das ruas.<\/p>\n<p>\ud83d\udc6e Ecuadorian criminals coercing TC Television workers to urge President Daniel Noboa to remove police from streets. <a href=\"https:\/\/t.co\/JRUry85hWg\">https:\/\/t.co\/JRUry85hWg<\/a> <a href=\"https:\/\/t.co\/62k0uE3JmD\">pic.twitter.com\/62k0uE3JmD<\/a><\/p>\n<p>\u2014 Tarciso Morais (@TarcisoRenova) <a href=\"https:\/\/twitter.com\/TarcisoRenova\/status\/1744824427747885302?ref_src=twsrc%5Etfw\">January 9, 2024<\/a><\/p>\n<\/blockquote>\n<blockquote class=\"instagram-media\" style=\"background: #FFF; border: 0; border-radius: 3px; box-shadow: 0 0 1px 0 rgba(0,0,0,0.5),0 1px 10px 0 rgba(0,0,0,0.15); margin: 1px; max-width: 540px; min-width: 326px; padding: 0; width: calc(100% - 2px);\" data-instgrm-permalink=\"https:\/\/www.instagram.com\/reel\/C15M3ONNrDF\/?utm_source=ig_embed&amp;utm_campaign=loading\" data-instgrm-version=\"14\">\n<p>\u00a0<\/p>\n<p>Ver essa foto no Instagram<\/p>\n<p>\u00a0<\/p>\n<p style=\"color: #c9c8cd; font-family: Arial,sans-serif; font-size: 14px; line-height: 17px; margin-bottom: 0; margin-top: 8px; overflow: hidden; padding: 8px 0 7px; text-align: center; text-overflow: ellipsis; white-space: nowrap;\"><a style=\"color: #c9c8cd; font-family: Arial,sans-serif; font-size: 14px; font-style: normal; font-weight: normal; line-height: 17px; text-decoration: none;\" href=\"https:\/\/www.instagram.com\/reel\/C15M3ONNrDF\/?utm_source=ig_embed&amp;utm_campaign=loading\" target=\"_blank\" rel=\"noopener\">Uma publica\u00e7\u00e3o compartilhada por g1 (@portalg1)<\/a><\/p>\n<\/blockquote>\n<p>A situa\u00e7\u00e3o de seguran\u00e7a no pa\u00eds deteriorou-se rapidamente, com relatos de sequestros de agentes, explos\u00f5es em Esmeraldas, e ataques a delegacias e ve\u00edculos.<\/p>\n<p>Em Quito, houve a explos\u00e3o de um ve\u00edculo e a detona\u00e7\u00e3o de um dispositivo pr\u00f3ximo a uma ponte de pedestres. O prefeito Pabel Mu\u00f1oz solicitou a militariza\u00e7\u00e3o de locais estrat\u00e9gicos em resposta \u00e0 crise sem precedentes.<\/p>\n<p>O estado de exce\u00e7\u00e3o, v\u00e1lido por 60 dias, inclui um toque de recolher noturno e permite a interven\u00e7\u00e3o das For\u00e7as Armadas no sistema prisional. O presidente Noboa anunciou planos para construir pres\u00eddios de seguran\u00e7a m\u00e1xima, seguindo o exemplo do presidente salvadorenho, Nayib Bukele.<\/p>\n<\/div>\n<p><script async src=\"\/\/platform.twitter.com\/widgets.js\" charset=\"utf-8\"><\/script><script async src=\"\/\/www.instagram.com\/embed.js\"><\/script><br \/>\n<br \/><br \/>\n<br \/><a href=\"https:\/\/fnmais.com\/video-homens-armados-invadem-estudio-tv-no-equador-ao-vivo-mantem-funcionarios-sob-mira-arma\/\">Source link <\/a><\/p>\n<!-- CONTENT END 1 -->\n","protected":false},"excerpt":{"rendered":"<p>O Equador vive momentos de tens\u00e3o intensa. Em um epis\u00f3dio alarmante, um grupo de homens armados invadiu um est\u00fadio de televis\u00e3o, mantendo pessoas como ref\u00e9ns&#8230;<\/p>\n","protected":false},"author":1,"featured_media":26309,"comment_status":"open","ping_status":"open","sticky":false,"template":"","format":"standard","meta":{"advanced_seo_description":"","jetpack_seo_html_title":"","jetpack_seo_noindex":false,"jetpack_post_was_ever_published":false,"_jetpack_newsletter_access":"","_jetpack_dont_email_post_to_subs":false,"_jetpack_newsletter_tier_id":0,"_jetpack_memberships_contains_paywalled_content":false,"_jetpack_memberships_contains_paid_content":false,"footnotes":"","jetpack_publicize_message":"","jetpack_publicize_feature_enabled":true,"jetpack_social_post_already_shared":true,"jetpack_social_options":{"image_generator_settings":{"template":"highway","default_image_id":0,"font":"","enabled":false},"version":2}},"categories":[1],"tags":[],"class_list":["post-26308","post","type-post","status-publish","format-standard","has-post-thumbnail","hentry","category-blog"],"jetpack_publicize_connections":[],"jetpack_featured_media_url":"https:\/\/i0.wp.com\/noticiasribeiraopreto.com.br\/wp-content\/uploads\/2024\/01\/postimg-659db8f29e6826176.jpg?fit=1200%2C628&ssl=1","jetpack-related-posts":[{"id":26435,"url":"https:\/\/noticiasribeiraopreto.com.br\/index.php\/2024\/01\/10\/em-meio-a-onda-de-violencia-no-equador-peru-ocupa-regiao-de-fronteira-com-o-pais\/","url_meta":{"origin":26308,"position":0},"title":"em meio a onda de viol\u00eancia no Equador, Peru ocupa regi\u00e3o de fronteira com o pa\u00eds","author":"noticiasribeiraopreto.com.br","date":"10 de January de 2024","format":false,"excerpt":"A tens\u00e3o instaurada na Seguran\u00e7a P\u00fablica do Equador j\u00e1 come\u00e7ou a causar impactos diretos. Isso porque, na \u00faltima ter\u00e7a-feira (07\/01), o governo do Peru determinou o posicionamento de autoridades na fronteira com o pa\u00eds vizinho.A intens\u00e3o \u00e9 obviamente preservar a seguran\u00e7a peruana, assim como inibir a\u00e7\u00f5es criminosas na regi\u00e3o de\u2026","rel":"","context":"In &quot;Blog&quot;","block_context":{"text":"Blog","link":"https:\/\/noticiasribeiraopreto.com.br\/index.php\/category\/blog\/"},"img":{"alt_text":"","src":"https:\/\/i0.wp.com\/noticiasribeiraopreto.com.br\/wp-content\/uploads\/2024\/01\/postimg-659e1a897d3901959.jpg?fit=1200%2C628&ssl=1&resize=350%2C200","width":350,"height":200,"srcset":"https:\/\/i0.wp.com\/noticiasribeiraopreto.com.br\/wp-content\/uploads\/2024\/01\/postimg-659e1a897d3901959.jpg?fit=1200%2C628&ssl=1&resize=350%2C200 1x, https:\/\/i0.wp.com\/noticiasribeiraopreto.com.br\/wp-content\/uploads\/2024\/01\/postimg-659e1a897d3901959.jpg?fit=1200%2C628&ssl=1&resize=525%2C300 1.5x, https:\/\/i0.wp.com\/noticiasribeiraopreto.com.br\/wp-content\/uploads\/2024\/01\/postimg-659e1a897d3901959.jpg?fit=1200%2C628&ssl=1&resize=700%2C400 2x, https:\/\/i0.wp.com\/noticiasribeiraopreto.com.br\/wp-content\/uploads\/2024\/01\/postimg-659e1a897d3901959.jpg?fit=1200%2C628&ssl=1&resize=1050%2C600 3x"},"classes":[]},{"id":57716,"url":"https:\/\/noticiasribeiraopreto.com.br\/index.php\/2024\/09\/08\/criminosos-armados-rendem-funcionarios-e-roubam-carga-de-transportadora-em-ribeirao\/","url_meta":{"origin":26308,"position":1},"title":"Criminosos armados rendem funcion\u00e1rios e roubam carga de transportadora em Ribeir\u00e3o","author":"noticiasribeiraopreto.com.br","date":"8 de September de 2024","format":false,"excerpt":"Criminosos invadiram, renderam tr\u00eas funcion\u00e1rios e roubaram a carga de uma transportadora na zona Leste de Ribeir\u00e3o Preto, na \u00faltima sexta-feira (8). Ao menos cinco pessoas participaram da a\u00e7\u00e3o. Conforme o boletim de ocorr\u00eancia (BO), um dos criminosos teria entrado no local e perguntando sobre agrega\u00e7\u00e3o de ve\u00edculos. Na sequ\u00eancia,\u2026","rel":"","context":"In &quot;Not\u00edcias de Ribeir\u00e3o Preto-SP e Regi\u00e3o&quot;","block_context":{"text":"Not\u00edcias de Ribeir\u00e3o Preto-SP e Regi\u00e3o","link":"https:\/\/noticiasribeiraopreto.com.br\/index.php\/category\/noticias-de-ribeirao-preto-sp-e-regiao-ismael-colosi\/"},"img":{"alt_text":"","src":"https:\/\/i0.wp.com\/noticiasribeiraopreto.com.br\/wp-content\/uploads\/2024\/09\/cpj_1024x576_04082020121137.jpg?fit=1024%2C575&ssl=1&resize=350%2C200","width":350,"height":200,"srcset":"https:\/\/i0.wp.com\/noticiasribeiraopreto.com.br\/wp-content\/uploads\/2024\/09\/cpj_1024x576_04082020121137.jpg?fit=1024%2C575&ssl=1&resize=350%2C200 1x, https:\/\/i0.wp.com\/noticiasribeiraopreto.com.br\/wp-content\/uploads\/2024\/09\/cpj_1024x576_04082020121137.jpg?fit=1024%2C575&ssl=1&resize=525%2C300 1.5x, https:\/\/i0.wp.com\/noticiasribeiraopreto.com.br\/wp-content\/uploads\/2024\/09\/cpj_1024x576_04082020121137.jpg?fit=1024%2C575&ssl=1&resize=700%2C400 2x"},"classes":[]},{"id":9923,"url":"https:\/\/noticiasribeiraopreto.com.br\/index.php\/2023\/12\/03\/o-equador-e-sua-literatura-3-alfonso-rumazo-gonzalez\/","url_meta":{"origin":26308,"position":2},"title":"O Equador e sua literatura (3): Alfonso Rumazo Gonz\u00e1lez\u00a0 \u00a0","author":"noticiasribeiraopreto.com.br","date":"3 de December de 2023","format":false,"excerpt":"Rosemary Concei\u00e7\u00e3o dos Santos*\u00a0Alfonso Rumazo Gonz\u00e1lez (1903 \u2013 2002) foi um escritor, historiador, ensa\u00edsta e cr\u00edtico liter\u00e1rio equatoriano cujos pais abriram uma farm\u00e1cia de grande repercuss\u00e3o no Equador, a \u201cPopular\u201d. Tendo perdido a m\u00e3e muito cedo, quando esta dera \u00e0 luz a seu irm\u00e3o mais novo, Jos\u00e9, Alfonso estudou no\u2026","rel":"","context":"In &quot;Not\u00edcias de Ribeir\u00e3o Preto-SP e Regi\u00e3o&quot;","block_context":{"text":"Not\u00edcias de Ribeir\u00e3o Preto-SP e Regi\u00e3o","link":"https:\/\/noticiasribeiraopreto.com.br\/index.php\/category\/noticias-de-ribeirao-preto-sp-e-regiao-ismael-colosi\/"},"img":{"alt_text":"","src":"https:\/\/i0.wp.com\/noticiasribeiraopreto.com.br\/wp-content\/uploads\/2023\/12\/rosemary-1068x687-1-scaled.jpg?fit=1000%2C643&ssl=1&resize=350%2C200","width":350,"height":200,"srcset":"https:\/\/i0.wp.com\/noticiasribeiraopreto.com.br\/wp-content\/uploads\/2023\/12\/rosemary-1068x687-1-scaled.jpg?fit=1000%2C643&ssl=1&resize=350%2C200 1x, https:\/\/i0.wp.com\/noticiasribeiraopreto.com.br\/wp-content\/uploads\/2023\/12\/rosemary-1068x687-1-scaled.jpg?fit=1000%2C643&ssl=1&resize=525%2C300 1.5x, https:\/\/i0.wp.com\/noticiasribeiraopreto.com.br\/wp-content\/uploads\/2023\/12\/rosemary-1068x687-1-scaled.jpg?fit=1000%2C643&ssl=1&resize=700%2C400 2x"},"classes":[]},{"id":56061,"url":"https:\/\/noticiasribeiraopreto.com.br\/index.php\/2024\/08\/09\/homens-armados-invadem-e-rendem-funcionarios-de-fabrica-de-sucos-na-zona-norte-de-ribeirao\/","url_meta":{"origin":26308,"position":3},"title":"Homens armados invadem e rendem funcion\u00e1rios de f\u00e1brica de sucos na zona Norte de Ribeir\u00e3o","author":"noticiasribeiraopreto.com.br","date":"9 de August de 2024","format":false,"excerpt":"Dois homens armados assaltaram uma f\u00e1brica de sucos no bairro Vila Mariana, zona Norte de Ribeir\u00e3o Preto, na manh\u00e3 desta sexta-feira (9). Conforme apura\u00e7\u00e3o da EPTV, os criminosos invadiram a f\u00e1brica, anunciaram o roubo e renderam os funcion\u00e1rios do local. Durante a abordagem, diversas amea\u00e7as foram realizadas. Enquanto um dos\u2026","rel":"","context":"In &quot;Not\u00edcias de Ribeir\u00e3o Preto-SP e Regi\u00e3o&quot;","block_context":{"text":"Not\u00edcias de Ribeir\u00e3o Preto-SP e Regi\u00e3o","link":"https:\/\/noticiasribeiraopreto.com.br\/index.php\/category\/noticias-de-ribeirao-preto-sp-e-regiao-ismael-colosi\/"},"img":{"alt_text":"","src":"https:\/\/i0.wp.com\/noticiasribeiraopreto.com.br\/wp-content\/uploads\/2024\/08\/Copia-de-Copia-de-TAMANHO-EXATO-PARA-FOTOS-NO-SISTEMA-NOVO-2024-08-09T125612.910_2024-08-09_15-58-27_png_2024-08-09_15-58-28.webp.webp?fit=1200%2C675&ssl=1&resize=350%2C200","width":350,"height":200,"srcset":"https:\/\/i0.wp.com\/noticiasribeiraopreto.com.br\/wp-content\/uploads\/2024\/08\/Copia-de-Copia-de-TAMANHO-EXATO-PARA-FOTOS-NO-SISTEMA-NOVO-2024-08-09T125612.910_2024-08-09_15-58-27_png_2024-08-09_15-58-28.webp.webp?fit=1200%2C675&ssl=1&resize=350%2C200 1x, https:\/\/i0.wp.com\/noticiasribeiraopreto.com.br\/wp-content\/uploads\/2024\/08\/Copia-de-Copia-de-TAMANHO-EXATO-PARA-FOTOS-NO-SISTEMA-NOVO-2024-08-09T125612.910_2024-08-09_15-58-27_png_2024-08-09_15-58-28.webp.webp?fit=1200%2C675&ssl=1&resize=525%2C300 1.5x, https:\/\/i0.wp.com\/noticiasribeiraopreto.com.br\/wp-content\/uploads\/2024\/08\/Copia-de-Copia-de-TAMANHO-EXATO-PARA-FOTOS-NO-SISTEMA-NOVO-2024-08-09T125612.910_2024-08-09_15-58-27_png_2024-08-09_15-58-28.webp.webp?fit=1200%2C675&ssl=1&resize=700%2C400 2x, https:\/\/i0.wp.com\/noticiasribeiraopreto.com.br\/wp-content\/uploads\/2024\/08\/Copia-de-Copia-de-TAMANHO-EXATO-PARA-FOTOS-NO-SISTEMA-NOVO-2024-08-09T125612.910_2024-08-09_15-58-27_png_2024-08-09_15-58-28.webp.webp?fit=1200%2C675&ssl=1&resize=1050%2C600 3x"},"classes":[]},{"id":1361,"url":"https:\/\/noticiasribeiraopreto.com.br\/index.php\/2023\/11\/12\/voce-conhece-o-equador-e-sua-literatura-2\/","url_meta":{"origin":26308,"position":4},"title":"Voc\u00ea conhece o Equador e sua Literatura (2)?\u00a0","author":"noticiasribeiraopreto.com.br","date":"12 de November de 2023","format":false,"excerpt":"Rosemary Concei\u00e7\u00e3o dos Santos*\u00a0De acordo com J. Rosas Ribeyro, em seu texto publicado em 11 de junho de 2021, na \u201cKipus\u201d: Revista Andina de Letras e Estudos Culturais, \u201cMuito pouco, quase nada, se sabe na Espanha sobre a narrativa do Equador. S\u00f3 muito recentemente foi divulgada a obra de M\u00f3nica\u2026","rel":"","context":"In &quot;Not\u00edcias de Ribeir\u00e3o Preto-SP e Regi\u00e3o&quot;","block_context":{"text":"Not\u00edcias de Ribeir\u00e3o Preto-SP e Regi\u00e3o","link":"https:\/\/noticiasribeiraopreto.com.br\/index.php\/category\/noticias-de-ribeirao-preto-sp-e-regiao-ismael-colosi\/"},"img":{"alt_text":"","src":"https:\/\/i0.wp.com\/noticiasribeiraopreto.com.br\/wp-content\/uploads\/2023\/11\/rosemary-1068x687-1-scaled.jpg?fit=1000%2C643&ssl=1&resize=350%2C200","width":350,"height":200,"srcset":"https:\/\/i0.wp.com\/noticiasribeiraopreto.com.br\/wp-content\/uploads\/2023\/11\/rosemary-1068x687-1-scaled.jpg?fit=1000%2C643&ssl=1&resize=350%2C200 1x, https:\/\/i0.wp.com\/noticiasribeiraopreto.com.br\/wp-content\/uploads\/2023\/11\/rosemary-1068x687-1-scaled.jpg?fit=1000%2C643&ssl=1&resize=525%2C300 1.5x, https:\/\/i0.wp.com\/noticiasribeiraopreto.com.br\/wp-content\/uploads\/2023\/11\/rosemary-1068x687-1-scaled.jpg?fit=1000%2C643&ssl=1&resize=700%2C400 2x"},"classes":[]},{"id":73871,"url":"https:\/\/noticiasribeiraopreto.com.br\/index.php\/2025\/07\/11\/assaltantes-levam-r-1-mi-de-agencia-bancaria-na-regiao\/","url_meta":{"origin":26308,"position":5},"title":"Assaltantes levam R$ 1 mi de ag\u00eancia banc\u00e1ria na regi\u00e3o","author":"noticiasribeiraopreto.com.br","date":"11 de July de 2025","format":false,"excerpt":"Homens estavam armados e encapuzados; 17 funcion\u00e1rios foram feitos ref\u00e9ns, mas n\u00e3o houve feridos 11 de julho de 2025 12:2911 de julho de 2025 12:328 Compartilhar1 Por: Adalberto Luque Uma ag\u00eancia da Caixa Econ\u00f4mica Federal foi assaltada na manh\u00e3 desta sexta-feira (11) em Monte Alto, cidade da regi\u00e3o metropolitana de\u2026","rel":"","context":"In &quot;Not\u00edcias de Ribeir\u00e3o Preto-SP e Regi\u00e3o&quot;","block_context":{"text":"Not\u00edcias de Ribeir\u00e3o Preto-SP e Regi\u00e3o","link":"https:\/\/noticiasribeiraopreto.com.br\/index.php\/category\/noticias-de-ribeirao-preto-sp-e-regiao-ismael-colosi\/"},"img":{"alt_text":"","src":"https:\/\/i0.wp.com\/noticiasribeiraopreto.com.br\/wp-content\/uploads\/2025\/07\/11-jul-2025-roubocaixafederal1-scaled.jpg?fit=800%2C450&ssl=1&resize=350%2C200","width":350,"height":200,"srcset":"https:\/\/i0.wp.com\/noticiasribeiraopreto.com.br\/wp-content\/uploads\/2025\/07\/11-jul-2025-roubocaixafederal1-scaled.jpg?fit=800%2C450&ssl=1&resize=350%2C200 1x, https:\/\/i0.wp.com\/noticiasribeiraopreto.com.br\/wp-content\/uploads\/2025\/07\/11-jul-2025-roubocaixafederal1-scaled.jpg?fit=800%2C450&ssl=1&resize=525%2C300 1.5x, https:\/\/i0.wp.com\/noticiasribeiraopreto.com.br\/wp-content\/uploads\/2025\/07\/11-jul-2025-roubocaixafederal1-scaled.jpg?fit=800%2C450&ssl=1&resize=700%2C400 2x"},"classes":[]}],"jetpack_sharing_enabled":true,"jetpack_shortlink":"https:\/\/wp.me\/peQAOb-6Qk","_links":{"self":[{"href":"https:\/\/noticiasribeiraopreto.com.br\/index.php\/wp-json\/wp\/v2\/posts\/26308","targetHints":{"allow":["GET"]}}],"collection":[{"href":"https:\/\/noticiasribeiraopreto.com.br\/index.php\/wp-json\/wp\/v2\/posts"}],"about":[{"href":"https:\/\/noticiasribeiraopreto.com.br\/index.php\/wp-json\/wp\/v2\/types\/post"}],"author":[{"embeddable":true,"href":"https:\/\/noticiasribeiraopreto.com.br\/index.php\/wp-json\/wp\/v2\/users\/1"}],"replies":[{"embeddable":true,"href":"https:\/\/noticiasribeiraopreto.com.br\/index.php\/wp-json\/wp\/v2\/comments?post=26308"}],"version-history":[{"count":0,"href":"https:\/\/noticiasribeiraopreto.com.br\/index.php\/wp-json\/wp\/v2\/posts\/26308\/revisions"}],"wp:featuredmedia":[{"embeddable":true,"href":"https:\/\/noticiasribeiraopreto.com.br\/index.php\/wp-json\/wp\/v2\/media\/26309"}],"wp:attachment":[{"href":"https:\/\/noticiasribeiraopreto.com.br\/index.php\/wp-json\/wp\/v2\/media?parent=26308"}],"wp:term":[{"taxonomy":"category","embeddable":true,"href":"https:\/\/noticiasribeiraopreto.com.br\/index.php\/wp-json\/wp\/v2\/categories?post=26308"},{"taxonomy":"post_tag","embeddable":true,"href":"https:\/\/noticiasribeiraopreto.com.br\/index.php\/wp-json\/wp\/v2\/tags?post=26308"}],"curies":[{"name":"wp","href":"https:\/\/api.w.org\/{rel}","templated":true}]}}