{"id":26319,"date":"2024-01-09T19:27:50","date_gmt":"2024-01-09T22:27:50","guid":{"rendered":"https:\/\/noticiasribeiraopreto.com.br\/index.php\/2024\/01\/09\/quem-e-o-homem-que-nao-queria-viajar-mas-cedeu-ao-pedido-da-esposa-e-acabou-perdendo-a-vida-em-acidente-na-br-324\/"},"modified":"2024-01-09T19:27:50","modified_gmt":"2024-01-09T22:27:50","slug":"quem-e-o-homem-que-nao-queria-viajar-mas-cedeu-ao-pedido-da-esposa-e-acabou-perdendo-a-vida-em-acidente-na-br-324","status":"publish","type":"post","link":"https:\/\/noticiasribeiraopreto.com.br\/index.php\/2024\/01\/09\/quem-e-o-homem-que-nao-queria-viajar-mas-cedeu-ao-pedido-da-esposa-e-acabou-perdendo-a-vida-em-acidente-na-br-324\/","title":{"rendered":"Quem \u00e9 o homem que n\u00e3o queria viajar, mas cedeu ao pedido da esposa e acabou perdendo a vida em acidente na BR- 324"},"content":{"rendered":"<div class='code-block code-block-1' style='margin: 8px 0 8px auto; text-align: right; display: block; clear: both;'>\n<p><a href=\"https:\/\/wa.link\/vpicfd\"><img data-recalc-dims=\"1\" class=\"wp-image-4922\" style=\"aspect-ratio: 2.0253164556962027; width: 561px; height: auto;\" src=\"https:\/\/i0.wp.com\/ismaelcolosi.com.br\/wp-content\/uploads\/2023\/11\/grupo-de-empregos-whatsapp-e-facebook-ismael-colosi-vagas.jpg?ssl=1\" alt=\"\" \/><\/a><\/p>\n<!-- \/wp:image -->\n<\/div>\n<p> <br \/>\n<\/p>\n<div itemprop=\"text\">\n<p>Edmilson Alencar dos Santos, uma das 24 v\u00edtimas fatais no acidente envolvendo um caminh\u00e3o e um \u00f4nibus de turismo que aconteceu na noite do \u00faltimo domingo (7).<\/p>\n<p>O acidente aconteceu na rodovia BR-324, na altura do munic\u00edpio de S\u00e3o Jos\u00e9 do Jacu\u00edpe, localizado no interior do estado da Bahia, n\u00e3o tinha o desejo de realizar a viagem para a praia de Guarajuba.<\/p>\n<p>Edmilson dos Santos, teria concordado em participar da viagem ap\u00f3s insist\u00eancia de sua esposa, a professora Amar\u00edlis Lima Grassi Santos, que tamb\u00e9m perdeu a vida no acidente. A revela\u00e7\u00e3o foi feita na ter\u00e7a-feira (9) por Evil\u00e1sio dos Santos, irm\u00e3o de Edmilson.<\/p>\n<p>Sabrina Grassi Alencar dos Santos, uma das filhas do casal, que estava no \u00f4nibus, tamb\u00e9m n\u00e3o resistiu. Os funerais dos tr\u00eas membros da fam\u00edlia ocorreram nesta ter\u00e7a-feira (9), em Jacobina. <a href=\"https:\/\/fnmais.com\/a-cidade-parou-velorio-coletivo-vitimas-acidente-entre-onibus-caminhao-na-br-324-acontece-sob-forte-comocao-videos-fotos\/?fbsu=348&amp;fbsl=1HTu\" target=\"_blank\" rel=\"nofollow noopener sponsored\">Os corpos foram velados de maneira coletiva.<\/a><\/p>\n<p><strong>\u201cEle n\u00e3o estava afim de fazer essa viagem, mas ela insistiu. Como sempre foi a companheira dele, para n\u00e3o dizer n\u00e3o a ela, ele resolveu fazer essa viagem e aconteceu essa trag\u00e9dia\u201d<\/strong>, lamentou Evil\u00e1sio.<\/p>\n<p>Outra filha de Edmilson que tamb\u00e9m fazia parte da viagem, teve les\u00f5es, mas conseguiu sobreviver \u00e0 trag\u00e9dia.<\/p>\n<p>Para assistir ao v\u00eddeo <a href=\"https:\/\/globoplay.globo.com\/v\/12250748\/\" target=\"_blank\" rel=\"nofollow noopener sponsored\">CLIQUE AQUI!<\/a><\/p>\n<p>Os sepultamentos de Edmilson Alencar dos Santos, Amar\u00edlis Lima Grassi Santos e Sabrina Grassi Alencar dos Santos ocorreram na tarde desta ter\u00e7a-feira, com a presen\u00e7a de amigos e familiares, em meio a uma profunda como\u00e7\u00e3o.<\/p>\n<p>As causas do acidente que provocou tamanha trag\u00e9dia ainda est\u00e3o sob investiga\u00e7\u00e3o.<\/p>\n<\/div>\n<p><br \/>\n<br \/><a href=\"https:\/\/fnmais.com\/quem-homem-que-nao-queria-viajar-mas-cedeu-ao-pedido-esposa-acabou-perdendo-vida-em-acidente-na-br-324-video\/\">Source link <\/a><\/p>\n<!-- CONTENT END 1 -->\n","protected":false},"excerpt":{"rendered":"<p>Edmilson Alencar dos Santos, uma das 24 v\u00edtimas fatais no acidente envolvendo um caminh\u00e3o e um \u00f4nibus de turismo que aconteceu na noite do \u00faltimo&#8230;<\/p>\n","protected":false},"author":1,"featured_media":26320,"comment_status":"open","ping_status":"open","sticky":false,"template":"","format":"standard","meta":{"advanced_seo_description":"","jetpack_seo_html_title":"","jetpack_seo_noindex":false,"jetpack_post_was_ever_published":false,"_jetpack_newsletter_access":"","_jetpack_dont_email_post_to_subs":false,"_jetpack_newsletter_tier_id":0,"_jetpack_memberships_contains_paywalled_content":false,"_jetpack_memberships_contains_paid_content":false,"footnotes":"","jetpack_publicize_message":"","jetpack_publicize_feature_enabled":true,"jetpack_social_post_already_shared":true,"jetpack_social_options":{"image_generator_settings":{"template":"highway","default_image_id":0,"font":"","enabled":false},"version":2}},"categories":[1],"tags":[],"class_list":["post-26319","post","type-post","status-publish","format-standard","has-post-thumbnail","hentry","category-blog"],"jetpack_publicize_connections":[],"jetpack_featured_media_url":"https:\/\/i0.wp.com\/noticiasribeiraopreto.com.br\/wp-content\/uploads\/2024\/01\/postimg-659dc60a00f708232.jpg?fit=1200%2C628&ssl=1","jetpack-related-posts":[{"id":26214,"url":"https:\/\/noticiasribeiraopreto.com.br\/index.php\/2024\/01\/09\/velorio-coletivo-das-vitimas-do-acidente-entre-onibus-e-caminhao-na-br-324-acontece-sob-forte-comocao-videos-e-fotos\/","url_meta":{"origin":26319,"position":0},"title":"Vel\u00f3rio coletivo das v\u00edtimas do acidente entre \u00f4nibus e caminh\u00e3o na BR-324 acontece sob forte como\u00e7\u00e3o \u2013 V\u00cdDEOS E FOTOS","author":"noticiasribeiraopreto.com.br","date":"9 de January de 2024","format":false,"excerpt":"A como\u00e7\u00e3o j\u00e1 se espalhava pela cidade de Jacobina, localizada no centro-norte da Bahia, quando os primeiros corpos provenientes da trag\u00e9dia envolvendo um micro-\u00f4nibus e um caminh\u00e3o chegaram ao Gin\u00e1sio Municipal de Esportes Paulo Santos Gomes na noite desta \u00faltima segunda-feira (8).Os primeiros a serem velados foram quatro indiv\u00edduos de\u2026","rel":"","context":"In &quot;Blog&quot;","block_context":{"text":"Blog","link":"https:\/\/noticiasribeiraopreto.com.br\/index.php\/category\/blog\/"},"img":{"alt_text":"","src":"https:\/\/i0.wp.com\/noticiasribeiraopreto.com.br\/wp-content\/uploads\/2024\/01\/postimg-659d7d94a1e278920.jpg?fit=1200%2C628&ssl=1&resize=350%2C200","width":350,"height":200,"srcset":"https:\/\/i0.wp.com\/noticiasribeiraopreto.com.br\/wp-content\/uploads\/2024\/01\/postimg-659d7d94a1e278920.jpg?fit=1200%2C628&ssl=1&resize=350%2C200 1x, https:\/\/i0.wp.com\/noticiasribeiraopreto.com.br\/wp-content\/uploads\/2024\/01\/postimg-659d7d94a1e278920.jpg?fit=1200%2C628&ssl=1&resize=525%2C300 1.5x, https:\/\/i0.wp.com\/noticiasribeiraopreto.com.br\/wp-content\/uploads\/2024\/01\/postimg-659d7d94a1e278920.jpg?fit=1200%2C628&ssl=1&resize=700%2C400 2x, https:\/\/i0.wp.com\/noticiasribeiraopreto.com.br\/wp-content\/uploads\/2024\/01\/postimg-659d7d94a1e278920.jpg?fit=1200%2C628&ssl=1&resize=1050%2C600 3x"},"classes":[]},{"id":25961,"url":"https:\/\/noticiasribeiraopreto.com.br\/index.php\/2024\/01\/08\/filha-do-dono-do-onibus-de-turismo-e-uma-das-24-vitimas-fatais-do-acidente-na-ba-pai-esta-em-choque\/","url_meta":{"origin":26319,"position":1},"title":"Filha do dono do \u00f4nibus de turismo \u00e9 uma das 24 v\u00edtimas fatais do acidente na BA; pai est\u00e1 &#8217;em choque&#8217;","author":"noticiasribeiraopreto.com.br","date":"8 de January de 2024","format":false,"excerpt":"A filha do dono do \u00f4nibus que se chocou contra um caminh\u00e3o a caminho de Jacobina, na Bahia, est\u00e1 entre as v\u00edtimas fatais do acidente que aconteceu na noite do \u00faltimo domingo (07\/01).O ve\u00edculo coletivo estava transportando dezenas de passageiros que haviam passado o fim de semana na praia de\u2026","rel":"","context":"In &quot;Blog&quot;","block_context":{"text":"Blog","link":"https:\/\/noticiasribeiraopreto.com.br\/index.php\/category\/blog\/"},"img":{"alt_text":"","src":"https:\/\/i0.wp.com\/noticiasribeiraopreto.com.br\/wp-content\/uploads\/2024\/01\/postimg-659c83a28249d3851.jpg?fit=1200%2C628&ssl=1&resize=350%2C200","width":350,"height":200,"srcset":"https:\/\/i0.wp.com\/noticiasribeiraopreto.com.br\/wp-content\/uploads\/2024\/01\/postimg-659c83a28249d3851.jpg?fit=1200%2C628&ssl=1&resize=350%2C200 1x, https:\/\/i0.wp.com\/noticiasribeiraopreto.com.br\/wp-content\/uploads\/2024\/01\/postimg-659c83a28249d3851.jpg?fit=1200%2C628&ssl=1&resize=525%2C300 1.5x, https:\/\/i0.wp.com\/noticiasribeiraopreto.com.br\/wp-content\/uploads\/2024\/01\/postimg-659c83a28249d3851.jpg?fit=1200%2C628&ssl=1&resize=700%2C400 2x, https:\/\/i0.wp.com\/noticiasribeiraopreto.com.br\/wp-content\/uploads\/2024\/01\/postimg-659c83a28249d3851.jpg?fit=1200%2C628&ssl=1&resize=1050%2C600 3x"},"classes":[]},{"id":26180,"url":"https:\/\/noticiasribeiraopreto.com.br\/index.php\/2024\/01\/09\/pastor-guia-de-turismo-e-musico-estao-entre-os-mortos-em-acidente-com-onibus-na-bahia-que-deixou-mais-de-20-vitimas-fatais\/","url_meta":{"origin":26319,"position":2},"title":"Pastor, guia de turismo e m\u00fasico est\u00e3o entre os mortos em acidente com \u00f4nibus na Bahia que deixou mais de 20 v\u00edtimas fatais","author":"noticiasribeiraopreto.com.br","date":"9 de January de 2024","format":false,"excerpt":"Nesta \u00faltima noite de domingo, dia 7 de janeiro, a Bahia ficou de luto ap\u00f3s um acidente fatal envolvendo um micro-\u00f4nibus e um caminh\u00e3o na BR-324, em S\u00e3o Jos\u00e9 do Jacu\u00edpe. E entre as vinte e quatro v\u00edtimas fatais, est\u00e3o um pastor evang\u00e9lico, uma guia de turismo e um talentoso\u2026","rel":"","context":"In &quot;Blog&quot;","block_context":{"text":"Blog","link":"https:\/\/noticiasribeiraopreto.com.br\/index.php\/category\/blog\/"},"img":{"alt_text":"","src":"https:\/\/i0.wp.com\/noticiasribeiraopreto.com.br\/wp-content\/uploads\/2024\/01\/postimg-659d6303b2e382917.jpg?fit=1200%2C628&ssl=1&resize=350%2C200","width":350,"height":200,"srcset":"https:\/\/i0.wp.com\/noticiasribeiraopreto.com.br\/wp-content\/uploads\/2024\/01\/postimg-659d6303b2e382917.jpg?fit=1200%2C628&ssl=1&resize=350%2C200 1x, https:\/\/i0.wp.com\/noticiasribeiraopreto.com.br\/wp-content\/uploads\/2024\/01\/postimg-659d6303b2e382917.jpg?fit=1200%2C628&ssl=1&resize=525%2C300 1.5x, https:\/\/i0.wp.com\/noticiasribeiraopreto.com.br\/wp-content\/uploads\/2024\/01\/postimg-659d6303b2e382917.jpg?fit=1200%2C628&ssl=1&resize=700%2C400 2x, https:\/\/i0.wp.com\/noticiasribeiraopreto.com.br\/wp-content\/uploads\/2024\/01\/postimg-659d6303b2e382917.jpg?fit=1200%2C628&ssl=1&resize=1050%2C600 3x"},"classes":[]},{"id":25841,"url":"https:\/\/noticiasribeiraopreto.com.br\/index.php\/2024\/01\/08\/quem-sao-as-vitimas-fatais-do-acidente-entre-onibus-e-caminhao-que-ocorreu-no-interior-da-ba\/","url_meta":{"origin":26319,"position":3},"title":"Quem s\u00e3o as v\u00edtimas fatais do acidente entre \u00f4nibus e caminh\u00e3o que ocorreu no interior da BA","author":"noticiasribeiraopreto.com.br","date":"8 de January de 2024","format":false,"excerpt":"Uma trag\u00e9dia ocorreu na noite deste \u00faltimo domingo (7), na rodovia BR-324, na altura da cidade de S\u00e3o Jos\u00e9 do Jacu\u00edpe, localizada na regi\u00e3o norte da Bahia, envolvendo um micro-\u00f4nibus que\u00a0transportava\u00a0turistas e um caminh\u00e3o.A Pol\u00edcia Rodovi\u00e1ria Federal (FRF), j\u00e1 identificou pelo menos 11 pessoas que morreram nesta trag\u00e9dia, entre as\u2026","rel":"","context":"In &quot;Blog&quot;","block_context":{"text":"Blog","link":"https:\/\/noticiasribeiraopreto.com.br\/index.php\/category\/blog\/"},"img":{"alt_text":"","src":"https:\/\/i0.wp.com\/noticiasribeiraopreto.com.br\/wp-content\/uploads\/2024\/01\/postimg-659c46b1536576547.jpg?fit=1200%2C628&ssl=1&resize=350%2C200","width":350,"height":200,"srcset":"https:\/\/i0.wp.com\/noticiasribeiraopreto.com.br\/wp-content\/uploads\/2024\/01\/postimg-659c46b1536576547.jpg?fit=1200%2C628&ssl=1&resize=350%2C200 1x, https:\/\/i0.wp.com\/noticiasribeiraopreto.com.br\/wp-content\/uploads\/2024\/01\/postimg-659c46b1536576547.jpg?fit=1200%2C628&ssl=1&resize=525%2C300 1.5x, https:\/\/i0.wp.com\/noticiasribeiraopreto.com.br\/wp-content\/uploads\/2024\/01\/postimg-659c46b1536576547.jpg?fit=1200%2C628&ssl=1&resize=700%2C400 2x, https:\/\/i0.wp.com\/noticiasribeiraopreto.com.br\/wp-content\/uploads\/2024\/01\/postimg-659c46b1536576547.jpg?fit=1200%2C628&ssl=1&resize=1050%2C600 3x"},"classes":[]},{"id":4089,"url":"https:\/\/noticiasribeiraopreto.com.br\/index.php\/2023\/11\/20\/motorista-de-onibus-de-turismo-perde-controle-na-br-040-e-ja-ha-confirmacao-de-obito\/","url_meta":{"origin":26319,"position":4},"title":"motorista de \u00f4nibus de turismo perde controle na BR-040 e j\u00e1 h\u00e1 confirma\u00e7\u00e3o de \u00f3bito","author":"noticiasribeiraopreto.com.br","date":"20 de November de 2023","format":false,"excerpt":"Uma pessoa perdeu a vida ap\u00f3s um grave acidente de \u00f4nibus na manh\u00e3 desta segunda-feira (20\/11). O tr\u00e1gico epis\u00f3dio aconteceu no km 677 da BR-040, que fica situado entre Ressaquinha\u00a0e o Distrito de Herm\u00edlio Alves, em Caranda\u00ed.Segundo as informa\u00e7\u00f5es repassadas pela Pol\u00edcia Rodovi\u00e1ria Federal, o condutor do \u00f4nibus perdeu o\u2026","rel":"","context":"In &quot;Blog&quot;","block_context":{"text":"Blog","link":"https:\/\/noticiasribeiraopreto.com.br\/index.php\/category\/blog\/"},"img":{"alt_text":"","src":"https:\/\/i0.wp.com\/noticiasribeiraopreto.com.br\/wp-content\/uploads\/2023\/11\/postimg-655bd7d6444063089.jpg?fit=1200%2C628&ssl=1&resize=350%2C200","width":350,"height":200,"srcset":"https:\/\/i0.wp.com\/noticiasribeiraopreto.com.br\/wp-content\/uploads\/2023\/11\/postimg-655bd7d6444063089.jpg?fit=1200%2C628&ssl=1&resize=350%2C200 1x, https:\/\/i0.wp.com\/noticiasribeiraopreto.com.br\/wp-content\/uploads\/2023\/11\/postimg-655bd7d6444063089.jpg?fit=1200%2C628&ssl=1&resize=525%2C300 1.5x, https:\/\/i0.wp.com\/noticiasribeiraopreto.com.br\/wp-content\/uploads\/2023\/11\/postimg-655bd7d6444063089.jpg?fit=1200%2C628&ssl=1&resize=700%2C400 2x, https:\/\/i0.wp.com\/noticiasribeiraopreto.com.br\/wp-content\/uploads\/2023\/11\/postimg-655bd7d6444063089.jpg?fit=1200%2C628&ssl=1&resize=1050%2C600 3x"},"classes":[]},{"id":60415,"url":"https:\/\/noticiasribeiraopreto.com.br\/index.php\/2024\/11\/13\/identificado-motociclista-morto-em-acidente-na-francisco-junqueira-em-ribeirao\/","url_meta":{"origin":26319,"position":5},"title":"Identificado motociclista morto em acidente na Francisco Junqueira em Ribeir\u00e3o","author":"noticiasribeiraopreto.com.br","date":"13 de November de 2024","format":false,"excerpt":"O motociclista que morreu em um acidente com um \u00f4nibus do transporte coletivo na manh\u00e3 desta quarta-feira (13), em Ribeir\u00e3o Preto, foi identificado. Vinicius Tenorio Santos, de 34 anos, n\u00e3o resistiu e faleceu ainda no local, na avenida Francisco Junqueira, depois da tentativa de reanima\u00e7\u00e3o prestada por socorristas do Corpo\u2026","rel":"","context":"In &quot;Not\u00edcias de Ribeir\u00e3o Preto-SP e Regi\u00e3o&quot;","block_context":{"text":"Not\u00edcias de Ribeir\u00e3o Preto-SP e Regi\u00e3o","link":"https:\/\/noticiasribeiraopreto.com.br\/index.php\/category\/noticias-de-ribeirao-preto-sp-e-regiao-ismael-colosi\/"},"img":{"alt_text":"","src":"https:\/\/i0.wp.com\/noticiasribeiraopreto.com.br\/wp-content\/uploads\/2024\/11\/WhatsApp-Image-2024-11-13-at-10.34.34_2024-11-13_13-39-12_jpeg_2024-11-13_13-39-12.webp.webp?fit=1200%2C675&ssl=1&resize=350%2C200","width":350,"height":200,"srcset":"https:\/\/i0.wp.com\/noticiasribeiraopreto.com.br\/wp-content\/uploads\/2024\/11\/WhatsApp-Image-2024-11-13-at-10.34.34_2024-11-13_13-39-12_jpeg_2024-11-13_13-39-12.webp.webp?fit=1200%2C675&ssl=1&resize=350%2C200 1x, https:\/\/i0.wp.com\/noticiasribeiraopreto.com.br\/wp-content\/uploads\/2024\/11\/WhatsApp-Image-2024-11-13-at-10.34.34_2024-11-13_13-39-12_jpeg_2024-11-13_13-39-12.webp.webp?fit=1200%2C675&ssl=1&resize=525%2C300 1.5x, https:\/\/i0.wp.com\/noticiasribeiraopreto.com.br\/wp-content\/uploads\/2024\/11\/WhatsApp-Image-2024-11-13-at-10.34.34_2024-11-13_13-39-12_jpeg_2024-11-13_13-39-12.webp.webp?fit=1200%2C675&ssl=1&resize=700%2C400 2x, https:\/\/i0.wp.com\/noticiasribeiraopreto.com.br\/wp-content\/uploads\/2024\/11\/WhatsApp-Image-2024-11-13-at-10.34.34_2024-11-13_13-39-12_jpeg_2024-11-13_13-39-12.webp.webp?fit=1200%2C675&ssl=1&resize=1050%2C600 3x"},"classes":[]}],"jetpack_sharing_enabled":true,"jetpack_shortlink":"https:\/\/wp.me\/peQAOb-6Qv","_links":{"self":[{"href":"https:\/\/noticiasribeiraopreto.com.br\/index.php\/wp-json\/wp\/v2\/posts\/26319","targetHints":{"allow":["GET"]}}],"collection":[{"href":"https:\/\/noticiasribeiraopreto.com.br\/index.php\/wp-json\/wp\/v2\/posts"}],"about":[{"href":"https:\/\/noticiasribeiraopreto.com.br\/index.php\/wp-json\/wp\/v2\/types\/post"}],"author":[{"embeddable":true,"href":"https:\/\/noticiasribeiraopreto.com.br\/index.php\/wp-json\/wp\/v2\/users\/1"}],"replies":[{"embeddable":true,"href":"https:\/\/noticiasribeiraopreto.com.br\/index.php\/wp-json\/wp\/v2\/comments?post=26319"}],"version-history":[{"count":0,"href":"https:\/\/noticiasribeiraopreto.com.br\/index.php\/wp-json\/wp\/v2\/posts\/26319\/revisions"}],"wp:featuredmedia":[{"embeddable":true,"href":"https:\/\/noticiasribeiraopreto.com.br\/index.php\/wp-json\/wp\/v2\/media\/26320"}],"wp:attachment":[{"href":"https:\/\/noticiasribeiraopreto.com.br\/index.php\/wp-json\/wp\/v2\/media?parent=26319"}],"wp:term":[{"taxonomy":"category","embeddable":true,"href":"https:\/\/noticiasribeiraopreto.com.br\/index.php\/wp-json\/wp\/v2\/categories?post=26319"},{"taxonomy":"post_tag","embeddable":true,"href":"https:\/\/noticiasribeiraopreto.com.br\/index.php\/wp-json\/wp\/v2\/tags?post=26319"}],"curies":[{"name":"wp","href":"https:\/\/api.w.org\/{rel}","templated":true}]}}