{"id":26351,"date":"2024-01-09T20:27:30","date_gmt":"2024-01-09T23:27:30","guid":{"rendered":"https:\/\/noticiasribeiraopreto.com.br\/index.php\/2024\/01\/09\/mais-de-30-motoristas-sao-multados-em-blitz-da-lei-seca-em-ribeirao-preto\/"},"modified":"2024-01-09T20:27:30","modified_gmt":"2024-01-09T23:27:30","slug":"mais-de-30-motoristas-sao-multados-em-blitz-da-lei-seca-em-ribeirao-preto","status":"publish","type":"post","link":"https:\/\/noticiasribeiraopreto.com.br\/index.php\/2024\/01\/09\/mais-de-30-motoristas-sao-multados-em-blitz-da-lei-seca-em-ribeirao-preto\/","title":{"rendered":"Mais de 30 motoristas s\u00e3o multados em blitz da Lei Seca em Ribeir\u00e3o Preto"},"content":{"rendered":"<div class='code-block code-block-1' style='margin: 8px 0 8px auto; text-align: right; display: block; clear: both;'>\n<p><a href=\"https:\/\/wa.link\/vpicfd\"><img data-recalc-dims=\"1\" class=\"wp-image-4922\" style=\"aspect-ratio: 2.0253164556962027; width: 561px; height: auto;\" src=\"https:\/\/i0.wp.com\/ismaelcolosi.com.br\/wp-content\/uploads\/2023\/11\/grupo-de-empregos-whatsapp-e-facebook-ismael-colosi-vagas.jpg?ssl=1\" alt=\"\" \/><\/a><\/p>\n<!-- \/wp:image -->\n<\/div>\n<p> <br \/>\n<\/p>\n<div>\n<p>Uma a\u00e7\u00e3o da <strong>Opera\u00e7\u00e3o Dire\u00e7\u00e3o Segura Integrada (ODSI)<\/strong>, que fiscaliza a <strong>Lei Seca<\/strong>, em <strong>Ribeir\u00e3o Preto<\/strong>, autuou <strong>33 motoristas<\/strong> por recusas ao teste de baf\u00f4metro, no \u00faltimo <strong>s\u00e1bado (6)<\/strong>.<\/p>\n<p>De acordo com o <strong>Detran-SP<\/strong>, cerca de <strong>663 ve\u00edculos foram abordados<\/strong> na avenida Lu\u00eds Galv\u00e3o C\u00e9sar, na zona Oeste da cidade. A iniciativa contou com o apoio de equipes das <strong>pol\u00edcias Militar<\/strong>,<strong> Civil <\/strong>e <strong>T\u00e9cnico-Cient\u00edfica<\/strong>.<\/p>\n<p>\u201cA fiscaliza\u00e7\u00e3o tem o objetivo de reduzir e prevenir os sinistros causados pelo consumo de bebida alco\u00f3lica combinado com dire\u00e7\u00e3o\u201d, informou o \u00f3rg\u00e3o, atrav\u00e9s da assessoria de imprensa.<\/p>\n<h4 class=\"wp-block-heading\"><strong>Multa e pris\u00e3o<\/strong><\/h4>\n<p>Vale lembrar que tanto dirigir sob efeito de \u00e1lcool \u2013 quando o teste do etil\u00f4metro aponta o \u00edndice de at\u00e9 <strong>0,33 mg de \u00e1lcool por litro de ar expelido<\/strong> \u2013 quanto recusar-se a soprar o baf\u00f4metro s\u00e3o consideradas infra\u00e7\u00f5es grav\u00edssimas, segundo o <strong>CTB (C\u00f3digo de Tr\u00e2nsito Brasileiro)<\/strong>.<\/p>\n<p>Em ambos os casos, o condutor recebe uma multa no valor de <strong>R$ 2.934,70<\/strong> e responde a processo de <strong>suspens\u00e3o da carteira de habilita\u00e7\u00e3o<\/strong>. <mark style=\"background-color:#fcb900\" class=\"has-inline-color\">Se houver reincid\u00eancia no per\u00edodo de 12 meses, a pena \u00e9 aplicada em dobro, ou seja, <strong>R$ 5.869,40<\/strong>, al\u00e9m da cassa\u00e7\u00e3o da <strong>CNH<\/strong>.<\/mark><\/p>\n<p>J\u00e1 nos casos de <strong>embriaguez ao volante<\/strong>, que ocorrem quando o motorista apresenta \u00edndice <strong>a partir de 0,34 miligramas de \u00e1lcool por litro de ar expelido no teste do etil\u00f4metro<\/strong>, h\u00e1 configura\u00e7\u00e3o de crime de tr\u00e2nsito.<\/p>\n<p>Portanto, se condenado, al\u00e9m da multa e suspens\u00e3o da CNH, o motorista cumpre de seis meses a tr\u00eas anos de pris\u00e3o, conforme prev\u00ea a <strong>Lei Seca<\/strong>, tamb\u00e9m conhecida como \u201ctoler\u00e2ncia zero\u201d.<\/p>\n<h4 class=\"wp-block-heading\"><strong>Fiscaliza\u00e7\u00e3o no estado<\/strong><\/h4>\n<p>Ainda de acordo com o <strong>Detran<\/strong>, foram realizadas cinco opera\u00e7\u00f5es de <strong>ODSIs <\/strong>no estado, com a\u00e7\u00f5es nos munic\u00edpios de <strong>Franca<\/strong>, Diadema, Bauru e S\u00e3o Paulo.<\/p>\n<p>No total, 3.218 ve\u00edculos foram abordados, dos quais 132 motoristas foram autuados por alcoolemia, sendo 128 que se recusaram a realizar o teste do baf\u00f4metro, tr\u00eas autuados por dire\u00e7\u00e3o sob efeito de \u00e1lcool (\u00edndice de at\u00e9 0,33 mg de \u00e1lcool por litro de ar expelido) e um por crime de tr\u00e2nsito (\u00edndice a partir de 0,34 mg de \u00e1lcool por litro de ar expelido).<\/p>\n<p>VEJA MAIS<\/p>\n<p>Funtec abre 600 vagas para cursos profissionais gratuitos em Ribeir\u00e3o Preto; Confira as oportunidades<\/p>\n<h4 class=\"wp-block-heading\"><strong><mark style=\"background-color:#fcb900\" class=\"has-inline-color\">FIQUE ON<\/mark><\/strong><\/h4>\n<p>Fique ligado em tudo que acontece em Ribeir\u00e3o Preto e regi\u00e3o. Siga os perfis do\u00a0<strong>acidade on<\/strong>\u00a0no\u00a0<a href=\"https:\/\/www.instagram.com\/acidadeonribeirao\" target=\"_blank\" rel=\"noreferrer noopener\">Instagram<\/a>\u00a0e no\u00a0<a href=\"https:\/\/www.facebook.com\/acidadeonribeirao\" target=\"_blank\" rel=\"noreferrer noopener\">Facebook.<\/a><\/p>\n<p>Receba not\u00edcias do<strong>\u00a0acidade on<\/strong>\u00a0no WhatsApp.\u00a0<a href=\"https:\/\/chat.whatsapp.com\/Bnv2w66ZT4VDyZW3oiZ69n\" target=\"_blank\" rel=\"noreferrer noopener\">Para entrar no grupo, basta clicar aqui.<\/a><\/p>\n<p>Fa\u00e7a uma den\u00fancia ou sugira uma reportagem sobre a Ribeir\u00e3o Preto e regi\u00e3o pelo WhatsApp: (16) 99117 7802.<\/p>\n<p>LEIA TAMB\u00c9M<\/p>\n<p><a href=\"https:\/\/www.tudoep.com\/tudo-receitas\/noticias\/NOT,0,0,1870397,molho-de-mostarda-e-mel-saiba-o-passo-a-passo-dessa-delicia.aspx\" target=\"_blank\" rel=\"noreferrer noopener\">Molho de mostarda e mel: saiba o passo a passo dessa del\u00edcia<\/a><\/p>\n<p><!-- AI CONTENT END 1 -->\n<\/div>\n<p><script async src=\"\/\/www.instagram.com\/embed.js\"><\/script><br \/>\n<br \/><br \/>\n<br \/><a href=\"https:\/\/www.acidadeon.com\/ribeiraopreto\/cotidiano\/mais-de-30-motoristas-sao-multados-em-blitz-da-lei-seca-em-ribeirao-preto\/\">Source link <\/a><\/p>\n<!-- CONTENT END 1 -->\n","protected":false},"excerpt":{"rendered":"<p>Uma a\u00e7\u00e3o da Opera\u00e7\u00e3o Dire\u00e7\u00e3o Segura Integrada (ODSI), que fiscaliza a Lei Seca, em Ribeir\u00e3o Preto, autuou 33 motoristas por recusas ao teste de baf\u00f4metro,&#8230;<\/p>\n","protected":false},"author":1,"featured_media":26352,"comment_status":"open","ping_status":"open","sticky":false,"template":"","format":"standard","meta":{"advanced_seo_description":"","jetpack_seo_html_title":"","jetpack_seo_noindex":false,"jetpack_post_was_ever_published":false,"_jetpack_newsletter_access":"","_jetpack_dont_email_post_to_subs":false,"_jetpack_newsletter_tier_id":0,"_jetpack_memberships_contains_paywalled_content":false,"_jetpack_memberships_contains_paid_content":false,"footnotes":"","jetpack_publicize_message":"","jetpack_publicize_feature_enabled":true,"jetpack_social_post_already_shared":true,"jetpack_social_options":{"image_generator_settings":{"template":"highway","default_image_id":0,"font":"","enabled":false},"version":2}},"categories":[11],"tags":[3299,1126,276,2038,2039,27,26,50,717],"class_list":["post-26351","post","type-post","status-publish","format-standard","has-post-thumbnail","hentry","category-noticias-de-ribeirao-preto-sp-e-regiao-ismael-colosi","tag-blitz","tag-lei","tag-mais","tag-motoristas","tag-multados","tag-preto","tag-ribeirao","tag-sao","tag-seca"],"jetpack_publicize_connections":[],"jetpack_featured_media_url":"https:\/\/i0.wp.com\/noticiasribeiraopreto.com.br\/wp-content\/uploads\/2024\/01\/motorista-alcoolizado.jpg?fit=1280%2C960&ssl=1","jetpack-related-posts":[{"id":64321,"url":"https:\/\/noticiasribeiraopreto.com.br\/index.php\/2025\/03\/06\/lei-seca-46-motoristas-sao-multados-durante-blitz-na-regiao-de-ribeirao-preto\/","url_meta":{"origin":26351,"position":0},"title":"Lei Seca: 46 motoristas s\u00e3o multados durante blitz na regi\u00e3o de Ribeir\u00e3o Preto","author":"noticiasribeiraopreto.com.br","date":"6 de March de 2025","format":false,"excerpt":"A blitz da Lei Seca autuou 46 motoristas em Sert\u00e3ozinho, na regi\u00e3o de Ribeir\u00e3o Preto, durante a Opera\u00e7\u00e3o Dire\u00e7\u00e3o Segura Integrada, realizada na \u00faltima sexta-feira (28). De acordo com o Detran-SP, 40 motoristas se recusaram a realizar o teste do baf\u00f4metro, cinco foram autuados por infra\u00e7\u00f5es administrativas (quando dirigem sob\u2026","rel":"","context":"In &quot;Not\u00edcias de Ribeir\u00e3o Preto-SP e Regi\u00e3o&quot;","block_context":{"text":"Not\u00edcias de Ribeir\u00e3o Preto-SP e Regi\u00e3o","link":"https:\/\/noticiasribeiraopreto.com.br\/index.php\/category\/noticias-de-ribeirao-preto-sp-e-regiao-ismael-colosi\/"},"img":{"alt_text":"","src":"https:\/\/i0.wp.com\/noticiasribeiraopreto.com.br\/wp-content\/uploads\/2024\/09\/Copia-de-Copia-de-Copia-de-TAMANHO-EXATO-PARA-FOTOS-NO-SISTEMA-NOVO-26_2024-09-03_18-21-18_png_2024-09-03_18-21-19.webp.webp?fit=1200%2C675&ssl=1&resize=350%2C200","width":350,"height":200,"srcset":"https:\/\/i0.wp.com\/noticiasribeiraopreto.com.br\/wp-content\/uploads\/2024\/09\/Copia-de-Copia-de-Copia-de-TAMANHO-EXATO-PARA-FOTOS-NO-SISTEMA-NOVO-26_2024-09-03_18-21-18_png_2024-09-03_18-21-19.webp.webp?fit=1200%2C675&ssl=1&resize=350%2C200 1x, https:\/\/i0.wp.com\/noticiasribeiraopreto.com.br\/wp-content\/uploads\/2024\/09\/Copia-de-Copia-de-Copia-de-TAMANHO-EXATO-PARA-FOTOS-NO-SISTEMA-NOVO-26_2024-09-03_18-21-18_png_2024-09-03_18-21-19.webp.webp?fit=1200%2C675&ssl=1&resize=525%2C300 1.5x, https:\/\/i0.wp.com\/noticiasribeiraopreto.com.br\/wp-content\/uploads\/2024\/09\/Copia-de-Copia-de-Copia-de-TAMANHO-EXATO-PARA-FOTOS-NO-SISTEMA-NOVO-26_2024-09-03_18-21-18_png_2024-09-03_18-21-19.webp.webp?fit=1200%2C675&ssl=1&resize=700%2C400 2x, https:\/\/i0.wp.com\/noticiasribeiraopreto.com.br\/wp-content\/uploads\/2024\/09\/Copia-de-Copia-de-Copia-de-TAMANHO-EXATO-PARA-FOTOS-NO-SISTEMA-NOVO-26_2024-09-03_18-21-18_png_2024-09-03_18-21-19.webp.webp?fit=1200%2C675&ssl=1&resize=1050%2C600 3x"},"classes":[]},{"id":14934,"url":"https:\/\/noticiasribeiraopreto.com.br\/index.php\/2023\/12\/12\/nao-pode-mais-de-20-motoristas-sao-multados-em-blitz-da-lei-seca-na-regiao\/","url_meta":{"origin":26351,"position":1},"title":"N\u00e3o pode! Mais de 20 motoristas s\u00e3o multados em blitze da Lei Seca na regi\u00e3o","author":"noticiasribeiraopreto.com.br","date":"12 de December de 2023","format":false,"excerpt":"O Detran-SP multou 27 motoristas da regi\u00e3o de Ribeir\u00e3o Preto por terem se recusado a realizar o teste do baf\u00f4metro, no m\u00eas de dezembro. As blitze da Opera\u00e7\u00e3o Dire\u00e7\u00e3o Segura foram registradas em Brodowski e Jardin\u00f3polis nos dias 1\u00ba e 8 deste m\u00eas. Em Jardin\u00f3polis, a opera\u00e7\u00e3o foi realizada na\u2026","rel":"","context":"In &quot;Not\u00edcias de Ribeir\u00e3o Preto-SP e Regi\u00e3o&quot;","block_context":{"text":"Not\u00edcias de Ribeir\u00e3o Preto-SP e Regi\u00e3o","link":"https:\/\/noticiasribeiraopreto.com.br\/index.php\/category\/noticias-de-ribeirao-preto-sp-e-regiao-ismael-colosi\/"},"img":{"alt_text":"","src":"https:\/\/i0.wp.com\/noticiasribeiraopreto.com.br\/wp-content\/uploads\/2023\/12\/motorista-alcoolizado.jpg?fit=1200%2C900&ssl=1&resize=350%2C200","width":350,"height":200,"srcset":"https:\/\/i0.wp.com\/noticiasribeiraopreto.com.br\/wp-content\/uploads\/2023\/12\/motorista-alcoolizado.jpg?fit=1200%2C900&ssl=1&resize=350%2C200 1x, https:\/\/i0.wp.com\/noticiasribeiraopreto.com.br\/wp-content\/uploads\/2023\/12\/motorista-alcoolizado.jpg?fit=1200%2C900&ssl=1&resize=525%2C300 1.5x, https:\/\/i0.wp.com\/noticiasribeiraopreto.com.br\/wp-content\/uploads\/2023\/12\/motorista-alcoolizado.jpg?fit=1200%2C900&ssl=1&resize=700%2C400 2x, https:\/\/i0.wp.com\/noticiasribeiraopreto.com.br\/wp-content\/uploads\/2023\/12\/motorista-alcoolizado.jpg?fit=1200%2C900&ssl=1&resize=1050%2C600 3x"},"classes":[]},{"id":63372,"url":"https:\/\/noticiasribeiraopreto.com.br\/index.php\/2025\/02\/11\/lei-seca-39-motoristas-sao-multados-durante-blitz-em-ribeirao-preto\/","url_meta":{"origin":26351,"position":2},"title":"Lei Seca: 39 motoristas s\u00e3o multados durante blitz em Ribeir\u00e3o Preto","author":"noticiasribeiraopreto.com.br","date":"11 de February de 2025","format":false,"excerpt":"Uma a\u00e7\u00e3o da\u00a0Opera\u00e7\u00e3o Dire\u00e7\u00e3o Segura Integrada (ODSI), que fiscaliza a\u00a0Lei Seca, autuou 37 motoristas por recusas ao\u00a0teste de baf\u00f4metro\u00a0em\u00a0Ribeir\u00e3o Preto, no \u00faltimo s\u00e1bado (8). O \u00f3rg\u00e3o tamb\u00e9m informou que outras\u00a0duas autua\u00e7\u00f5es por crime de tr\u00e2nsito\u00a0\u2013 aplicada quando o condutor dirige sob efeito de \u00e1lcool, foram realizadas durante a\u00a0ODSI. A opera\u00e7\u00e3o\u2026","rel":"","context":"In &quot;Not\u00edcias de Ribeir\u00e3o Preto-SP e Regi\u00e3o&quot;","block_context":{"text":"Not\u00edcias de Ribeir\u00e3o Preto-SP e Regi\u00e3o","link":"https:\/\/noticiasribeiraopreto.com.br\/index.php\/category\/noticias-de-ribeirao-preto-sp-e-regiao-ismael-colosi\/"},"img":{"alt_text":"","src":"https:\/\/i0.wp.com\/noticiasribeiraopreto.com.br\/wp-content\/uploads\/2024\/09\/Copia-de-Copia-de-Copia-de-TAMANHO-EXATO-PARA-FOTOS-NO-SISTEMA-NOVO-26_2024-09-03_18-21-18_png_2024-09-03_18-21-19.webp.webp?fit=1200%2C675&ssl=1&resize=350%2C200","width":350,"height":200,"srcset":"https:\/\/i0.wp.com\/noticiasribeiraopreto.com.br\/wp-content\/uploads\/2024\/09\/Copia-de-Copia-de-Copia-de-TAMANHO-EXATO-PARA-FOTOS-NO-SISTEMA-NOVO-26_2024-09-03_18-21-18_png_2024-09-03_18-21-19.webp.webp?fit=1200%2C675&ssl=1&resize=350%2C200 1x, https:\/\/i0.wp.com\/noticiasribeiraopreto.com.br\/wp-content\/uploads\/2024\/09\/Copia-de-Copia-de-Copia-de-TAMANHO-EXATO-PARA-FOTOS-NO-SISTEMA-NOVO-26_2024-09-03_18-21-18_png_2024-09-03_18-21-19.webp.webp?fit=1200%2C675&ssl=1&resize=525%2C300 1.5x, https:\/\/i0.wp.com\/noticiasribeiraopreto.com.br\/wp-content\/uploads\/2024\/09\/Copia-de-Copia-de-Copia-de-TAMANHO-EXATO-PARA-FOTOS-NO-SISTEMA-NOVO-26_2024-09-03_18-21-18_png_2024-09-03_18-21-19.webp.webp?fit=1200%2C675&ssl=1&resize=700%2C400 2x, https:\/\/i0.wp.com\/noticiasribeiraopreto.com.br\/wp-content\/uploads\/2024\/09\/Copia-de-Copia-de-Copia-de-TAMANHO-EXATO-PARA-FOTOS-NO-SISTEMA-NOVO-26_2024-09-03_18-21-18_png_2024-09-03_18-21-19.webp.webp?fit=1200%2C675&ssl=1&resize=1050%2C600 3x"},"classes":[]},{"id":63154,"url":"https:\/\/noticiasribeiraopreto.com.br\/index.php\/2025\/02\/04\/blitz-da-lei-seca-multa-22-motoristas-em-rodovia-na-regiao-de-ribeirao-preto\/","url_meta":{"origin":26351,"position":3},"title":"Blitz da Lei Seca multa 22 motoristas em rodovia na regi\u00e3o de Ribeir\u00e3o Preto","author":"noticiasribeiraopreto.com.br","date":"4 de February de 2025","format":false,"excerpt":"A blitz da Lei Seca realizada no \u00faltimo s\u00e1bado (1\u00ba de fevereiro) multou 22 motoristas na rodovia At\u00edlio Balbo (SP-322), em Sert\u00e3ozinho, na regi\u00e3o de Ribeir\u00e3o Preto. A opera\u00e7\u00e3o aconteceu na altura do quil\u00f4metro 327,5, pr\u00f3ximo ao ped\u00e1gio. Segundo o Detran-SP, 19 motoristas foram autuados por terem se recusado a\u2026","rel":"","context":"In &quot;Not\u00edcias de Ribeir\u00e3o Preto-SP e Regi\u00e3o&quot;","block_context":{"text":"Not\u00edcias de Ribeir\u00e3o Preto-SP e Regi\u00e3o","link":"https:\/\/noticiasribeiraopreto.com.br\/index.php\/category\/noticias-de-ribeirao-preto-sp-e-regiao-ismael-colosi\/"},"img":{"alt_text":"","src":"https:\/\/i0.wp.com\/noticiasribeiraopreto.com.br\/wp-content\/uploads\/2024\/07\/lei-seca-2_2024-07-28_17-42-40_jpeg_2024-07-28_17-42-41-scaled.webp.webp?fit=1200%2C900&ssl=1&resize=350%2C200","width":350,"height":200,"srcset":"https:\/\/i0.wp.com\/noticiasribeiraopreto.com.br\/wp-content\/uploads\/2024\/07\/lei-seca-2_2024-07-28_17-42-40_jpeg_2024-07-28_17-42-41-scaled.webp.webp?fit=1200%2C900&ssl=1&resize=350%2C200 1x, https:\/\/i0.wp.com\/noticiasribeiraopreto.com.br\/wp-content\/uploads\/2024\/07\/lei-seca-2_2024-07-28_17-42-40_jpeg_2024-07-28_17-42-41-scaled.webp.webp?fit=1200%2C900&ssl=1&resize=525%2C300 1.5x, https:\/\/i0.wp.com\/noticiasribeiraopreto.com.br\/wp-content\/uploads\/2024\/07\/lei-seca-2_2024-07-28_17-42-40_jpeg_2024-07-28_17-42-41-scaled.webp.webp?fit=1200%2C900&ssl=1&resize=700%2C400 2x, https:\/\/i0.wp.com\/noticiasribeiraopreto.com.br\/wp-content\/uploads\/2024\/07\/lei-seca-2_2024-07-28_17-42-40_jpeg_2024-07-28_17-42-41-scaled.webp.webp?fit=1200%2C900&ssl=1&resize=1050%2C600 3x"},"classes":[]},{"id":62238,"url":"https:\/\/noticiasribeiraopreto.com.br\/index.php\/2025\/01\/08\/blitz-da-lei-seca-multa-19-motoristas-em-avenida-de-ribeirao-preto\/","url_meta":{"origin":26351,"position":4},"title":"Blitz da Lei Seca multa 19 motoristas em avenida de Ribeir\u00e3o Preto","author":"noticiasribeiraopreto.com.br","date":"8 de January de 2025","format":false,"excerpt":"Uma blitz da Lei Seca realizada no \u00faltimo s\u00e1bado (4), na avenida Treze Maio, na zona Leste de Ribeir\u00e3o Preto, terminou com 19 motoristas multados. Isso porque, os condutores se recusaram a realizar o teste do baf\u00f4metro. A fiscaliza\u00e7\u00e3o do Detran-SP, que tem o objetivo de reduzir e prevenir os\u2026","rel":"","context":"In &quot;Not\u00edcias de Ribeir\u00e3o Preto-SP e Regi\u00e3o&quot;","block_context":{"text":"Not\u00edcias de Ribeir\u00e3o Preto-SP e Regi\u00e3o","link":"https:\/\/noticiasribeiraopreto.com.br\/index.php\/category\/noticias-de-ribeirao-preto-sp-e-regiao-ismael-colosi\/"},"img":{"alt_text":"","src":"https:\/\/i0.wp.com\/noticiasribeiraopreto.com.br\/wp-content\/uploads\/2025\/01\/lei-seca.jpeg?fit=1200%2C900&ssl=1&resize=350%2C200","width":350,"height":200,"srcset":"https:\/\/i0.wp.com\/noticiasribeiraopreto.com.br\/wp-content\/uploads\/2025\/01\/lei-seca.jpeg?fit=1200%2C900&ssl=1&resize=350%2C200 1x, https:\/\/i0.wp.com\/noticiasribeiraopreto.com.br\/wp-content\/uploads\/2025\/01\/lei-seca.jpeg?fit=1200%2C900&ssl=1&resize=525%2C300 1.5x, https:\/\/i0.wp.com\/noticiasribeiraopreto.com.br\/wp-content\/uploads\/2025\/01\/lei-seca.jpeg?fit=1200%2C900&ssl=1&resize=700%2C400 2x, https:\/\/i0.wp.com\/noticiasribeiraopreto.com.br\/wp-content\/uploads\/2025\/01\/lei-seca.jpeg?fit=1200%2C900&ssl=1&resize=1050%2C600 3x"},"classes":[]},{"id":81734,"url":"https:\/\/noticiasribeiraopreto.com.br\/index.php\/2026\/01\/15\/blitz-da-lei-seca-registra-23-autuacoes-por-recusa-ao-bafometro-em-ribeirao-preto\/","url_meta":{"origin":26351,"position":5},"title":"Blitz da Lei Seca registra 23 autua\u00e7\u00f5es por recusa ao baf\u00f4metro em Ribeir\u00e3o Preto","author":"noticiasribeiraopreto.com.br","date":"15 de January de 2026","format":false,"excerpt":"A blitz da Lei Seca multou 23 motoristas de Ribeir\u00e3o Preto ap\u00f3s eles se recusaram a realizar o teste do baf\u00f4metro. As opera\u00e7\u00f5es, realizadas pelo Detran-SP, aconteceram nas avenidas Henry Nestl\u00e9 e Jer\u00f4nimo Gon\u00e7alves, na \u00faltima sexta-feira (9). Ao todo, 1.062 motoristas foram fiscalizados durante a a\u00e7\u00e3o, que tem como\u2026","rel":"","context":"In &quot;Not\u00edcias de Ribeir\u00e3o Preto-SP e Regi\u00e3o&quot;","block_context":{"text":"Not\u00edcias de Ribeir\u00e3o Preto-SP e Regi\u00e3o","link":"https:\/\/noticiasribeiraopreto.com.br\/index.php\/category\/noticias-de-ribeirao-preto-sp-e-regiao-ismael-colosi\/"},"img":{"alt_text":"","src":"https:\/\/i0.wp.com\/noticiasribeiraopreto.com.br\/wp-content\/uploads\/2026\/01\/domingo-92_2026-01-14_19-25-47.webp.webp?fit=1200%2C675&ssl=1&resize=350%2C200","width":350,"height":200,"srcset":"https:\/\/i0.wp.com\/noticiasribeiraopreto.com.br\/wp-content\/uploads\/2026\/01\/domingo-92_2026-01-14_19-25-47.webp.webp?fit=1200%2C675&ssl=1&resize=350%2C200 1x, https:\/\/i0.wp.com\/noticiasribeiraopreto.com.br\/wp-content\/uploads\/2026\/01\/domingo-92_2026-01-14_19-25-47.webp.webp?fit=1200%2C675&ssl=1&resize=525%2C300 1.5x, https:\/\/i0.wp.com\/noticiasribeiraopreto.com.br\/wp-content\/uploads\/2026\/01\/domingo-92_2026-01-14_19-25-47.webp.webp?fit=1200%2C675&ssl=1&resize=700%2C400 2x, https:\/\/i0.wp.com\/noticiasribeiraopreto.com.br\/wp-content\/uploads\/2026\/01\/domingo-92_2026-01-14_19-25-47.webp.webp?fit=1200%2C675&ssl=1&resize=1050%2C600 3x"},"classes":[]}],"jetpack_sharing_enabled":true,"jetpack_shortlink":"https:\/\/wp.me\/peQAOb-6R1","_links":{"self":[{"href":"https:\/\/noticiasribeiraopreto.com.br\/index.php\/wp-json\/wp\/v2\/posts\/26351","targetHints":{"allow":["GET"]}}],"collection":[{"href":"https:\/\/noticiasribeiraopreto.com.br\/index.php\/wp-json\/wp\/v2\/posts"}],"about":[{"href":"https:\/\/noticiasribeiraopreto.com.br\/index.php\/wp-json\/wp\/v2\/types\/post"}],"author":[{"embeddable":true,"href":"https:\/\/noticiasribeiraopreto.com.br\/index.php\/wp-json\/wp\/v2\/users\/1"}],"replies":[{"embeddable":true,"href":"https:\/\/noticiasribeiraopreto.com.br\/index.php\/wp-json\/wp\/v2\/comments?post=26351"}],"version-history":[{"count":0,"href":"https:\/\/noticiasribeiraopreto.com.br\/index.php\/wp-json\/wp\/v2\/posts\/26351\/revisions"}],"wp:featuredmedia":[{"embeddable":true,"href":"https:\/\/noticiasribeiraopreto.com.br\/index.php\/wp-json\/wp\/v2\/media\/26352"}],"wp:attachment":[{"href":"https:\/\/noticiasribeiraopreto.com.br\/index.php\/wp-json\/wp\/v2\/media?parent=26351"}],"wp:term":[{"taxonomy":"category","embeddable":true,"href":"https:\/\/noticiasribeiraopreto.com.br\/index.php\/wp-json\/wp\/v2\/categories?post=26351"},{"taxonomy":"post_tag","embeddable":true,"href":"https:\/\/noticiasribeiraopreto.com.br\/index.php\/wp-json\/wp\/v2\/tags?post=26351"}],"curies":[{"name":"wp","href":"https:\/\/api.w.org\/{rel}","templated":true}]}}