{"id":26382,"date":"2024-01-09T21:54:42","date_gmt":"2024-01-10T00:54:42","guid":{"rendered":"https:\/\/noticiasribeiraopreto.com.br\/index.php\/2024\/01\/09\/morador-da-regiao-de-ribeirao-teve-o-sonho-de-viajar-pela-america-do-sul-interrompido-apos-acidente-na-argentina\/"},"modified":"2024-01-09T21:54:42","modified_gmt":"2024-01-10T00:54:42","slug":"morador-da-regiao-de-ribeirao-teve-o-sonho-de-viajar-pela-america-do-sul-interrompido-apos-acidente-na-argentina","status":"publish","type":"post","link":"https:\/\/noticiasribeiraopreto.com.br\/index.php\/2024\/01\/09\/morador-da-regiao-de-ribeirao-teve-o-sonho-de-viajar-pela-america-do-sul-interrompido-apos-acidente-na-argentina\/","title":{"rendered":"Morador da regi\u00e3o de Ribeir\u00e3o teve o sonho de viajar pela Am\u00e9rica do Sul interrompido ap\u00f3s acidente na Argentina"},"content":{"rendered":"<div class='code-block code-block-1' style='margin: 8px 0 8px auto; text-align: right; display: block; clear: both;'>\n<p><a href=\"https:\/\/wa.link\/vpicfd\"><img data-recalc-dims=\"1\" class=\"wp-image-4922\" style=\"aspect-ratio: 2.0253164556962027; width: 561px; height: auto;\" src=\"https:\/\/i0.wp.com\/ismaelcolosi.com.br\/wp-content\/uploads\/2023\/11\/grupo-de-empregos-whatsapp-e-facebook-ismael-colosi-vagas.jpg?ssl=1\" alt=\"\" \/><\/a><\/p>\n<!-- \/wp:image -->\n<\/div>\n<p> <br \/>\n<\/p>\n<div>\n<p><strong>Juliano Antonio Zavatti<\/strong>, morador da cidade de <strong>Monte Alto<\/strong>, na regi\u00e3o de <strong>Ribeir\u00e3o Preto<\/strong>, estava <strong>realizando o sonho de viajar pela Am\u00e9rica do Sul<\/strong>, quando se envolveu em um acidente e acabou morrendo, nesta segunda-feira (8), em uma rodovia na Argentina.<\/p>\n<p>A viagem planejada h\u00e1 um ano, teve in\u00edcio em frente ao <strong>Santu\u00e1rio de Nossa Senhora da Concei\u00e7\u00e3o Montesina<\/strong>, no Distrito de Aparecida de Monte Alto, no dia 3 janeiro.<\/p>\n<p><strong><mark style=\"background-color:#fcb900\" class=\"has-inline-color\">\u201cTudo come\u00e7a com um sonho. Chegou o dia\u201d<\/mark><\/strong>, disse Zavatt\u00e3o (como era conhecido), em um v\u00eddeo gravado em frente \u00e0 igreja. <strong>A previs\u00e3o era de que a viagem tivesse dura\u00e7\u00e3o de um m\u00eas<\/strong><\/p>\n<p>Em entrevista a <em>EPTV<\/em>, o tamb\u00e9m piloto, Murilo Colatrelli, diz acreditar que o amigo tenha se distra\u00eddo pouco tempo antes do acidente.<\/p>\n<blockquote class=\"wp-block-quote\">\n<p class=\"has-text-align-left\">\u201cTalvez ela tenha demorado para enxergar que tinha um sem\u00e1foro em uma via de 60km\/h, 70 km\/h. Na hora que ele percebeu, talvez ele j\u00e1 estava em cima. Ele tentou desviar, voc\u00ea v\u00ea que o impacto n\u00e3o foi frontal, ele foi mais lateral\u201d, disse o homem.<\/p>\n<\/blockquote>\n<h4 class=\"wp-block-heading\"><strong>Querido por todos<\/strong><\/h4>\n<p><strong>Juliano Zavatti era um piloto experiente, trabalhou em equipes de corrida de moto e tinha o sonho de cruzar a Am\u00e9rica Latina.<\/strong><\/p>\n<p>A fam\u00edlia de Juliano tamb\u00e9m tem liga\u00e7\u00e3o com o esporte sob duas rodas. O irm\u00e3o dele,<strong> Bissinho Zavatti<\/strong>, \u00e9 campe\u00e3o em v\u00e1rias categorias de competi\u00e7\u00f5es com moto, inclusive no <strong>Rally dos Sert\u00f5es.<\/strong><\/p>\n<p>Zavatt\u00e3o era querido por diversas pessoas de<strong> Monte Alto<\/strong>. <mark style=\"background-color:#fcb900\" class=\"has-inline-color\">Tinha o costume de participar de quermesses e a\u00e7\u00f5es beneficentes no munic\u00edpio.<\/mark> Nas redes sociais, diversas pessoas prestaram homenagens \u00e0 v\u00edtima.<\/p>\n<p>\u201cO Zavatti sempre deu um testemunho de solidariedade, diante dos trabalhos das festas que temos em Monte Alto, e mais especial, na festa do nosso padroeiro Bom Jesus\u201d, contou o padre Lu\u00eds Gustavo Scombatti.<\/p>\n<h4 class=\"wp-block-heading\"><strong>O acidente<\/strong><\/h4>\n<p>O acidente aconteceu na tarde desta segunda-feira (8), na \u2018Rota Nacional 3\u2019, rodovia conhecida, principalmente, por aventureiros que percorrem desde Buenos Aires at\u00e9 Ushuaia, em uma \u00fanica pista.<\/p>\n<p>Um grupo de motociclistas seguia pela rodovia quando pr\u00f3ximo ao sem\u00e1foro da ponte de Barrio Castelli, um brasileiro realizou uma manobra e Juliano acabou colidindo com a lateral da moto.<\/p>\n<p>Com o impacto, o homem perdeu o controle da motocicleta e bateu no guarda-corpo. Ele foi socorrido com ferimentos graves, mas n\u00e3o resistiu. O corpo de Juliano deve ser liberado at\u00e9 o fim da semana para o vel\u00f3rio, que acontecer\u00e1 em Monte Alto.<\/p>\n<p>VEJA TAMB\u00c9M<\/p>\n<p>Mais de 30 motoristas s\u00e3o multados em blitz da Lei Seca em Ribeir\u00e3o Preto<\/p>\n<h4 class=\"wp-block-heading\"><strong><mark style=\"background-color:#fcb900\" class=\"has-inline-color\">FIQUE ON<\/mark><\/strong><\/h4>\n<p>Fique ligado em tudo que acontece em Ribeir\u00e3o Preto e regi\u00e3o. Siga os perfis do\u00a0<strong>acidade on<\/strong>\u00a0no\u00a0<a href=\"https:\/\/www.instagram.com\/acidadeonribeirao\" target=\"_blank\" rel=\"noreferrer noopener\">Instagram<\/a>\u00a0e no\u00a0<a href=\"https:\/\/www.facebook.com\/acidadeonribeirao\" target=\"_blank\" rel=\"noreferrer noopener\">Facebook.<\/a><\/p>\n<p>Receba not\u00edcias do<strong>\u00a0acidade on<\/strong>\u00a0no WhatsApp.\u00a0<a href=\"https:\/\/chat.whatsapp.com\/Bnv2w66ZT4VDyZW3oiZ69n\" target=\"_blank\" rel=\"noreferrer noopener\">Para entrar no grupo, basta clicar aqui.<\/a><\/p>\n<p>Fa\u00e7a uma den\u00fancia ou sugira uma reportagem sobre a Ribeir\u00e3o Preto e regi\u00e3o pelo WhatsApp: (16) 99117 7802.<\/p>\n<p>LEIA TAMB\u00c9M<\/p>\n<p><a href=\"https:\/\/www.tudoep.com\/tudo-receitas\/noticias\/NOT,0,0,1870363,arroz-no-micro-ondas-da-ana-maria-braga-aprenda-como-fazer.aspx\" target=\"_blank\" rel=\"noreferrer noopener\">Arroz no micro-ondas da Ana Maria Braga: aprenda como fazer<\/a><\/p>\n<p><!-- AI CONTENT END 1 -->\n<\/div>\n<p><script async src=\"\/\/www.instagram.com\/embed.js\"><\/script><br \/>\n<br \/><br \/>\n<br \/><a href=\"https:\/\/www.acidadeon.com\/ribeiraopreto\/cotidiano\/morador-da-regiao-de-ribeirao-teve-o-sonho-de-viajar-pela-america-do-sul-interrompido-apos-acidente-na-argentina\/\">Source link <\/a><\/p>\n<!-- CONTENT END 1 -->\n","protected":false},"excerpt":{"rendered":"<p>Juliano Antonio Zavatti, morador da cidade de Monte Alto, na regi\u00e3o de Ribeir\u00e3o Preto, estava realizando o sonho de viajar pela Am\u00e9rica do Sul, quando&#8230;<\/p>\n","protected":false},"author":1,"featured_media":26383,"comment_status":"open","ping_status":"open","sticky":false,"template":"","format":"standard","meta":{"advanced_seo_description":"","jetpack_seo_html_title":"","jetpack_seo_noindex":false,"jetpack_post_was_ever_published":false,"_jetpack_newsletter_access":"","_jetpack_dont_email_post_to_subs":false,"_jetpack_newsletter_tier_id":0,"_jetpack_memberships_contains_paywalled_content":false,"_jetpack_memberships_contains_paid_content":false,"footnotes":"","jetpack_publicize_message":"","jetpack_publicize_feature_enabled":true,"jetpack_social_post_already_shared":true,"jetpack_social_options":{"image_generator_settings":{"template":"highway","default_image_id":0,"font":"","enabled":false},"version":2}},"categories":[11],"tags":[74,204,37,489,3305,401,188,277,26,3304,420,3303,2703],"class_list":["post-26382","post","type-post","status-publish","format-standard","has-post-thumbnail","hentry","category-noticias-de-ribeirao-preto-sp-e-regiao-ismael-colosi","tag-acidente","tag-america","tag-apos","tag-argentina","tag-interrompido","tag-morador","tag-pela","tag-regiao","tag-ribeirao","tag-sonho","tag-sul","tag-teve","tag-viajar"],"jetpack_publicize_connections":[],"jetpack_featured_media_url":"https:\/\/i0.wp.com\/noticiasribeiraopreto.com.br\/wp-content\/uploads\/2024\/01\/1704848086_Copia-de-Copia-de-TAMANHO-EXATO-PARA-FOTOS-NO-SISTEMA-NOVO-7.png?fit=1200%2C675&ssl=1","jetpack-related-posts":[{"id":26016,"url":"https:\/\/noticiasribeiraopreto.com.br\/index.php\/2024\/01\/08\/morador-de-cidade-na-regiao-de-ribeirao-morre-em-acidente-de-moto-na-argentina-1\/","url_meta":{"origin":26382,"position":0},"title":"Morador de cidade na regi\u00e3o de Ribeir\u00e3o morre em acidente de moto na Argentina","author":"noticiasribeiraopreto.com.br","date":"8 de January de 2024","format":false,"excerpt":"Um morador da cidade de Monte Alto, na regi\u00e3o de Ribeir\u00e3o Preto, morreu ap\u00f3s se envolver em um acidente de tr\u00e2nsito, em uma rodovia da Argentina, nesta segunda-feira (8). Segundo o jornal argentino elPatag\u00f3nico, o empres\u00e1rio Juliano Antonio Zavatti, de 47 anos, chegou a ser socorrido para um hospital do\u2026","rel":"","context":"In &quot;Not\u00edcias de Ribeir\u00e3o Preto-SP e Regi\u00e3o&quot;","block_context":{"text":"Not\u00edcias de Ribeir\u00e3o Preto-SP e Regi\u00e3o","link":"https:\/\/noticiasribeiraopreto.com.br\/index.php\/category\/noticias-de-ribeirao-preto-sp-e-regiao-ismael-colosi\/"},"img":{"alt_text":"","src":"https:\/\/i0.wp.com\/noticiasribeiraopreto.com.br\/wp-content\/uploads\/2024\/01\/Copia-de-Copia-de-TAMANHO-EXATO-PARA-FOTOS-NO-SISTEMA-NOVO-7.png?fit=1200%2C675&ssl=1&resize=350%2C200","width":350,"height":200,"srcset":"https:\/\/i0.wp.com\/noticiasribeiraopreto.com.br\/wp-content\/uploads\/2024\/01\/Copia-de-Copia-de-TAMANHO-EXATO-PARA-FOTOS-NO-SISTEMA-NOVO-7.png?fit=1200%2C675&ssl=1&resize=350%2C200 1x, https:\/\/i0.wp.com\/noticiasribeiraopreto.com.br\/wp-content\/uploads\/2024\/01\/Copia-de-Copia-de-TAMANHO-EXATO-PARA-FOTOS-NO-SISTEMA-NOVO-7.png?fit=1200%2C675&ssl=1&resize=525%2C300 1.5x, https:\/\/i0.wp.com\/noticiasribeiraopreto.com.br\/wp-content\/uploads\/2024\/01\/Copia-de-Copia-de-TAMANHO-EXATO-PARA-FOTOS-NO-SISTEMA-NOVO-7.png?fit=1200%2C675&ssl=1&resize=700%2C400 2x, https:\/\/i0.wp.com\/noticiasribeiraopreto.com.br\/wp-content\/uploads\/2024\/01\/Copia-de-Copia-de-TAMANHO-EXATO-PARA-FOTOS-NO-SISTEMA-NOVO-7.png?fit=1200%2C675&ssl=1&resize=1050%2C600 3x"},"classes":[]},{"id":27846,"url":"https:\/\/noticiasribeiraopreto.com.br\/index.php\/2024\/01\/13\/quem-sao-as-vitimas-da-mesma-familia-que-perderam-suas-vidas-em-tragico-acidente-na-br-116-sonhos-interrompidos\/","url_meta":{"origin":26382,"position":1},"title":"Quem s\u00e3o as v\u00edtimas da mesma fam\u00edlia que perderam suas vidas em tr\u00e1gico acidente na BR-116: &#8216;Sonhos interrompidos&#8217;","author":"noticiasribeiraopreto.com.br","date":"13 de January de 2024","format":false,"excerpt":"Na BR-116, uma trag\u00e9dia aconteceu entre as cidades de Po\u00e7\u00f5es e Planalto, na Bahia, o que resultou na perda do casal Tainara Rabelo, de 26 anos, e Jos\u00e9 Edson J\u00fanior, de 29 anos, al\u00e9m do filho deles, Kau\u00e3 Gabriel Carvalho de Andrade, 8 anos, e o irm\u00e3o de Tainara, Jos\u00e9\u2026","rel":"","context":"In &quot;Blog&quot;","block_context":{"text":"Blog","link":"https:\/\/noticiasribeiraopreto.com.br\/index.php\/category\/blog\/"},"img":{"alt_text":"","src":"https:\/\/i0.wp.com\/noticiasribeiraopreto.com.br\/wp-content\/uploads\/2024\/01\/postimg-65a2c2a6957eb7613.jpg?fit=1200%2C628&ssl=1&resize=350%2C200","width":350,"height":200,"srcset":"https:\/\/i0.wp.com\/noticiasribeiraopreto.com.br\/wp-content\/uploads\/2024\/01\/postimg-65a2c2a6957eb7613.jpg?fit=1200%2C628&ssl=1&resize=350%2C200 1x, https:\/\/i0.wp.com\/noticiasribeiraopreto.com.br\/wp-content\/uploads\/2024\/01\/postimg-65a2c2a6957eb7613.jpg?fit=1200%2C628&ssl=1&resize=525%2C300 1.5x, https:\/\/i0.wp.com\/noticiasribeiraopreto.com.br\/wp-content\/uploads\/2024\/01\/postimg-65a2c2a6957eb7613.jpg?fit=1200%2C628&ssl=1&resize=700%2C400 2x, https:\/\/i0.wp.com\/noticiasribeiraopreto.com.br\/wp-content\/uploads\/2024\/01\/postimg-65a2c2a6957eb7613.jpg?fit=1200%2C628&ssl=1&resize=1050%2C600 3x"},"classes":[]},{"id":22096,"url":"https:\/\/noticiasribeiraopreto.com.br\/index.php\/2023\/12\/29\/confira-5-dicas-para-se-planejar-e-viajar-mais-em-2024\/","url_meta":{"origin":26382,"position":2},"title":"Confira 5 dicas para se planejar e viajar mais em 2024","author":"noticiasribeiraopreto.com.br","date":"29 de December de 2023","format":false,"excerpt":"Em 2024 n\u00e3o haver\u00e1 muitos feriados prolongados. Mas isto n\u00e3o impede de viajar mais no pr\u00f3ximo ano. Segundo o Estudo Global de Inten\u00e7\u00f5es de Viagem (GTI, na sigla em ingl\u00eas) da Visa, os principais comportamentos dos turistas em 2024 s\u00e3o focados em mais experi\u00eancias centradas em lazer e destinos inspirados\u2026","rel":"","context":"In &quot;Variedades&quot;","block_context":{"text":"Variedades","link":"https:\/\/noticiasribeiraopreto.com.br\/index.php\/category\/variedades\/"},"img":{"alt_text":"","src":"https:\/\/i0.wp.com\/noticiasribeiraopreto.com.br\/wp-content\/uploads\/2023\/12\/guarapari-es.jpg?fit=1200%2C638&ssl=1&resize=350%2C200","width":350,"height":200,"srcset":"https:\/\/i0.wp.com\/noticiasribeiraopreto.com.br\/wp-content\/uploads\/2023\/12\/guarapari-es.jpg?fit=1200%2C638&ssl=1&resize=350%2C200 1x, https:\/\/i0.wp.com\/noticiasribeiraopreto.com.br\/wp-content\/uploads\/2023\/12\/guarapari-es.jpg?fit=1200%2C638&ssl=1&resize=525%2C300 1.5x, https:\/\/i0.wp.com\/noticiasribeiraopreto.com.br\/wp-content\/uploads\/2023\/12\/guarapari-es.jpg?fit=1200%2C638&ssl=1&resize=700%2C400 2x, https:\/\/i0.wp.com\/noticiasribeiraopreto.com.br\/wp-content\/uploads\/2023\/12\/guarapari-es.jpg?fit=1200%2C638&ssl=1&resize=1050%2C600 3x"},"classes":[]},{"id":77854,"url":"https:\/\/noticiasribeiraopreto.com.br\/index.php\/2025\/09\/26\/apos-ficar-internada-morre-adolescente-ferida-em-acidente-de-moto-em-ribeirao\/","url_meta":{"origin":26382,"position":3},"title":"Ap\u00f3s ficar internada, morre adolescente ferida em acidente de moto em Ribeir\u00e3o","author":"noticiasribeiraopreto.com.br","date":"26 de September de 2025","format":false,"excerpt":"A jovem de 17 anos, que ficou ferida em um acidente de moto no \u00faltimo domingo (21), morreu nesta semana no Hospital das Cl\u00ednicas de Ribeir\u00e3o Preto. A informa\u00e7\u00e3o foi confirmada pela assessoria da unidade. O acidente aconteceu ap\u00f3s a motocicleta atingir um poste no Jardim Cristo Redentor, zona Norte\u2026","rel":"","context":"In &quot;Not\u00edcias de Ribeir\u00e3o Preto-SP e Regi\u00e3o&quot;","block_context":{"text":"Not\u00edcias de Ribeir\u00e3o Preto-SP e Regi\u00e3o","link":"https:\/\/noticiasribeiraopreto.com.br\/index.php\/category\/noticias-de-ribeirao-preto-sp-e-regiao-ismael-colosi\/"},"img":{"alt_text":"","src":"https:\/\/i0.wp.com\/noticiasribeiraopreto.com.br\/wp-content\/uploads\/2025\/09\/Copia-de-Copia-de-Copia-de-TAMANHO-EXATO-PARA-FOTOS-NO-SISTEMA-NOVO-2025-09-26T160302.612_2025-09-26_19-03-08.webp.webp?fit=1200%2C675&ssl=1&resize=350%2C200","width":350,"height":200,"srcset":"https:\/\/i0.wp.com\/noticiasribeiraopreto.com.br\/wp-content\/uploads\/2025\/09\/Copia-de-Copia-de-Copia-de-TAMANHO-EXATO-PARA-FOTOS-NO-SISTEMA-NOVO-2025-09-26T160302.612_2025-09-26_19-03-08.webp.webp?fit=1200%2C675&ssl=1&resize=350%2C200 1x, https:\/\/i0.wp.com\/noticiasribeiraopreto.com.br\/wp-content\/uploads\/2025\/09\/Copia-de-Copia-de-Copia-de-TAMANHO-EXATO-PARA-FOTOS-NO-SISTEMA-NOVO-2025-09-26T160302.612_2025-09-26_19-03-08.webp.webp?fit=1200%2C675&ssl=1&resize=525%2C300 1.5x, https:\/\/i0.wp.com\/noticiasribeiraopreto.com.br\/wp-content\/uploads\/2025\/09\/Copia-de-Copia-de-Copia-de-TAMANHO-EXATO-PARA-FOTOS-NO-SISTEMA-NOVO-2025-09-26T160302.612_2025-09-26_19-03-08.webp.webp?fit=1200%2C675&ssl=1&resize=700%2C400 2x, https:\/\/i0.wp.com\/noticiasribeiraopreto.com.br\/wp-content\/uploads\/2025\/09\/Copia-de-Copia-de-Copia-de-TAMANHO-EXATO-PARA-FOTOS-NO-SISTEMA-NOVO-2025-09-26T160302.612_2025-09-26_19-03-08.webp.webp?fit=1200%2C675&ssl=1&resize=1050%2C600 3x"},"classes":[]},{"id":57393,"url":"https:\/\/noticiasribeiraopreto.com.br\/index.php\/2024\/08\/30\/ganhadora-de-r-1-milhao-no-sorteio-da-nota-fiscal-paulista-vai-fazer-viagem-dos-sonhos\/","url_meta":{"origin":26382,"position":4},"title":"Ganhadora de R$ 1 milh\u00e3o no sorteio da Nota Fiscal Paulista vai fazer viagem dos sonhos","author":"noticiasribeiraopreto.com.br","date":"30 de August de 2024","format":false,"excerpt":"A corretora de im\u00f3veis ganhadora do pr\u00eamio de R$ 1 milh\u00e3o no sorteio da Nota Fiscal Paulista do m\u00eas de agosto vai realizar o sonho para o filho de, de 41 anos, e aos netos, de 7 e 11 anos. Com o pr\u00eamio que ela recebeu nesta quinta-feira (29), a\u2026","rel":"","context":"In &quot;Not\u00edcias de Ribeir\u00e3o Preto-SP e Regi\u00e3o&quot;","block_context":{"text":"Not\u00edcias de Ribeir\u00e3o Preto-SP e Regi\u00e3o","link":"https:\/\/noticiasribeiraopreto.com.br\/index.php\/category\/noticias-de-ribeirao-preto-sp-e-regiao-ismael-colosi\/"},"img":{"alt_text":"","src":"https:\/\/i0.wp.com\/noticiasribeiraopreto.com.br\/wp-content\/uploads\/2024\/08\/viagem_2024-08-30_15-57-36_jpg_2024-08-30_15-57-36.webp.webp?fit=1200%2C791&ssl=1&resize=350%2C200","width":350,"height":200,"srcset":"https:\/\/i0.wp.com\/noticiasribeiraopreto.com.br\/wp-content\/uploads\/2024\/08\/viagem_2024-08-30_15-57-36_jpg_2024-08-30_15-57-36.webp.webp?fit=1200%2C791&ssl=1&resize=350%2C200 1x, https:\/\/i0.wp.com\/noticiasribeiraopreto.com.br\/wp-content\/uploads\/2024\/08\/viagem_2024-08-30_15-57-36_jpg_2024-08-30_15-57-36.webp.webp?fit=1200%2C791&ssl=1&resize=525%2C300 1.5x, https:\/\/i0.wp.com\/noticiasribeiraopreto.com.br\/wp-content\/uploads\/2024\/08\/viagem_2024-08-30_15-57-36_jpg_2024-08-30_15-57-36.webp.webp?fit=1200%2C791&ssl=1&resize=700%2C400 2x, https:\/\/i0.wp.com\/noticiasribeiraopreto.com.br\/wp-content\/uploads\/2024\/08\/viagem_2024-08-30_15-57-36_jpg_2024-08-30_15-57-36.webp.webp?fit=1200%2C791&ssl=1&resize=1050%2C600 3x"},"classes":[]},{"id":61773,"url":"https:\/\/noticiasribeiraopreto.com.br\/index.php\/2024\/12\/21\/familia-da-regiao-de-ribeirao-morre-apos-carro-despencar-de-estrada-em-caldas-novas\/","url_meta":{"origin":26382,"position":5},"title":"Fam\u00edlia da regi\u00e3o de Ribeir\u00e3o morre ap\u00f3s carro despencar de estrada em Caldas Novas","author":"noticiasribeiraopreto.com.br","date":"21 de December de 2024","format":false,"excerpt":"Uma fam\u00edlia de Igarapava, cidade na regi\u00e3o de Ribeir\u00e3o Preto, morreu em um acidente de carro na rodovia GO-139, em Caldas Novas-GO, na \u00faltima quinta-feira (19). De acordo com as informa\u00e7\u00f5es da Secretaria de Seguran\u00e7a P\u00fablica de Goi\u00e1s, o carro em que fam\u00edlia estava bateu na cabeceira de uma ponte\u2026","rel":"","context":"In &quot;Not\u00edcias de Ribeir\u00e3o Preto-SP e Regi\u00e3o&quot;","block_context":{"text":"Not\u00edcias de Ribeir\u00e3o Preto-SP e Regi\u00e3o","link":"https:\/\/noticiasribeiraopreto.com.br\/index.php\/category\/noticias-de-ribeirao-preto-sp-e-regiao-ismael-colosi\/"},"img":{"alt_text":"","src":"https:\/\/i0.wp.com\/noticiasribeiraopreto.com.br\/wp-content\/uploads\/2024\/12\/Copia-de-Copia-de-Copia-de-TAMANHO-EXATO-PARA-FOTOS-NO-SISTEMA-NOVO-2024-12-21T125521.783_2024-12-21_16-01-30_png_2024-12-21_16-01-30.webp.webp?fit=1200%2C675&ssl=1&resize=350%2C200","width":350,"height":200,"srcset":"https:\/\/i0.wp.com\/noticiasribeiraopreto.com.br\/wp-content\/uploads\/2024\/12\/Copia-de-Copia-de-Copia-de-TAMANHO-EXATO-PARA-FOTOS-NO-SISTEMA-NOVO-2024-12-21T125521.783_2024-12-21_16-01-30_png_2024-12-21_16-01-30.webp.webp?fit=1200%2C675&ssl=1&resize=350%2C200 1x, https:\/\/i0.wp.com\/noticiasribeiraopreto.com.br\/wp-content\/uploads\/2024\/12\/Copia-de-Copia-de-Copia-de-TAMANHO-EXATO-PARA-FOTOS-NO-SISTEMA-NOVO-2024-12-21T125521.783_2024-12-21_16-01-30_png_2024-12-21_16-01-30.webp.webp?fit=1200%2C675&ssl=1&resize=525%2C300 1.5x, https:\/\/i0.wp.com\/noticiasribeiraopreto.com.br\/wp-content\/uploads\/2024\/12\/Copia-de-Copia-de-Copia-de-TAMANHO-EXATO-PARA-FOTOS-NO-SISTEMA-NOVO-2024-12-21T125521.783_2024-12-21_16-01-30_png_2024-12-21_16-01-30.webp.webp?fit=1200%2C675&ssl=1&resize=700%2C400 2x, https:\/\/i0.wp.com\/noticiasribeiraopreto.com.br\/wp-content\/uploads\/2024\/12\/Copia-de-Copia-de-Copia-de-TAMANHO-EXATO-PARA-FOTOS-NO-SISTEMA-NOVO-2024-12-21T125521.783_2024-12-21_16-01-30_png_2024-12-21_16-01-30.webp.webp?fit=1200%2C675&ssl=1&resize=1050%2C600 3x"},"classes":[]}],"jetpack_sharing_enabled":true,"jetpack_shortlink":"https:\/\/wp.me\/peQAOb-6Rw","_links":{"self":[{"href":"https:\/\/noticiasribeiraopreto.com.br\/index.php\/wp-json\/wp\/v2\/posts\/26382","targetHints":{"allow":["GET"]}}],"collection":[{"href":"https:\/\/noticiasribeiraopreto.com.br\/index.php\/wp-json\/wp\/v2\/posts"}],"about":[{"href":"https:\/\/noticiasribeiraopreto.com.br\/index.php\/wp-json\/wp\/v2\/types\/post"}],"author":[{"embeddable":true,"href":"https:\/\/noticiasribeiraopreto.com.br\/index.php\/wp-json\/wp\/v2\/users\/1"}],"replies":[{"embeddable":true,"href":"https:\/\/noticiasribeiraopreto.com.br\/index.php\/wp-json\/wp\/v2\/comments?post=26382"}],"version-history":[{"count":0,"href":"https:\/\/noticiasribeiraopreto.com.br\/index.php\/wp-json\/wp\/v2\/posts\/26382\/revisions"}],"wp:featuredmedia":[{"embeddable":true,"href":"https:\/\/noticiasribeiraopreto.com.br\/index.php\/wp-json\/wp\/v2\/media\/26383"}],"wp:attachment":[{"href":"https:\/\/noticiasribeiraopreto.com.br\/index.php\/wp-json\/wp\/v2\/media?parent=26382"}],"wp:term":[{"taxonomy":"category","embeddable":true,"href":"https:\/\/noticiasribeiraopreto.com.br\/index.php\/wp-json\/wp\/v2\/categories?post=26382"},{"taxonomy":"post_tag","embeddable":true,"href":"https:\/\/noticiasribeiraopreto.com.br\/index.php\/wp-json\/wp\/v2\/tags?post=26382"}],"curies":[{"name":"wp","href":"https:\/\/api.w.org\/{rel}","templated":true}]}}