{"id":26388,"date":"2024-01-09T22:17:17","date_gmt":"2024-01-10T01:17:17","guid":{"rendered":"https:\/\/noticiasribeiraopreto.com.br\/index.php\/2024\/01\/09\/querido-ator-da-serie-designated-survivor-morre-aos-42-anos-apos-luta-contra-o-cancer\/"},"modified":"2024-01-09T22:17:17","modified_gmt":"2024-01-10T01:17:17","slug":"querido-ator-da-serie-designated-survivor-morre-aos-42-anos-apos-luta-contra-o-cancer","status":"publish","type":"post","link":"https:\/\/noticiasribeiraopreto.com.br\/index.php\/2024\/01\/09\/querido-ator-da-serie-designated-survivor-morre-aos-42-anos-apos-luta-contra-o-cancer\/","title":{"rendered":"Querido ator da s\u00e9rie &#8216;Designated Survivor&#8217;, morre aos 42 anos ap\u00f3s luta contra o c\u00e2ncer"},"content":{"rendered":"<div class='code-block code-block-1' style='margin: 8px 0 8px auto; text-align: right; display: block; clear: both;'>\n<p><a href=\"https:\/\/wa.link\/vpicfd\"><img data-recalc-dims=\"1\" class=\"wp-image-4922\" style=\"aspect-ratio: 2.0253164556962027; width: 561px; height: auto;\" src=\"https:\/\/i0.wp.com\/ismaelcolosi.com.br\/wp-content\/uploads\/2023\/11\/grupo-de-empregos-whatsapp-e-facebook-ismael-colosi-vagas.jpg?ssl=1\" alt=\"\" \/><\/a><\/p>\n<!-- \/wp:image -->\n<\/div>\n<p> <br \/>\n<\/p>\n<div itemprop=\"text\">\n<p>O mundo do entretenimento est\u00e1 de luto com a partida precoce do querido ator Adan Canto, conhecido por seus pap\u00e9is em s\u00e9ries de sucesso como \u201cDesignated Survivor\u201d e \u201cThe Following\u201d.<\/p>\n<p>Aos 42 anos, o ator perdeu a dura batalha contra um c\u00e2ncer de ap\u00eandice, deixando um legado de talento e carisma. Nascido no M\u00e9xico, Canto cresceu nos Estados Unidos, mas foi em seu pa\u00eds natal que ele iniciou sua carreira art\u00edstica.<\/p>\n<p>No M\u00e9xico, se destacou tanto como ator quanto cantor. Sua trajet\u00f3ria internacional ganhou for\u00e7a em 2013, quando se juntou ao elenco da s\u00e9rie \u201cThe Following\u201d, marcando seu nome no cen\u00e1rio art\u00edstico de Hollywood.<\/p>\n<p>Al\u00e9m de suas grandes atua\u00e7\u00f5es em s\u00e9ries de TV, Canto tamb\u00e9m brilhou nas telonas. Ele interpretou o super-her\u00f3i brasileiro Mancha Solar no filme \u201cX-Men: Dias de um Futuro Esquecido\u201d (2014), demonstrando sua versatilidade e habilidade em assumir pap\u00e9is desafiadores.<\/p>\n<p><img data-recalc-dims=\"1\" decoding=\"async\" title=\"Image: https:\/\/fnmais.com\/wp-content\/uploads\/2024\/01\/postiimg-659dc981491574467.jpg\" src=\"https:\/\/i0.wp.com\/fnmais.com\/wp-content\/uploads\/2024\/01\/postiimg-659dc981491574467.jpg?ssl=1\" alt=\"\"\/><\/p>\n<p>Recentemente, o ator mexicano havia se destacado nas duas primeiras temporadas da s\u00e9rie \u201cThe Cleaning Lady\u201d. Infelizmente, o c\u00e2ncer no p\u00e2ncreas o impediu de participar do in\u00edcio das grava\u00e7\u00f5es da terceira temporada, embora ele tivesse planos de retornar ao projeto.<\/p>\n<p>A morte do querido ator Adan Canto \u00e9 uma grande perda para o mundo das artes. Seu talento, sua paix\u00e3o pela atua\u00e7\u00e3o e seu carisma deixaram uma marca indel\u00e9vel na ind\u00fastria do entretenimento.<\/p>\n<p>Ele ser\u00e1 lembrado n\u00e3o apenas pelos pap\u00e9is que interpretou, mas tamb\u00e9m pelo esp\u00edrito vibrante e dedicado que trouxe para cada um deles.<\/p>\n<\/div>\n<p><br \/>\n<br \/><a href=\"https:\/\/fnmais.com\/querido-ator-serie-designated-survivor-morre-aos-42-anos-apos-luta-contra-cancer\/\">Source link <\/a><\/p>\n<!-- CONTENT END 1 -->\n","protected":false},"excerpt":{"rendered":"<p>O mundo do entretenimento est\u00e1 de luto com a partida precoce do querido ator Adan Canto, conhecido por seus pap\u00e9is em s\u00e9ries de sucesso como&#8230;<\/p>\n","protected":false},"author":1,"featured_media":26389,"comment_status":"open","ping_status":"open","sticky":false,"template":"","format":"standard","meta":{"advanced_seo_description":"","jetpack_seo_html_title":"","jetpack_seo_noindex":false,"jetpack_post_was_ever_published":false,"_jetpack_newsletter_access":"","_jetpack_dont_email_post_to_subs":false,"_jetpack_newsletter_tier_id":0,"_jetpack_memberships_contains_paywalled_content":false,"_jetpack_memberships_contains_paid_content":false,"footnotes":"","jetpack_publicize_message":"","jetpack_publicize_feature_enabled":true,"jetpack_social_post_already_shared":true,"jetpack_social_options":{"image_generator_settings":{"template":"highway","default_image_id":0,"font":"","enabled":false},"version":2}},"categories":[1],"tags":[],"class_list":["post-26388","post","type-post","status-publish","format-standard","has-post-thumbnail","hentry","category-blog"],"jetpack_publicize_connections":[],"jetpack_featured_media_url":"https:\/\/i0.wp.com\/noticiasribeiraopreto.com.br\/wp-content\/uploads\/2024\/01\/postimg-659dc98202c098195.jpg?fit=1200%2C628&ssl=1","jetpack-related-posts":[{"id":26380,"url":"https:\/\/noticiasribeiraopreto.com.br\/index.php\/2024\/01\/09\/ator-falece-aos-42-anos-apos-enfrentar-dura-batalha-contra-o-cancer\/","url_meta":{"origin":26388,"position":0},"title":"Ator falece aos 42 anos ap\u00f3s enfrentar dura batalha contra o c\u00e2ncer","author":"noticiasribeiraopreto.com.br","date":"9 de January de 2024","format":false,"excerpt":"Inteligente, jovem, talentoso e bonito, assim o ator que perdeu a vida para um c\u00e2ncer de ap\u00eandice pode ser descrito. A confirma\u00e7\u00e3o da morte do artista que partiu de maneira precoce gerou uma enorme como\u00e7\u00e3o entre seus familiares amigos e f\u00e3s.De acordo com as informa\u00e7\u00f5es preliminares, o ator Adan Canto,\u2026","rel":"","context":"In &quot;Blog&quot;","block_context":{"text":"Blog","link":"https:\/\/noticiasribeiraopreto.com.br\/index.php\/category\/blog\/"},"img":{"alt_text":"","src":"https:\/\/i0.wp.com\/noticiasribeiraopreto.com.br\/wp-content\/uploads\/2024\/01\/postimg-659dde3e02ae35366.jpg?fit=1200%2C628&ssl=1&resize=350%2C200","width":350,"height":200,"srcset":"https:\/\/i0.wp.com\/noticiasribeiraopreto.com.br\/wp-content\/uploads\/2024\/01\/postimg-659dde3e02ae35366.jpg?fit=1200%2C628&ssl=1&resize=350%2C200 1x, https:\/\/i0.wp.com\/noticiasribeiraopreto.com.br\/wp-content\/uploads\/2024\/01\/postimg-659dde3e02ae35366.jpg?fit=1200%2C628&ssl=1&resize=525%2C300 1.5x, https:\/\/i0.wp.com\/noticiasribeiraopreto.com.br\/wp-content\/uploads\/2024\/01\/postimg-659dde3e02ae35366.jpg?fit=1200%2C628&ssl=1&resize=700%2C400 2x, https:\/\/i0.wp.com\/noticiasribeiraopreto.com.br\/wp-content\/uploads\/2024\/01\/postimg-659dde3e02ae35366.jpg?fit=1200%2C628&ssl=1&resize=1050%2C600 3x"},"classes":[]},{"id":24936,"url":"https:\/\/noticiasribeiraopreto.com.br\/index.php\/2024\/01\/05\/conheca-mais-um-ex-ator-global-que-entrou-para-profissao-comum-longe-da-tv\/","url_meta":{"origin":26388,"position":1},"title":"conhe\u00e7a mais um ex ator global que entrou para profiss\u00e3o &#8216;comum&#8217; longe da TV","author":"noticiasribeiraopreto.com.br","date":"5 de January de 2024","format":false,"excerpt":"O p\u00fablico de novelas, filmes e s\u00e9ries est\u00e1 acostumado com a imagem dos atores trabalhando ali em plena atua\u00e7\u00e3o. Acontece que a vida fora das tramas pode se revelar completamente igual a situa\u00e7\u00e3o de diversas pessoas.Nesta semana, com a chegada do ano novo, um ex ator global chamou a aten\u00e7\u00e3o\u2026","rel":"","context":"In &quot;Blog&quot;","block_context":{"text":"Blog","link":"https:\/\/noticiasribeiraopreto.com.br\/index.php\/category\/blog\/"},"img":{"alt_text":"","src":"https:\/\/i0.wp.com\/noticiasribeiraopreto.com.br\/wp-content\/uploads\/2024\/01\/postimg-65983a9791fa24711.jpg?fit=1200%2C628&ssl=1&resize=350%2C200","width":350,"height":200,"srcset":"https:\/\/i0.wp.com\/noticiasribeiraopreto.com.br\/wp-content\/uploads\/2024\/01\/postimg-65983a9791fa24711.jpg?fit=1200%2C628&ssl=1&resize=350%2C200 1x, https:\/\/i0.wp.com\/noticiasribeiraopreto.com.br\/wp-content\/uploads\/2024\/01\/postimg-65983a9791fa24711.jpg?fit=1200%2C628&ssl=1&resize=525%2C300 1.5x, https:\/\/i0.wp.com\/noticiasribeiraopreto.com.br\/wp-content\/uploads\/2024\/01\/postimg-65983a9791fa24711.jpg?fit=1200%2C628&ssl=1&resize=700%2C400 2x, https:\/\/i0.wp.com\/noticiasribeiraopreto.com.br\/wp-content\/uploads\/2024\/01\/postimg-65983a9791fa24711.jpg?fit=1200%2C628&ssl=1&resize=1050%2C600 3x"},"classes":[]},{"id":25169,"url":"https:\/\/noticiasribeiraopreto.com.br\/index.php\/2024\/01\/06\/tragedia-quem-e-o-ator-de-indiana-jones-que-perdeu-a-vida-lado-das-duas-filhas-apos-acidente-tragico\/","url_meta":{"origin":26388,"position":2},"title":"Trag\u00e9dia! Quem \u00e9 o ator de Indiana Jones que perdeu a vida lado das duas filhas ap\u00f3s acidente tr\u00e1gico","author":"noticiasribeiraopreto.com.br","date":"6 de January de 2024","format":false,"excerpt":"O cinema est\u00e1 de luto por causa da morte de um querido ator e de suas filhas em um tr\u00e1gico acidente a\u00e9reo.Aos 51 anos, o ator Christian Oliver faleceu em um tr\u00e1gico acidente a\u00e9reo. Ele estava a bordo de um jato particular acompanhado de suas duas filhas, Madita, de 10\u2026","rel":"","context":"In &quot;Blog&quot;","block_context":{"text":"Blog","link":"https:\/\/noticiasribeiraopreto.com.br\/index.php\/category\/blog\/"},"img":{"alt_text":"","src":"https:\/\/i0.wp.com\/noticiasribeiraopreto.com.br\/wp-content\/uploads\/2024\/01\/postimg-6598d9973b87d4080.jpg?fit=1200%2C628&ssl=1&resize=350%2C200","width":350,"height":200,"srcset":"https:\/\/i0.wp.com\/noticiasribeiraopreto.com.br\/wp-content\/uploads\/2024\/01\/postimg-6598d9973b87d4080.jpg?fit=1200%2C628&ssl=1&resize=350%2C200 1x, https:\/\/i0.wp.com\/noticiasribeiraopreto.com.br\/wp-content\/uploads\/2024\/01\/postimg-6598d9973b87d4080.jpg?fit=1200%2C628&ssl=1&resize=525%2C300 1.5x, https:\/\/i0.wp.com\/noticiasribeiraopreto.com.br\/wp-content\/uploads\/2024\/01\/postimg-6598d9973b87d4080.jpg?fit=1200%2C628&ssl=1&resize=700%2C400 2x, https:\/\/i0.wp.com\/noticiasribeiraopreto.com.br\/wp-content\/uploads\/2024\/01\/postimg-6598d9973b87d4080.jpg?fit=1200%2C628&ssl=1&resize=1050%2C600 3x"},"classes":[]},{"id":23942,"url":"https:\/\/noticiasribeiraopreto.com.br\/index.php\/2024\/01\/03\/querido-ator-tem-falecimento-confirmado-apos-passar-varios-dias-internado-ele-fez-grandes-sucessos\/","url_meta":{"origin":26388,"position":3},"title":"Querido ator tem falecimento confirmado ap\u00f3s passar v\u00e1rios dias internado; ele fez grandes sucessos","author":"noticiasribeiraopreto.com.br","date":"3 de January de 2024","format":false,"excerpt":"Os f\u00e3s que acompanharam os trabalhos de um querido artista foram surpreendidos nesta semana com a not\u00edcia dolorosa de sua morte. Trata-se do ator Mickey Cottrel, que fez diversos pap\u00e9is de sucesso no cinema, sendo Star Trek seu principal trabalho da carreira.Mickey tinha 79 anos de idade e estava lutando\u2026","rel":"","context":"In &quot;Blog&quot;","block_context":{"text":"Blog","link":"https:\/\/noticiasribeiraopreto.com.br\/index.php\/category\/blog\/"},"img":{"alt_text":"","src":"https:\/\/i0.wp.com\/noticiasribeiraopreto.com.br\/wp-content\/uploads\/2024\/01\/postimg-65956929e4cd86225.jpg?fit=1200%2C628&ssl=1&resize=350%2C200","width":350,"height":200,"srcset":"https:\/\/i0.wp.com\/noticiasribeiraopreto.com.br\/wp-content\/uploads\/2024\/01\/postimg-65956929e4cd86225.jpg?fit=1200%2C628&ssl=1&resize=350%2C200 1x, https:\/\/i0.wp.com\/noticiasribeiraopreto.com.br\/wp-content\/uploads\/2024\/01\/postimg-65956929e4cd86225.jpg?fit=1200%2C628&ssl=1&resize=525%2C300 1.5x, https:\/\/i0.wp.com\/noticiasribeiraopreto.com.br\/wp-content\/uploads\/2024\/01\/postimg-65956929e4cd86225.jpg?fit=1200%2C628&ssl=1&resize=700%2C400 2x, https:\/\/i0.wp.com\/noticiasribeiraopreto.com.br\/wp-content\/uploads\/2024\/01\/postimg-65956929e4cd86225.jpg?fit=1200%2C628&ssl=1&resize=1050%2C600 3x"},"classes":[]},{"id":21014,"url":"https:\/\/noticiasribeiraopreto.com.br\/index.php\/2023\/12\/26\/ator-de-novelas-de-sucesso-perde-a-vida-apos-lutar-contra-doenca-infelizmente\/","url_meta":{"origin":26388,"position":4},"title":"Ator de novelas de sucesso perde a vida ap\u00f3s lutar contra doen\u00e7a: &#8216;Infelizmente&#8217;","author":"noticiasribeiraopreto.com.br","date":"26 de December de 2023","format":false,"excerpt":"Os f\u00e3s de um querido artista foram surpreendidos com a triste not\u00edcia de sua morte nesta semana. Foi a \u00f3bito o ator Richar Franklin, que ficou conhecido em todo o mundo por sua atua\u00e7\u00e3o na s\u00e9rie Doctor Who.O comunicado da morte de Richard foi feito em seu perfil oficial do\u2026","rel":"","context":"In &quot;Blog&quot;","block_context":{"text":"Blog","link":"https:\/\/noticiasribeiraopreto.com.br\/index.php\/category\/blog\/"},"img":{"alt_text":"","src":"https:\/\/i0.wp.com\/noticiasribeiraopreto.com.br\/wp-content\/uploads\/2023\/12\/postimg-658b857cecc973015.jpg?fit=1200%2C628&ssl=1&resize=350%2C200","width":350,"height":200,"srcset":"https:\/\/i0.wp.com\/noticiasribeiraopreto.com.br\/wp-content\/uploads\/2023\/12\/postimg-658b857cecc973015.jpg?fit=1200%2C628&ssl=1&resize=350%2C200 1x, https:\/\/i0.wp.com\/noticiasribeiraopreto.com.br\/wp-content\/uploads\/2023\/12\/postimg-658b857cecc973015.jpg?fit=1200%2C628&ssl=1&resize=525%2C300 1.5x, https:\/\/i0.wp.com\/noticiasribeiraopreto.com.br\/wp-content\/uploads\/2023\/12\/postimg-658b857cecc973015.jpg?fit=1200%2C628&ssl=1&resize=700%2C400 2x, https:\/\/i0.wp.com\/noticiasribeiraopreto.com.br\/wp-content\/uploads\/2023\/12\/postimg-658b857cecc973015.jpg?fit=1200%2C628&ssl=1&resize=1050%2C600 3x"},"classes":[]},{"id":12905,"url":"https:\/\/noticiasribeiraopreto.com.br\/index.php\/2023\/12\/08\/11-galas-de-series-dos-anos-2000-que-faziam-sucesso-meu-valor-digital\/","url_meta":{"origin":26388,"position":5},"title":"11 Gal\u00e3s de s\u00e9ries dos anos 2000 que faziam sucesso &#8211; Meu Valor Digital","author":"noticiasribeiraopreto.com.br","date":"8 de December de 2023","format":false,"excerpt":"Quando eles surgem na tela, seu cora\u00e7\u00e3o bate mais forte. Qual garota nunca sonhou com o seu \u00eddolo favorito? Aquele ator da s\u00e9rie que voc\u00ea tanto ama. Como voc\u00ea gostaria de estar no lugar da atriz que contracena com ele? Ter esse tipo de sonho com o seu astro predileto\u2026","rel":"","context":"In &quot;Vagas de Emprego em Ribeir\u00e3o Preto-SP&quot;","block_context":{"text":"Vagas de Emprego em Ribeir\u00e3o Preto-SP","link":"https:\/\/noticiasribeiraopreto.com.br\/index.php\/category\/empregos-classificados-vagas-trabalho\/vagas-de-empregos-em-ribeirao-preto-regiao-brasil\/"},"img":{"alt_text":"","src":"https:\/\/i0.wp.com\/noticiasribeiraopreto.com.br\/wp-content\/uploads\/2023\/12\/11-Will-Smith-MIB-1.jpg?fit=1200%2C773&ssl=1&resize=350%2C200","width":350,"height":200,"srcset":"https:\/\/i0.wp.com\/noticiasribeiraopreto.com.br\/wp-content\/uploads\/2023\/12\/11-Will-Smith-MIB-1.jpg?fit=1200%2C773&ssl=1&resize=350%2C200 1x, https:\/\/i0.wp.com\/noticiasribeiraopreto.com.br\/wp-content\/uploads\/2023\/12\/11-Will-Smith-MIB-1.jpg?fit=1200%2C773&ssl=1&resize=525%2C300 1.5x, https:\/\/i0.wp.com\/noticiasribeiraopreto.com.br\/wp-content\/uploads\/2023\/12\/11-Will-Smith-MIB-1.jpg?fit=1200%2C773&ssl=1&resize=700%2C400 2x, https:\/\/i0.wp.com\/noticiasribeiraopreto.com.br\/wp-content\/uploads\/2023\/12\/11-Will-Smith-MIB-1.jpg?fit=1200%2C773&ssl=1&resize=1050%2C600 3x"},"classes":[]}],"jetpack_sharing_enabled":true,"jetpack_shortlink":"https:\/\/wp.me\/peQAOb-6RC","_links":{"self":[{"href":"https:\/\/noticiasribeiraopreto.com.br\/index.php\/wp-json\/wp\/v2\/posts\/26388","targetHints":{"allow":["GET"]}}],"collection":[{"href":"https:\/\/noticiasribeiraopreto.com.br\/index.php\/wp-json\/wp\/v2\/posts"}],"about":[{"href":"https:\/\/noticiasribeiraopreto.com.br\/index.php\/wp-json\/wp\/v2\/types\/post"}],"author":[{"embeddable":true,"href":"https:\/\/noticiasribeiraopreto.com.br\/index.php\/wp-json\/wp\/v2\/users\/1"}],"replies":[{"embeddable":true,"href":"https:\/\/noticiasribeiraopreto.com.br\/index.php\/wp-json\/wp\/v2\/comments?post=26388"}],"version-history":[{"count":0,"href":"https:\/\/noticiasribeiraopreto.com.br\/index.php\/wp-json\/wp\/v2\/posts\/26388\/revisions"}],"wp:featuredmedia":[{"embeddable":true,"href":"https:\/\/noticiasribeiraopreto.com.br\/index.php\/wp-json\/wp\/v2\/media\/26389"}],"wp:attachment":[{"href":"https:\/\/noticiasribeiraopreto.com.br\/index.php\/wp-json\/wp\/v2\/media?parent=26388"}],"wp:term":[{"taxonomy":"category","embeddable":true,"href":"https:\/\/noticiasribeiraopreto.com.br\/index.php\/wp-json\/wp\/v2\/categories?post=26388"},{"taxonomy":"post_tag","embeddable":true,"href":"https:\/\/noticiasribeiraopreto.com.br\/index.php\/wp-json\/wp\/v2\/tags?post=26388"}],"curies":[{"name":"wp","href":"https:\/\/api.w.org\/{rel}","templated":true}]}}