{"id":26391,"date":"2024-01-09T22:22:37","date_gmt":"2024-01-10T01:22:37","guid":{"rendered":"https:\/\/noticiasribeiraopreto.com.br\/index.php\/2024\/01\/09\/utm_sourcerssutm_mediumrssutm_campaignprofesor-com-diversas-passagens-policial-e-preso-furtando-chocolates-em-ribeirao-preto\/"},"modified":"2024-01-09T22:22:37","modified_gmt":"2024-01-10T01:22:37","slug":"utm_sourcerssutm_mediumrssutm_campaignprofesor-com-diversas-passagens-policial-e-preso-furtando-chocolates-em-ribeirao-preto","status":"publish","type":"post","link":"https:\/\/noticiasribeiraopreto.com.br\/index.php\/2024\/01\/09\/utm_sourcerssutm_mediumrssutm_campaignprofesor-com-diversas-passagens-policial-e-preso-furtando-chocolates-em-ribeirao-preto\/","title":{"rendered":"Profesor com diversas passagens Policial \u00e9 preso furtando chocolates em Ribeir\u00e3o Preto \u2013 X Tudo Ribeir\u00e3o"},"content":{"rendered":"<div class='code-block code-block-1' style='margin: 8px 0 8px auto; text-align: right; display: block; clear: both;'>\n<p><a href=\"https:\/\/wa.link\/vpicfd\"><img data-recalc-dims=\"1\" class=\"wp-image-4922\" style=\"aspect-ratio: 2.0253164556962027; width: 561px; height: auto;\" src=\"https:\/\/i0.wp.com\/ismaelcolosi.com.br\/wp-content\/uploads\/2023\/11\/grupo-de-empregos-whatsapp-e-facebook-ismael-colosi-vagas.jpg?ssl=1\" alt=\"\" \/><\/a><\/p>\n<!-- \/wp:image -->\n<\/div>\n<p> <br \/>\n<\/p>\n<div>\n<p>Um professor m\u00e3o lisa de 47 anos, foi preso furtando chocolates de um supermercado situado no cruzamento da rua Capit\u00e3o Salom\u00e3o com a avenida Meira J\u00fanior, em Ribeir\u00e3o Preto. O professor tem mais passagem que guich\u00ea de companhia de viagem.\u00a0<\/p>\n<p>Segundo informa\u00e7\u00f5es da PM, funcion\u00e1rios do supermercado acionaram os PMs versando sobre um lar\u00e1pio que foi pego furtando barras de chocolates do local. Rapidamente os PMs foram at\u00e9 o local e constataram o fato.\u00a0<\/p>\n<p><strong>O FURTO\u00a0<\/strong><\/p>\n<p>Em depoimento, o representante da empresa contou \u2013 que o indiv\u00edduo entrou no supermercado se passando por cliente, e durante as andan\u00e7as nos corredores, os seguran\u00e7as suspeitaram do acusado e passaram a monitora-l\u00f3 pelas c\u00e2meras de seguran\u00e7a.\u00a0Ao todo, o lar\u00e1pio usurpou-se de 42 barras de chocolates e as escondeu dentro da sua bolsa, agindo normalmente.\u00a0<\/p>\n<p><strong>ABORDAGEM<br \/><\/strong><br \/>Consta no B.O, que os seguran\u00e7as esperaram a a\u00e7\u00e3o do acusado, como ele passou direto do caixa, e n\u00e3o iria pagar os produtos abordou na sa\u00edda. Durante a abordagem, ele disse que esta passando por necessidades, por tal motivo estaria furtando.\u00a0<\/p>\n<p>Foi dado a op\u00e7\u00e3o de pagar todos os chocolates ainda no supermercado, como n\u00e3o quis pagar, o professor m\u00e3o lisa foi conduzido para Delegacia.\u00a0<\/p>\n<p><strong>SUJO IGUAL PAU DE GALINHEIRO<br \/><\/strong><br \/>Na Central de Pol\u00edcia Judici\u00e1ria (CPJ), os Policiais constataram que o acusado tem diversas passagens por furtos e outros crime na regi\u00e3o de Pitangueiras. O Delegado plantonista, arbitrou uma fian\u00e7a no valor de R$ 1,5 mil, como o lar\u00e1pio n\u00e3o pagou ficou preso pelo crime de furto.\u00a0<\/p>\n<\/p><\/div>\n<p><br \/>\n<br \/><a href=\"https:\/\/xtudoribeirao.com.br\/2024\/01\/09\/profesor-com-diversas-passagens-policial-e-preso-furtando-chocolates-em-ribeirao-preto\/?utm_source=rss&#038;utm_medium=rss&#038;utm_campaign=profesor-com-diversas-passagens-policial-e-preso-furtando-chocolates-em-ribeirao-preto\">Source link <\/a><\/p>\n<!-- CONTENT END 1 -->\n","protected":false},"excerpt":{"rendered":"<p>Um professor m\u00e3o lisa de 47 anos, foi preso furtando chocolates de um supermercado situado no cruzamento da rua Capit\u00e3o Salom\u00e3o com a avenida Meira&#8230;<\/p>\n","protected":false},"author":1,"featured_media":26392,"comment_status":"open","ping_status":"open","sticky":false,"template":"","format":"standard","meta":{"advanced_seo_description":"","jetpack_seo_html_title":"","jetpack_seo_noindex":false,"jetpack_post_was_ever_published":false,"_jetpack_newsletter_access":"","_jetpack_dont_email_post_to_subs":false,"_jetpack_newsletter_tier_id":0,"_jetpack_memberships_contains_paywalled_content":false,"_jetpack_memberships_contains_paid_content":false,"footnotes":"","jetpack_publicize_message":"","jetpack_publicize_feature_enabled":true,"jetpack_social_post_already_shared":true,"jetpack_social_options":{"image_generator_settings":{"template":"highway","default_image_id":0,"font":"","enabled":false},"version":2}},"categories":[11],"tags":[3307,2350,2142,2367,1397,36,27,3306,26,43],"class_list":["post-26391","post","type-post","status-publish","format-standard","has-post-thumbnail","hentry","category-noticias-de-ribeirao-preto-sp-e-regiao-ismael-colosi","tag-chocolates","tag-diversas","tag-furtando","tag-passagens","tag-policial","tag-preso","tag-preto","tag-profesor","tag-ribeirao","tag-tudo"],"jetpack_publicize_connections":[],"jetpack_featured_media_url":"https:\/\/i0.wp.com\/noticiasribeiraopreto.com.br\/wp-content\/uploads\/2024\/01\/furto-chocolate.jpeg?fit=480%2C320&ssl=1","jetpack-related-posts":[{"id":28892,"url":"https:\/\/noticiasribeiraopreto.com.br\/index.php\/2024\/01\/16\/utm_sourcerssutm_mediumrssutm_campaigncasqueiros-sao-presos-furtando-fio-de-cobre-de-viaduto-recem-inaugurado-na-av-brasil\/","url_meta":{"origin":26391,"position":0},"title":"Casqueiros s\u00e3o presos furtando fio de cobre de viaduto rec\u00e9m inaugurado na Av. Brasil \u2013 X Tudo Ribeir\u00e3o","author":"noticiasribeiraopreto.com.br","date":"16 de January de 2024","format":false,"excerpt":"Dois casqueiros foram presos pela PM (Pol\u00edcia Militar) furtando fios de cobre de um viaduto rec\u00e9m inaugurado pela Prefeitura, na avenida Brasil, na zona Norte de Ribeir\u00e3o Preto.\u00a0 Segundo informa\u00e7\u00f5es da PM, durante o patrulhamento pela regi\u00e3o norte da cidade, os PMs foram avisados por populares que bandidos (casqueiros) estariam\u2026","rel":"","context":"In &quot;Not\u00edcias de Ribeir\u00e3o Preto-SP e Regi\u00e3o&quot;","block_context":{"text":"Not\u00edcias de Ribeir\u00e3o Preto-SP e Regi\u00e3o","link":"https:\/\/noticiasribeiraopreto.com.br\/index.php\/category\/noticias-de-ribeirao-preto-sp-e-regiao-ismael-colosi\/"},"img":{"alt_text":"","src":"https:\/\/i0.wp.com\/noticiasribeiraopreto.com.br\/wp-content\/uploads\/2024\/01\/WhatsApp-Image-2024-01-16-at-21.51.08-2.jpeg?fit=1200%2C900&ssl=1&resize=350%2C200","width":350,"height":200,"srcset":"https:\/\/i0.wp.com\/noticiasribeiraopreto.com.br\/wp-content\/uploads\/2024\/01\/WhatsApp-Image-2024-01-16-at-21.51.08-2.jpeg?fit=1200%2C900&ssl=1&resize=350%2C200 1x, https:\/\/i0.wp.com\/noticiasribeiraopreto.com.br\/wp-content\/uploads\/2024\/01\/WhatsApp-Image-2024-01-16-at-21.51.08-2.jpeg?fit=1200%2C900&ssl=1&resize=525%2C300 1.5x, https:\/\/i0.wp.com\/noticiasribeiraopreto.com.br\/wp-content\/uploads\/2024\/01\/WhatsApp-Image-2024-01-16-at-21.51.08-2.jpeg?fit=1200%2C900&ssl=1&resize=700%2C400 2x, https:\/\/i0.wp.com\/noticiasribeiraopreto.com.br\/wp-content\/uploads\/2024\/01\/WhatsApp-Image-2024-01-16-at-21.51.08-2.jpeg?fit=1200%2C900&ssl=1&resize=1050%2C600 3x"},"classes":[]},{"id":24554,"url":"https:\/\/noticiasribeiraopreto.com.br\/index.php\/2024\/01\/04\/utm_sourcerssutm_mediumrssutm_campaigno-churrasco-da-galera-precisou-ser-cancelado-apos-larapio-ser-pego-furtando-pecas-de-carne-no-amerelinhas-da-javari\/","url_meta":{"origin":26391,"position":1},"title":"O churrasco da galera precisou ser cancelado ap\u00f3s lar\u00e1pio ser pego furtando pe\u00e7as de carne no Amerelinhas da Javari \u2013 X Tudo Ribeir\u00e3o","author":"noticiasribeiraopreto.com.br","date":"4 de January de 2024","format":false,"excerpt":"O churrasco da galera foi CANCELADO, ap\u00f3s um lar\u00e1pio ser preso furtando 4 pe\u00e7as de carne na tarde desta quarta-feira (3\/1), no Supermercado Amarelinhas, situado na rua Javari, na zona Norte de Ribeir\u00e3o Preto.\u00a0 Segundo informa\u00e7\u00f5es obtidas pela REPORTAGEM DO X TUDO RIBEIR\u00c3O, funcion\u00e1rios do local acionaram \u00e0 PM (Pol\u00edcia\u2026","rel":"","context":"In &quot;Not\u00edcias de Ribeir\u00e3o Preto-SP e Regi\u00e3o&quot;","block_context":{"text":"Not\u00edcias de Ribeir\u00e3o Preto-SP e Regi\u00e3o","link":"https:\/\/noticiasribeiraopreto.com.br\/index.php\/category\/noticias-de-ribeirao-preto-sp-e-regiao-ismael-colosi\/"},"img":{"alt_text":"","src":"https:\/\/i0.wp.com\/noticiasribeiraopreto.com.br\/wp-content\/uploads\/2024\/01\/WhatsApp-Image-2024-01-04-at-15.45.19.jpeg?fit=1200%2C926&ssl=1&resize=350%2C200","width":350,"height":200,"srcset":"https:\/\/i0.wp.com\/noticiasribeiraopreto.com.br\/wp-content\/uploads\/2024\/01\/WhatsApp-Image-2024-01-04-at-15.45.19.jpeg?fit=1200%2C926&ssl=1&resize=350%2C200 1x, https:\/\/i0.wp.com\/noticiasribeiraopreto.com.br\/wp-content\/uploads\/2024\/01\/WhatsApp-Image-2024-01-04-at-15.45.19.jpeg?fit=1200%2C926&ssl=1&resize=525%2C300 1.5x, https:\/\/i0.wp.com\/noticiasribeiraopreto.com.br\/wp-content\/uploads\/2024\/01\/WhatsApp-Image-2024-01-04-at-15.45.19.jpeg?fit=1200%2C926&ssl=1&resize=700%2C400 2x, https:\/\/i0.wp.com\/noticiasribeiraopreto.com.br\/wp-content\/uploads\/2024\/01\/WhatsApp-Image-2024-01-04-at-15.45.19.jpeg?fit=1200%2C926&ssl=1&resize=1050%2C600 3x"},"classes":[]},{"id":26134,"url":"https:\/\/noticiasribeiraopreto.com.br\/index.php\/2024\/01\/09\/professor-e-preso-apos-tentar-furtar-42-barras-de-chocolate-em-ribeirao-preto\/","url_meta":{"origin":26391,"position":2},"title":"Professor \u00e9 preso ap\u00f3s tentar furtar 42 barras de chocolate em Ribeir\u00e3o Preto","author":"noticiasribeiraopreto.com.br","date":"9 de January de 2024","format":false,"excerpt":"Um professor, de 48 anos, foi preso ap\u00f3s tentar furtar 42 barras de chocolate em um supermercado nos Campos El\u00edseos, na zona Norte de Ribeir\u00e3o Preto, na tarde da \u00faltima segunda-feira (8). De acordo com o B.O. (boletim de ocorr\u00eancia), o acusado foi preso em flagrante ap\u00f3s os seguran\u00e7as do\u2026","rel":"","context":"In &quot;Not\u00edcias de Ribeir\u00e3o Preto-SP e Regi\u00e3o&quot;","block_context":{"text":"Not\u00edcias de Ribeir\u00e3o Preto-SP e Regi\u00e3o","link":"https:\/\/noticiasribeiraopreto.com.br\/index.php\/category\/noticias-de-ribeirao-preto-sp-e-regiao-ismael-colosi\/"},"img":{"alt_text":"","src":"https:\/\/i0.wp.com\/noticiasribeiraopreto.com.br\/wp-content\/uploads\/2024\/01\/chocolate-2-682x1024.jpg?fit=682%2C1024&ssl=1&resize=350%2C200","width":350,"height":200,"srcset":"https:\/\/i0.wp.com\/noticiasribeiraopreto.com.br\/wp-content\/uploads\/2024\/01\/chocolate-2-682x1024.jpg?fit=682%2C1024&ssl=1&resize=350%2C200 1x, https:\/\/i0.wp.com\/noticiasribeiraopreto.com.br\/wp-content\/uploads\/2024\/01\/chocolate-2-682x1024.jpg?fit=682%2C1024&ssl=1&resize=525%2C300 1.5x"},"classes":[]},{"id":79227,"url":"https:\/\/noticiasribeiraopreto.com.br\/index.php\/2025\/10\/27\/homem-e-flagrado-furtando-arvore-de-quase-dois-metros-em-ribeirao-preto-veja-video\/","url_meta":{"origin":26391,"position":3},"title":"Homem \u00e9 flagrado furtando \u00e1rvore de quase dois metros em Ribeir\u00e3o Preto; Veja v\u00eddeo","author":"noticiasribeiraopreto.com.br","date":"27 de October de 2025","format":false,"excerpt":"Um homem foi flagrado furtando um Cipreste Italiano na manh\u00e3 desta segunda-feira (27), na rua Jo\u00e3o Nogueira, no bairro Paulo Gomes Romeu, zona Oeste de Ribeir\u00e3o Preto. Segundo o morador, a \u00e1rvore, de aproximadamente dois metros e avaliada em cerca de R$ 250, estava em frente \u00e0 sua resid\u00eancia e\u2026","rel":"","context":"In &quot;Not\u00edcias de Ribeir\u00e3o Preto-SP e Regi\u00e3o&quot;","block_context":{"text":"Not\u00edcias de Ribeir\u00e3o Preto-SP e Regi\u00e3o","link":"https:\/\/noticiasribeiraopreto.com.br\/index.php\/category\/noticias-de-ribeirao-preto-sp-e-regiao-ismael-colosi\/"},"img":{"alt_text":"","src":"https:\/\/i0.wp.com\/noticiasribeiraopreto.com.br\/wp-content\/uploads\/2025\/10\/Copia-de-Copia-de-Copia-de-TAMANHO-EXATO-PARA-FOTOS-NO-SISTEMA-NOVO-2025-10-27T173457.691_2025-10-27_20-35-49.webp.webp?fit=1200%2C675&ssl=1&resize=350%2C200","width":350,"height":200,"srcset":"https:\/\/i0.wp.com\/noticiasribeiraopreto.com.br\/wp-content\/uploads\/2025\/10\/Copia-de-Copia-de-Copia-de-TAMANHO-EXATO-PARA-FOTOS-NO-SISTEMA-NOVO-2025-10-27T173457.691_2025-10-27_20-35-49.webp.webp?fit=1200%2C675&ssl=1&resize=350%2C200 1x, https:\/\/i0.wp.com\/noticiasribeiraopreto.com.br\/wp-content\/uploads\/2025\/10\/Copia-de-Copia-de-Copia-de-TAMANHO-EXATO-PARA-FOTOS-NO-SISTEMA-NOVO-2025-10-27T173457.691_2025-10-27_20-35-49.webp.webp?fit=1200%2C675&ssl=1&resize=525%2C300 1.5x, https:\/\/i0.wp.com\/noticiasribeiraopreto.com.br\/wp-content\/uploads\/2025\/10\/Copia-de-Copia-de-Copia-de-TAMANHO-EXATO-PARA-FOTOS-NO-SISTEMA-NOVO-2025-10-27T173457.691_2025-10-27_20-35-49.webp.webp?fit=1200%2C675&ssl=1&resize=700%2C400 2x, https:\/\/i0.wp.com\/noticiasribeiraopreto.com.br\/wp-content\/uploads\/2025\/10\/Copia-de-Copia-de-Copia-de-TAMANHO-EXATO-PARA-FOTOS-NO-SISTEMA-NOVO-2025-10-27T173457.691_2025-10-27_20-35-49.webp.webp?fit=1200%2C675&ssl=1&resize=1050%2C600 3x"},"classes":[]},{"id":60109,"url":"https:\/\/noticiasribeiraopreto.com.br\/index.php\/2024\/11\/06\/cachorro-e-flagrado-furtando-padaria-no-interior-de-sao-paulo-veja-o-video\/","url_meta":{"origin":26391,"position":4},"title":"Cachorro \u00e9 flagrado \u2018furtando\u2019 padaria no interior de S\u00e3o Paulo; Veja o v\u00eddeo","author":"noticiasribeiraopreto.com.br","date":"6 de November de 2024","format":false,"excerpt":"Uma c\u00e2mera de seguran\u00e7a flagrou na manh\u00e3 desta segunda-feira (4), \u00e0s 6h, um cachorro \u201cfurtando\u201d um saco de biscoitos de uma padaria, em S\u00e3o Joaquim da Barra, cidade na regi\u00e3o de Ribeir\u00e3o Preto \u2013 veja o v\u00eddeo. Nas imagens \u00e9 poss\u00edvel ver que o estabelecimento funcionava normalmente quando o c\u00e3o\u2026","rel":"","context":"In &quot;Not\u00edcias de Ribeir\u00e3o Preto-SP e Regi\u00e3o&quot;","block_context":{"text":"Not\u00edcias de Ribeir\u00e3o Preto-SP e Regi\u00e3o","link":"https:\/\/noticiasribeiraopreto.com.br\/index.php\/category\/noticias-de-ribeirao-preto-sp-e-regiao-ismael-colosi\/"},"img":{"alt_text":"","src":"https:\/\/i0.wp.com\/noticiasribeiraopreto.com.br\/wp-content\/uploads\/2024\/11\/furto-padaria_2024-11-06_13-56-36_jpeg_2024-11-06_13-56-36.webp.webp?fit=801%2C372&ssl=1&resize=350%2C200","width":350,"height":200,"srcset":"https:\/\/i0.wp.com\/noticiasribeiraopreto.com.br\/wp-content\/uploads\/2024\/11\/furto-padaria_2024-11-06_13-56-36_jpeg_2024-11-06_13-56-36.webp.webp?fit=801%2C372&ssl=1&resize=350%2C200 1x, https:\/\/i0.wp.com\/noticiasribeiraopreto.com.br\/wp-content\/uploads\/2024\/11\/furto-padaria_2024-11-06_13-56-36_jpeg_2024-11-06_13-56-36.webp.webp?fit=801%2C372&ssl=1&resize=525%2C300 1.5x, https:\/\/i0.wp.com\/noticiasribeiraopreto.com.br\/wp-content\/uploads\/2024\/11\/furto-padaria_2024-11-06_13-56-36_jpeg_2024-11-06_13-56-36.webp.webp?fit=801%2C372&ssl=1&resize=700%2C400 2x"},"classes":[]},{"id":9809,"url":"https:\/\/noticiasribeiraopreto.com.br\/index.php\/2023\/12\/02\/utm_sourcerssutm_mediumrssutm_campaignhomem-e-preso-apos-matar-bandido-que-furtava-medidor-de-energia-em-ribeirao-preto\/","url_meta":{"origin":26391,"position":5},"title":"Homem \u00e9 preso ap\u00f3s matar bandido que furtava medidor de energia em Ribeir\u00e3o Preto \u2013 X Tudo Ribeir\u00e3o","author":"noticiasribeiraopreto.com.br","date":"2 de December de 2023","format":false,"excerpt":"Um homem foi preso pela Pol\u00edcia na tarde deste s\u00e1bado (2\/12), ap\u00f3s matar um bandido a tiros durante um furto pela manh\u00e3 no bairro Planalto Verde, na zona Oeste de Ribeir\u00e3o Preto. Segundo informa\u00e7\u00f5es da Pol\u00edcia, no come\u00e7o da tarde populares acionaram os Policiais versando sobre um corpo encontrado em\u2026","rel":"","context":"In &quot;Not\u00edcias de Ribeir\u00e3o Preto-SP e Regi\u00e3o&quot;","block_context":{"text":"Not\u00edcias de Ribeir\u00e3o Preto-SP e Regi\u00e3o","link":"https:\/\/noticiasribeiraopreto.com.br\/index.php\/category\/noticias-de-ribeirao-preto-sp-e-regiao-ismael-colosi\/"},"img":{"alt_text":"","src":"https:\/\/i0.wp.com\/noticiasribeiraopreto.com.br\/wp-content\/uploads\/2023\/12\/WhatsApp-Image-2023-12-02-at-22.20.29.jpeg?fit=1200%2C537&ssl=1&resize=350%2C200","width":350,"height":200,"srcset":"https:\/\/i0.wp.com\/noticiasribeiraopreto.com.br\/wp-content\/uploads\/2023\/12\/WhatsApp-Image-2023-12-02-at-22.20.29.jpeg?fit=1200%2C537&ssl=1&resize=350%2C200 1x, https:\/\/i0.wp.com\/noticiasribeiraopreto.com.br\/wp-content\/uploads\/2023\/12\/WhatsApp-Image-2023-12-02-at-22.20.29.jpeg?fit=1200%2C537&ssl=1&resize=525%2C300 1.5x, https:\/\/i0.wp.com\/noticiasribeiraopreto.com.br\/wp-content\/uploads\/2023\/12\/WhatsApp-Image-2023-12-02-at-22.20.29.jpeg?fit=1200%2C537&ssl=1&resize=700%2C400 2x, https:\/\/i0.wp.com\/noticiasribeiraopreto.com.br\/wp-content\/uploads\/2023\/12\/WhatsApp-Image-2023-12-02-at-22.20.29.jpeg?fit=1200%2C537&ssl=1&resize=1050%2C600 3x"},"classes":[]}],"jetpack_sharing_enabled":true,"jetpack_shortlink":"https:\/\/wp.me\/peQAOb-6RF","_links":{"self":[{"href":"https:\/\/noticiasribeiraopreto.com.br\/index.php\/wp-json\/wp\/v2\/posts\/26391","targetHints":{"allow":["GET"]}}],"collection":[{"href":"https:\/\/noticiasribeiraopreto.com.br\/index.php\/wp-json\/wp\/v2\/posts"}],"about":[{"href":"https:\/\/noticiasribeiraopreto.com.br\/index.php\/wp-json\/wp\/v2\/types\/post"}],"author":[{"embeddable":true,"href":"https:\/\/noticiasribeiraopreto.com.br\/index.php\/wp-json\/wp\/v2\/users\/1"}],"replies":[{"embeddable":true,"href":"https:\/\/noticiasribeiraopreto.com.br\/index.php\/wp-json\/wp\/v2\/comments?post=26391"}],"version-history":[{"count":0,"href":"https:\/\/noticiasribeiraopreto.com.br\/index.php\/wp-json\/wp\/v2\/posts\/26391\/revisions"}],"wp:featuredmedia":[{"embeddable":true,"href":"https:\/\/noticiasribeiraopreto.com.br\/index.php\/wp-json\/wp\/v2\/media\/26392"}],"wp:attachment":[{"href":"https:\/\/noticiasribeiraopreto.com.br\/index.php\/wp-json\/wp\/v2\/media?parent=26391"}],"wp:term":[{"taxonomy":"category","embeddable":true,"href":"https:\/\/noticiasribeiraopreto.com.br\/index.php\/wp-json\/wp\/v2\/categories?post=26391"},{"taxonomy":"post_tag","embeddable":true,"href":"https:\/\/noticiasribeiraopreto.com.br\/index.php\/wp-json\/wp\/v2\/tags?post=26391"}],"curies":[{"name":"wp","href":"https:\/\/api.w.org\/{rel}","templated":true}]}}