{"id":26397,"date":"2024-01-09T22:39:51","date_gmt":"2024-01-10T01:39:51","guid":{"rendered":"https:\/\/noticiasribeiraopreto.com.br\/index.php\/2024\/01\/09\/homem-que-tera-dedo-amputado-apos-picada-de-aranha-denuncia-negligencia-medica\/"},"modified":"2024-01-09T22:39:51","modified_gmt":"2024-01-10T01:39:51","slug":"homem-que-tera-dedo-amputado-apos-picada-de-aranha-denuncia-negligencia-medica","status":"publish","type":"post","link":"https:\/\/noticiasribeiraopreto.com.br\/index.php\/2024\/01\/09\/homem-que-tera-dedo-amputado-apos-picada-de-aranha-denuncia-negligencia-medica\/","title":{"rendered":"Homem que ter\u00e1 dedo amputado ap\u00f3s picada de aranha denuncia neglig\u00eancia m\u00e9dica"},"content":{"rendered":"<div class='code-block code-block-1' style='margin: 8px 0 8px auto; text-align: right; display: block; clear: both;'>\n<p><a href=\"https:\/\/wa.link\/vpicfd\"><img data-recalc-dims=\"1\" class=\"wp-image-4922\" style=\"aspect-ratio: 2.0253164556962027; width: 561px; height: auto;\" src=\"https:\/\/i0.wp.com\/ismaelcolosi.com.br\/wp-content\/uploads\/2023\/11\/grupo-de-empregos-whatsapp-e-facebook-ismael-colosi-vagas.jpg?ssl=1\" alt=\"\" \/><\/a><\/p>\n<!-- \/wp:image -->\n<\/div>\n<p> <br \/>\n<\/p>\n<div itemprop=\"text\">\n<p>Lidar com pe\u00e7onhas de animais pode ser um desafio muito grande e, em muitos casos, os riscos podem ser fatais. Um caso registrado na Praia Grande, no litoral sul de S\u00e3o Paulo, tem chamado a aten\u00e7\u00e3o.<\/p>\n<p>A v\u00edtima foi identificada como Wilker Guimar\u00e3es. Segundo relat\u00f3rios m\u00e9dicos, Guimar\u00e3es vai precisar ter um dedo amputado em raz\u00e3o da picada de uma aranha, que comprometeu totalmente o membro.<\/p>\n<p>Wilker estava dormindo quando foi picado, no \u00faltimo dia 28 de dezembro. O homem procurou atendimento tr\u00eas vezes em Unidades de Pronto Atendimento (UPAs), at\u00e9 que finalmente recebeu o soro.<\/p>\n<p>A lentid\u00e3o n atendimento pode ter sido importante para o triste desfecho. Depois de receber o soro apenas no terceiro atendimento, Wilker agora esta internado no Hospital Irm\u00e3 Dulce.<\/p>\n<p>Para Wilker, n\u00e3o h\u00e1 d\u00favidas de que ele tenha sido v\u00edtima de neglig\u00eancia m\u00e9dica.<b> \u201cLevei a picada e ap\u00f3s 2 horas fui ao m\u00e9dico. Ele [m\u00e9dico] falou que poderia ter sido de aranha ou escorpi\u00e3o\u201d<\/b>, contou.<\/p>\n<p>Ainda segundo Wilker, ele voltou para casa e encontrou aranha. Diante da descoberta, retornou \u00e0 UPA e explicou o que havia encontrado, mas recebeu receitas apenas para antibi\u00f3ticos.<\/p>\n<p>Insatisfeito com o atendimento, e assistindo seu dedo ficar roxo, ele procurou atendimento em outra unidade. L\u00e1, o problema foi observado por uma enfermeira e a equipe m\u00e9dica decidiu transferir o paciente para uma terceira unidade, onde havia disponibilidade do soro.<\/p>\n<p>Ainda assim, ap\u00f3s receber o soro tardiamente, foi imposs\u00edvel salvar o dedo do paciente.<\/p>\n<\/div>\n<p><br \/>\n<br \/><a href=\"https:\/\/fnmais.com\/homem-que-tera-dedo-amputado-apos-picada-aranha-denuncia-negligencia-medica\/\">Source link <\/a><\/p>\n<!-- CONTENT END 1 -->\n","protected":false},"excerpt":{"rendered":"<p>Lidar com pe\u00e7onhas de animais pode ser um desafio muito grande e, em muitos casos, os riscos podem ser fatais. Um caso registrado na Praia&#8230;<\/p>\n","protected":false},"author":1,"featured_media":26398,"comment_status":"open","ping_status":"open","sticky":false,"template":"","format":"standard","meta":{"advanced_seo_description":"","jetpack_seo_html_title":"","jetpack_seo_noindex":false,"jetpack_post_was_ever_published":false,"_jetpack_newsletter_access":"","_jetpack_dont_email_post_to_subs":false,"_jetpack_newsletter_tier_id":0,"_jetpack_memberships_contains_paywalled_content":false,"_jetpack_memberships_contains_paid_content":false,"footnotes":"","jetpack_publicize_message":"","jetpack_publicize_feature_enabled":true,"jetpack_social_post_already_shared":true,"jetpack_social_options":{"image_generator_settings":{"template":"highway","default_image_id":0,"font":"","enabled":false},"version":2}},"categories":[1],"tags":[],"class_list":["post-26397","post","type-post","status-publish","format-standard","has-post-thumbnail","hentry","category-blog"],"jetpack_publicize_connections":[],"jetpack_featured_media_url":"https:\/\/i0.wp.com\/noticiasribeiraopreto.com.br\/wp-content\/uploads\/2024\/01\/postimg-659ded9ed1d715173.jpg?fit=1200%2C628&ssl=1","jetpack-related-posts":[{"id":12166,"url":"https:\/\/noticiasribeiraopreto.com.br\/index.php\/2023\/12\/07\/homem-morre-em-decorrencia-de-picada-de-cobra\/","url_meta":{"origin":26397,"position":0},"title":"Homem morre em decorr\u00eancia de picada de cobra","author":"noticiasribeiraopreto.com.br","date":"7 de December de 2023","format":false,"excerpt":"V\u00edtima foi picada por cobra em Batatais, ficou internada por oito dias, mas n\u00e3o resistiu aos ferimentos 7 de dezembro de 2023 | 15:14 0Por: Adalberto LuqueUm idoso de 70 anos morreu, no final da tarde desta quarta-feira (06), em decorr\u00eancia de uma picada de cobra. O ataque do animal\u2026","rel":"","context":"In &quot;Not\u00edcias de Ribeir\u00e3o Preto-SP e Regi\u00e3o&quot;","block_context":{"text":"Not\u00edcias de Ribeir\u00e3o Preto-SP e Regi\u00e3o","link":"https:\/\/noticiasribeiraopreto.com.br\/index.php\/category\/noticias-de-ribeirao-preto-sp-e-regiao-ismael-colosi\/"},"img":{"alt_text":"","src":"https:\/\/i0.wp.com\/noticiasribeiraopreto.com.br\/wp-content\/uploads\/2023\/12\/LUQUE-Samu-02-Foto-Alfredo-Risk-scaled.jpg?fit=1200%2C800&ssl=1&resize=350%2C200","width":350,"height":200,"srcset":"https:\/\/i0.wp.com\/noticiasribeiraopreto.com.br\/wp-content\/uploads\/2023\/12\/LUQUE-Samu-02-Foto-Alfredo-Risk-scaled.jpg?fit=1200%2C800&ssl=1&resize=350%2C200 1x, https:\/\/i0.wp.com\/noticiasribeiraopreto.com.br\/wp-content\/uploads\/2023\/12\/LUQUE-Samu-02-Foto-Alfredo-Risk-scaled.jpg?fit=1200%2C800&ssl=1&resize=525%2C300 1.5x, https:\/\/i0.wp.com\/noticiasribeiraopreto.com.br\/wp-content\/uploads\/2023\/12\/LUQUE-Samu-02-Foto-Alfredo-Risk-scaled.jpg?fit=1200%2C800&ssl=1&resize=700%2C400 2x, https:\/\/i0.wp.com\/noticiasribeiraopreto.com.br\/wp-content\/uploads\/2023\/12\/LUQUE-Samu-02-Foto-Alfredo-Risk-scaled.jpg?fit=1200%2C800&ssl=1&resize=1050%2C600 3x"},"classes":[]},{"id":71942,"url":"https:\/\/noticiasribeiraopreto.com.br\/index.php\/2025\/06\/11\/jornal-da-franca-acif-reune-mais-de-200-profissionais-no-jantar-dos-contadores-deste-ano\/","url_meta":{"origin":26397,"position":1},"title":"Jornal da Franca &#8211; ACIF re\u00fane mais de 200 profissionais no Jantar dos Contadores deste ano","author":"noticiasribeiraopreto.com.br","date":"11 de June de 2025","format":false,"excerpt":"compartilhar no whatsapp compartilhar no telegram compartilhar no facebook compartilhar no linkedin Evento dos profissionais aconteceu na \u00faltima segunda-feira, em parceria com a Certisign, Sicredi, Assescofran e Allmark Mais de 200 profissionais estiveram no Jantar dos Contadores 2025 (Foto: Wilker Maia\/Acif) Mais de 200 profissionais de Franca e regi\u00e3o ligados\u2026","rel":"","context":"In &quot;Not\u00edcias de Franca-SP&quot;","block_context":{"text":"Not\u00edcias de Franca-SP","link":"https:\/\/noticiasribeiraopreto.com.br\/index.php\/category\/noticias-de-ribeirao-preto-sp-e-regiao-ismael-colosi\/noticias-franca-sp\/"},"img":{"alt_text":"","src":"https:\/\/i0.wp.com\/noticiasribeiraopreto.com.br\/wp-content\/uploads\/2025\/06\/Capa-1.jpg?fit=1200%2C800&ssl=1&resize=350%2C200","width":350,"height":200,"srcset":"https:\/\/i0.wp.com\/noticiasribeiraopreto.com.br\/wp-content\/uploads\/2025\/06\/Capa-1.jpg?fit=1200%2C800&ssl=1&resize=350%2C200 1x, https:\/\/i0.wp.com\/noticiasribeiraopreto.com.br\/wp-content\/uploads\/2025\/06\/Capa-1.jpg?fit=1200%2C800&ssl=1&resize=525%2C300 1.5x, https:\/\/i0.wp.com\/noticiasribeiraopreto.com.br\/wp-content\/uploads\/2025\/06\/Capa-1.jpg?fit=1200%2C800&ssl=1&resize=700%2C400 2x, https:\/\/i0.wp.com\/noticiasribeiraopreto.com.br\/wp-content\/uploads\/2025\/06\/Capa-1.jpg?fit=1200%2C800&ssl=1&resize=1050%2C600 3x"},"classes":[]},{"id":4470,"url":"https:\/\/noticiasribeiraopreto.com.br\/index.php\/2023\/11\/21\/menino-de-2-anos-morre-apos-ser-picado-por-animal-peconhento-em-acampamento-com-a-familia-em-sp\/","url_meta":{"origin":26397,"position":2},"title":"Menino de 2 anos morre ap\u00f3s ser picado por animal pe\u00e7onhento em acampamento com a fam\u00edlia em SP","author":"noticiasribeiraopreto.com.br","date":"21 de November de 2023","format":false,"excerpt":"Uma crian\u00e7a de apenas 2 anos acabou indo a \u00f3bito ap\u00f3s receber uma picada de uma cobra cascavel. O tr\u00e1gico epis\u00f3dio aconteceu. A v\u00edtima foi identificada como Gael Henry Jesus Ribeiro.O menino estava em um acampamento de pesca chamado Angico na companhia da fam\u00edlia. Em determinado momento, ele foi com\u2026","rel":"","context":"In &quot;Blog&quot;","block_context":{"text":"Blog","link":"https:\/\/noticiasribeiraopreto.com.br\/index.php\/category\/blog\/"},"img":{"alt_text":"","src":"https:\/\/i0.wp.com\/noticiasribeiraopreto.com.br\/wp-content\/uploads\/2023\/11\/postimg-655cd70dbc0da5018.jpg?fit=1200%2C628&ssl=1&resize=350%2C200","width":350,"height":200,"srcset":"https:\/\/i0.wp.com\/noticiasribeiraopreto.com.br\/wp-content\/uploads\/2023\/11\/postimg-655cd70dbc0da5018.jpg?fit=1200%2C628&ssl=1&resize=350%2C200 1x, https:\/\/i0.wp.com\/noticiasribeiraopreto.com.br\/wp-content\/uploads\/2023\/11\/postimg-655cd70dbc0da5018.jpg?fit=1200%2C628&ssl=1&resize=525%2C300 1.5x, https:\/\/i0.wp.com\/noticiasribeiraopreto.com.br\/wp-content\/uploads\/2023\/11\/postimg-655cd70dbc0da5018.jpg?fit=1200%2C628&ssl=1&resize=700%2C400 2x, https:\/\/i0.wp.com\/noticiasribeiraopreto.com.br\/wp-content\/uploads\/2023\/11\/postimg-655cd70dbc0da5018.jpg?fit=1200%2C628&ssl=1&resize=1050%2C600 3x"},"classes":[]},{"id":6609,"url":"https:\/\/noticiasribeiraopreto.com.br\/index.php\/2023\/11\/26\/acidentes-com-escorpioes-aumentam\/","url_meta":{"origin":26397,"position":3},"title":"Acidentes com escorpi\u00f5es aumentam &#8211; Jornal Tribuna Ribeir\u00e3o","author":"noticiasribeiraopreto.com.br","date":"26 de November de 2023","format":false,"excerpt":"Por: Adalberto Luque\u00a0Kau\u00e3 foi picado duas vezes na zona Norte da cidade e morreu no hospital (Foto: Redes Sociais)\u00a0Kau\u00e3 Silva, de 6 anos, estava dormindo em sua casa, na Vila Carvalho, zona Norte de Ribeir\u00e3o Preto. Era madrugada de 19 de agosto, quando o garoto se levantou para ir ao\u2026","rel":"","context":"In &quot;Not\u00edcias de Ribeir\u00e3o Preto-SP e Regi\u00e3o&quot;","block_context":{"text":"Not\u00edcias de Ribeir\u00e3o Preto-SP e Regi\u00e3o","link":"https:\/\/noticiasribeiraopreto.com.br\/index.php\/category\/noticias-de-ribeirao-preto-sp-e-regiao-ismael-colosi\/"},"img":{"alt_text":"","src":"https:\/\/i0.wp.com\/noticiasribeiraopreto.com.br\/wp-content\/uploads\/2023\/11\/escorpiao-1.jpg?fit=800%2C533&ssl=1&resize=350%2C200","width":350,"height":200,"srcset":"https:\/\/i0.wp.com\/noticiasribeiraopreto.com.br\/wp-content\/uploads\/2023\/11\/escorpiao-1.jpg?fit=800%2C533&ssl=1&resize=350%2C200 1x, https:\/\/i0.wp.com\/noticiasribeiraopreto.com.br\/wp-content\/uploads\/2023\/11\/escorpiao-1.jpg?fit=800%2C533&ssl=1&resize=525%2C300 1.5x, https:\/\/i0.wp.com\/noticiasribeiraopreto.com.br\/wp-content\/uploads\/2023\/11\/escorpiao-1.jpg?fit=800%2C533&ssl=1&resize=700%2C400 2x"},"classes":[]},{"id":32540,"url":"https:\/\/noticiasribeiraopreto.com.br\/index.php\/2024\/01\/25\/fora-do-tom-como-o-bonus-milionario-do-homem-aranha-foi-parar-na-conta-do-ator-de-white-lotus-por-engano\/","url_meta":{"origin":26397,"position":4},"title":"Fora do Tom: como o b\u00f4nus milion\u00e1rio do Homem-Aranha foi parar na conta do ator de White Lotus por engano","author":"noticiasribeiraopreto.com.br","date":"25 de January de 2024","format":false,"excerpt":"Imagine consultar a conta banc\u00e1ria e perceber que o saldo aumentou em US$ 1 milh\u00e3o \u2014 uma quantia consider\u00e1vel at\u00e9 mesmo para uma estrela de Hollywood. E foi exatamente o que aconteceu com o ator da s\u00e9rie White Lotus. Um \u201cerro de Tom\u201d foi o respons\u00e1vel pelo equ\u00edvoco milion\u00e1rio.\u00a0 Tom\u2026","rel":"","context":"In &quot;Dinheiro e Investimento&quot;","block_context":{"text":"Dinheiro e Investimento","link":"https:\/\/noticiasribeiraopreto.com.br\/index.php\/category\/dinheiro-e-investimento-como-fazer-como-ganhar\/"},"img":{"alt_text":"","src":"https:\/\/i0.wp.com\/noticiasribeiraopreto.com.br\/wp-content\/uploads\/2024\/01\/White-Lotus-Homem-Aranha-715x402.jpg?fit=715%2C402&ssl=1&resize=350%2C200","width":350,"height":200,"srcset":"https:\/\/i0.wp.com\/noticiasribeiraopreto.com.br\/wp-content\/uploads\/2024\/01\/White-Lotus-Homem-Aranha-715x402.jpg?fit=715%2C402&ssl=1&resize=350%2C200 1x, https:\/\/i0.wp.com\/noticiasribeiraopreto.com.br\/wp-content\/uploads\/2024\/01\/White-Lotus-Homem-Aranha-715x402.jpg?fit=715%2C402&ssl=1&resize=525%2C300 1.5x, https:\/\/i0.wp.com\/noticiasribeiraopreto.com.br\/wp-content\/uploads\/2024\/01\/White-Lotus-Homem-Aranha-715x402.jpg?fit=715%2C402&ssl=1&resize=700%2C400 2x"},"classes":[]},{"id":35674,"url":"https:\/\/noticiasribeiraopreto.com.br\/index.php\/2024\/02\/07\/ataques-de-escorpioes-batem-recorde-em-sp\/","url_meta":{"origin":26397,"position":5},"title":"Ataques de escorpi\u00f5es batem recorde em SP\u00a0","author":"noticiasribeiraopreto.com.br","date":"7 de February de 2024","format":false,"excerpt":"6 de fevereiro de 2024 | 16:006 de fevereiro de 2024 | 8:48 0O Estado de S\u00e3o Paulo registrou um recorde hist\u00f3rico de ataques de escorpi\u00f5es em 2023, com 49.381 casos, segundo a Secretaria Estadual de Sa\u00fade. O n\u00famero de ocorr\u00eancias \u00e9 o mais alto desde 1988, quando foi iniciada\u2026","rel":"","context":"In &quot;Not\u00edcias de Ribeir\u00e3o Preto-SP e Regi\u00e3o&quot;","block_context":{"text":"Not\u00edcias de Ribeir\u00e3o Preto-SP e Regi\u00e3o","link":"https:\/\/noticiasribeiraopreto.com.br\/index.php\/category\/noticias-de-ribeirao-preto-sp-e-regiao-ismael-colosi\/"},"img":{"alt_text":"","src":"https:\/\/i0.wp.com\/noticiasribeiraopreto.com.br\/wp-content\/uploads\/2024\/02\/EscorSP-Redes-sociais-Reproducao-scaled.jpg?fit=968%2C645&ssl=1&resize=350%2C200","width":350,"height":200,"srcset":"https:\/\/i0.wp.com\/noticiasribeiraopreto.com.br\/wp-content\/uploads\/2024\/02\/EscorSP-Redes-sociais-Reproducao-scaled.jpg?fit=968%2C645&ssl=1&resize=350%2C200 1x, https:\/\/i0.wp.com\/noticiasribeiraopreto.com.br\/wp-content\/uploads\/2024\/02\/EscorSP-Redes-sociais-Reproducao-scaled.jpg?fit=968%2C645&ssl=1&resize=525%2C300 1.5x, https:\/\/i0.wp.com\/noticiasribeiraopreto.com.br\/wp-content\/uploads\/2024\/02\/EscorSP-Redes-sociais-Reproducao-scaled.jpg?fit=968%2C645&ssl=1&resize=700%2C400 2x"},"classes":[]}],"jetpack_sharing_enabled":true,"jetpack_shortlink":"https:\/\/wp.me\/peQAOb-6RL","_links":{"self":[{"href":"https:\/\/noticiasribeiraopreto.com.br\/index.php\/wp-json\/wp\/v2\/posts\/26397","targetHints":{"allow":["GET"]}}],"collection":[{"href":"https:\/\/noticiasribeiraopreto.com.br\/index.php\/wp-json\/wp\/v2\/posts"}],"about":[{"href":"https:\/\/noticiasribeiraopreto.com.br\/index.php\/wp-json\/wp\/v2\/types\/post"}],"author":[{"embeddable":true,"href":"https:\/\/noticiasribeiraopreto.com.br\/index.php\/wp-json\/wp\/v2\/users\/1"}],"replies":[{"embeddable":true,"href":"https:\/\/noticiasribeiraopreto.com.br\/index.php\/wp-json\/wp\/v2\/comments?post=26397"}],"version-history":[{"count":0,"href":"https:\/\/noticiasribeiraopreto.com.br\/index.php\/wp-json\/wp\/v2\/posts\/26397\/revisions"}],"wp:featuredmedia":[{"embeddable":true,"href":"https:\/\/noticiasribeiraopreto.com.br\/index.php\/wp-json\/wp\/v2\/media\/26398"}],"wp:attachment":[{"href":"https:\/\/noticiasribeiraopreto.com.br\/index.php\/wp-json\/wp\/v2\/media?parent=26397"}],"wp:term":[{"taxonomy":"category","embeddable":true,"href":"https:\/\/noticiasribeiraopreto.com.br\/index.php\/wp-json\/wp\/v2\/categories?post=26397"},{"taxonomy":"post_tag","embeddable":true,"href":"https:\/\/noticiasribeiraopreto.com.br\/index.php\/wp-json\/wp\/v2\/tags?post=26397"}],"curies":[{"name":"wp","href":"https:\/\/api.w.org\/{rel}","templated":true}]}}