{"id":26417,"date":"2024-01-10T00:17:04","date_gmt":"2024-01-10T03:17:04","guid":{"rendered":"https:\/\/noticiasribeiraopreto.com.br\/index.php\/2024\/01\/10\/5-meses-apos-bariatrica-jojo-toddynho-faz-balanco-e-comemora-resultados-video\/"},"modified":"2024-01-10T00:17:04","modified_gmt":"2024-01-10T03:17:04","slug":"5-meses-apos-bariatrica-jojo-toddynho-faz-balanco-e-comemora-resultados-video","status":"publish","type":"post","link":"https:\/\/noticiasribeiraopreto.com.br\/index.php\/2024\/01\/10\/5-meses-apos-bariatrica-jojo-toddynho-faz-balanco-e-comemora-resultados-video\/","title":{"rendered":"5 meses ap\u00f3s bari\u00e1trica, Jojo Toddynho faz balan\u00e7o e comemora resultados; video"},"content":{"rendered":"<div class='code-block code-block-1' style='margin: 8px 0 8px auto; text-align: right; display: block; clear: both;'>\n<p><a href=\"https:\/\/wa.link\/vpicfd\"><img data-recalc-dims=\"1\" class=\"wp-image-4922\" style=\"aspect-ratio: 2.0253164556962027; width: 561px; height: auto;\" src=\"https:\/\/i0.wp.com\/ismaelcolosi.com.br\/wp-content\/uploads\/2023\/11\/grupo-de-empregos-whatsapp-e-facebook-ismael-colosi-vagas.jpg?ssl=1\" alt=\"\" \/><\/a><\/p>\n<!-- \/wp:image -->\n<\/div>\n<p> <br \/>\n<\/p>\n<div itemprop=\"text\">\n<p>H\u00e1 cinco meses atr\u00e1s, Jojo Todynho tomou a importante decis\u00e3o de se submeter a cirurgia de redu\u00e7\u00e3o de est\u00f4mago, a bari\u00e1trica. A decis\u00e3o, como a pr\u00f3pria cantora j\u00e1 comentou, n\u00e3o foi f\u00e1cil.<\/p>\n<p>Inicialmente, Jojo havia decidido n\u00e3o passar pela cirurgia e tentar perder peso atrav\u00e9s de reeduca\u00e7\u00e3o alimentar e mudan\u00e7a de h\u00e1bitos, adicionando exerc\u00edcios f\u00edsicos \u00e0 sua rotina.<\/p>\n<p>No entanto, depois de ter aderido as mudan\u00e7as e passado por alguns profissionais, a cantora decidiu fazer a cirurgia. Sabendo de seu poder de influ\u00eancia, Jojo \u00e9 sempre muito cuidadosa ao falar sobre sua experi\u00eancia.<\/p>\n<p>Nessa semana, a cantora comentou sobre a cirurgia e ressaltou que j\u00e1 se passaram cinco meses. Jojo j\u00e1 comemorou algumas conquistas desde que passou pelo procedimento e voltou a fazer um balan\u00e7o.<\/p>\n<p>Jojo destacou que chegou aos 100kg, ap\u00f3s ter pesado mais de 150kg. Para a cantora, a proje\u00e7\u00e3o \u00e9 positiva e Jojo ainda comentou que espera comemorar o carnaval pesando um n\u00famero de dois d\u00edgitos.<\/p>\n<blockquote class=\"instagram-media\" style=\"background: #FFF; border: 0; border-radius: 3px; box-shadow: 0 0 1px 0 rgba(0,0,0,0.5),0 1px 10px 0 rgba(0,0,0,0.15); margin: 1px; max-width: 540px; min-width: 326px; padding: 0; width: calc(100% - 2px);\" data-instgrm-permalink=\"https:\/\/www.instagram.com\/p\/C14T6rAuOUi\/?utm_source=ig_embed&amp;utm_campaign=loading\" data-instgrm-version=\"14\">\n<p>\u00a0<\/p>\n<p>Ver essa foto no Instagram<\/p>\n<p>\u00a0<\/p>\n<p style=\"color: #c9c8cd; font-family: Arial,sans-serif; font-size: 14px; line-height: 17px; margin-bottom: 0; margin-top: 8px; overflow: hidden; padding: 8px 0 7px; text-align: center; text-overflow: ellipsis; white-space: nowrap;\"><a style=\"color: #c9c8cd; font-family: Arial,sans-serif; font-size: 14px; font-style: normal; font-weight: normal; line-height: 17px; text-decoration: none;\" href=\"https:\/\/www.instagram.com\/p\/C14T6rAuOUi\/?utm_source=ig_embed&amp;utm_campaign=loading\" target=\"_blank\" rel=\"noopener\">Uma publica\u00e7\u00e3o compartilhada por Segue a Cami (@segueacami)<\/a><\/p>\n<\/blockquote>\n<p>Apesar de comemorar muito suas conquistas, a cantora tenta ser sempre muito realista sobre os impactos da cirurgia e n\u00e3o foi diferente dessa vez. A cantora falou sobre sua sa\u00fade.<\/p>\n<p>\u201c<b>Vim fazer o meu soro. Tem que fazer reposi\u00e7\u00e3o de soro, tem que fazer reposi\u00e7\u00e3o de ferro, tem que fazer [reposi\u00e7\u00e3o de] amino\u00e1cido, tem que treinar, tem que se tratar, \u2018vambora\u2019. Tem que ter acompanhamento nutricional, com end\u00f3crino e com cardiologista<\/b>\u201d, explicou.<\/p>\n<p>Muito contente com seu resultado, Jojo recebeu apoio de internautas e f\u00e3s.A cantora ainda brincou que chegaria no patamar de Gracyanne Barbosa.<\/p>\n<\/div>\n<p><script async src=\"\/\/www.instagram.com\/embed.js\"><\/script><br \/>\n<br \/><br \/>\n<br \/><a href=\"https:\/\/fnmais.com\/5-meses-apos-bariatrica-jojo-toddynho-faz-balanco-comemora-resultados-video\/\">Source link <\/a><\/p>\n<!-- CONTENT END 1 -->\n","protected":false},"excerpt":{"rendered":"<p>H\u00e1 cinco meses atr\u00e1s, Jojo Todynho tomou a importante decis\u00e3o de se submeter a cirurgia de redu\u00e7\u00e3o de est\u00f4mago, a bari\u00e1trica. A decis\u00e3o, como a&#8230;<\/p>\n","protected":false},"author":1,"featured_media":26418,"comment_status":"open","ping_status":"open","sticky":false,"template":"","format":"standard","meta":{"advanced_seo_description":"","jetpack_seo_html_title":"","jetpack_seo_noindex":false,"jetpack_post_was_ever_published":false,"_jetpack_newsletter_access":"","_jetpack_dont_email_post_to_subs":false,"_jetpack_newsletter_tier_id":0,"_jetpack_memberships_contains_paywalled_content":false,"_jetpack_memberships_contains_paid_content":false,"footnotes":"","jetpack_publicize_message":"","jetpack_publicize_feature_enabled":true,"jetpack_social_post_already_shared":true,"jetpack_social_options":{"image_generator_settings":{"template":"highway","default_image_id":0,"font":"","enabled":false},"version":2}},"categories":[1],"tags":[],"class_list":["post-26417","post","type-post","status-publish","format-standard","has-post-thumbnail","hentry","category-blog"],"jetpack_publicize_connections":[],"jetpack_featured_media_url":"https:\/\/i0.wp.com\/noticiasribeiraopreto.com.br\/wp-content\/uploads\/2024\/01\/postimg-659e0552ec4b45234.jpg?fit=1200%2C628&ssl=1","jetpack-related-posts":[{"id":14221,"url":"https:\/\/noticiasribeiraopreto.com.br\/index.php\/2023\/12\/11\/jojo-todynho-perde-33-quilos-apos-bariatrica-veja-antes-e-depois\/","url_meta":{"origin":26417,"position":0},"title":"Jojo Todynho perde 33 quilos ap\u00f3s bari\u00e1trica; veja antes e depois","author":"noticiasribeiraopreto.com.br","date":"11 de December de 2023","format":false,"excerpt":"Cr\u00e9ditos: Reprodu\u00e7\u00e3o\/Instagram\/@jojotodynhoJojo Todynho fez cirurgia bari\u00e1trica em agosto Jojo Todynho aproveitou o domingo, 10, para contar aos seguidores que perdeu 33 quilos. A cantora e influenciadora publicou uma montagem comparando seu corpo de antes com o de agora. Parte da mudan\u00e7a no corpo da cantora veio como resultado de uma\u2026","rel":"","context":"In &quot;Variedades&quot;","block_context":{"text":"Variedades","link":"https:\/\/noticiasribeiraopreto.com.br\/index.php\/category\/variedades\/"},"img":{"alt_text":"","src":"https:\/\/i0.wp.com\/noticiasribeiraopreto.com.br\/wp-content\/uploads\/2023\/12\/fotos-catraca-2023-12-11t175252344-e1702328022155.png?fit=1200%2C638&ssl=1&resize=350%2C200","width":350,"height":200,"srcset":"https:\/\/i0.wp.com\/noticiasribeiraopreto.com.br\/wp-content\/uploads\/2023\/12\/fotos-catraca-2023-12-11t175252344-e1702328022155.png?fit=1200%2C638&ssl=1&resize=350%2C200 1x, https:\/\/i0.wp.com\/noticiasribeiraopreto.com.br\/wp-content\/uploads\/2023\/12\/fotos-catraca-2023-12-11t175252344-e1702328022155.png?fit=1200%2C638&ssl=1&resize=525%2C300 1.5x, https:\/\/i0.wp.com\/noticiasribeiraopreto.com.br\/wp-content\/uploads\/2023\/12\/fotos-catraca-2023-12-11t175252344-e1702328022155.png?fit=1200%2C638&ssl=1&resize=700%2C400 2x, https:\/\/i0.wp.com\/noticiasribeiraopreto.com.br\/wp-content\/uploads\/2023\/12\/fotos-catraca-2023-12-11t175252344-e1702328022155.png?fit=1200%2C638&ssl=1&resize=1050%2C600 3x"},"classes":[]},{"id":5585,"url":"https:\/\/noticiasribeiraopreto.com.br\/index.php\/2023\/11\/23\/jojo-todynho-fala-sobre-o-outro-aspecto-apos-a-bariatrica-nao-tem-prazer-nenhum\/","url_meta":{"origin":26417,"position":1},"title":"Jojo Todynho fala sobre o outro aspecto ap\u00f3s a bari\u00e1trica: &#8216;N\u00e3o tem prazer nenhum&#8217;","author":"noticiasribeiraopreto.com.br","date":"23 de November de 2023","format":false,"excerpt":"O per\u00edodo p\u00f3s operat\u00f3rio \u00e9 t\u00e3o importante como qualquer outra etapa que envolva um processo cir\u00fargico. Quem fala bastante ultimamente no assunto \u00e9 a cantora Jordana Gleice, a Jojo Todynho.A cantora passou por uma cirurgia para uma melhora na qualidade de vida, a bari\u00e1trica. Ela j\u00e1 chegou a perder mais\u2026","rel":"","context":"In &quot;Blog&quot;","block_context":{"text":"Blog","link":"https:\/\/noticiasribeiraopreto.com.br\/index.php\/category\/blog\/"},"img":{"alt_text":"","src":"https:\/\/i0.wp.com\/noticiasribeiraopreto.com.br\/wp-content\/uploads\/2023\/11\/postimg-655ffa51e66306354.jpg?fit=1200%2C628&ssl=1&resize=350%2C200","width":350,"height":200,"srcset":"https:\/\/i0.wp.com\/noticiasribeiraopreto.com.br\/wp-content\/uploads\/2023\/11\/postimg-655ffa51e66306354.jpg?fit=1200%2C628&ssl=1&resize=350%2C200 1x, https:\/\/i0.wp.com\/noticiasribeiraopreto.com.br\/wp-content\/uploads\/2023\/11\/postimg-655ffa51e66306354.jpg?fit=1200%2C628&ssl=1&resize=525%2C300 1.5x, https:\/\/i0.wp.com\/noticiasribeiraopreto.com.br\/wp-content\/uploads\/2023\/11\/postimg-655ffa51e66306354.jpg?fit=1200%2C628&ssl=1&resize=700%2C400 2x, https:\/\/i0.wp.com\/noticiasribeiraopreto.com.br\/wp-content\/uploads\/2023\/11\/postimg-655ffa51e66306354.jpg?fit=1200%2C628&ssl=1&resize=1050%2C600 3x"},"classes":[]},{"id":2440,"url":"https:\/\/noticiasribeiraopreto.com.br\/index.php\/2023\/11\/15\/jojo-todynho-impressiona-com-mudancas-no-corpo-em-look-de-festa\/","url_meta":{"origin":26417,"position":2},"title":"Jojo Todynho impressiona com mudan\u00e7as no corpo em look de festa","author":"noticiasribeiraopreto.com.br","date":"15 de November de 2023","format":false,"excerpt":"A rotina de exerc\u00edcios f\u00edsicos pesada de alguns famosos impressiona pelo rotina e tamb\u00e9m pelas mudan\u00e7as do corpo que v\u00e3o surgindo.A cantora Jojo Todynho \u00e9 uma das que tem aparecido nas redes sociais para falar sobre o assunto em que vem se dedicando: mudan\u00e7a com o corpo e com a\u2026","rel":"","context":"In &quot;Blog&quot;","block_context":{"text":"Blog","link":"https:\/\/noticiasribeiraopreto.com.br\/index.php\/category\/blog\/"},"img":{"alt_text":"","src":"https:\/\/i0.wp.com\/noticiasribeiraopreto.com.br\/wp-content\/uploads\/2023\/11\/postimg-65536aff879824626.jpg?fit=1200%2C628&ssl=1&resize=350%2C200","width":350,"height":200,"srcset":"https:\/\/i0.wp.com\/noticiasribeiraopreto.com.br\/wp-content\/uploads\/2023\/11\/postimg-65536aff879824626.jpg?fit=1200%2C628&ssl=1&resize=350%2C200 1x, https:\/\/i0.wp.com\/noticiasribeiraopreto.com.br\/wp-content\/uploads\/2023\/11\/postimg-65536aff879824626.jpg?fit=1200%2C628&ssl=1&resize=525%2C300 1.5x, https:\/\/i0.wp.com\/noticiasribeiraopreto.com.br\/wp-content\/uploads\/2023\/11\/postimg-65536aff879824626.jpg?fit=1200%2C628&ssl=1&resize=700%2C400 2x, https:\/\/i0.wp.com\/noticiasribeiraopreto.com.br\/wp-content\/uploads\/2023\/11\/postimg-65536aff879824626.jpg?fit=1200%2C628&ssl=1&resize=1050%2C600 3x"},"classes":[]},{"id":18513,"url":"https:\/\/noticiasribeiraopreto.com.br\/index.php\/2023\/12\/20\/esse-povo-e-uma-piada\/","url_meta":{"origin":26417,"position":3},"title":"&#8221;Esse povo \u00e9 uma piada&#8221;","author":"noticiasribeiraopreto.com.br","date":"20 de December de 2023","format":false,"excerpt":"Longe dos holofotes, Renato Santiago \u00e9 o nome dado ao amor da cantora Jojo Todnho. O casal est\u00e1 junto desde fevereiro deste ano e segundo ela, j\u00e1 se conheciam a bastante tempo.Jojo j\u00e1 deu declara\u00e7\u00f5es que Renato era apenas um amigo antigo, que tempos ap\u00f3s sua separa\u00e7\u00e3o conturbada com o\u2026","rel":"","context":"In &quot;Blog&quot;","block_context":{"text":"Blog","link":"https:\/\/noticiasribeiraopreto.com.br\/index.php\/category\/blog\/"},"img":{"alt_text":"","src":"https:\/\/i0.wp.com\/noticiasribeiraopreto.com.br\/wp-content\/uploads\/2023\/12\/postimg-6583278a4c8499262.jpg?fit=1200%2C628&ssl=1&resize=350%2C200","width":350,"height":200,"srcset":"https:\/\/i0.wp.com\/noticiasribeiraopreto.com.br\/wp-content\/uploads\/2023\/12\/postimg-6583278a4c8499262.jpg?fit=1200%2C628&ssl=1&resize=350%2C200 1x, https:\/\/i0.wp.com\/noticiasribeiraopreto.com.br\/wp-content\/uploads\/2023\/12\/postimg-6583278a4c8499262.jpg?fit=1200%2C628&ssl=1&resize=525%2C300 1.5x, https:\/\/i0.wp.com\/noticiasribeiraopreto.com.br\/wp-content\/uploads\/2023\/12\/postimg-6583278a4c8499262.jpg?fit=1200%2C628&ssl=1&resize=700%2C400 2x, https:\/\/i0.wp.com\/noticiasribeiraopreto.com.br\/wp-content\/uploads\/2023\/12\/postimg-6583278a4c8499262.jpg?fit=1200%2C628&ssl=1&resize=1050%2C600 3x"},"classes":[]},{"id":7104,"url":"https:\/\/noticiasribeiraopreto.com.br\/index.php\/2023\/11\/27\/ao-lado-de-alcione-jojo-todynho-posa-chamando-atencao-com-look-escolhido-para-o-aniversario-de-angelica\/","url_meta":{"origin":26417,"position":4},"title":"Ao lado de Alcione, Jojo Todynho posa chamando aten\u00e7\u00e3o com look escolhido para o anivers\u00e1rio de Ang\u00e9lica","author":"noticiasribeiraopreto.com.br","date":"27 de November de 2023","format":false,"excerpt":"As festas dos famosos s\u00e3o sempre regadas a muito luxo e glamour. Os aniversariantes buscam destaque com o traje escolhido para o evento e ser a atra\u00e7\u00e3o principal. Mas alguns convidados chegam para arrasar.A cantora Jojo Todynho foi uma das que chamou aten\u00e7\u00e3o para o anivers\u00e1rio da apresentadora Ang\u00e9lica, que\u2026","rel":"","context":"In &quot;Blog&quot;","block_context":{"text":"Blog","link":"https:\/\/noticiasribeiraopreto.com.br\/index.php\/category\/blog\/"},"img":{"alt_text":"","src":"https:\/\/i0.wp.com\/noticiasribeiraopreto.com.br\/wp-content\/uploads\/2023\/11\/postimg-6564ce997a46d8049.jpg?fit=1200%2C628&ssl=1&resize=350%2C200","width":350,"height":200,"srcset":"https:\/\/i0.wp.com\/noticiasribeiraopreto.com.br\/wp-content\/uploads\/2023\/11\/postimg-6564ce997a46d8049.jpg?fit=1200%2C628&ssl=1&resize=350%2C200 1x, https:\/\/i0.wp.com\/noticiasribeiraopreto.com.br\/wp-content\/uploads\/2023\/11\/postimg-6564ce997a46d8049.jpg?fit=1200%2C628&ssl=1&resize=525%2C300 1.5x, https:\/\/i0.wp.com\/noticiasribeiraopreto.com.br\/wp-content\/uploads\/2023\/11\/postimg-6564ce997a46d8049.jpg?fit=1200%2C628&ssl=1&resize=700%2C400 2x, https:\/\/i0.wp.com\/noticiasribeiraopreto.com.br\/wp-content\/uploads\/2023\/11\/postimg-6564ce997a46d8049.jpg?fit=1200%2C628&ssl=1&resize=1050%2C600 3x"},"classes":[]},{"id":4132,"url":"https:\/\/noticiasribeiraopreto.com.br\/index.php\/2023\/11\/20\/jojo-todynho-da-opiniao-sincera-sobre-show-de-taylor-swift-estou-sem-paciencia\/","url_meta":{"origin":26417,"position":5},"title":"Jojo Todynho d\u00e1 opini\u00e3o sincera sobre show de Taylor Swift: \u2018Estou sem paci\u00eancia&#8217;","author":"noticiasribeiraopreto.com.br","date":"20 de November de 2023","format":false,"excerpt":"\u2018The Eras Tour\u2019 \u00e9 o nome do evento que vem marcando sua passagem pelo Brasil. Os shows s\u00e3o da artista norte americana cantora e compositora Taylor Swift, de 33 anos.Um evento tr\u00e1gico marcou a passagem da cantora no Brasil. Uma jovem estudante universit\u00e1ria, de apenas 23 anos, perdeu a vida\u2026","rel":"","context":"In &quot;Blog&quot;","block_context":{"text":"Blog","link":"https:\/\/noticiasribeiraopreto.com.br\/index.php\/category\/blog\/"},"img":{"alt_text":"","src":"https:\/\/i0.wp.com\/noticiasribeiraopreto.com.br\/wp-content\/uploads\/2023\/11\/postimg-655c02fe222ea7586.jpg?fit=1200%2C628&ssl=1&resize=350%2C200","width":350,"height":200,"srcset":"https:\/\/i0.wp.com\/noticiasribeiraopreto.com.br\/wp-content\/uploads\/2023\/11\/postimg-655c02fe222ea7586.jpg?fit=1200%2C628&ssl=1&resize=350%2C200 1x, https:\/\/i0.wp.com\/noticiasribeiraopreto.com.br\/wp-content\/uploads\/2023\/11\/postimg-655c02fe222ea7586.jpg?fit=1200%2C628&ssl=1&resize=525%2C300 1.5x, https:\/\/i0.wp.com\/noticiasribeiraopreto.com.br\/wp-content\/uploads\/2023\/11\/postimg-655c02fe222ea7586.jpg?fit=1200%2C628&ssl=1&resize=700%2C400 2x, https:\/\/i0.wp.com\/noticiasribeiraopreto.com.br\/wp-content\/uploads\/2023\/11\/postimg-655c02fe222ea7586.jpg?fit=1200%2C628&ssl=1&resize=1050%2C600 3x"},"classes":[]}],"jetpack_sharing_enabled":true,"jetpack_shortlink":"https:\/\/wp.me\/peQAOb-6S5","_links":{"self":[{"href":"https:\/\/noticiasribeiraopreto.com.br\/index.php\/wp-json\/wp\/v2\/posts\/26417","targetHints":{"allow":["GET"]}}],"collection":[{"href":"https:\/\/noticiasribeiraopreto.com.br\/index.php\/wp-json\/wp\/v2\/posts"}],"about":[{"href":"https:\/\/noticiasribeiraopreto.com.br\/index.php\/wp-json\/wp\/v2\/types\/post"}],"author":[{"embeddable":true,"href":"https:\/\/noticiasribeiraopreto.com.br\/index.php\/wp-json\/wp\/v2\/users\/1"}],"replies":[{"embeddable":true,"href":"https:\/\/noticiasribeiraopreto.com.br\/index.php\/wp-json\/wp\/v2\/comments?post=26417"}],"version-history":[{"count":0,"href":"https:\/\/noticiasribeiraopreto.com.br\/index.php\/wp-json\/wp\/v2\/posts\/26417\/revisions"}],"wp:featuredmedia":[{"embeddable":true,"href":"https:\/\/noticiasribeiraopreto.com.br\/index.php\/wp-json\/wp\/v2\/media\/26418"}],"wp:attachment":[{"href":"https:\/\/noticiasribeiraopreto.com.br\/index.php\/wp-json\/wp\/v2\/media?parent=26417"}],"wp:term":[{"taxonomy":"category","embeddable":true,"href":"https:\/\/noticiasribeiraopreto.com.br\/index.php\/wp-json\/wp\/v2\/categories?post=26417"},{"taxonomy":"post_tag","embeddable":true,"href":"https:\/\/noticiasribeiraopreto.com.br\/index.php\/wp-json\/wp\/v2\/tags?post=26417"}],"curies":[{"name":"wp","href":"https:\/\/api.w.org\/{rel}","templated":true}]}}