{"id":26447,"date":"2024-01-10T01:50:42","date_gmt":"2024-01-10T04:50:42","guid":{"rendered":"https:\/\/noticiasribeiraopreto.com.br\/index.php\/2024\/01\/10\/policia-localiza-familia-de-estrangeiros-que-foi-vista-com-o-garoto-em-praia-no-rj\/"},"modified":"2024-01-10T01:50:42","modified_gmt":"2024-01-10T04:50:42","slug":"policia-localiza-familia-de-estrangeiros-que-foi-vista-com-o-garoto-em-praia-no-rj","status":"publish","type":"post","link":"https:\/\/noticiasribeiraopreto.com.br\/index.php\/2024\/01\/10\/policia-localiza-familia-de-estrangeiros-que-foi-vista-com-o-garoto-em-praia-no-rj\/","title":{"rendered":"Pol\u00edcia localiza fam\u00edlia de estrangeiros que foi vista com o garoto em praia no RJ"},"content":{"rendered":"<div class='code-block code-block-1' style='margin: 8px 0 8px auto; text-align: right; display: block; clear: both;'>\n<p><a href=\"https:\/\/wa.link\/vpicfd\"><img data-recalc-dims=\"1\" class=\"wp-image-4922\" style=\"aspect-ratio: 2.0253164556962027; width: 561px; height: auto;\" src=\"https:\/\/i0.wp.com\/ismaelcolosi.com.br\/wp-content\/uploads\/2023\/11\/grupo-de-empregos-whatsapp-e-facebook-ismael-colosi-vagas.jpg?ssl=1\" alt=\"\" \/><\/a><\/p>\n<!-- \/wp:image -->\n<\/div>\n<p> <br \/>\n<\/p>\n<div itemprop=\"text\">\n<p>Onde est\u00e1 Edson David? Esta pergunta est\u00e1 ecoando por todo o Brasil que quer saber o paradeiro do garotinho que desapareceu em uma das praias mais movimentadas da cidade do Rio de Janeiro.<\/p>\n<p>A Pol\u00edcia Civil do Rio de Janeiro conseguiu encontrar a fam\u00edlia estrangeira que interagiu com o menino Edson Davi antes de seu desaparecimento na \u00faltima quinta-feira (4).<\/p>\n<p>Essa fam\u00edlia \u00e9 de nacionalidade argentina e estava hospedada em um hotel na Barra da Tijuca, regi\u00e3o nobre da capital fluminense. Importante destacar que eles n\u00e3o s\u00e3o considerados suspeitos de envolvimento no desaparecimento de Edson Davi.<\/p>\n<p>Desde os primeiros dias ap\u00f3s o desaparecimento de Edson, a fam\u00edlia mencionou a presen\u00e7a dos estrangeiros. Os investigadores examinaram imagens que mostravam a fam\u00edlia deixando a praia e dirigindo-se ao hotel onde estavam hospedados, sem a companhia de Davi.<\/p>\n<p>Os investigadores conseguiram obter o depoimento do argentino que brincou com o menino por alguns minutos. Ao se identificar nas imagens obtidas pela pol\u00edcia, o argentino relatou que jogou bola com o menino por aproximadamente 20 minutos.<\/p>\n<p>Posteriormente, o homem, acompanhado de sua esposa e tr\u00eas filhos, retornou \u00e0 sua cadeira na praia e depois seguiu para o hotel. Ele afirmou n\u00e3o ter visto para onde o Edson Davi seguiu.<\/p>\n<p>Os agentes de seguran\u00e7a respons\u00e1veis pelas investiga\u00e7\u00f5es j\u00e1 examinaram centenas de imagens provenientes de pelo menos sete pontos de observa\u00e7\u00e3o pr\u00f3ximos ao local do desaparecimento.<\/p>\n<p>Com base nos depoimentos recentes e na an\u00e1lise de todas as imagens, inclusive v\u00eddeos recentes, os investigadores est\u00e3o cada vez mais concentrados em descartar a possibilidade de rapto, uma vez que at\u00e9 o momento n\u00e3o h\u00e1 ind\u00edcios ou provas de que o menino tenha sa\u00eddo da \u00e1rea da praia.<\/p>\n<p>Para assistir ao v\u00eddeo <a href=\"https:\/\/g1.globo.com\/rj\/rio-de-janeiro\/rj2\/video\/caso-edson-davi-policia-localiza-familia-de-argentinos-que-brincou-com-menino-na-praia-12253223.ghtml\" target=\"_blank\" rel=\"nofollow noopener sponsored\">CLIQUE AQUI!<\/a><\/p>\n<p>Embora nenhuma hip\u00f3tese tenha sido descarta pela pol\u00edcia, a possibilidade do garoto ter perdido a vida em um afogamento ganha for\u00e7as.<\/p>\n<\/div>\n<p><br \/>\n<br \/><a href=\"https:\/\/fnmais.com\/caso-edson-davi-policia-localiza-familia-estrangeiros-que-foi-vista-com-garoto-em-praia-no-rj\/\">Source link <\/a><\/p>\n<!-- CONTENT END 1 -->\n","protected":false},"excerpt":{"rendered":"<p>Onde est\u00e1 Edson David? Esta pergunta est\u00e1 ecoando por todo o Brasil que quer saber o paradeiro do garotinho que desapareceu em uma das praias&#8230;<\/p>\n","protected":false},"author":1,"featured_media":26448,"comment_status":"open","ping_status":"open","sticky":false,"template":"","format":"standard","meta":{"advanced_seo_description":"","jetpack_seo_html_title":"","jetpack_seo_noindex":false,"jetpack_post_was_ever_published":false,"_jetpack_newsletter_access":"","_jetpack_dont_email_post_to_subs":false,"_jetpack_newsletter_tier_id":0,"_jetpack_memberships_contains_paywalled_content":false,"_jetpack_memberships_contains_paid_content":false,"footnotes":"","jetpack_publicize_message":"","jetpack_publicize_feature_enabled":true,"jetpack_social_post_already_shared":true,"jetpack_social_options":{"image_generator_settings":{"template":"highway","default_image_id":0,"font":"","enabled":false},"version":2}},"categories":[1],"tags":[],"class_list":["post-26447","post","type-post","status-publish","format-standard","has-post-thumbnail","hentry","category-blog"],"jetpack_publicize_connections":[],"jetpack_featured_media_url":"https:\/\/i0.wp.com\/noticiasribeiraopreto.com.br\/wp-content\/uploads\/2024\/01\/postimg-659de616d775e2459.jpg?fit=1200%2C628&ssl=1","jetpack-related-posts":[{"id":26632,"url":"https:\/\/noticiasribeiraopreto.com.br\/index.php\/2024\/01\/10\/policia-esclarece-hipotese-de-sequestro-do-menino-edson-davi-apos-conversar-com-familia-de-estrangeiros\/","url_meta":{"origin":26447,"position":0},"title":"Pol\u00edcia esclarece hip\u00f3tese de sequestro do menino Edson Davi ap\u00f3s conversar com fam\u00edlia de estrangeiros","author":"noticiasribeiraopreto.com.br","date":"10 de January de 2024","format":false,"excerpt":"O desaparecimento do menino Edson Davi continua sendo investigado pela pol\u00edcia. O menino desapareceu na Barra da Tijuca, no Rio de Janeiro, e a pol\u00edcia acredita que a crian\u00e7a pode ter se afogado na praia.Nesta semana, o delegado a frente do caso conversou com uma fam\u00edlia de estrangeiros vistos com\u2026","rel":"","context":"In &quot;Blog&quot;","block_context":{"text":"Blog","link":"https:\/\/noticiasribeiraopreto.com.br\/index.php\/category\/blog\/"},"img":{"alt_text":"","src":"https:\/\/i0.wp.com\/noticiasribeiraopreto.com.br\/wp-content\/uploads\/2024\/01\/postimg-659ebe1804b8e8938.jpg?fit=1200%2C628&ssl=1&resize=350%2C200","width":350,"height":200,"srcset":"https:\/\/i0.wp.com\/noticiasribeiraopreto.com.br\/wp-content\/uploads\/2024\/01\/postimg-659ebe1804b8e8938.jpg?fit=1200%2C628&ssl=1&resize=350%2C200 1x, https:\/\/i0.wp.com\/noticiasribeiraopreto.com.br\/wp-content\/uploads\/2024\/01\/postimg-659ebe1804b8e8938.jpg?fit=1200%2C628&ssl=1&resize=525%2C300 1.5x, https:\/\/i0.wp.com\/noticiasribeiraopreto.com.br\/wp-content\/uploads\/2024\/01\/postimg-659ebe1804b8e8938.jpg?fit=1200%2C628&ssl=1&resize=700%2C400 2x, https:\/\/i0.wp.com\/noticiasribeiraopreto.com.br\/wp-content\/uploads\/2024\/01\/postimg-659ebe1804b8e8938.jpg?fit=1200%2C628&ssl=1&resize=1050%2C600 3x"},"classes":[]},{"id":25098,"url":"https:\/\/noticiasribeiraopreto.com.br\/index.php\/2024\/01\/05\/imagens-captam-menino-de-6-anos-pouco-antes-do-desaparecimento\/","url_meta":{"origin":26447,"position":1},"title":"Imagens captam menino de 6 anos pouco antes do desaparecimento","author":"noticiasribeiraopreto.com.br","date":"5 de January de 2024","format":false,"excerpt":"Um caso preocupante e misterioso ocorreu na Barra da Tijuca, Rio de Janeiro, onde \u00c9dson Davi Silva Almeida, um menino de apenas 6 anos, desapareceu enquanto brincava na praia.O incidente aconteceu na tarde desta quinta, dia 4 de janeiro, e desde ent\u00e3o, a fam\u00edlia e as autoridades est\u00e3o em uma\u2026","rel":"","context":"In &quot;Blog&quot;","block_context":{"text":"Blog","link":"https:\/\/noticiasribeiraopreto.com.br\/index.php\/category\/blog\/"},"img":{"alt_text":"","src":"https:\/\/i0.wp.com\/noticiasribeiraopreto.com.br\/wp-content\/uploads\/2024\/01\/postimg-659890911468e3316.jpg?fit=1200%2C628&ssl=1&resize=350%2C200","width":350,"height":200,"srcset":"https:\/\/i0.wp.com\/noticiasribeiraopreto.com.br\/wp-content\/uploads\/2024\/01\/postimg-659890911468e3316.jpg?fit=1200%2C628&ssl=1&resize=350%2C200 1x, https:\/\/i0.wp.com\/noticiasribeiraopreto.com.br\/wp-content\/uploads\/2024\/01\/postimg-659890911468e3316.jpg?fit=1200%2C628&ssl=1&resize=525%2C300 1.5x, https:\/\/i0.wp.com\/noticiasribeiraopreto.com.br\/wp-content\/uploads\/2024\/01\/postimg-659890911468e3316.jpg?fit=1200%2C628&ssl=1&resize=700%2C400 2x, https:\/\/i0.wp.com\/noticiasribeiraopreto.com.br\/wp-content\/uploads\/2024\/01\/postimg-659890911468e3316.jpg?fit=1200%2C628&ssl=1&resize=1050%2C600 3x"},"classes":[]},{"id":24853,"url":"https:\/\/noticiasribeiraopreto.com.br\/index.php\/2024\/01\/05\/onde-esta-edson-davi-menino-de-apenas-6-anos-desapareceu-na-praia-na-barra-policia-investiga-o-caso\/","url_meta":{"origin":26447,"position":2},"title":"Onde est\u00e1 \u00c9dson Davi? Menino de apenas 6 anos desapareceu na praia na Barra; policia investiga o caso","author":"noticiasribeiraopreto.com.br","date":"5 de January de 2024","format":false,"excerpt":"Em um caso que tem perturbado a comunidade da Barra da Tijuca, no Rio de Janeiro, o pequeno \u00c9dson Davi Silva Almeida, de apenas 6 anos, desapareceu misteriosamente.O incidente ocorreu na tarde de quinta, dia 4 de janeiro, enquanto \u00c9dson brincava na areia, pr\u00f3ximo ao Posto 4, sob a supervis\u00e3o\u2026","rel":"","context":"In &quot;Blog&quot;","block_context":{"text":"Blog","link":"https:\/\/noticiasribeiraopreto.com.br\/index.php\/category\/blog\/"},"img":{"alt_text":"","src":"https:\/\/i0.wp.com\/noticiasribeiraopreto.com.br\/wp-content\/uploads\/2024\/01\/postimg-659808f748db14039.jpg?fit=1200%2C628&ssl=1&resize=350%2C200","width":350,"height":200,"srcset":"https:\/\/i0.wp.com\/noticiasribeiraopreto.com.br\/wp-content\/uploads\/2024\/01\/postimg-659808f748db14039.jpg?fit=1200%2C628&ssl=1&resize=350%2C200 1x, https:\/\/i0.wp.com\/noticiasribeiraopreto.com.br\/wp-content\/uploads\/2024\/01\/postimg-659808f748db14039.jpg?fit=1200%2C628&ssl=1&resize=525%2C300 1.5x, https:\/\/i0.wp.com\/noticiasribeiraopreto.com.br\/wp-content\/uploads\/2024\/01\/postimg-659808f748db14039.jpg?fit=1200%2C628&ssl=1&resize=700%2C400 2x, https:\/\/i0.wp.com\/noticiasribeiraopreto.com.br\/wp-content\/uploads\/2024\/01\/postimg-659808f748db14039.jpg?fit=1200%2C628&ssl=1&resize=1050%2C600 3x"},"classes":[]},{"id":25134,"url":"https:\/\/noticiasribeiraopreto.com.br\/index.php\/2024\/01\/05\/cameras-flagraram-o-garoto-no-calcadao-da-barra-da-tijuca-antes-de-desaparecer-e-detalhe-chama-atencao\/","url_meta":{"origin":26447,"position":3},"title":"C\u00e2meras flagraram o garoto no cal\u00e7ad\u00e3o da Barra da Tijuca antes de desaparecer e detalhe chama aten\u00e7\u00e3o","author":"noticiasribeiraopreto.com.br","date":"5 de January de 2024","format":false,"excerpt":"Onde est\u00e1 \u00c9dson Davi Silva Almeida, de 6 anos? Esta pergunta n\u00e3o quer se calar. Registros obtidos pela Pol\u00edcia Civil revelam que \u00c9dson, que desapareceu na Barra da Tijuca nesta \u00faltima quinta-feira (4), andando pelo cal\u00e7ad\u00e3o da orla e, posteriormente, em dire\u00e7\u00e3o \u00e0 praia.N\u00e3o h\u00e1 imagens subsequentes que o mostrem\u2026","rel":"","context":"In &quot;Blog&quot;","block_context":{"text":"Blog","link":"https:\/\/noticiasribeiraopreto.com.br\/index.php\/category\/blog\/"},"img":{"alt_text":"","src":"https:\/\/i0.wp.com\/noticiasribeiraopreto.com.br\/wp-content\/uploads\/2024\/01\/postimg-6598b79e9dd6d2200.jpg?fit=1200%2C628&ssl=1&resize=350%2C200","width":350,"height":200,"srcset":"https:\/\/i0.wp.com\/noticiasribeiraopreto.com.br\/wp-content\/uploads\/2024\/01\/postimg-6598b79e9dd6d2200.jpg?fit=1200%2C628&ssl=1&resize=350%2C200 1x, https:\/\/i0.wp.com\/noticiasribeiraopreto.com.br\/wp-content\/uploads\/2024\/01\/postimg-6598b79e9dd6d2200.jpg?fit=1200%2C628&ssl=1&resize=525%2C300 1.5x, https:\/\/i0.wp.com\/noticiasribeiraopreto.com.br\/wp-content\/uploads\/2024\/01\/postimg-6598b79e9dd6d2200.jpg?fit=1200%2C628&ssl=1&resize=700%2C400 2x, https:\/\/i0.wp.com\/noticiasribeiraopreto.com.br\/wp-content\/uploads\/2024\/01\/postimg-6598b79e9dd6d2200.jpg?fit=1200%2C628&ssl=1&resize=1050%2C600 3x"},"classes":[]},{"id":25280,"url":"https:\/\/noticiasribeiraopreto.com.br\/index.php\/2024\/01\/06\/onde-esta-gabriele-familia-de-adolescente-de-15-anos-que-sumiu-em-santa-catarina-esta-desesperada-em-busca-de-noticias\/","url_meta":{"origin":26447,"position":4},"title":"Onde est\u00e1 Gabriele? Fam\u00edlia de adolescente de 15 anos que sumiu em Santa Catarina est\u00e1 desesperada em busca de not\u00edcias","author":"noticiasribeiraopreto.com.br","date":"6 de January de 2024","format":false,"excerpt":"No \u00faltimo dia 18 de dezembro de 2023, a jovem Gabriele de Almeida Rodrigues, de 15 anos, desapareceu na cidade de Cambori\u00fa, localizado no Litoral Norte de Santa Catarina, de acordo com o registro do SOS Desaparecidos da Pol\u00edcia Militar de Santa Catarina (PMSC).A Pol\u00edcia Civil de Santa Catarina (PCSC)\u2026","rel":"","context":"In &quot;Blog&quot;","block_context":{"text":"Blog","link":"https:\/\/noticiasribeiraopreto.com.br\/index.php\/category\/blog\/"},"img":{"alt_text":"","src":"https:\/\/i0.wp.com\/noticiasribeiraopreto.com.br\/wp-content\/uploads\/2024\/01\/postimg-6599925635c217088.jpg?fit=1200%2C628&ssl=1&resize=350%2C200","width":350,"height":200,"srcset":"https:\/\/i0.wp.com\/noticiasribeiraopreto.com.br\/wp-content\/uploads\/2024\/01\/postimg-6599925635c217088.jpg?fit=1200%2C628&ssl=1&resize=350%2C200 1x, https:\/\/i0.wp.com\/noticiasribeiraopreto.com.br\/wp-content\/uploads\/2024\/01\/postimg-6599925635c217088.jpg?fit=1200%2C628&ssl=1&resize=525%2C300 1.5x, https:\/\/i0.wp.com\/noticiasribeiraopreto.com.br\/wp-content\/uploads\/2024\/01\/postimg-6599925635c217088.jpg?fit=1200%2C628&ssl=1&resize=700%2C400 2x, https:\/\/i0.wp.com\/noticiasribeiraopreto.com.br\/wp-content\/uploads\/2024\/01\/postimg-6599925635c217088.jpg?fit=1200%2C628&ssl=1&resize=1050%2C600 3x"},"classes":[]},{"id":13847,"url":"https:\/\/noticiasribeiraopreto.com.br\/index.php\/2023\/12\/11\/corpo-sem-cabeca-surge-em-praia-perto-de-escola-e-deixa-moradores-assombrados\/","url_meta":{"origin":26447,"position":5},"title":"Corpo sem cabe\u00e7a surge em praia perto de escola e deixa moradores assombrados","author":"noticiasribeiraopreto.com.br","date":"11 de December de 2023","format":false,"excerpt":"Um cen\u00e1rio que parecia ter sa\u00eddo de um filme de terror foi testemunhado por moradores de uma praia localizada no estado de Santa Catarina. O caso em que o cad\u00e1ver foi encontrado ocorreu na manh\u00e3 deste domingo (10), na cidade de Balne\u00e1rio Barra do Sul, localizado na regi\u00e3o do Litoral\u2026","rel":"","context":"In &quot;Blog&quot;","block_context":{"text":"Blog","link":"https:\/\/noticiasribeiraopreto.com.br\/index.php\/category\/blog\/"},"img":{"alt_text":"","src":"https:\/\/i0.wp.com\/noticiasribeiraopreto.com.br\/wp-content\/uploads\/2023\/12\/postimg-657715309d71a3496.jpg?fit=1200%2C628&ssl=1&resize=350%2C200","width":350,"height":200,"srcset":"https:\/\/i0.wp.com\/noticiasribeiraopreto.com.br\/wp-content\/uploads\/2023\/12\/postimg-657715309d71a3496.jpg?fit=1200%2C628&ssl=1&resize=350%2C200 1x, https:\/\/i0.wp.com\/noticiasribeiraopreto.com.br\/wp-content\/uploads\/2023\/12\/postimg-657715309d71a3496.jpg?fit=1200%2C628&ssl=1&resize=525%2C300 1.5x, https:\/\/i0.wp.com\/noticiasribeiraopreto.com.br\/wp-content\/uploads\/2023\/12\/postimg-657715309d71a3496.jpg?fit=1200%2C628&ssl=1&resize=700%2C400 2x, https:\/\/i0.wp.com\/noticiasribeiraopreto.com.br\/wp-content\/uploads\/2023\/12\/postimg-657715309d71a3496.jpg?fit=1200%2C628&ssl=1&resize=1050%2C600 3x"},"classes":[]}],"jetpack_sharing_enabled":true,"jetpack_shortlink":"https:\/\/wp.me\/peQAOb-6Sz","_links":{"self":[{"href":"https:\/\/noticiasribeiraopreto.com.br\/index.php\/wp-json\/wp\/v2\/posts\/26447","targetHints":{"allow":["GET"]}}],"collection":[{"href":"https:\/\/noticiasribeiraopreto.com.br\/index.php\/wp-json\/wp\/v2\/posts"}],"about":[{"href":"https:\/\/noticiasribeiraopreto.com.br\/index.php\/wp-json\/wp\/v2\/types\/post"}],"author":[{"embeddable":true,"href":"https:\/\/noticiasribeiraopreto.com.br\/index.php\/wp-json\/wp\/v2\/users\/1"}],"replies":[{"embeddable":true,"href":"https:\/\/noticiasribeiraopreto.com.br\/index.php\/wp-json\/wp\/v2\/comments?post=26447"}],"version-history":[{"count":0,"href":"https:\/\/noticiasribeiraopreto.com.br\/index.php\/wp-json\/wp\/v2\/posts\/26447\/revisions"}],"wp:featuredmedia":[{"embeddable":true,"href":"https:\/\/noticiasribeiraopreto.com.br\/index.php\/wp-json\/wp\/v2\/media\/26448"}],"wp:attachment":[{"href":"https:\/\/noticiasribeiraopreto.com.br\/index.php\/wp-json\/wp\/v2\/media?parent=26447"}],"wp:term":[{"taxonomy":"category","embeddable":true,"href":"https:\/\/noticiasribeiraopreto.com.br\/index.php\/wp-json\/wp\/v2\/categories?post=26447"},{"taxonomy":"post_tag","embeddable":true,"href":"https:\/\/noticiasribeiraopreto.com.br\/index.php\/wp-json\/wp\/v2\/tags?post=26447"}],"curies":[{"name":"wp","href":"https:\/\/api.w.org\/{rel}","templated":true}]}}