{"id":26451,"date":"2024-01-10T02:05:54","date_gmt":"2024-01-10T05:05:54","guid":{"rendered":"https:\/\/noticiasribeiraopreto.com.br\/index.php\/2024\/01\/10\/querido-cantor-de-dupla-sertaneja-e-encontrado-sem-vida-em-casa-suspeita-e-de-infarto\/"},"modified":"2024-01-10T02:05:54","modified_gmt":"2024-01-10T05:05:54","slug":"querido-cantor-de-dupla-sertaneja-e-encontrado-sem-vida-em-casa-suspeita-e-de-infarto","status":"publish","type":"post","link":"https:\/\/noticiasribeiraopreto.com.br\/index.php\/2024\/01\/10\/querido-cantor-de-dupla-sertaneja-e-encontrado-sem-vida-em-casa-suspeita-e-de-infarto\/","title":{"rendered":"Querido cantor de dupla sertaneja \u00e9 encontrado sem vida em casa; suspeita \u00e9 de infarto"},"content":{"rendered":"<div class='code-block code-block-1' style='margin: 8px 0 8px auto; text-align: right; display: block; clear: both;'>\n<p><a href=\"https:\/\/wa.link\/vpicfd\"><img data-recalc-dims=\"1\" class=\"wp-image-4922\" style=\"aspect-ratio: 2.0253164556962027; width: 561px; height: auto;\" src=\"https:\/\/i0.wp.com\/ismaelcolosi.com.br\/wp-content\/uploads\/2023\/11\/grupo-de-empregos-whatsapp-e-facebook-ismael-colosi-vagas.jpg?ssl=1\" alt=\"\" \/><\/a><\/p>\n<!-- \/wp:image -->\n<\/div>\n<p> <br \/>\n<\/p>\n<div itemprop=\"text\">\n<p>Foi a \u00f3bito nesta segunda-feira (09\/01) um querido artista sertanejo que brilhou com can\u00e7\u00f5es de sucesso. Aparecido Antonio dos Santos, que era famoso por seu nome art\u00edstico de Edivan, formava dupla com a esposa Gisele, com quem era casado h\u00e1 mais de tr\u00eas d\u00e9cadas.<\/p>\n<p>De acordo com as informa\u00e7\u00f5es trazidas a p\u00fablico pelo site Di\u00e1rio da Regi\u00e3o, Edivan foi encontrado sem sinais de vida em sua casa, que fica situada na cidade de Rio Preto, o interior do estado de S\u00e3o Paulo.<\/p>\n<p>A causa exata do \u00f3bito de Edivan n\u00e3o havia sido divulgada at\u00e9 o encerramento desta not\u00edcia. Contudo, acredita-se que o cantor sertanejo foi a \u00f3bito ap\u00f3s sofrer um infarto. Por enquanto, as informa\u00e7\u00f5es sobre o vel\u00f3rio e o sepultamento do artista n\u00e3o foram trazidas a p\u00fablico pela fam\u00edlia.<\/p>\n<p><img data-recalc-dims=\"1\" decoding=\"async\" src=\"https:\/\/i0.wp.com\/diariodonordeste.verdesmares.com.br\/image\/contentid\/policy%3A1.3465009%3A1704835690\/image.jpg?ssl=1\" alt=\"\"\/><\/p>\n<p>O m\u00fasico Dudu Perna fez uma publica\u00e7\u00e3o em sua rede social falando sobre a morte de Edivan. Ele contou que ficou sabendo do falecimento atrav\u00e9s do filho do cantor<\/p>\n<p>\u201cFoi encontrado sem vida h\u00e1 alguns minutos. O filho deles me ligou e me contou isso agora. Entrevistei eles h\u00e1 pouco mais de um m\u00eas. Eu estava ajudando eles com o Instagram e eles estavam muito felizes. Parece que foi infarto\u201d, escreveu Dudu em sua rede social.<\/p>\n<p>Edivan e a esposa se conheceram ao participarem de um festival de m\u00fasica e juntos lan\u00e7aram dois discos, nos anos de 2014 e 2015. O artista deixa dois filhos.<\/p>\n<\/div>\n<p><br \/>\n<br \/><a href=\"https:\/\/fnmais.com\/querido-cantor-dupla-sertaneja-encontrado-sem-vida-em-casa-suspeita-infarto\/\">Source link <\/a><\/p>\n<!-- CONTENT END 1 -->\n","protected":false},"excerpt":{"rendered":"<p>Foi a \u00f3bito nesta segunda-feira (09\/01) um querido artista sertanejo que brilhou com can\u00e7\u00f5es de sucesso. Aparecido Antonio dos Santos, que era famoso por seu&#8230;<\/p>\n","protected":false},"author":1,"featured_media":26452,"comment_status":"open","ping_status":"open","sticky":false,"template":"","format":"standard","meta":{"advanced_seo_description":"","jetpack_seo_html_title":"","jetpack_seo_noindex":false,"jetpack_post_was_ever_published":false,"_jetpack_newsletter_access":"","_jetpack_dont_email_post_to_subs":false,"_jetpack_newsletter_tier_id":0,"_jetpack_memberships_contains_paywalled_content":false,"_jetpack_memberships_contains_paid_content":false,"footnotes":"","jetpack_publicize_message":"","jetpack_publicize_feature_enabled":true,"jetpack_social_post_already_shared":true,"jetpack_social_options":{"image_generator_settings":{"template":"highway","default_image_id":0,"font":"","enabled":false},"version":2}},"categories":[1],"tags":[],"class_list":["post-26451","post","type-post","status-publish","format-standard","has-post-thumbnail","hentry","category-blog"],"jetpack_publicize_connections":[],"jetpack_featured_media_url":"https:\/\/i0.wp.com\/noticiasribeiraopreto.com.br\/wp-content\/uploads\/2024\/01\/postimg-659de5cf4ccbb4252.jpg?fit=1200%2C628&ssl=1","jetpack-related-posts":[{"id":62647,"url":"https:\/\/noticiasribeiraopreto.com.br\/index.php\/2025\/01\/20\/quem-era-o-cantor-sertanejo-que-morreu-aos-33-anos-no-interior-de-sp\/","url_meta":{"origin":26451,"position":0},"title":"Quem era o cantor sertanejo que morreu aos 33 anos no interior de SP","author":"noticiasribeiraopreto.com.br","date":"20 de January de 2025","format":false,"excerpt":"O cantor sertanejo Rodolfo Favero morreu no \u00faltimo s\u00e1bado (18), v\u00edtima de uma parada card\u00edaca. Ele tinha 33 anos e era natural de Guariba, cidade na regi\u00e3o de Ribeir\u00e3o Preto. O artista chegou a ser internado no Hospital das Cl\u00ednicas de Ribeir\u00e3o Preto, contudo, o \u00f3bito foi confirmado no final\u2026","rel":"","context":"In &quot;Not\u00edcias de Ribeir\u00e3o Preto-SP e Regi\u00e3o&quot;","block_context":{"text":"Not\u00edcias de Ribeir\u00e3o Preto-SP e Regi\u00e3o","link":"https:\/\/noticiasribeiraopreto.com.br\/index.php\/category\/noticias-de-ribeirao-preto-sp-e-regiao-ismael-colosi\/"},"img":{"alt_text":"","src":"https:\/\/i0.wp.com\/noticiasribeiraopreto.com.br\/wp-content\/uploads\/2025\/01\/Copia-de-Copia-de-Copia-de-TAMANHO-EXATO-PARA-FOTOS-NO-SISTEMA-NOVO-2025-01-20T184145.876_2025-01-20_21-41-51_png_2025-01-20_21-41-51.webp.webp?fit=1200%2C675&ssl=1&resize=350%2C200","width":350,"height":200,"srcset":"https:\/\/i0.wp.com\/noticiasribeiraopreto.com.br\/wp-content\/uploads\/2025\/01\/Copia-de-Copia-de-Copia-de-TAMANHO-EXATO-PARA-FOTOS-NO-SISTEMA-NOVO-2025-01-20T184145.876_2025-01-20_21-41-51_png_2025-01-20_21-41-51.webp.webp?fit=1200%2C675&ssl=1&resize=350%2C200 1x, https:\/\/i0.wp.com\/noticiasribeiraopreto.com.br\/wp-content\/uploads\/2025\/01\/Copia-de-Copia-de-Copia-de-TAMANHO-EXATO-PARA-FOTOS-NO-SISTEMA-NOVO-2025-01-20T184145.876_2025-01-20_21-41-51_png_2025-01-20_21-41-51.webp.webp?fit=1200%2C675&ssl=1&resize=525%2C300 1.5x, https:\/\/i0.wp.com\/noticiasribeiraopreto.com.br\/wp-content\/uploads\/2025\/01\/Copia-de-Copia-de-Copia-de-TAMANHO-EXATO-PARA-FOTOS-NO-SISTEMA-NOVO-2025-01-20T184145.876_2025-01-20_21-41-51_png_2025-01-20_21-41-51.webp.webp?fit=1200%2C675&ssl=1&resize=700%2C400 2x, https:\/\/i0.wp.com\/noticiasribeiraopreto.com.br\/wp-content\/uploads\/2025\/01\/Copia-de-Copia-de-Copia-de-TAMANHO-EXATO-PARA-FOTOS-NO-SISTEMA-NOVO-2025-01-20T184145.876_2025-01-20_21-41-51_png_2025-01-20_21-41-51.webp.webp?fit=1200%2C675&ssl=1&resize=1050%2C600 3x"},"classes":[]},{"id":28447,"url":"https:\/\/noticiasribeiraopreto.com.br\/index.php\/2024\/01\/15\/cantor-tiago-tem-falecimento-confirmado-e-artistas-ficam-em-choque-e-com-grande-tristeza\/","url_meta":{"origin":26451,"position":1},"title":"Cantor Tiago tem falecimento confirmado e artistas ficam em choque: &#8216;\u00c9 com grande tristeza&#8217;","author":"noticiasribeiraopreto.com.br","date":"15 de January de 2024","format":false,"excerpt":"Nesta segunda-feira (15\/01), foi conformado o \u00f3bito do cantor Tiago Barros, que trabalhou ao lado da cantora Taty Girl. A morte do artista foi trazida a p\u00fablico atrav\u00e9s de uma nota publicada em seu perfil oficial do Instagram, que conta com mais de 20 mil seguidores.Tiago Barros apareceu em diversas\u2026","rel":"","context":"In &quot;Blog&quot;","block_context":{"text":"Blog","link":"https:\/\/noticiasribeiraopreto.com.br\/index.php\/category\/blog\/"},"img":{"alt_text":"","src":"https:\/\/i0.wp.com\/noticiasribeiraopreto.com.br\/wp-content\/uploads\/2024\/01\/postimg-65a5bf05a7bab6048.jpg?fit=1200%2C628&ssl=1&resize=350%2C200","width":350,"height":200,"srcset":"https:\/\/i0.wp.com\/noticiasribeiraopreto.com.br\/wp-content\/uploads\/2024\/01\/postimg-65a5bf05a7bab6048.jpg?fit=1200%2C628&ssl=1&resize=350%2C200 1x, https:\/\/i0.wp.com\/noticiasribeiraopreto.com.br\/wp-content\/uploads\/2024\/01\/postimg-65a5bf05a7bab6048.jpg?fit=1200%2C628&ssl=1&resize=525%2C300 1.5x, https:\/\/i0.wp.com\/noticiasribeiraopreto.com.br\/wp-content\/uploads\/2024\/01\/postimg-65a5bf05a7bab6048.jpg?fit=1200%2C628&ssl=1&resize=700%2C400 2x, https:\/\/i0.wp.com\/noticiasribeiraopreto.com.br\/wp-content\/uploads\/2024\/01\/postimg-65a5bf05a7bab6048.jpg?fit=1200%2C628&ssl=1&resize=1050%2C600 3x"},"classes":[]},{"id":24560,"url":"https:\/\/noticiasribeiraopreto.com.br\/index.php\/2024\/01\/04\/ana-castela-vem-a-publico-e-lamenta-morte-de-querido-sertanejo\/","url_meta":{"origin":26451,"position":2},"title":"Ana Castela vem \u00e0 p\u00fablico e lamenta morte de querido sertanejo","author":"noticiasribeiraopreto.com.br","date":"4 de January de 2024","format":false,"excerpt":"O Brasil foi impactado por uma not\u00edcia que pegou todos de surpresa: a morte do renomado cantor Jo\u00e3o Carreiro, aos 41 anos de idade. Infelizmente, Jo\u00e3o Carreiro enfrentou complica\u00e7\u00f5es ap\u00f3s uma cirurgia card\u00edaca, deixando uma lacuna irrepar\u00e1vel no cen\u00e1rio musical sertanejo.Grandes nomes do mundo da m\u00fasica lamentaram a perda inesperada\u2026","rel":"","context":"In &quot;Blog&quot;","block_context":{"text":"Blog","link":"https:\/\/noticiasribeiraopreto.com.br\/index.php\/category\/blog\/"},"img":{"alt_text":"","src":"https:\/\/i0.wp.com\/noticiasribeiraopreto.com.br\/wp-content\/uploads\/2024\/01\/postimg-6596ca8a0e82f4642.jpg?fit=1200%2C628&ssl=1&resize=350%2C200","width":350,"height":200,"srcset":"https:\/\/i0.wp.com\/noticiasribeiraopreto.com.br\/wp-content\/uploads\/2024\/01\/postimg-6596ca8a0e82f4642.jpg?fit=1200%2C628&ssl=1&resize=350%2C200 1x, https:\/\/i0.wp.com\/noticiasribeiraopreto.com.br\/wp-content\/uploads\/2024\/01\/postimg-6596ca8a0e82f4642.jpg?fit=1200%2C628&ssl=1&resize=525%2C300 1.5x, https:\/\/i0.wp.com\/noticiasribeiraopreto.com.br\/wp-content\/uploads\/2024\/01\/postimg-6596ca8a0e82f4642.jpg?fit=1200%2C628&ssl=1&resize=700%2C400 2x, https:\/\/i0.wp.com\/noticiasribeiraopreto.com.br\/wp-content\/uploads\/2024\/01\/postimg-6596ca8a0e82f4642.jpg?fit=1200%2C628&ssl=1&resize=1050%2C600 3x"},"classes":[]},{"id":24416,"url":"https:\/\/noticiasribeiraopreto.com.br\/index.php\/2024\/01\/04\/quem-era-joao-carreiro-que-morreu-em-cirurgia-aos-41-anos\/","url_meta":{"origin":26451,"position":3},"title":"Quem era Jo\u00e3o Carreiro, que morreu em cirurgia aos 41 anos","author":"noticiasribeiraopreto.com.br","date":"4 de January de 2024","format":false,"excerpt":"Com sua voz marcante e um estilo que reverberava tradi\u00e7\u00e3o, Jo\u00e3o Carreiro, aos 41 anos, deixou um legado ineg\u00e1vel no cen\u00e1rio da m\u00fasica sertaneja. O cantor, conhecido por resgatar a ess\u00eancia do sertanejo mais aut\u00eantico, veio a \u00f3bito nesta quarta, dia 3 de janeiro, em Campo Grande, ap\u00f3s uma cirurgia\u2026","rel":"","context":"In &quot;Blog&quot;","block_context":{"text":"Blog","link":"https:\/\/noticiasribeiraopreto.com.br\/index.php\/category\/blog\/"},"img":{"alt_text":"","src":"https:\/\/i0.wp.com\/noticiasribeiraopreto.com.br\/wp-content\/uploads\/2024\/01\/postimg-6596b2fb926735711.jpg?fit=1200%2C628&ssl=1&resize=350%2C200","width":350,"height":200,"srcset":"https:\/\/i0.wp.com\/noticiasribeiraopreto.com.br\/wp-content\/uploads\/2024\/01\/postimg-6596b2fb926735711.jpg?fit=1200%2C628&ssl=1&resize=350%2C200 1x, https:\/\/i0.wp.com\/noticiasribeiraopreto.com.br\/wp-content\/uploads\/2024\/01\/postimg-6596b2fb926735711.jpg?fit=1200%2C628&ssl=1&resize=525%2C300 1.5x, https:\/\/i0.wp.com\/noticiasribeiraopreto.com.br\/wp-content\/uploads\/2024\/01\/postimg-6596b2fb926735711.jpg?fit=1200%2C628&ssl=1&resize=700%2C400 2x, https:\/\/i0.wp.com\/noticiasribeiraopreto.com.br\/wp-content\/uploads\/2024\/01\/postimg-6596b2fb926735711.jpg?fit=1200%2C628&ssl=1&resize=1050%2C600 3x"},"classes":[]},{"id":28742,"url":"https:\/\/noticiasribeiraopreto.com.br\/index.php\/2024\/01\/16\/video-flagrou-os-ultimos-momentos-de-vida-da-jovem-que-foi-encontrada-em-obito-ao-lado-do-corpo-de-cantor-sertanejo\/","url_meta":{"origin":26451,"position":4},"title":"V\u00eddeo flagrou os \u00faltimos momentos de vida da jovem que foi encontrada em \u00f3bito ao lado do corpo de cantor sertanejo","author":"noticiasribeiraopreto.com.br","date":"16 de January de 2024","format":false,"excerpt":"Num achado sombrio que causou impacto na comunidade da cidade de Itapema, situada no Litoral Norte do estado de Santa Catarina, a Pol\u00edcia Militar localizou dois corpos em um apartamento.As v\u00edtimas foram identificadas como o cantor sertanejo e empres\u00e1rio S\u00e9rgio de Souza Correia, 59 anos, e de sua esposa Eduarda\u2026","rel":"","context":"In &quot;Blog&quot;","block_context":{"text":"Blog","link":"https:\/\/noticiasribeiraopreto.com.br\/index.php\/category\/blog\/"},"img":{"alt_text":"","src":"https:\/\/i0.wp.com\/noticiasribeiraopreto.com.br\/wp-content\/uploads\/2024\/01\/postimg-65a6a65b7ee5a3301.jpg?fit=1200%2C628&ssl=1&resize=350%2C200","width":350,"height":200,"srcset":"https:\/\/i0.wp.com\/noticiasribeiraopreto.com.br\/wp-content\/uploads\/2024\/01\/postimg-65a6a65b7ee5a3301.jpg?fit=1200%2C628&ssl=1&resize=350%2C200 1x, https:\/\/i0.wp.com\/noticiasribeiraopreto.com.br\/wp-content\/uploads\/2024\/01\/postimg-65a6a65b7ee5a3301.jpg?fit=1200%2C628&ssl=1&resize=525%2C300 1.5x, https:\/\/i0.wp.com\/noticiasribeiraopreto.com.br\/wp-content\/uploads\/2024\/01\/postimg-65a6a65b7ee5a3301.jpg?fit=1200%2C628&ssl=1&resize=700%2C400 2x, https:\/\/i0.wp.com\/noticiasribeiraopreto.com.br\/wp-content\/uploads\/2024\/01\/postimg-65a6a65b7ee5a3301.jpg?fit=1200%2C628&ssl=1&resize=1050%2C600 3x"},"classes":[]},{"id":28344,"url":"https:\/\/noticiasribeiraopreto.com.br\/index.php\/2024\/01\/15\/quem-era-o-respeitado-empresario-que-tirou-a-vida-de-esposa-e-depois-atentou-contra-si-mesmo-ele-cantava-e-tinha-dupla-sertaneja\/","url_meta":{"origin":26451,"position":5},"title":"Quem era o respeitado empres\u00e1rio que tirou a vida de esposa e depois atentou contra si mesmo; ele cantava e tinha dupla sertaneja","author":"noticiasribeiraopreto.com.br","date":"15 de January de 2024","format":false,"excerpt":"Neste \u00faltimo domingo, dia 14 de janeiro, a comunidade de Itapema, Litoral Norte de Santa Catarina, est\u00e1 abalada pela descoberta do falecimento de um conhecido casal.Trata-se do empres\u00e1rio e cantor sertanejo S\u00e9rgio Souza Corr\u00eaa, de 59 anos de idade, e de sua esposa, Eduarda Gorgick, de 24 anos, encontrados mortos\u2026","rel":"","context":"In &quot;Blog&quot;","block_context":{"text":"Blog","link":"https:\/\/noticiasribeiraopreto.com.br\/index.php\/category\/blog\/"},"img":{"alt_text":"","src":"https:\/\/i0.wp.com\/noticiasribeiraopreto.com.br\/wp-content\/uploads\/2024\/01\/postimg-65a55b1b764b81698.jpg?fit=1200%2C628&ssl=1&resize=350%2C200","width":350,"height":200,"srcset":"https:\/\/i0.wp.com\/noticiasribeiraopreto.com.br\/wp-content\/uploads\/2024\/01\/postimg-65a55b1b764b81698.jpg?fit=1200%2C628&ssl=1&resize=350%2C200 1x, https:\/\/i0.wp.com\/noticiasribeiraopreto.com.br\/wp-content\/uploads\/2024\/01\/postimg-65a55b1b764b81698.jpg?fit=1200%2C628&ssl=1&resize=525%2C300 1.5x, https:\/\/i0.wp.com\/noticiasribeiraopreto.com.br\/wp-content\/uploads\/2024\/01\/postimg-65a55b1b764b81698.jpg?fit=1200%2C628&ssl=1&resize=700%2C400 2x, https:\/\/i0.wp.com\/noticiasribeiraopreto.com.br\/wp-content\/uploads\/2024\/01\/postimg-65a55b1b764b81698.jpg?fit=1200%2C628&ssl=1&resize=1050%2C600 3x"},"classes":[]}],"jetpack_sharing_enabled":true,"jetpack_shortlink":"https:\/\/wp.me\/peQAOb-6SD","_links":{"self":[{"href":"https:\/\/noticiasribeiraopreto.com.br\/index.php\/wp-json\/wp\/v2\/posts\/26451","targetHints":{"allow":["GET"]}}],"collection":[{"href":"https:\/\/noticiasribeiraopreto.com.br\/index.php\/wp-json\/wp\/v2\/posts"}],"about":[{"href":"https:\/\/noticiasribeiraopreto.com.br\/index.php\/wp-json\/wp\/v2\/types\/post"}],"author":[{"embeddable":true,"href":"https:\/\/noticiasribeiraopreto.com.br\/index.php\/wp-json\/wp\/v2\/users\/1"}],"replies":[{"embeddable":true,"href":"https:\/\/noticiasribeiraopreto.com.br\/index.php\/wp-json\/wp\/v2\/comments?post=26451"}],"version-history":[{"count":0,"href":"https:\/\/noticiasribeiraopreto.com.br\/index.php\/wp-json\/wp\/v2\/posts\/26451\/revisions"}],"wp:featuredmedia":[{"embeddable":true,"href":"https:\/\/noticiasribeiraopreto.com.br\/index.php\/wp-json\/wp\/v2\/media\/26452"}],"wp:attachment":[{"href":"https:\/\/noticiasribeiraopreto.com.br\/index.php\/wp-json\/wp\/v2\/media?parent=26451"}],"wp:term":[{"taxonomy":"category","embeddable":true,"href":"https:\/\/noticiasribeiraopreto.com.br\/index.php\/wp-json\/wp\/v2\/categories?post=26451"},{"taxonomy":"post_tag","embeddable":true,"href":"https:\/\/noticiasribeiraopreto.com.br\/index.php\/wp-json\/wp\/v2\/tags?post=26451"}],"curies":[{"name":"wp","href":"https:\/\/api.w.org\/{rel}","templated":true}]}}