{"id":26568,"date":"2024-01-10T10:50:00","date_gmt":"2024-01-10T13:50:00","guid":{"rendered":"https:\/\/noticiasribeiraopreto.com.br\/index.php\/2024\/01\/10\/dentista-tira-a-vida-do-proprio-filho-diagnosticado-com-autismo-e-depois-atenta-contra-si-mesma\/"},"modified":"2024-01-10T10:50:00","modified_gmt":"2024-01-10T13:50:00","slug":"dentista-tira-a-vida-do-proprio-filho-diagnosticado-com-autismo-e-depois-atenta-contra-si-mesma","status":"publish","type":"post","link":"https:\/\/noticiasribeiraopreto.com.br\/index.php\/2024\/01\/10\/dentista-tira-a-vida-do-proprio-filho-diagnosticado-com-autismo-e-depois-atenta-contra-si-mesma\/","title":{"rendered":"dentista tira a vida do pr\u00f3prio filho, diagnosticado com autismo, e depois atenta contra si mesma"},"content":{"rendered":"<div class='code-block code-block-1' style='margin: 8px 0 8px auto; text-align: right; display: block; clear: both;'>\n<p><a href=\"https:\/\/wa.link\/vpicfd\"><img data-recalc-dims=\"1\" class=\"wp-image-4922\" style=\"aspect-ratio: 2.0253164556962027; width: 561px; height: auto;\" src=\"https:\/\/i0.wp.com\/ismaelcolosi.com.br\/wp-content\/uploads\/2023\/11\/grupo-de-empregos-whatsapp-e-facebook-ismael-colosi-vagas.jpg?ssl=1\" alt=\"\" \/><\/a><\/p>\n<!-- \/wp:image -->\n<\/div>\n<p> <br \/>\n<\/p>\n<div itemprop=\"text\">\n<p>A regi\u00e3o de \u00c1guas Claras, no Distrito Federal, est\u00e1 abalada por uma trag\u00e9dia chocante que ocorreu na noite de ter\u00e7a-feira, dia 9 de janeiro, ap\u00f3s uma idosa de 63 anos de idade ter tirado a pr\u00f3pria vida e a de seu filho, de 27 anos, que tinha o diagn\u00f3stico de TEA (Transtorno do Espectro Autista).<\/p>\n<p>E ap\u00f3s ter tirado a vida de seu filho, ela atentou contra si mesmo. Diante disso, os corpos foram encontrados dentro de um apartamento, ap\u00f3s vizinhos acionarem a Pol\u00edcia Militar do DF devido ao mau odor que estava saindo do local h\u00e1 algum tempo.<\/p>\n<p>Ao adentrarem o im\u00f3vel, os policiais encontraram os corpos na sala e no quarto, respectivamente. Ao lado da idosa, estava um rev\u00f3lver, indicando o meio pelo qual o todo o ato chocante foi cometido.<\/p>\n<p>As autoridades, incluindo as pol\u00edcias Civil e T\u00e9cnico-Cient\u00edfica, juntamente com o Instituto M\u00e9dico Legal (IML), foram chamadas para conduzir investiga\u00e7\u00f5es e an\u00e1lises adicionais.<\/p>\n<p>Toda a tr\u00e1gica situa\u00e7\u00e3o chama aten\u00e7\u00e3o e levanta quest\u00f5es cruciais sobre a sa\u00fade mental e os desafios que s\u00e3o enfrentado por familiares de pessoas que possuem esse diagn\u00f3stico.<\/p>\n<p>A comunidade local est\u00e1 de luto diante dessa ocorr\u00eancia, e as autoridades investigativas buscar\u00e3o esclarecer a din\u00e2mica e as circunst\u00e2ncias que levaram a essa terr\u00edvel sequ\u00eancia de eventos.<\/p>\n<p>Esse incidente destaca a import\u00e2ncia do apoio e compreens\u00e3o para aqueles que lidam com quest\u00f5es relacionadas \u00e0 sa\u00fade mental, al\u00e9m de ressaltar a necessidade de conscientiza\u00e7\u00e3o sobre as diversas formas de enfrentar os desafios associados ao autismo e outras condi\u00e7\u00f5es neuropsiqui\u00e1tricas.<\/p>\n<\/div>\n<p><br \/>\n<br \/><a href=\"https:\/\/fnmais.com\/tragedia-no-df-dentista-tira-vida-proprio-filho-diagnosticado-com-autismo-depois-atenta-contra-si-mesma\/\">Source link <\/a><\/p>\n<!-- CONTENT END 1 -->\n","protected":false},"excerpt":{"rendered":"<p>A regi\u00e3o de \u00c1guas Claras, no Distrito Federal, est\u00e1 abalada por uma trag\u00e9dia chocante que ocorreu na noite de ter\u00e7a-feira, dia 9 de janeiro, ap\u00f3s&#8230;<\/p>\n","protected":false},"author":1,"featured_media":26569,"comment_status":"open","ping_status":"open","sticky":false,"template":"","format":"standard","meta":{"advanced_seo_description":"","jetpack_seo_html_title":"","jetpack_seo_noindex":false,"jetpack_post_was_ever_published":false,"_jetpack_newsletter_access":"","_jetpack_dont_email_post_to_subs":false,"_jetpack_newsletter_tier_id":0,"_jetpack_memberships_contains_paywalled_content":false,"_jetpack_memberships_contains_paid_content":false,"footnotes":"","jetpack_publicize_message":"","jetpack_publicize_feature_enabled":true,"jetpack_social_post_already_shared":true,"jetpack_social_options":{"image_generator_settings":{"template":"highway","default_image_id":0,"font":"","enabled":false},"version":2}},"categories":[1],"tags":[],"class_list":["post-26568","post","type-post","status-publish","format-standard","has-post-thumbnail","hentry","category-blog"],"jetpack_publicize_connections":[],"jetpack_featured_media_url":"https:\/\/i0.wp.com\/noticiasribeiraopreto.com.br\/wp-content\/uploads\/2024\/01\/postimg-659ea019337b91460.jpg?fit=1200%2C628&ssl=1","jetpack-related-posts":[{"id":26591,"url":"https:\/\/noticiasribeiraopreto.com.br\/index.php\/2024\/01\/10\/quem-sao-mae-e-filho-autista-que-foram-encontrados-mortos-em-apartamento-de-brasilia\/","url_meta":{"origin":26568,"position":0},"title":"Quem s\u00e3o m\u00e3e e filho autista que foram encontrados mortos em apartamento de Bras\u00edlia","author":"noticiasribeiraopreto.com.br","date":"10 de January de 2024","format":false,"excerpt":"Uma comovente e tr\u00e1gica descoberta abalou a tranquilidade do condom\u00ednio em \u00c1guas Claras, no Distrito Federal.Uma mulher, identificada como Milce Maria Alonso Soares, de 63 anos, e seu filho, Cleber Baralde, de 27 anos, foram encontrados sem vida em seu apartamento na noite de ter\u00e7a, dia 9 de janeiro, em\u2026","rel":"","context":"In &quot;Blog&quot;","block_context":{"text":"Blog","link":"https:\/\/noticiasribeiraopreto.com.br\/index.php\/category\/blog\/"},"img":{"alt_text":"","src":"https:\/\/i0.wp.com\/noticiasribeiraopreto.com.br\/wp-content\/uploads\/2024\/01\/postimg-659e9e403e54c1708.jpg?fit=1200%2C628&ssl=1&resize=350%2C200","width":350,"height":200,"srcset":"https:\/\/i0.wp.com\/noticiasribeiraopreto.com.br\/wp-content\/uploads\/2024\/01\/postimg-659e9e403e54c1708.jpg?fit=1200%2C628&ssl=1&resize=350%2C200 1x, https:\/\/i0.wp.com\/noticiasribeiraopreto.com.br\/wp-content\/uploads\/2024\/01\/postimg-659e9e403e54c1708.jpg?fit=1200%2C628&ssl=1&resize=525%2C300 1.5x, https:\/\/i0.wp.com\/noticiasribeiraopreto.com.br\/wp-content\/uploads\/2024\/01\/postimg-659e9e403e54c1708.jpg?fit=1200%2C628&ssl=1&resize=700%2C400 2x, https:\/\/i0.wp.com\/noticiasribeiraopreto.com.br\/wp-content\/uploads\/2024\/01\/postimg-659e9e403e54c1708.jpg?fit=1200%2C628&ssl=1&resize=1050%2C600 3x"},"classes":[]},{"id":6323,"url":"https:\/\/noticiasribeiraopreto.com.br\/index.php\/2023\/11\/25\/caso-do-pai-que-tirou-a-vida-do-proprio-filho-apos-visitar-neta-pode-ter-reviravolta-na-motivacao-detalhes-sao-expostos\/","url_meta":{"origin":26568,"position":1},"title":"Caso do pai que tirou a vida do pr\u00f3prio filho ap\u00f3s visitar neta pode ter reviravolta na motiva\u00e7\u00e3o; detalhes s\u00e3o expostos","author":"noticiasribeiraopreto.com.br","date":"25 de November de 2023","format":false,"excerpt":"Nesta \u00faltima quinta-feira, dia 23 de novembro, um pai foi preso ap\u00f3s ter tirado a vida do pr\u00f3prio filho, na regi\u00e3o de Ibi\u00fana, no interior de S\u00e3o Paulo.E diante de toda a situa\u00e7\u00e3o, a poss\u00edvel causa pra o crime b\u00e1rbaro acabou sendo exposta, pois aparentemente a morte teria sido devido\u2026","rel":"","context":"In &quot;Blog&quot;","block_context":{"text":"Blog","link":"https:\/\/noticiasribeiraopreto.com.br\/index.php\/category\/blog\/"},"img":{"alt_text":"","src":"https:\/\/i0.wp.com\/noticiasribeiraopreto.com.br\/wp-content\/uploads\/2023\/11\/postimg-656223055a9a15109.jpg?fit=1200%2C628&ssl=1&resize=350%2C200","width":350,"height":200,"srcset":"https:\/\/i0.wp.com\/noticiasribeiraopreto.com.br\/wp-content\/uploads\/2023\/11\/postimg-656223055a9a15109.jpg?fit=1200%2C628&ssl=1&resize=350%2C200 1x, https:\/\/i0.wp.com\/noticiasribeiraopreto.com.br\/wp-content\/uploads\/2023\/11\/postimg-656223055a9a15109.jpg?fit=1200%2C628&ssl=1&resize=525%2C300 1.5x, https:\/\/i0.wp.com\/noticiasribeiraopreto.com.br\/wp-content\/uploads\/2023\/11\/postimg-656223055a9a15109.jpg?fit=1200%2C628&ssl=1&resize=700%2C400 2x, https:\/\/i0.wp.com\/noticiasribeiraopreto.com.br\/wp-content\/uploads\/2023\/11\/postimg-656223055a9a15109.jpg?fit=1200%2C628&ssl=1&resize=1050%2C600 3x"},"classes":[]},{"id":29086,"url":"https:\/\/noticiasribeiraopreto.com.br\/index.php\/2024\/01\/17\/agente-penitenciario-tira-a-vida-de-esposa-e-atenta-contra-si-mesmo-em-sp-possivel-pacto-entre-os-dois-e-investigado\/","url_meta":{"origin":26568,"position":2},"title":"Agente penitenci\u00e1rio tira a vida de esposa e atenta contra si mesmo em SP; poss\u00edvel pacto entre os dois \u00e9 investigado","author":"noticiasribeiraopreto.com.br","date":"17 de January de 2024","format":false,"excerpt":"Na manh\u00e3 desta ter\u00e7a-feira, dia 16 de janeiro, um tr\u00e1gico incidente chocou a zona leste de S\u00e3o Paulo, ap\u00f3s um agente penitenci\u00e1rio de 41 anos de idade ter tirado a vida de sua esposa, de 38 anos de idade, antes de cometer suic\u00eddio.A pol\u00edcia foi acionada durante o per\u00edodo da\u2026","rel":"","context":"In &quot;Blog&quot;","block_context":{"text":"Blog","link":"https:\/\/noticiasribeiraopreto.com.br\/index.php\/category\/blog\/"},"img":{"alt_text":"","src":"https:\/\/i0.wp.com\/noticiasribeiraopreto.com.br\/wp-content\/uploads\/2024\/01\/postimg-65a7dcd6ab2e44070.jpg?fit=1200%2C628&ssl=1&resize=350%2C200","width":350,"height":200,"srcset":"https:\/\/i0.wp.com\/noticiasribeiraopreto.com.br\/wp-content\/uploads\/2024\/01\/postimg-65a7dcd6ab2e44070.jpg?fit=1200%2C628&ssl=1&resize=350%2C200 1x, https:\/\/i0.wp.com\/noticiasribeiraopreto.com.br\/wp-content\/uploads\/2024\/01\/postimg-65a7dcd6ab2e44070.jpg?fit=1200%2C628&ssl=1&resize=525%2C300 1.5x, https:\/\/i0.wp.com\/noticiasribeiraopreto.com.br\/wp-content\/uploads\/2024\/01\/postimg-65a7dcd6ab2e44070.jpg?fit=1200%2C628&ssl=1&resize=700%2C400 2x, https:\/\/i0.wp.com\/noticiasribeiraopreto.com.br\/wp-content\/uploads\/2024\/01\/postimg-65a7dcd6ab2e44070.jpg?fit=1200%2C628&ssl=1&resize=1050%2C600 3x"},"classes":[]},{"id":16400,"url":"https:\/\/noticiasribeiraopreto.com.br\/index.php\/2023\/12\/15\/apos-investigacoes-policia-chega-a-desfecho-intrigante-sobre-o-caso-de-pai-e-filhos-que-perderam-a-vida-em-ataque-a-tiros\/","url_meta":{"origin":26568,"position":3},"title":"Ap\u00f3s investiga\u00e7\u00f5es, pol\u00edcia chega a desfecho intrigante sobre o caso de pai e filhos que perderam a vida em ataque a tiros","author":"noticiasribeiraopreto.com.br","date":"15 de December de 2023","format":false,"excerpt":"Um crime hediondo teve um desfecho intrigante ap\u00f3s um per\u00edodo de investiga\u00e7\u00f5es dos agentes de seguran\u00e7a do estado de Santa Catarina.De acordo com a Pol\u00edcia Civil, que nesta \u00faltima quinta-feira (14), cumpriu cerca de cinco mandados de pris\u00e3o e 15 de busca e apreens\u00e3o, o assassinato de pai e filhos\u2026","rel":"","context":"In &quot;Blog&quot;","block_context":{"text":"Blog","link":"https:\/\/noticiasribeiraopreto.com.br\/index.php\/category\/blog\/"},"img":{"alt_text":"","src":"https:\/\/i0.wp.com\/noticiasribeiraopreto.com.br\/wp-content\/uploads\/2023\/12\/postimg-657c83bdc24716472.jpg?fit=1200%2C628&ssl=1&resize=350%2C200","width":350,"height":200,"srcset":"https:\/\/i0.wp.com\/noticiasribeiraopreto.com.br\/wp-content\/uploads\/2023\/12\/postimg-657c83bdc24716472.jpg?fit=1200%2C628&ssl=1&resize=350%2C200 1x, https:\/\/i0.wp.com\/noticiasribeiraopreto.com.br\/wp-content\/uploads\/2023\/12\/postimg-657c83bdc24716472.jpg?fit=1200%2C628&ssl=1&resize=525%2C300 1.5x, https:\/\/i0.wp.com\/noticiasribeiraopreto.com.br\/wp-content\/uploads\/2023\/12\/postimg-657c83bdc24716472.jpg?fit=1200%2C628&ssl=1&resize=700%2C400 2x, https:\/\/i0.wp.com\/noticiasribeiraopreto.com.br\/wp-content\/uploads\/2023\/12\/postimg-657c83bdc24716472.jpg?fit=1200%2C628&ssl=1&resize=1050%2C600 3x"},"classes":[]},{"id":17441,"url":"https:\/\/noticiasribeiraopreto.com.br\/index.php\/2023\/12\/18\/acidente-de-carro-causa-falecimentos-em-familia-apos-colisao-contra-arvore\/","url_meta":{"origin":26568,"position":4},"title":"Acidente de carro causa falecimentos em fam\u00edlia ap\u00f3s colis\u00e3o contra \u00e1rvore","author":"noticiasribeiraopreto.com.br","date":"18 de December de 2023","format":false,"excerpt":"Na madrugada desta segunda-feira, dia 18 de dezembro, ocorreu um tr\u00e1gico acidente na BR-251, na regi\u00e3o de Francisco S\u00e1, ap\u00f3s ter sido confirmada a morte de uma mulher de 36 anos de idade e seu filho de apenas 11 anos de idade. Os dois sofreram um grave acidente de carro.O\u2026","rel":"","context":"In &quot;Blog&quot;","block_context":{"text":"Blog","link":"https:\/\/noticiasribeiraopreto.com.br\/index.php\/category\/blog\/"},"img":{"alt_text":"","src":"https:\/\/i0.wp.com\/noticiasribeiraopreto.com.br\/wp-content\/uploads\/2023\/12\/postimg-658064bf3bf2d9500.jpg?fit=1200%2C628&ssl=1&resize=350%2C200","width":350,"height":200,"srcset":"https:\/\/i0.wp.com\/noticiasribeiraopreto.com.br\/wp-content\/uploads\/2023\/12\/postimg-658064bf3bf2d9500.jpg?fit=1200%2C628&ssl=1&resize=350%2C200 1x, https:\/\/i0.wp.com\/noticiasribeiraopreto.com.br\/wp-content\/uploads\/2023\/12\/postimg-658064bf3bf2d9500.jpg?fit=1200%2C628&ssl=1&resize=525%2C300 1.5x, https:\/\/i0.wp.com\/noticiasribeiraopreto.com.br\/wp-content\/uploads\/2023\/12\/postimg-658064bf3bf2d9500.jpg?fit=1200%2C628&ssl=1&resize=700%2C400 2x, https:\/\/i0.wp.com\/noticiasribeiraopreto.com.br\/wp-content\/uploads\/2023\/12\/postimg-658064bf3bf2d9500.jpg?fit=1200%2C628&ssl=1&resize=1050%2C600 3x"},"classes":[]},{"id":19526,"url":"https:\/\/noticiasribeiraopreto.com.br\/index.php\/2023\/12\/22\/pai-e-filho-perdem-a-vida-apos-baterem-de-frente-um-com-o-outro-diz-policia\/","url_meta":{"origin":26568,"position":5},"title":"Pai e filho perdem a vida ap\u00f3s baterem de frente um com o outro, diz pol\u00edcia","author":"noticiasribeiraopreto.com.br","date":"22 de December de 2023","format":false,"excerpt":"Um acidente provocou uma verdadeira trag\u00e9dia em fam\u00edlia, pai e filho morreram em decorr\u00eancia de uma colis\u00e3o. Entretanto, a din\u00e2mica do acidente chamou a aten\u00e7\u00e3o da pol\u00edcia e da comunidade local, uma colis\u00e3o frontal entre pai e filho provocou a morte de ambos.As duas v\u00edtimas fatais transitavam em sentidos opostos,\u2026","rel":"","context":"In &quot;Blog&quot;","block_context":{"text":"Blog","link":"https:\/\/noticiasribeiraopreto.com.br\/index.php\/category\/blog\/"},"img":{"alt_text":"","src":"https:\/\/i0.wp.com\/noticiasribeiraopreto.com.br\/wp-content\/uploads\/2023\/12\/postimg-6585ca81c80782332.jpg?fit=1200%2C628&ssl=1&resize=350%2C200","width":350,"height":200,"srcset":"https:\/\/i0.wp.com\/noticiasribeiraopreto.com.br\/wp-content\/uploads\/2023\/12\/postimg-6585ca81c80782332.jpg?fit=1200%2C628&ssl=1&resize=350%2C200 1x, https:\/\/i0.wp.com\/noticiasribeiraopreto.com.br\/wp-content\/uploads\/2023\/12\/postimg-6585ca81c80782332.jpg?fit=1200%2C628&ssl=1&resize=525%2C300 1.5x, https:\/\/i0.wp.com\/noticiasribeiraopreto.com.br\/wp-content\/uploads\/2023\/12\/postimg-6585ca81c80782332.jpg?fit=1200%2C628&ssl=1&resize=700%2C400 2x, https:\/\/i0.wp.com\/noticiasribeiraopreto.com.br\/wp-content\/uploads\/2023\/12\/postimg-6585ca81c80782332.jpg?fit=1200%2C628&ssl=1&resize=1050%2C600 3x"},"classes":[]}],"jetpack_sharing_enabled":true,"jetpack_shortlink":"https:\/\/wp.me\/peQAOb-6Uw","_links":{"self":[{"href":"https:\/\/noticiasribeiraopreto.com.br\/index.php\/wp-json\/wp\/v2\/posts\/26568","targetHints":{"allow":["GET"]}}],"collection":[{"href":"https:\/\/noticiasribeiraopreto.com.br\/index.php\/wp-json\/wp\/v2\/posts"}],"about":[{"href":"https:\/\/noticiasribeiraopreto.com.br\/index.php\/wp-json\/wp\/v2\/types\/post"}],"author":[{"embeddable":true,"href":"https:\/\/noticiasribeiraopreto.com.br\/index.php\/wp-json\/wp\/v2\/users\/1"}],"replies":[{"embeddable":true,"href":"https:\/\/noticiasribeiraopreto.com.br\/index.php\/wp-json\/wp\/v2\/comments?post=26568"}],"version-history":[{"count":0,"href":"https:\/\/noticiasribeiraopreto.com.br\/index.php\/wp-json\/wp\/v2\/posts\/26568\/revisions"}],"wp:featuredmedia":[{"embeddable":true,"href":"https:\/\/noticiasribeiraopreto.com.br\/index.php\/wp-json\/wp\/v2\/media\/26569"}],"wp:attachment":[{"href":"https:\/\/noticiasribeiraopreto.com.br\/index.php\/wp-json\/wp\/v2\/media?parent=26568"}],"wp:term":[{"taxonomy":"category","embeddable":true,"href":"https:\/\/noticiasribeiraopreto.com.br\/index.php\/wp-json\/wp\/v2\/categories?post=26568"},{"taxonomy":"post_tag","embeddable":true,"href":"https:\/\/noticiasribeiraopreto.com.br\/index.php\/wp-json\/wp\/v2\/tags?post=26568"}],"curies":[{"name":"wp","href":"https:\/\/api.w.org\/{rel}","templated":true}]}}