{"id":26570,"date":"2024-01-10T10:52:27","date_gmt":"2024-01-10T13:52:27","guid":{"rendered":"https:\/\/noticiasribeiraopreto.com.br\/index.php\/2024\/01\/10\/cinco-bairros-da-regiao-norte-de-rp-podem-ficar-sem-agua-nesta-quarta\/"},"modified":"2024-01-10T10:52:27","modified_gmt":"2024-01-10T13:52:27","slug":"cinco-bairros-da-regiao-norte-de-rp-podem-ficar-sem-agua-nesta-quarta","status":"publish","type":"post","link":"https:\/\/noticiasribeiraopreto.com.br\/index.php\/2024\/01\/10\/cinco-bairros-da-regiao-norte-de-rp-podem-ficar-sem-agua-nesta-quarta\/","title":{"rendered":"Cinco bairros da regi\u00e3o norte de RP podem ficar sem \u00e1gua nesta quarta"},"content":{"rendered":"<div class='code-block code-block-1' style='margin: 8px 0 8px auto; text-align: right; display: block; clear: both;'>\n<p><a href=\"https:\/\/wa.link\/vpicfd\"><img data-recalc-dims=\"1\" class=\"wp-image-4922\" style=\"aspect-ratio: 2.0253164556962027; width: 561px; height: auto;\" src=\"https:\/\/i0.wp.com\/ismaelcolosi.com.br\/wp-content\/uploads\/2023\/11\/grupo-de-empregos-whatsapp-e-facebook-ismael-colosi-vagas.jpg?ssl=1\" alt=\"\" \/><\/a><\/p>\n<!-- \/wp:image -->\n<\/div>\n<p> <br \/>\n<\/p>\n<div id=\"post-369928\">\n<header class=\"entry-header penci-entry-header penci-title-center\">\n<p> <span class=\"entry-meta-item penci-posted-on\"><i class=\"fa fa-clock-o\"\/><time class=\"entry-date published updated\" datetime=\"2024-01-10T10:27:43-03:00\">10 de janeiro de 2024 | 10:27<\/time><\/span><\/p>\n<p> <span class=\"penci-social-buttons penci-social-share-footer\"><a href=\"#\" class=\"penci-post-like penci_post-meta_item  single-like-button penci-social-item like\" data-post_id=\"369928\" title=\"Like\" data-like=\"Like\" data-unlike=\"Unlike\"><i class=\"fa fa-thumbs-o-up\"\/><span class=\"penci-share-number\">0<\/span><\/a><i class=\"fa fa-facebook\"\/><a class=\"penci-social-item twitter\" target=\"_blank\" rel=\"noopener\" title=\"\" href=\"https:\/\/twitter.com\/intent\/tweet?text=Cinco%20bairros%20da%20regi\u00e3o%20norte%20de%20RP%20podem%20ficar%20sem%20\u00e1gua%20nesta%20quarta%20-%20https:\/\/www.tribunaribeirao.com.br\/site\/cinco-bairros-da-regiao-norte-de-rp-podem-ficar-sem-agua-nesta-quarta\/\"><i class=\"fa fa-twitter\"\/><\/a><i class=\"fa fa-whatsapp\"\/><\/span><\/header>\n<div class=\"penci-entry-content entry-content\">\n<p>A Saerp informa que est\u00e1 realizando hoje, 10, uma obra no sistema de abastecimento da regi\u00e3o Norte, a fim de otimizar a distribui\u00e7\u00e3o de \u00e1gua nos bairros Valentina Figueiredo, Geraldo Correia de Carvalho, Jardim Jandaia, Ant\u00f4nio Marincek, Ipiranga e regi\u00f5es pr\u00f3ximas, podendo ocasionar intermit\u00eancias nos mesmos.<\/p>\n<p>A previs\u00e3o de conclus\u00e3o \u00e9 hoje, \u00e0s 19h. Ap\u00f3s a finaliza\u00e7\u00e3o, o sistema ser\u00e1 normalizado e o abastecimento voltar\u00e1 de forma gradativa.<\/p>\n<\/div>\n<footer class=\"penci-entry-footer\"\/><\/div>\n<p><script async src=\"\/\/platform.twitter.com\/widgets.js\" charset=\"utf-8\"><\/script><br \/>\n<br \/><br \/>\n<br \/><a href=\"https:\/\/www.tribunaribeirao.com.br\/site\/cinco-bairros-da-regiao-norte-de-rp-podem-ficar-sem-agua-nesta-quarta\/\">Source link <\/a><\/p>\n<!-- CONTENT END 1 -->\n","protected":false},"excerpt":{"rendered":"<p>10 de janeiro de 2024 | 10:27 0 A Saerp informa que est\u00e1 realizando hoje, 10, uma obra no sistema de abastecimento da regi\u00e3o Norte,&#8230;<\/p>\n","protected":false},"author":1,"featured_media":26571,"comment_status":"open","ping_status":"open","sticky":false,"template":"","format":"standard","meta":{"advanced_seo_description":"","jetpack_seo_html_title":"","jetpack_seo_noindex":false,"jetpack_post_was_ever_published":false,"_jetpack_newsletter_access":"","_jetpack_dont_email_post_to_subs":false,"_jetpack_newsletter_tier_id":0,"_jetpack_memberships_contains_paywalled_content":false,"_jetpack_memberships_contains_paid_content":false,"footnotes":"","jetpack_publicize_message":"","jetpack_publicize_feature_enabled":true,"jetpack_social_post_already_shared":true,"jetpack_social_options":{"image_generator_settings":{"template":"highway","default_image_id":0,"font":"","enabled":false},"version":2}},"categories":[11],"tags":[32,419,481,1471,207,397,1214,1549,277,1025],"class_list":["post-26570","post","type-post","status-publish","format-standard","has-post-thumbnail","hentry","category-noticias-de-ribeirao-preto-sp-e-regiao-ismael-colosi","tag-agua","tag-bairros","tag-cinco","tag-ficar","tag-nesta","tag-norte","tag-podem","tag-quarta","tag-regiao","tag-sem"],"jetpack_publicize_connections":[],"jetpack_featured_media_url":"https:\/\/i0.wp.com\/noticiasribeiraopreto.com.br\/wp-content\/uploads\/2024\/01\/xgua_torneira_saae_sxo_carlos-scaled.jpg?fit=1000%2C563&ssl=1","jetpack-related-posts":[{"id":39093,"url":"https:\/\/noticiasribeiraopreto.com.br\/index.php\/2024\/02\/23\/tres-bairros-da-zona-norte-podem-ficar-sem-agua-nesta-sexta\/","url_meta":{"origin":26570,"position":0},"title":"Tr\u00eas bairros da zona norte podem ficar sem \u00e1gua nesta sexta","author":"noticiasribeiraopreto.com.br","date":"23 de February de 2024","format":false,"excerpt":"23 de fevereiro de 2024 | 12:05 0A Saerp est\u00e1 realizando hoje, 23, a substitui\u00e7\u00e3o da bomba do po\u00e7o Top\u00e1zio, a fim de otimizar a distribui\u00e7\u00e3o de \u00e1gua para parte da regi\u00e3o Norte, podendo gerar intermit\u00eancias nos bairros Vila Mariana, Campos El\u00edseos, Jardim Independ\u00eancia e regi\u00f5es pr\u00f3ximas.A previs\u00e3o de conclus\u00e3o\u2026","rel":"","context":"In &quot;Not\u00edcias de Ribeir\u00e3o Preto-SP e Regi\u00e3o&quot;","block_context":{"text":"Not\u00edcias de Ribeir\u00e3o Preto-SP e Regi\u00e3o","link":"https:\/\/noticiasribeiraopreto.com.br\/index.php\/category\/noticias-de-ribeirao-preto-sp-e-regiao-ismael-colosi\/"},"img":{"alt_text":"","src":"https:\/\/i0.wp.com\/noticiasribeiraopreto.com.br\/wp-content\/uploads\/2024\/02\/1708701218_divulgacao_cesan.jpg?fit=600%2C400&ssl=1&resize=350%2C200","width":350,"height":200,"srcset":"https:\/\/i0.wp.com\/noticiasribeiraopreto.com.br\/wp-content\/uploads\/2024\/02\/1708701218_divulgacao_cesan.jpg?fit=600%2C400&ssl=1&resize=350%2C200 1x, https:\/\/i0.wp.com\/noticiasribeiraopreto.com.br\/wp-content\/uploads\/2024\/02\/1708701218_divulgacao_cesan.jpg?fit=600%2C400&ssl=1&resize=525%2C300 1.5x"},"classes":[]},{"id":43259,"url":"https:\/\/noticiasribeiraopreto.com.br\/index.php\/2024\/03\/20\/veja-os-bairros-que-podem-ficar-sem-agua-nesta-quarta-feira-em-ribeirao-preto\/","url_meta":{"origin":26570,"position":1},"title":"Veja os bairros que podem ficar sem \u00e1gua nesta quarta-feira em Ribeir\u00e3o Preto","author":"noticiasribeiraopreto.com.br","date":"20 de March de 2024","format":false,"excerpt":"A Saerp (Secretaria de \u00c1gua e Esgoto de Ribeir\u00e3o Preto) publicou nesta\u00a0quarta-feira (20)\u00a0um\u00a0alerta\u00a0para\u00a0poss\u00edvel falta d\u2019\u00e1gua em bairros e condom\u00ednios nas regi\u00f5es Sul e Norte de Ribeir\u00e3o Preto. Segundo a\u00a0Saerp, equipes est\u00e3o substituindo as bombas dos po\u00e7os Aroeira e Jandaia, para\u00a0aperfei\u00e7oar a distribui\u00e7\u00e3o de \u00e1gua na regi\u00e3o. Por isso, existe a\u2026","rel":"","context":"In &quot;Not\u00edcias de Ribeir\u00e3o Preto-SP e Regi\u00e3o&quot;","block_context":{"text":"Not\u00edcias de Ribeir\u00e3o Preto-SP e Regi\u00e3o","link":"https:\/\/noticiasribeiraopreto.com.br\/index.php\/category\/noticias-de-ribeirao-preto-sp-e-regiao-ismael-colosi\/"},"img":{"alt_text":"","src":"https:\/\/i0.wp.com\/noticiasribeiraopreto.com.br\/wp-content\/uploads\/2024\/03\/falta-de-agua-3-1-1.jpg?fit=1200%2C673&ssl=1&resize=350%2C200","width":350,"height":200,"srcset":"https:\/\/i0.wp.com\/noticiasribeiraopreto.com.br\/wp-content\/uploads\/2024\/03\/falta-de-agua-3-1-1.jpg?fit=1200%2C673&ssl=1&resize=350%2C200 1x, https:\/\/i0.wp.com\/noticiasribeiraopreto.com.br\/wp-content\/uploads\/2024\/03\/falta-de-agua-3-1-1.jpg?fit=1200%2C673&ssl=1&resize=525%2C300 1.5x, https:\/\/i0.wp.com\/noticiasribeiraopreto.com.br\/wp-content\/uploads\/2024\/03\/falta-de-agua-3-1-1.jpg?fit=1200%2C673&ssl=1&resize=700%2C400 2x, https:\/\/i0.wp.com\/noticiasribeiraopreto.com.br\/wp-content\/uploads\/2024\/03\/falta-de-agua-3-1-1.jpg?fit=1200%2C673&ssl=1&resize=1050%2C600 3x"},"classes":[]},{"id":63392,"url":"https:\/\/noticiasribeiraopreto.com.br\/index.php\/2025\/02\/12\/bairros-e-condominios-de-ribeirao-podem-ficar-sem-agua-nesta-quarta-feira-veja-locais\/","url_meta":{"origin":26570,"position":2},"title":"Bairros e condom\u00ednios de Ribeir\u00e3o podem ficar sem \u00e1gua nesta quarta-feira; Veja locais","author":"noticiasribeiraopreto.com.br","date":"12 de February de 2025","format":false,"excerpt":"A Saerp (Secretaria de \u00c1gua e Esgoto de Ribeir\u00e3o Preto) informou nesta quarta-feira (12) que dois bairros e dois condom\u00ednios de Ribeir\u00e3o Preto podem ficar sem \u00e1gua. De acordo com a secretaria, uma equipe realiza a limpeza e profilaxia do sistema de abastecimento no reservat\u00f3rio Primavera, o que pode causar\u2026","rel":"","context":"In &quot;Not\u00edcias de Ribeir\u00e3o Preto-SP e Regi\u00e3o&quot;","block_context":{"text":"Not\u00edcias de Ribeir\u00e3o Preto-SP e Regi\u00e3o","link":"https:\/\/noticiasribeiraopreto.com.br\/index.php\/category\/noticias-de-ribeirao-preto-sp-e-regiao-ismael-colosi\/"},"img":{"alt_text":"","src":"https:\/\/i0.wp.com\/noticiasribeiraopreto.com.br\/wp-content\/uploads\/2025\/01\/mao-na-torneira_2025-01-22_13-12-20.webp.webp?fit=1024%2C684&ssl=1&resize=350%2C200","width":350,"height":200,"srcset":"https:\/\/i0.wp.com\/noticiasribeiraopreto.com.br\/wp-content\/uploads\/2025\/01\/mao-na-torneira_2025-01-22_13-12-20.webp.webp?fit=1024%2C684&ssl=1&resize=350%2C200 1x, https:\/\/i0.wp.com\/noticiasribeiraopreto.com.br\/wp-content\/uploads\/2025\/01\/mao-na-torneira_2025-01-22_13-12-20.webp.webp?fit=1024%2C684&ssl=1&resize=525%2C300 1.5x, https:\/\/i0.wp.com\/noticiasribeiraopreto.com.br\/wp-content\/uploads\/2025\/01\/mao-na-torneira_2025-01-22_13-12-20.webp.webp?fit=1024%2C684&ssl=1&resize=700%2C400 2x"},"classes":[]},{"id":13832,"url":"https:\/\/noticiasribeiraopreto.com.br\/index.php\/2023\/12\/11\/vila-virginia-e-bairros-proximos-podem-ficar-sem-agua-nesta-segunda-em-ribeirao\/","url_meta":{"origin":26570,"position":3},"title":"Vila Virg\u00ednia e bairros pr\u00f3ximos podem ficar sem \u00e1gua nesta segunda em Ribeir\u00e3o \u00a0","author":"noticiasribeiraopreto.com.br","date":"11 de December de 2023","format":false,"excerpt":"A Saerp (Secretaria de \u00c1gua e Esgoto de Ribeir\u00e3o Preto) informou, na manh\u00e3 desta segunda-feira (11), que cinco bairros podem ficar sem \u00e1gua na zona Oeste da cidade. \u00a0 Segundo a Pasta, est\u00e1 sendo realizada a substitui\u00e7\u00e3o emergencial da bomba do Po\u00e7o Patriarca, ap\u00f3s apresentar falhas eletromec\u00e2nicas. \u00a0 Os bairros\u2026","rel":"","context":"In &quot;Not\u00edcias de Ribeir\u00e3o Preto-SP e Regi\u00e3o&quot;","block_context":{"text":"Not\u00edcias de Ribeir\u00e3o Preto-SP e Regi\u00e3o","link":"https:\/\/noticiasribeiraopreto.com.br\/index.php\/category\/noticias-de-ribeirao-preto-sp-e-regiao-ismael-colosi\/"},"img":{"alt_text":"","src":"https:\/\/i0.wp.com\/noticiasribeiraopreto.com.br\/wp-content\/uploads\/2023\/12\/torneira_falta_1024x576_01122020133928.jpg?fit=1024%2C576&ssl=1&resize=350%2C200","width":350,"height":200,"srcset":"https:\/\/i0.wp.com\/noticiasribeiraopreto.com.br\/wp-content\/uploads\/2023\/12\/torneira_falta_1024x576_01122020133928.jpg?fit=1024%2C576&ssl=1&resize=350%2C200 1x, https:\/\/i0.wp.com\/noticiasribeiraopreto.com.br\/wp-content\/uploads\/2023\/12\/torneira_falta_1024x576_01122020133928.jpg?fit=1024%2C576&ssl=1&resize=525%2C300 1.5x, https:\/\/i0.wp.com\/noticiasribeiraopreto.com.br\/wp-content\/uploads\/2023\/12\/torneira_falta_1024x576_01122020133928.jpg?fit=1024%2C576&ssl=1&resize=700%2C400 2x"},"classes":[]},{"id":82335,"url":"https:\/\/noticiasribeiraopreto.com.br\/index.php\/2026\/02\/11\/pelo-menos-tres-bairros-de-ribeirao-preto-podem-ficar-sem-agua-nesta-quarta-veja-quais\/","url_meta":{"origin":26570,"position":4},"title":"Pelo menos tr\u00eas bairros de Ribeir\u00e3o Preto podem ficar sem \u00e1gua nesta quarta; Veja quais","author":"noticiasribeiraopreto.com.br","date":"11 de February de 2026","format":false,"excerpt":"A Secretaria de \u00c1gua e Esgoto de Ribeir\u00e3o Preto (Saerp) informou que ao menos tr\u00eas bairros podem ficar sem \u00e1gua nesta quarta-feira (11). De acordo com a pasta, o problema no abastecimento acontece devido \u00e0 troca emergencial de uma bomba no Po\u00e7o Primavera. Por conta do ocorrido, intermit\u00eancias podem acontecer\u2026","rel":"","context":"In &quot;Not\u00edcias de Ribeir\u00e3o Preto-SP e Regi\u00e3o&quot;","block_context":{"text":"Not\u00edcias de Ribeir\u00e3o Preto-SP e Regi\u00e3o","link":"https:\/\/noticiasribeiraopreto.com.br\/index.php\/category\/noticias-de-ribeirao-preto-sp-e-regiao-ismael-colosi\/"},"img":{"alt_text":"","src":"https:\/\/i0.wp.com\/noticiasribeiraopreto.com.br\/wp-content\/uploads\/2025\/07\/agua-tratada_2025-04-24_18-28-47.webp.webp?fit=1200%2C800&ssl=1&resize=350%2C200","width":350,"height":200,"srcset":"https:\/\/i0.wp.com\/noticiasribeiraopreto.com.br\/wp-content\/uploads\/2025\/07\/agua-tratada_2025-04-24_18-28-47.webp.webp?fit=1200%2C800&ssl=1&resize=350%2C200 1x, https:\/\/i0.wp.com\/noticiasribeiraopreto.com.br\/wp-content\/uploads\/2025\/07\/agua-tratada_2025-04-24_18-28-47.webp.webp?fit=1200%2C800&ssl=1&resize=525%2C300 1.5x, https:\/\/i0.wp.com\/noticiasribeiraopreto.com.br\/wp-content\/uploads\/2025\/07\/agua-tratada_2025-04-24_18-28-47.webp.webp?fit=1200%2C800&ssl=1&resize=700%2C400 2x, https:\/\/i0.wp.com\/noticiasribeiraopreto.com.br\/wp-content\/uploads\/2025\/07\/agua-tratada_2025-04-24_18-28-47.webp.webp?fit=1200%2C800&ssl=1&resize=1050%2C600 3x"},"classes":[]},{"id":84303,"url":"https:\/\/noticiasribeiraopreto.com.br\/index.php\/2026\/04\/07\/dois-bairros-podem-ficar-sem-agua-na-zona-norte-de-ribeirao-preto-confira\/","url_meta":{"origin":26570,"position":5},"title":"Dois bairros podem ficar sem \u00e1gua na zona Norte de Ribeir\u00e3o Preto; Confira","author":"noticiasribeiraopreto.com.br","date":"7 de April de 2026","format":false,"excerpt":"A\u00a0Saerp (Secretaria de \u00c1gua e Esgoto de Ribeir\u00e3o Preto)\u00a0publicou alerta para o risco de falta d\u2019\u00e1gua nesta ter\u00e7a-feira (7) em dois bairros da zona Norte da cidade. Veja os bairros afetados: Jardim Aeroporto Jardim Salgado Filho e imedia\u00e7\u00f5es A Pasta informou que realiza a troca emergencial da bomba do Po\u00e7o\u2026","rel":"","context":"In &quot;Not\u00edcias de Ribeir\u00e3o Preto-SP e Regi\u00e3o&quot;","block_context":{"text":"Not\u00edcias de Ribeir\u00e3o Preto-SP e Regi\u00e3o","link":"https:\/\/noticiasribeiraopreto.com.br\/index.php\/category\/noticias-de-ribeirao-preto-sp-e-regiao-ismael-colosi\/"},"img":{"alt_text":"","src":"https:\/\/i0.wp.com\/noticiasribeiraopreto.com.br\/wp-content\/uploads\/2026\/04\/TORNEIRA_2025-10-07_16-41-14.webp.webp?fit=1200%2C673&ssl=1&resize=350%2C200","width":350,"height":200,"srcset":"https:\/\/i0.wp.com\/noticiasribeiraopreto.com.br\/wp-content\/uploads\/2026\/04\/TORNEIRA_2025-10-07_16-41-14.webp.webp?fit=1200%2C673&ssl=1&resize=350%2C200 1x, https:\/\/i0.wp.com\/noticiasribeiraopreto.com.br\/wp-content\/uploads\/2026\/04\/TORNEIRA_2025-10-07_16-41-14.webp.webp?fit=1200%2C673&ssl=1&resize=525%2C300 1.5x, https:\/\/i0.wp.com\/noticiasribeiraopreto.com.br\/wp-content\/uploads\/2026\/04\/TORNEIRA_2025-10-07_16-41-14.webp.webp?fit=1200%2C673&ssl=1&resize=700%2C400 2x, https:\/\/i0.wp.com\/noticiasribeiraopreto.com.br\/wp-content\/uploads\/2026\/04\/TORNEIRA_2025-10-07_16-41-14.webp.webp?fit=1200%2C673&ssl=1&resize=1050%2C600 3x"},"classes":[]}],"jetpack_sharing_enabled":true,"jetpack_shortlink":"https:\/\/wp.me\/peQAOb-6Uy","_links":{"self":[{"href":"https:\/\/noticiasribeiraopreto.com.br\/index.php\/wp-json\/wp\/v2\/posts\/26570","targetHints":{"allow":["GET"]}}],"collection":[{"href":"https:\/\/noticiasribeiraopreto.com.br\/index.php\/wp-json\/wp\/v2\/posts"}],"about":[{"href":"https:\/\/noticiasribeiraopreto.com.br\/index.php\/wp-json\/wp\/v2\/types\/post"}],"author":[{"embeddable":true,"href":"https:\/\/noticiasribeiraopreto.com.br\/index.php\/wp-json\/wp\/v2\/users\/1"}],"replies":[{"embeddable":true,"href":"https:\/\/noticiasribeiraopreto.com.br\/index.php\/wp-json\/wp\/v2\/comments?post=26570"}],"version-history":[{"count":0,"href":"https:\/\/noticiasribeiraopreto.com.br\/index.php\/wp-json\/wp\/v2\/posts\/26570\/revisions"}],"wp:featuredmedia":[{"embeddable":true,"href":"https:\/\/noticiasribeiraopreto.com.br\/index.php\/wp-json\/wp\/v2\/media\/26571"}],"wp:attachment":[{"href":"https:\/\/noticiasribeiraopreto.com.br\/index.php\/wp-json\/wp\/v2\/media?parent=26570"}],"wp:term":[{"taxonomy":"category","embeddable":true,"href":"https:\/\/noticiasribeiraopreto.com.br\/index.php\/wp-json\/wp\/v2\/categories?post=26570"},{"taxonomy":"post_tag","embeddable":true,"href":"https:\/\/noticiasribeiraopreto.com.br\/index.php\/wp-json\/wp\/v2\/tags?post=26570"}],"curies":[{"name":"wp","href":"https:\/\/api.w.org\/{rel}","templated":true}]}}