{"id":26574,"date":"2024-01-10T10:55:41","date_gmt":"2024-01-10T13:55:41","guid":{"rendered":"https:\/\/noticiasribeiraopreto.com.br\/index.php\/2024\/01\/10\/governo-divulga-edital-de-concurso-unificado-nesta-quarta-veja-como-se-inscrever\/"},"modified":"2024-01-10T10:55:41","modified_gmt":"2024-01-10T13:55:41","slug":"governo-divulga-edital-de-concurso-unificado-nesta-quarta-veja-como-se-inscrever","status":"publish","type":"post","link":"https:\/\/noticiasribeiraopreto.com.br\/index.php\/2024\/01\/10\/governo-divulga-edital-de-concurso-unificado-nesta-quarta-veja-como-se-inscrever\/","title":{"rendered":"Governo divulga edital de Concurso Unificado nesta quarta; veja como se inscrever"},"content":{"rendered":"<div class='code-block code-block-1' style='margin: 8px 0 8px auto; text-align: right; display: block; clear: both;'>\n<p><a href=\"https:\/\/wa.link\/vpicfd\"><img data-recalc-dims=\"1\" class=\"wp-image-4922\" style=\"aspect-ratio: 2.0253164556962027; width: 561px; height: auto;\" src=\"https:\/\/i0.wp.com\/ismaelcolosi.com.br\/wp-content\/uploads\/2023\/11\/grupo-de-empregos-whatsapp-e-facebook-ismael-colosi-vagas.jpg?ssl=1\" alt=\"\" \/><\/a><\/p>\n<!-- \/wp:image -->\n<\/div>\n<p> <br \/>\n<\/p>\n<div id=\"\">\n<div class=\"content-infos\">\n<div class=\"texts\">\n<p class=\"author tooltip-comp\"> Da reda\u00e7\u00e3o<span class=\"icon-i\">i<\/span><span class=\"tooltiptext\"> <span class=\"author\"><span>Da reda\u00e7\u00e3o<\/span> <\/span><span class=\"desc\"\/> <\/span><\/p>\n<p>10\/01\/2024 &#8211; 10:40<\/p>\n<\/div>\n<div id=\"share-modal\" class=\"share-modal\"> <button class=\"box-close btn-share\"> <img decoding=\"async\" src=\"https:\/\/istoedinheiro.com.br\/wp-content\/themes\/dinheiro-wp-theme\/assets\/img\/svg\/closeIcon.svg?x46096\" alt=\"Close icon\" class=\"close-btn lazy\"\/> <\/button><\/div>\n<\/p><\/div>\n<p>Nesta quarta-feira, 10, o Minist\u00e9rio da Gest\u00e3o e da Inova\u00e7\u00e3o em Servi\u00e7os P\u00fablicos (MGI) vai divulgar os editais do Concurso P\u00fablico Nacional Unificado (CPNU). Os documentos trar\u00e3o informa\u00e7\u00f5es sobre os blocos tem\u00e1ticos, conte\u00fado das provas, crit\u00e9rios de classifica\u00e7\u00e3o e desclassifica\u00e7\u00e3o, validade do certame e composi\u00e7\u00e3o das notas finais.<\/p>\n<p>Segundo nota do MGI, al\u00e9m de prever uma inscri\u00e7\u00e3o \u00fanica, que valer\u00e1 para selecionar os candidatos para mais de um \u00f3rg\u00e3o, o CPNU tem outras inova\u00e7\u00f5es, como a participa\u00e7\u00e3o ativa dos \u00f3rg\u00e3os de controle desde o lan\u00e7amento do certame.<\/p>\n<p><strong>+ Ita\u00fa Unibanco abre mais de 220 vagas afirmativas em Tecnologia e Design<\/strong><\/p>\n<blockquote>\n<p style=\"text-align: center\"><span style=\"color: #993300\"><strong>\u201cOutra novidade \u00e9 a realiza\u00e7\u00e3o simult\u00e2nea em mais de 200 cidades, ampliando a igualdade de oportunidades de acesso aos cargos p\u00fablicos efetivos.\u201d<\/strong><\/span><\/p>\n<\/blockquote>\n<p>De acordo com o mestre em Direito e especialista em cursos preparat\u00f3rios para concursos Ceres Rabelo, o objetivo \u00e9 proporcionar igualdade de oportunidades de acesso aos cargos p\u00fablicos efetivos.<\/p>\n<blockquote>\n<h4 style=\"text-align: center\"><strong><span style=\"color: #993300\">\u201cA prova ser\u00e1 aplicada em 220 cidades, visando facilitar a participa\u00e7\u00e3o de um maior n\u00famero de candidatos. A expectativa \u00e9 de que cerca de 2 milh\u00f5es de pessoas se inscrevam. O concurso seguir\u00e1 o modelo do Enem, com uma prova objetiva com conte\u00fado comum a todos os concorrentes, seguida por provas dissertativas com conte\u00fados espec\u00edficos para cada bloco tem\u00e1tico. A remunera\u00e7\u00e3o dos cargos pode chegar a R$ 30 mil mensais\u201d, explica.<\/span><\/strong><\/h4>\n<\/blockquote>\n<h3><strong>Inscri\u00e7\u00f5es<\/strong><\/h3>\n<p>As inscri\u00e7\u00f5es no Concurso P\u00fablico Nacional Unificado v\u00e3o de 19 de janeiro a 9 de fevereiro. A realiza\u00e7\u00e3o da prova ser\u00e1 no dia 5 de maio em dois turnos, manh\u00e3 e tarde. Ser\u00e3o selecionados, de uma s\u00f3 vez, 6.640 servidores, para 21 \u00f3rg\u00e3os p\u00fablicos federais. Para se inscrever, o candidato deve acessar sua conta no aplicativo Gov.br.<\/p>\n<section data-hb-type=\"ads\" name=\"adsMateria\" data-hb-position=\"after-content\" data-hb-provider=\"\">\n<hr\/>\n<\/section>\n<div id=\"share-modal\" class=\"share-modal\"> <button class=\"box-close btn-share\"> <img decoding=\"async\" src=\"https:\/\/istoedinheiro.com.br\/wp-content\/themes\/dinheiro-wp-theme\/assets\/img\/svg\/closeIcon.svg?x46096\" alt=\"Close icon\" class=\"close-btn lazy\"\/> <\/button><\/div>\n<\/p><\/div>\n<p><script>!function(f,b,e,v,n,t,s){if(f.fbq)return;n=f.fbq=function(){n.callMethod?n.callMethod.apply(n,arguments):n.queue.push(arguments)};if(!f._fbq)f._fbq=n;n.push=n;n.loaded=!0;n.version='2.0';n.queue=[];t=b.createElement(e);t.async=!0;t.src=v;s=b.getElementsByTagName(e)[0];s.parentNode.insertBefore(t,s)}(window,document,'script','<\/script><br \/>\n<br \/><br \/>\n<br \/><a href=\"https:\/\/istoedinheiro.com.br\/mgi-divulga-edital-de-concurso-unificado-nesta-quarta-veja-como-se-inscrever\/\">Source link <\/a><\/p>\n<!-- CONTENT END 1 -->\n","protected":false},"excerpt":{"rendered":"<p>Da reda\u00e7\u00e3oi Da reda\u00e7\u00e3o 10\/01\/2024 &#8211; 10:40 Nesta quarta-feira, 10, o Minist\u00e9rio da Gest\u00e3o e da Inova\u00e7\u00e3o em Servi\u00e7os P\u00fablicos (MGI) vai divulgar os editais&#8230;<\/p>\n","protected":false},"author":1,"featured_media":26575,"comment_status":"open","ping_status":"open","sticky":false,"template":"","format":"standard","meta":{"advanced_seo_description":"","jetpack_seo_html_title":"","jetpack_seo_noindex":false,"jetpack_post_was_ever_published":false,"_jetpack_newsletter_access":"","_jetpack_dont_email_post_to_subs":false,"_jetpack_newsletter_tier_id":0,"_jetpack_memberships_contains_paywalled_content":false,"_jetpack_memberships_contains_paid_content":false,"footnotes":"","jetpack_publicize_message":"","jetpack_publicize_feature_enabled":true,"jetpack_social_post_already_shared":true,"jetpack_social_options":{"image_generator_settings":{"template":"highway","default_image_id":0,"font":"","enabled":false},"version":2}},"categories":[7],"tags":[],"class_list":["post-26574","post","type-post","status-publish","format-standard","has-post-thumbnail","hentry","category-vagas-de-empregos-em-ribeirao-preto-regiao-brasil"],"jetpack_publicize_connections":[],"jetpack_featured_media_url":"https:\/\/i0.wp.com\/noticiasribeiraopreto.com.br\/wp-content\/uploads\/2024\/01\/concursos-auditor-fiscal-pixabay.jpeg?fit=880%2C550&ssl=1","jetpack-related-posts":[{"id":35924,"url":"https:\/\/noticiasribeiraopreto.com.br\/index.php\/2024\/02\/07\/ibge-concurso-oferece-quase-900-vagas-confira-como-fazer-sua-inscricao\/","url_meta":{"origin":26574,"position":0},"title":"IBGE: Concurso oferece quase 900 vagas; Confira como fazer sua inscri\u00e7\u00e3o","author":"noticiasribeiraopreto.com.br","date":"7 de February de 2024","format":false,"excerpt":"Na \u00faltima Quarta-Feira, o Minist\u00e9rio da Gest\u00e3o de Inova\u00e7\u00e3o em Servi\u00e7os P\u00fablicos (MGI) anunciou o Concurso P\u00fablico Estadual Unificado (CPNU). A CPNU \u00e9 uma nova forma de concorrer a cargos em v\u00e1rios \u00f3rg\u00e3os federais em uma \u00fanica prova. Assim, o Instituto Brasileiro de Geografia e Estat\u00edstica (IBGE) \u00e9 uma dessas\u2026","rel":"","context":"In &quot;Empregos - Classificados&quot;","block_context":{"text":"Empregos - Classificados","link":"https:\/\/noticiasribeiraopreto.com.br\/index.php\/category\/empregos-classificados-vagas-trabalho\/"},"img":{"alt_text":"","src":"https:\/\/i0.wp.com\/noticiasribeiraopreto.com.br\/wp-content\/uploads\/2024\/02\/Concurso-IBGE.webp.jpeg?fit=640%2C420&ssl=1&resize=350%2C200","width":350,"height":200,"srcset":"https:\/\/i0.wp.com\/noticiasribeiraopreto.com.br\/wp-content\/uploads\/2024\/02\/Concurso-IBGE.webp.jpeg?fit=640%2C420&ssl=1&resize=350%2C200 1x, https:\/\/i0.wp.com\/noticiasribeiraopreto.com.br\/wp-content\/uploads\/2024\/02\/Concurso-IBGE.webp.jpeg?fit=640%2C420&ssl=1&resize=525%2C300 1.5x"},"classes":[]},{"id":56942,"url":"https:\/\/noticiasribeiraopreto.com.br\/index.php\/2024\/08\/18\/enem-dos-concursos-candidatos-que-levaram-o-caderno-de-questoes-serao-eliminados\/","url_meta":{"origin":26574,"position":1},"title":"&#8216;Enem dos Concursos&#8217;: Candidatos que levaram o caderno de quest\u00f5es ser\u00e3o eliminados?","author":"noticiasribeiraopreto.com.br","date":"18 de August de 2024","format":false,"excerpt":"Por Felipe Pontes, da Ag\u00eancia Brasil O Minist\u00e9rio da Gest\u00e3o e Inova\u00e7\u00e3o em Servi\u00e7os P\u00fablicos (MGI) confirmou na tarde deste domingo (18) que candidatos sa\u00edram do local de aplica\u00e7\u00e3o do Concurso P\u00fablico Nacional Unificado (CPNU), pela manh\u00e3, com o caderno de provas, o que \u00e9 proibido pelas regras do certame.\u2026","rel":"","context":"In &quot;Not\u00edcias de Ribeir\u00e3o Preto-SP e Regi\u00e3o&quot;","block_context":{"text":"Not\u00edcias de Ribeir\u00e3o Preto-SP e Regi\u00e3o","link":"https:\/\/noticiasribeiraopreto.com.br\/index.php\/category\/noticias-de-ribeirao-preto-sp-e-regiao-ismael-colosi\/"},"img":{"alt_text":"","src":"https:\/\/i0.wp.com\/noticiasribeiraopreto.com.br\/wp-content\/uploads\/2024\/08\/rbr4324_2024-08-18_19-56-12.webp.webp?fit=1170%2C700&ssl=1&resize=350%2C200","width":350,"height":200,"srcset":"https:\/\/i0.wp.com\/noticiasribeiraopreto.com.br\/wp-content\/uploads\/2024\/08\/rbr4324_2024-08-18_19-56-12.webp.webp?fit=1170%2C700&ssl=1&resize=350%2C200 1x, https:\/\/i0.wp.com\/noticiasribeiraopreto.com.br\/wp-content\/uploads\/2024\/08\/rbr4324_2024-08-18_19-56-12.webp.webp?fit=1170%2C700&ssl=1&resize=525%2C300 1.5x, https:\/\/i0.wp.com\/noticiasribeiraopreto.com.br\/wp-content\/uploads\/2024\/08\/rbr4324_2024-08-18_19-56-12.webp.webp?fit=1170%2C700&ssl=1&resize=700%2C400 2x, https:\/\/i0.wp.com\/noticiasribeiraopreto.com.br\/wp-content\/uploads\/2024\/08\/rbr4324_2024-08-18_19-56-12.webp.webp?fit=1170%2C700&ssl=1&resize=1050%2C600 3x"},"classes":[]},{"id":25875,"url":"https:\/\/noticiasribeiraopreto.com.br\/index.php\/2024\/01\/08\/edital-do-concurso-publico-nacional-unificado-sera-publicado-na-quarta\/","url_meta":{"origin":26574,"position":2},"title":"Edital do Concurso P\u00fablico Nacional Unificado ser\u00e1 publicado na quarta \u2013 Folha de Ribeir\u00e3o","author":"noticiasribeiraopreto.com.br","date":"8 de January de 2024","format":false,"excerpt":"Ser\u00e1 publicado no\u00a0Di\u00e1rio Oficial da Uni\u00e3o\u00a0desta quarta-feira (10) o edital com as regras para o Concurso P\u00fablico Nacional Unificado (CPNU), que selecionar\u00e1 6.640 servidores para 21 \u00f3rg\u00e3os p\u00fablicos. A previs\u00e3o \u00e9 de que as inscri\u00e7\u00f5es estejam abertas entre os dias 19 de janeiro e 9 de fevereiro\u00a0e que a prova\u2026","rel":"","context":"In &quot;Not\u00edcias de Ribeir\u00e3o Preto-SP e Regi\u00e3o&quot;","block_context":{"text":"Not\u00edcias de Ribeir\u00e3o Preto-SP e Regi\u00e3o","link":"https:\/\/noticiasribeiraopreto.com.br\/index.php\/category\/noticias-de-ribeirao-preto-sp-e-regiao-ismael-colosi\/"},"img":{"alt_text":"","src":"","width":0,"height":0},"classes":[]},{"id":26766,"url":"https:\/\/noticiasribeiraopreto.com.br\/index.php\/2024\/01\/10\/enem-dos-concursos-o-que-voce-precisa-saber-sobre-o-concurso-publico-nacional-unificado\/","url_meta":{"origin":26574,"position":3},"title":"\u2018Enem dos concursos\u2019: o que voc\u00ea precisa saber sobre o Concurso P\u00fablico Nacional Unificado","author":"noticiasribeiraopreto.com.br","date":"10 de January de 2024","format":false,"excerpt":"O governo detalhou nesta quarta-feira, 10, as regras do Concurso P\u00fablico Nacional Unificado, o chamado \u2018Enem dos concursos\u2019. O edital ser\u00e1 publicado em edi\u00e7\u00e3o extra do Di\u00e1rio Oficial da Uni\u00e3o (DOU). A ministra da Gest\u00e3o e Inova\u00e7\u00e3o em Servi\u00e7os P\u00fablicos, Esther Dweck, realizou uma coletiva para esclarecer alguns pontos.O Concurso\u2026","rel":"","context":"In &quot;Vagas de Emprego em Ribeir\u00e3o Preto-SP&quot;","block_context":{"text":"Vagas de Emprego em Ribeir\u00e3o Preto-SP","link":"https:\/\/noticiasribeiraopreto.com.br\/index.php\/category\/empregos-classificados-vagas-trabalho\/vagas-de-empregos-em-ribeirao-preto-regiao-brasil\/"},"img":{"alt_text":"","src":"https:\/\/i0.wp.com\/noticiasribeiraopreto.com.br\/wp-content\/uploads\/2024\/01\/1704922892_concurso-publico.jpg?fit=883%2C510&ssl=1&resize=350%2C200","width":350,"height":200,"srcset":"https:\/\/i0.wp.com\/noticiasribeiraopreto.com.br\/wp-content\/uploads\/2024\/01\/1704922892_concurso-publico.jpg?fit=883%2C510&ssl=1&resize=350%2C200 1x, https:\/\/i0.wp.com\/noticiasribeiraopreto.com.br\/wp-content\/uploads\/2024\/01\/1704922892_concurso-publico.jpg?fit=883%2C510&ssl=1&resize=525%2C300 1.5x, https:\/\/i0.wp.com\/noticiasribeiraopreto.com.br\/wp-content\/uploads\/2024\/01\/1704922892_concurso-publico.jpg?fit=883%2C510&ssl=1&resize=700%2C400 2x"},"classes":[]},{"id":26459,"url":"https:\/\/noticiasribeiraopreto.com.br\/index.php\/2024\/01\/10\/concurso-unificado-edital-devera-ser-publicado-amanha\/","url_meta":{"origin":26574,"position":4},"title":"Concurso Unificado: edital dever\u00e1 ser publicado amanh\u00e3\u00a0","author":"noticiasribeiraopreto.com.br","date":"10 de January de 2024","format":false,"excerpt":"Ser\u00e1 publicado no Di\u00e1rio Oficial da Uni\u00e3o desta quarta-feira, 10 de janeiro, o edital com as regras para o Concurso P\u00fablico Nacional Unificado (CPNU), que selecionar\u00e1 6.640 servidores para 21 \u00f3rg\u00e3os p\u00fablicos. A previs\u00e3o \u00e9 de que as inscri\u00e7\u00f5es estejam abertas entre os dias 19 de janeiro e 9 de\u2026","rel":"","context":"In &quot;Not\u00edcias de Ribeir\u00e3o Preto-SP e Regi\u00e3o&quot;","block_context":{"text":"Not\u00edcias de Ribeir\u00e3o Preto-SP e Regi\u00e3o","link":"https:\/\/noticiasribeiraopreto.com.br\/index.php\/category\/noticias-de-ribeirao-preto-sp-e-regiao-ismael-colosi\/"},"img":{"alt_text":"","src":"https:\/\/i0.wp.com\/noticiasribeiraopreto.com.br\/wp-content\/uploads\/2024\/01\/1_pzzb0193-24454372.jpg?fit=806%2C443&ssl=1&resize=350%2C200","width":350,"height":200,"srcset":"https:\/\/i0.wp.com\/noticiasribeiraopreto.com.br\/wp-content\/uploads\/2024\/01\/1_pzzb0193-24454372.jpg?fit=806%2C443&ssl=1&resize=350%2C200 1x, https:\/\/i0.wp.com\/noticiasribeiraopreto.com.br\/wp-content\/uploads\/2024\/01\/1_pzzb0193-24454372.jpg?fit=806%2C443&ssl=1&resize=525%2C300 1.5x, https:\/\/i0.wp.com\/noticiasribeiraopreto.com.br\/wp-content\/uploads\/2024\/01\/1_pzzb0193-24454372.jpg?fit=806%2C443&ssl=1&resize=700%2C400 2x"},"classes":[]},{"id":64032,"url":"https:\/\/noticiasribeiraopreto.com.br\/index.php\/2025\/02\/27\/veja-como-acessar-o-resultado-final-do-concurso-publico-nacional-unificado\/","url_meta":{"origin":26574,"position":5},"title":"Veja como acessar o resultado final do Concurso P\u00fablico Nacional Unificado","author":"noticiasribeiraopreto.com.br","date":"27 de February de 2025","format":false,"excerpt":"O Minist\u00e9rio da Gest\u00e3o e da Inova\u00e7\u00e3o em Servi\u00e7os P\u00fablicos e a Funda\u00e7\u00e3o Cesgranrio divulgar\u00e3o nesta sexta-feira (28), a partir das 10h, os resultados finais do CNU (Concurso P\u00fablico Nacional Unificado), o \u201cEnem dos Concursos\u201d. O CNU ofertou 6.640 vagas para 21 \u00f3rg\u00e3os e entidades. Ao todo, ser\u00e3o divulgadas 194\u2026","rel":"","context":"In &quot;Not\u00edcias de Ribeir\u00e3o Preto-SP e Regi\u00e3o&quot;","block_context":{"text":"Not\u00edcias de Ribeir\u00e3o Preto-SP e Regi\u00e3o","link":"https:\/\/noticiasribeiraopreto.com.br\/index.php\/category\/noticias-de-ribeirao-preto-sp-e-regiao-ismael-colosi\/"},"img":{"alt_text":"","src":"https:\/\/i0.wp.com\/noticiasribeiraopreto.com.br\/wp-content\/uploads\/2024\/08\/Copia-de-Copia-de-TAMANHO-EXATO-PARA-FOTOS-NO-SISTEMA-NOVO-6_2024-06-11_13-40-15_jpg_2024-06-11_13-40-15.webp.webp?fit=1200%2C675&ssl=1&resize=350%2C200","width":350,"height":200,"srcset":"https:\/\/i0.wp.com\/noticiasribeiraopreto.com.br\/wp-content\/uploads\/2024\/08\/Copia-de-Copia-de-TAMANHO-EXATO-PARA-FOTOS-NO-SISTEMA-NOVO-6_2024-06-11_13-40-15_jpg_2024-06-11_13-40-15.webp.webp?fit=1200%2C675&ssl=1&resize=350%2C200 1x, https:\/\/i0.wp.com\/noticiasribeiraopreto.com.br\/wp-content\/uploads\/2024\/08\/Copia-de-Copia-de-TAMANHO-EXATO-PARA-FOTOS-NO-SISTEMA-NOVO-6_2024-06-11_13-40-15_jpg_2024-06-11_13-40-15.webp.webp?fit=1200%2C675&ssl=1&resize=525%2C300 1.5x, https:\/\/i0.wp.com\/noticiasribeiraopreto.com.br\/wp-content\/uploads\/2024\/08\/Copia-de-Copia-de-TAMANHO-EXATO-PARA-FOTOS-NO-SISTEMA-NOVO-6_2024-06-11_13-40-15_jpg_2024-06-11_13-40-15.webp.webp?fit=1200%2C675&ssl=1&resize=700%2C400 2x, https:\/\/i0.wp.com\/noticiasribeiraopreto.com.br\/wp-content\/uploads\/2024\/08\/Copia-de-Copia-de-TAMANHO-EXATO-PARA-FOTOS-NO-SISTEMA-NOVO-6_2024-06-11_13-40-15_jpg_2024-06-11_13-40-15.webp.webp?fit=1200%2C675&ssl=1&resize=1050%2C600 3x"},"classes":[]}],"jetpack_sharing_enabled":true,"jetpack_shortlink":"https:\/\/wp.me\/peQAOb-6UC","_links":{"self":[{"href":"https:\/\/noticiasribeiraopreto.com.br\/index.php\/wp-json\/wp\/v2\/posts\/26574","targetHints":{"allow":["GET"]}}],"collection":[{"href":"https:\/\/noticiasribeiraopreto.com.br\/index.php\/wp-json\/wp\/v2\/posts"}],"about":[{"href":"https:\/\/noticiasribeiraopreto.com.br\/index.php\/wp-json\/wp\/v2\/types\/post"}],"author":[{"embeddable":true,"href":"https:\/\/noticiasribeiraopreto.com.br\/index.php\/wp-json\/wp\/v2\/users\/1"}],"replies":[{"embeddable":true,"href":"https:\/\/noticiasribeiraopreto.com.br\/index.php\/wp-json\/wp\/v2\/comments?post=26574"}],"version-history":[{"count":0,"href":"https:\/\/noticiasribeiraopreto.com.br\/index.php\/wp-json\/wp\/v2\/posts\/26574\/revisions"}],"wp:featuredmedia":[{"embeddable":true,"href":"https:\/\/noticiasribeiraopreto.com.br\/index.php\/wp-json\/wp\/v2\/media\/26575"}],"wp:attachment":[{"href":"https:\/\/noticiasribeiraopreto.com.br\/index.php\/wp-json\/wp\/v2\/media?parent=26574"}],"wp:term":[{"taxonomy":"category","embeddable":true,"href":"https:\/\/noticiasribeiraopreto.com.br\/index.php\/wp-json\/wp\/v2\/categories?post=26574"},{"taxonomy":"post_tag","embeddable":true,"href":"https:\/\/noticiasribeiraopreto.com.br\/index.php\/wp-json\/wp\/v2\/tags?post=26574"}],"curies":[{"name":"wp","href":"https:\/\/api.w.org\/{rel}","templated":true}]}}