{"id":26576,"date":"2024-01-10T10:57:53","date_gmt":"2024-01-10T13:57:53","guid":{"rendered":"https:\/\/noticiasribeiraopreto.com.br\/index.php\/2024\/01\/10\/petrobras-petr4-vai-deixar-de-estampar-a-marca-nos-postos-da-vibra-vbbr3-apos-fim-do-contrato\/"},"modified":"2024-01-10T10:57:53","modified_gmt":"2024-01-10T13:57:53","slug":"petrobras-petr4-vai-deixar-de-estampar-a-marca-nos-postos-da-vibra-vbbr3-apos-fim-do-contrato","status":"publish","type":"post","link":"https:\/\/noticiasribeiraopreto.com.br\/index.php\/2024\/01\/10\/petrobras-petr4-vai-deixar-de-estampar-a-marca-nos-postos-da-vibra-vbbr3-apos-fim-do-contrato\/","title":{"rendered":"Petrobras (PETR4) vai deixar de estampar a marca nos postos da Vibra (VBBR3) ap\u00f3s fim do contrato"},"content":{"rendered":"<div class='code-block code-block-1' style='margin: 8px 0 8px auto; text-align: right; display: block; clear: both;'>\n<p><a href=\"https:\/\/wa.link\/vpicfd\"><img data-recalc-dims=\"1\" class=\"wp-image-4922\" style=\"aspect-ratio: 2.0253164556962027; width: 561px; height: auto;\" src=\"https:\/\/i0.wp.com\/ismaelcolosi.com.br\/wp-content\/uploads\/2023\/11\/grupo-de-empregos-whatsapp-e-facebook-ismael-colosi-vagas.jpg?ssl=1\" alt=\"\" \/><\/a><\/p>\n<!-- \/wp:image -->\n<\/div>\n<p> <br \/>\n<\/p>\n<div id=\"js-first-letter\">\n<p>O posto de gasolina da imagem acima e outros 8 mil em todo o pa\u00eds que fazem parte da <strong>Vibra Energia (VBBR3)<\/strong> ter\u00e3o de mudar de marca. Isso porque a <strong>Petrobras (PETR4)<\/strong> decidiu n\u00e3o renovar o contrato de licen\u00e7a com a empresa.<\/p>\n<p>Mas a Vibra ter\u00e1 tempo para promover a mudan\u00e7a na rede, j\u00e1 que o compromisso com a Petrobras vai at\u00e9 junho de 2029.<\/p>\n<p>J\u00e1 do lado da Petrobras, a n\u00e3o renova\u00e7\u00e3o da licen\u00e7a permitir\u00e1 a &#8220;eventual avalia\u00e7\u00e3o de novas estrat\u00e9gias de gest\u00e3o de marca e oportunidades de neg\u00f3cios&#8221;, de acordo com a estatal.<\/p>\n<p>O contrato de uso da marca vem da \u00e9poca da privatiza\u00e7\u00e3o da Vibra, em 2019. Na ocasi\u00e3o, a antiga BR Distribuidora garantiu o direito de estampar o nome da Petrobras por dez anos.<\/p>\n<p>Ali\u00e1s, a venda da rede de postos sofreu cr\u00edticas do presidente Lula ainda na \u00e9poca da campanha eleitoral. Com a vit\u00f3ria do petista, o mercado chegou a especular a possibilidade de a Petrobras fazer uma oferta para reestatizar a empresa.<\/p>\n<p>N\u00e3o por acaso, as a\u00e7\u00f5es da Vibra (VBBR3) acumulam valoriza\u00e7\u00e3o expressiva de mais de 50% nos \u00faltimos 12 meses na B3. No preg\u00e3o de hoje, os pap\u00e9is reagiam em queda de 0,67% por volta das 10h15, a R$ 22,35. A rede vale aproximadamente R$ 26 bilh\u00f5es na bolsa.<\/p>\n<ul>\n<li><strong>MELHORES INVESTIMENTOS PARA 2024: <\/strong><a href=\"https:\/\/lp.seudinheiro.com\/onde-investir-oinv01-a\/?xpromo=XD-MEL-SD-OINV01-AUDSD-X-CHLTB-EDITORIAL2-MKTPORTAIS\">Receba o guia completo e gratuito<\/a> do Seu Dinheiro, com recomenda\u00e7\u00f5es das maiores casas de an\u00e1lise, bancos e corretoras do Brasil.\u00a0<\/li>\n<\/ul>\n<h2 class=\"wp-block-heading\" id=\"h-o-que-muda-para-a-vibra-sem-a-petrobras\">O que muda para a Vibra sem a Petrobras<\/h2>\n<p>A Vibra diz que a possibilidade de perder a marca Petrobras j\u00e1 fazia parte dos planos de m\u00e9dio e longo prazo da empresa. O contrato previa que as partes poderiam comunicar o interesse de n\u00e3o renovar o acordo at\u00e9 24 meses antes do fim do prazo.<\/p>\n<p>&#8220;Tal comunica\u00e7\u00e3o n\u00e3o gera qualquer mudan\u00e7a na estrat\u00e9gia da companhia em rela\u00e7\u00e3o aos seus revendedores e clientes em geral&#8221;, ainda de acordo com a Vibra.<\/p>\n<\/div>\n<p><br \/>\n<br \/><a href=\"https:\/\/www.seudinheiro.com\/2024\/empresas\/petrobras-petr4-vai-deixar-de-estampar-a-marca-nos-postos-da-vibra-vbbr3-apos-fim-do-contrato-vinp\/\">Source link <\/a><\/p>\n<!-- CONTENT END 1 -->\n","protected":false},"excerpt":{"rendered":"<p>O posto de gasolina da imagem acima e outros 8 mil em todo o pa\u00eds que fazem parte da Vibra Energia (VBBR3) ter\u00e3o de mudar&#8230;<\/p>\n","protected":false},"author":1,"featured_media":26577,"comment_status":"open","ping_status":"open","sticky":false,"template":"","format":"standard","meta":{"advanced_seo_description":"","jetpack_seo_html_title":"","jetpack_seo_noindex":false,"jetpack_post_was_ever_published":false,"_jetpack_newsletter_access":"","_jetpack_dont_email_post_to_subs":false,"_jetpack_newsletter_tier_id":0,"_jetpack_memberships_contains_paywalled_content":false,"_jetpack_memberships_contains_paid_content":false,"footnotes":"","jetpack_publicize_message":"","jetpack_publicize_feature_enabled":true,"jetpack_social_post_already_shared":true,"jetpack_social_options":{"image_generator_settings":{"template":"highway","default_image_id":0,"font":"","enabled":false},"version":2}},"categories":[1235],"tags":[],"class_list":["post-26576","post","type-post","status-publish","format-standard","has-post-thumbnail","hentry","category-dinheiro-e-investimento-como-fazer-como-ganhar"],"jetpack_publicize_connections":[],"jetpack_featured_media_url":"https:\/\/i0.wp.com\/noticiasribeiraopreto.com.br\/wp-content\/uploads\/2024\/01\/Posto-Petrobras-Vibra-715x402.jpg?fit=715%2C402&ssl=1","jetpack-related-posts":[{"id":19873,"url":"https:\/\/noticiasribeiraopreto.com.br\/index.php\/2023\/12\/23\/petrobras-petr4-anuncia-plano-de-equacionamento-de-deficit-de-r-156-bilhao-do-petros-veja-quanto-a-petroleira-se-comprometeu-a-pagar\/","url_meta":{"origin":26576,"position":0},"title":"Petrobras (PETR4) anuncia plano de equacionamento de d\u00e9ficit de R$ 1,56 bilh\u00e3o do Petros; veja quanto a petroleira se comprometeu a pagar","author":"noticiasribeiraopreto.com.br","date":"23 de December de 2023","format":false,"excerpt":"A v\u00e9spera de Natal pode estar se aproximando, mas o notici\u00e1rio corporativo n\u00e3o desacelerou para o recesso. A Petrobras (PETR4) anunciou na \u00faltima sexta-feira (22) que o Plano de Equacionamento do D\u00e9ficit do exerc\u00edcio de 2022 (PED 2022) do Plano Petros ficou no valor de R$ 1,56 bilh\u00e3o no fim\u2026","rel":"","context":"In &quot;Dinheiro e Investimento&quot;","block_context":{"text":"Dinheiro e Investimento","link":"https:\/\/noticiasribeiraopreto.com.br\/index.php\/category\/dinheiro-e-investimento-como-fazer-como-ganhar\/"},"img":{"alt_text":"","src":"https:\/\/i0.wp.com\/noticiasribeiraopreto.com.br\/wp-content\/uploads\/2023\/12\/1703353367_Petrobras-PETR3-PETR4-fachada-715x402.jpg?fit=715%2C402&ssl=1&resize=350%2C200","width":350,"height":200,"srcset":"https:\/\/i0.wp.com\/noticiasribeiraopreto.com.br\/wp-content\/uploads\/2023\/12\/1703353367_Petrobras-PETR3-PETR4-fachada-715x402.jpg?fit=715%2C402&ssl=1&resize=350%2C200 1x, https:\/\/i0.wp.com\/noticiasribeiraopreto.com.br\/wp-content\/uploads\/2023\/12\/1703353367_Petrobras-PETR3-PETR4-fachada-715x402.jpg?fit=715%2C402&ssl=1&resize=525%2C300 1.5x, https:\/\/i0.wp.com\/noticiasribeiraopreto.com.br\/wp-content\/uploads\/2023\/12\/1703353367_Petrobras-PETR3-PETR4-fachada-715x402.jpg?fit=715%2C402&ssl=1&resize=700%2C400 2x"},"classes":[]},{"id":33769,"url":"https:\/\/noticiasribeiraopreto.com.br\/index.php\/2024\/01\/30\/transicao-energetica-ceos-da-raizen-raiz4-e-da-vibra-vbbr3-apostam-no-etanol-que-pode-virar-ate-meio-de-transporte-entenda\/","url_meta":{"origin":26576,"position":1},"title":"Transi\u00e7\u00e3o energ\u00e9tica: CEOs da Ra\u00edzen (RAIZ4) e da Vibra (VBBR3) apostam no etanol, que pode virar at\u00e9 \u2018meio de transporte\u2019; entenda","author":"noticiasribeiraopreto.com.br","date":"30 de January de 2024","format":false,"excerpt":"Quando o assunto \u00e9 transi\u00e7\u00e3o energ\u00e9tica, os planos da Ra\u00edzen (RAIZ4) e da Vibra (VBBR3) passam pelo etanol, mas n\u00e3o apenas da maneira tradicional. Durante uma das maiores confer\u00eancias de investimentos do ano \u2014 a LAIC 2024, promovida pelo banco su\u00ed\u00e7o UBS \u2014, os CEOs das duas empresas de energia\u2026","rel":"","context":"In &quot;Dinheiro e Investimento&quot;","block_context":{"text":"Dinheiro e Investimento","link":"https:\/\/noticiasribeiraopreto.com.br\/index.php\/category\/dinheiro-e-investimento-como-fazer-como-ganhar\/"},"img":{"alt_text":"","src":"https:\/\/i0.wp.com\/noticiasribeiraopreto.com.br\/wp-content\/uploads\/2024\/01\/totem-raizen-rondonopolis-1920x1080-628x353.jpg?fit=628%2C353&ssl=1&resize=350%2C200","width":350,"height":200,"srcset":"https:\/\/i0.wp.com\/noticiasribeiraopreto.com.br\/wp-content\/uploads\/2024\/01\/totem-raizen-rondonopolis-1920x1080-628x353.jpg?fit=628%2C353&ssl=1&resize=350%2C200 1x, https:\/\/i0.wp.com\/noticiasribeiraopreto.com.br\/wp-content\/uploads\/2024\/01\/totem-raizen-rondonopolis-1920x1080-628x353.jpg?fit=628%2C353&ssl=1&resize=525%2C300 1.5x"},"classes":[]},{"id":22609,"url":"https:\/\/noticiasribeiraopreto.com.br\/index.php\/2023\/12\/30\/petrobras-petr4-firma-acordos-com-equinor-para-transporte-de-gas-natural-em-campos\/","url_meta":{"origin":26576,"position":2},"title":"Petrobras (PETR4) firma acordos com Equinor para transporte de g\u00e1s natural em Campos","author":"noticiasribeiraopreto.com.br","date":"30 de December de 2023","format":false,"excerpt":"A Petrobras (PETR4) informou nesta sexta-feira (29) que assinou contratos com a empresa de energia Equinor relacionados a escoamento e processamento de \u2013 Todos os direitos: MoneyTimes A Petrobras (PETR4) divulgou que assinou contratos com a empresa de energia Equinor relacionados a escoamento e processamento de g\u00e1s natural. A estatal\u2026","rel":"","context":"In &quot;Vagas de Emprego em Ribeir\u00e3o Preto-SP&quot;","block_context":{"text":"Vagas de Emprego em Ribeir\u00e3o Preto-SP","link":"https:\/\/noticiasribeiraopreto.com.br\/index.php\/category\/empregos-classificados-vagas-trabalho\/vagas-de-empregos-em-ribeirao-preto-regiao-brasil\/"},"img":{"alt_text":"","src":"https:\/\/i0.wp.com\/noticiasribeiraopreto.com.br\/wp-content\/uploads\/2023\/12\/petrobras-petr4-firma-acordos-com-equinor-para-transporte-de-gas-natural-em-campos-830x450.jpg?fit=830%2C450&ssl=1&resize=350%2C200","width":350,"height":200,"srcset":"https:\/\/i0.wp.com\/noticiasribeiraopreto.com.br\/wp-content\/uploads\/2023\/12\/petrobras-petr4-firma-acordos-com-equinor-para-transporte-de-gas-natural-em-campos-830x450.jpg?fit=830%2C450&ssl=1&resize=350%2C200 1x, https:\/\/i0.wp.com\/noticiasribeiraopreto.com.br\/wp-content\/uploads\/2023\/12\/petrobras-petr4-firma-acordos-com-equinor-para-transporte-de-gas-natural-em-campos-830x450.jpg?fit=830%2C450&ssl=1&resize=525%2C300 1.5x, https:\/\/i0.wp.com\/noticiasribeiraopreto.com.br\/wp-content\/uploads\/2023\/12\/petrobras-petr4-firma-acordos-com-equinor-para-transporte-de-gas-natural-em-campos-830x450.jpg?fit=830%2C450&ssl=1&resize=700%2C400 2x"},"classes":[]},{"id":20796,"url":"https:\/\/noticiasribeiraopreto.com.br\/index.php\/2023\/12\/26\/petrobras-petr4-anuncia-outro-corte-nos-precos-do-diesel-e-acao-sobe-na-b3-veja-o-novo-valor-do-combustivel\/","url_meta":{"origin":26576,"position":3},"title":"Petrobras (PETR4) anuncia outro corte nos pre\u00e7os do diesel e a\u00e7\u00e3o sobe na B3; veja o novo valor do combust\u00edvel","author":"noticiasribeiraopreto.com.br","date":"26 de December de 2023","format":false,"excerpt":"A Petrobras (PETR4) anunciou nesta ter\u00e7a-feira (26) um novo reajuste nos pre\u00e7os do diesel \u2014 no segundo corte no combust\u00edvel s\u00f3 em dezembro. A partir de amanh\u00e3 (27), o combust\u00edvel vai ficar R$ 0,30 por litro mais barato, com o pre\u00e7o m\u00e9dio de venda de diesel A para as distribuidoras\u2026","rel":"","context":"In &quot;Dinheiro e Investimento&quot;","block_context":{"text":"Dinheiro e Investimento","link":"https:\/\/noticiasribeiraopreto.com.br\/index.php\/category\/dinheiro-e-investimento-como-fazer-como-ganhar\/"},"img":{"alt_text":"","src":"https:\/\/i0.wp.com\/noticiasribeiraopreto.com.br\/wp-content\/uploads\/2023\/12\/1703612208_Petrobras-PETR3-PETR4-fachada-715x402.jpg?fit=715%2C402&ssl=1&resize=350%2C200","width":350,"height":200,"srcset":"https:\/\/i0.wp.com\/noticiasribeiraopreto.com.br\/wp-content\/uploads\/2023\/12\/1703612208_Petrobras-PETR3-PETR4-fachada-715x402.jpg?fit=715%2C402&ssl=1&resize=350%2C200 1x, https:\/\/i0.wp.com\/noticiasribeiraopreto.com.br\/wp-content\/uploads\/2023\/12\/1703612208_Petrobras-PETR3-PETR4-fachada-715x402.jpg?fit=715%2C402&ssl=1&resize=525%2C300 1.5x, https:\/\/i0.wp.com\/noticiasribeiraopreto.com.br\/wp-content\/uploads\/2023\/12\/1703612208_Petrobras-PETR3-PETR4-fachada-715x402.jpg?fit=715%2C402&ssl=1&resize=700%2C400 2x"},"classes":[]},{"id":15365,"url":"https:\/\/noticiasribeiraopreto.com.br\/index.php\/2023\/12\/13\/petrobras-petr4-nao-ira-recomprar-refinaria-de-mataripe\/","url_meta":{"origin":26576,"position":4},"title":"Petrobras (PETR4) n\u00e3o ir\u00e1 recomprar Refinaria de Mataripe","author":"noticiasribeiraopreto.com.br","date":"13 de December de 2023","format":false,"excerpt":"O presidente da Petrobras (PETR3\/PETR4), Jean Paul Prates, disse nesta quarta-feira (13) que a empresa n\u00e3o vai recomprar a Refinaria de Mataripe do grupo Mubadala, do Fundo Soberano de Abu Dhabi. Aquele mesmo que investe no Burguer King no Brasil e na rede BlueFit de academias. Ele disse que a\u2026","rel":"","context":"In &quot;Dinheiro e Investimento&quot;","block_context":{"text":"Dinheiro e Investimento","link":"https:\/\/noticiasribeiraopreto.com.br\/index.php\/category\/dinheiro-e-investimento-como-fazer-como-ganhar\/"},"img":{"alt_text":"","src":"https:\/\/i0.wp.com\/noticiasribeiraopreto.com.br\/wp-content\/uploads\/2023\/12\/Jean-Paul-Prates-presidente-da-Petrobras-PETR4-715x402.png?fit=715%2C402&ssl=1&resize=350%2C200","width":350,"height":200,"srcset":"https:\/\/i0.wp.com\/noticiasribeiraopreto.com.br\/wp-content\/uploads\/2023\/12\/Jean-Paul-Prates-presidente-da-Petrobras-PETR4-715x402.png?fit=715%2C402&ssl=1&resize=350%2C200 1x, https:\/\/i0.wp.com\/noticiasribeiraopreto.com.br\/wp-content\/uploads\/2023\/12\/Jean-Paul-Prates-presidente-da-Petrobras-PETR4-715x402.png?fit=715%2C402&ssl=1&resize=525%2C300 1.5x, https:\/\/i0.wp.com\/noticiasribeiraopreto.com.br\/wp-content\/uploads\/2023\/12\/Jean-Paul-Prates-presidente-da-Petrobras-PETR4-715x402.png?fit=715%2C402&ssl=1&resize=700%2C400 2x"},"classes":[]},{"id":12100,"url":"https:\/\/noticiasribeiraopreto.com.br\/index.php\/2023\/12\/07\/petrobras-petr4-anuncia-queda-no-preco-do-diesel-veja-quanto-custara-o-combustivel-a-partir-de-amanha\/","url_meta":{"origin":26576,"position":5},"title":"Petrobras (PETR4) anuncia queda no pre\u00e7o do diesel; veja quanto custar\u00e1 o combust\u00edvel a partir de amanh\u00e3","author":"noticiasribeiraopreto.com.br","date":"7 de December de 2023","format":false,"excerpt":"Quem tem um ve\u00edculo movido a diesel recebeu uma boa not\u00edcia nesta quinta-feira (7): a Petrobras (PETR4) acaba de anunciar uma redu\u00e7\u00e3o de R$ 0,27 por litro no pre\u00e7o m\u00e9dio de venda do combust\u00edvel tipo A, que passar\u00e1 a custar R$ 3,78 para as distribuidoras. A queda, que equivale a\u2026","rel":"","context":"In &quot;Dinheiro e Investimento&quot;","block_context":{"text":"Dinheiro e Investimento","link":"https:\/\/noticiasribeiraopreto.com.br\/index.php\/category\/dinheiro-e-investimento-como-fazer-como-ganhar\/"},"img":{"alt_text":"","src":"https:\/\/i0.wp.com\/noticiasribeiraopreto.com.br\/wp-content\/uploads\/2023\/12\/petrobras-combustiveis-renuncia-CAPA-SD-628x353.png?fit=628%2C353&ssl=1&resize=350%2C200","width":350,"height":200,"srcset":"https:\/\/i0.wp.com\/noticiasribeiraopreto.com.br\/wp-content\/uploads\/2023\/12\/petrobras-combustiveis-renuncia-CAPA-SD-628x353.png?fit=628%2C353&ssl=1&resize=350%2C200 1x, https:\/\/i0.wp.com\/noticiasribeiraopreto.com.br\/wp-content\/uploads\/2023\/12\/petrobras-combustiveis-renuncia-CAPA-SD-628x353.png?fit=628%2C353&ssl=1&resize=525%2C300 1.5x"},"classes":[]}],"jetpack_sharing_enabled":true,"jetpack_shortlink":"https:\/\/wp.me\/peQAOb-6UE","_links":{"self":[{"href":"https:\/\/noticiasribeiraopreto.com.br\/index.php\/wp-json\/wp\/v2\/posts\/26576","targetHints":{"allow":["GET"]}}],"collection":[{"href":"https:\/\/noticiasribeiraopreto.com.br\/index.php\/wp-json\/wp\/v2\/posts"}],"about":[{"href":"https:\/\/noticiasribeiraopreto.com.br\/index.php\/wp-json\/wp\/v2\/types\/post"}],"author":[{"embeddable":true,"href":"https:\/\/noticiasribeiraopreto.com.br\/index.php\/wp-json\/wp\/v2\/users\/1"}],"replies":[{"embeddable":true,"href":"https:\/\/noticiasribeiraopreto.com.br\/index.php\/wp-json\/wp\/v2\/comments?post=26576"}],"version-history":[{"count":0,"href":"https:\/\/noticiasribeiraopreto.com.br\/index.php\/wp-json\/wp\/v2\/posts\/26576\/revisions"}],"wp:featuredmedia":[{"embeddable":true,"href":"https:\/\/noticiasribeiraopreto.com.br\/index.php\/wp-json\/wp\/v2\/media\/26577"}],"wp:attachment":[{"href":"https:\/\/noticiasribeiraopreto.com.br\/index.php\/wp-json\/wp\/v2\/media?parent=26576"}],"wp:term":[{"taxonomy":"category","embeddable":true,"href":"https:\/\/noticiasribeiraopreto.com.br\/index.php\/wp-json\/wp\/v2\/categories?post=26576"},{"taxonomy":"post_tag","embeddable":true,"href":"https:\/\/noticiasribeiraopreto.com.br\/index.php\/wp-json\/wp\/v2\/tags?post=26576"}],"curies":[{"name":"wp","href":"https:\/\/api.w.org\/{rel}","templated":true}]}}