{"id":26591,"date":"2024-01-10T11:35:07","date_gmt":"2024-01-10T14:35:07","guid":{"rendered":"https:\/\/noticiasribeiraopreto.com.br\/index.php\/2024\/01\/10\/quem-sao-mae-e-filho-autista-que-foram-encontrados-mortos-em-apartamento-de-brasilia\/"},"modified":"2024-01-10T11:35:07","modified_gmt":"2024-01-10T14:35:07","slug":"quem-sao-mae-e-filho-autista-que-foram-encontrados-mortos-em-apartamento-de-brasilia","status":"publish","type":"post","link":"https:\/\/noticiasribeiraopreto.com.br\/index.php\/2024\/01\/10\/quem-sao-mae-e-filho-autista-que-foram-encontrados-mortos-em-apartamento-de-brasilia\/","title":{"rendered":"Quem s\u00e3o m\u00e3e e filho autista que foram encontrados mortos em apartamento de Bras\u00edlia"},"content":{"rendered":"<div class='code-block code-block-1' style='margin: 8px 0 8px auto; text-align: right; display: block; clear: both;'>\n<p><a href=\"https:\/\/wa.link\/vpicfd\"><img data-recalc-dims=\"1\" class=\"wp-image-4922\" style=\"aspect-ratio: 2.0253164556962027; width: 561px; height: auto;\" src=\"https:\/\/i0.wp.com\/ismaelcolosi.com.br\/wp-content\/uploads\/2023\/11\/grupo-de-empregos-whatsapp-e-facebook-ismael-colosi-vagas.jpg?ssl=1\" alt=\"\" \/><\/a><\/p>\n<!-- \/wp:image -->\n<\/div>\n<p> <br \/>\n<\/p>\n<div itemprop=\"text\">\n<p>Uma comovente e tr\u00e1gica descoberta abalou a tranquilidade do condom\u00ednio em \u00c1guas Claras, no Distrito Federal.<\/p>\n<p>Uma mulher, identificada como Milce Maria Alonso Soares, de 63 anos, e seu filho, Cleber Baralde, de 27 anos, foram encontrados sem vida em seu apartamento na noite de ter\u00e7a, dia 9 de janeiro, em circunst\u00e2ncias misteriosas e chocantes.<\/p>\n<p>Os corpos foram descobertos ap\u00f3s vizinhos alertarem a pol\u00edcia sobre um odor forte vindo da resid\u00eancia. Ao chegarem ao local, autoridades encontraram Cleber no sof\u00e1 da sala e Maria no quarto, ambos com marcas de tiros. A suspeita inicial \u00e9 de que Maria tenha tirado a vida do filho antes de atentar contra a pr\u00f3pria vida.<\/p>\n<p>A investiga\u00e7\u00e3o est\u00e1 em curso pela Pol\u00edcia Civil do Distrito Federal (PCDF) para esclarecer os detalhes desse tr\u00e1gico desfecho. Segundo relatos dos vizinhos, Maria, uma dentista que trabalhava em Ceil\u00e2ndia, vinha lutando contra a depress\u00e3o nos \u00faltimos meses, apesar de aparentar ser tranquila.<\/p>\n<p>Cleber, por sua vez, tinha diagn\u00f3stico de autismo, mas era conhecido na vizinhan\u00e7a por sua intera\u00e7\u00e3o e atividades, como pedir comida por aplicativo e andar de moto.<\/p>\n<p>A suspeita \u00e9 de que os corpos possam ter estado no apartamento por aproximadamente tr\u00eas dias antes de serem descobertos.<\/p>\n<p>A comunidade local se encontra consternada e chocada com essa trag\u00e9dia, que levanta quest\u00f5es sobre a sa\u00fade mental e a necessidade de apoio a indiv\u00edduos e fam\u00edlias que enfrentam desafios emocionais e psicol\u00f3gicos.<\/p>\n<p>O evento perturbador segue sendo investigado para compreender completamente os acontecimentos que levaram a essa devastadora perda.<\/p>\n<\/div>\n<p><br \/>\n<br \/><a href=\"https:\/\/fnmais.com\/quem-sao-mae-filho-autista-que-foram-encontrados-mortos-em-apartamento-brasilia\/\">Source link <\/a><\/p>\n<!-- CONTENT END 1 -->\n","protected":false},"excerpt":{"rendered":"<p>Uma comovente e tr\u00e1gica descoberta abalou a tranquilidade do condom\u00ednio em \u00c1guas Claras, no Distrito Federal. Uma mulher, identificada como Milce Maria Alonso Soares, de&#8230;<\/p>\n","protected":false},"author":1,"featured_media":26592,"comment_status":"open","ping_status":"open","sticky":false,"template":"","format":"standard","meta":{"advanced_seo_description":"","jetpack_seo_html_title":"","jetpack_seo_noindex":false,"jetpack_post_was_ever_published":false,"_jetpack_newsletter_access":"","_jetpack_dont_email_post_to_subs":false,"_jetpack_newsletter_tier_id":0,"_jetpack_memberships_contains_paywalled_content":false,"_jetpack_memberships_contains_paid_content":false,"footnotes":"","jetpack_publicize_message":"","jetpack_publicize_feature_enabled":true,"jetpack_social_post_already_shared":true,"jetpack_social_options":{"image_generator_settings":{"template":"highway","default_image_id":0,"font":"","enabled":false},"version":2}},"categories":[1],"tags":[],"class_list":["post-26591","post","type-post","status-publish","format-standard","has-post-thumbnail","hentry","category-blog"],"jetpack_publicize_connections":[],"jetpack_featured_media_url":"https:\/\/i0.wp.com\/noticiasribeiraopreto.com.br\/wp-content\/uploads\/2024\/01\/postimg-659e9e403e54c1708.jpg?fit=1200%2C628&ssl=1","jetpack-related-posts":[{"id":26755,"url":"https:\/\/noticiasribeiraopreto.com.br\/index.php\/2024\/01\/10\/vizinhos-desabafam-apos-confirmacao-das-mortes-de-mae-e-filho-fim-triste\/","url_meta":{"origin":26591,"position":0},"title":"Vizinhos desabafam ap\u00f3s confirma\u00e7\u00e3o das mortes de m\u00e3e e filho: \u201cFim triste\u201d","author":"noticiasribeiraopreto.com.br","date":"10 de January de 2024","format":false,"excerpt":"Uma trag\u00e9dia familiar registrada no Distrito Federal tem causado como\u00e7\u00e3o entre moradores de \u00c1guas Claras. Uma m\u00e3e e um filho foram encontrados sem vida no apartamento onde moravam.As v\u00edtimas foram identificadas, sendo a m\u00e3e de 63 anos, e o filho de 27 anos. O rapaz era autista, conforme confirmaram as\u2026","rel":"","context":"In &quot;Blog&quot;","block_context":{"text":"Blog","link":"https:\/\/noticiasribeiraopreto.com.br\/index.php\/category\/blog\/"},"img":{"alt_text":"","src":"https:\/\/i0.wp.com\/noticiasribeiraopreto.com.br\/wp-content\/uploads\/2024\/01\/postimg-659ee775b0fc87014.jpg?fit=1200%2C628&ssl=1&resize=350%2C200","width":350,"height":200,"srcset":"https:\/\/i0.wp.com\/noticiasribeiraopreto.com.br\/wp-content\/uploads\/2024\/01\/postimg-659ee775b0fc87014.jpg?fit=1200%2C628&ssl=1&resize=350%2C200 1x, https:\/\/i0.wp.com\/noticiasribeiraopreto.com.br\/wp-content\/uploads\/2024\/01\/postimg-659ee775b0fc87014.jpg?fit=1200%2C628&ssl=1&resize=525%2C300 1.5x, https:\/\/i0.wp.com\/noticiasribeiraopreto.com.br\/wp-content\/uploads\/2024\/01\/postimg-659ee775b0fc87014.jpg?fit=1200%2C628&ssl=1&resize=700%2C400 2x, https:\/\/i0.wp.com\/noticiasribeiraopreto.com.br\/wp-content\/uploads\/2024\/01\/postimg-659ee775b0fc87014.jpg?fit=1200%2C628&ssl=1&resize=1050%2C600 3x"},"classes":[]},{"id":26568,"url":"https:\/\/noticiasribeiraopreto.com.br\/index.php\/2024\/01\/10\/dentista-tira-a-vida-do-proprio-filho-diagnosticado-com-autismo-e-depois-atenta-contra-si-mesma\/","url_meta":{"origin":26591,"position":1},"title":"dentista tira a vida do pr\u00f3prio filho, diagnosticado com autismo, e depois atenta contra si mesma","author":"noticiasribeiraopreto.com.br","date":"10 de January de 2024","format":false,"excerpt":"A regi\u00e3o de \u00c1guas Claras, no Distrito Federal, est\u00e1 abalada por uma trag\u00e9dia chocante que ocorreu na noite de ter\u00e7a-feira, dia 9 de janeiro, ap\u00f3s uma idosa de 63 anos de idade ter tirado a pr\u00f3pria vida e a de seu filho, de 27 anos, que tinha o diagn\u00f3stico de\u2026","rel":"","context":"In &quot;Blog&quot;","block_context":{"text":"Blog","link":"https:\/\/noticiasribeiraopreto.com.br\/index.php\/category\/blog\/"},"img":{"alt_text":"","src":"https:\/\/i0.wp.com\/noticiasribeiraopreto.com.br\/wp-content\/uploads\/2024\/01\/postimg-659ea019337b91460.jpg?fit=1200%2C628&ssl=1&resize=350%2C200","width":350,"height":200,"srcset":"https:\/\/i0.wp.com\/noticiasribeiraopreto.com.br\/wp-content\/uploads\/2024\/01\/postimg-659ea019337b91460.jpg?fit=1200%2C628&ssl=1&resize=350%2C200 1x, https:\/\/i0.wp.com\/noticiasribeiraopreto.com.br\/wp-content\/uploads\/2024\/01\/postimg-659ea019337b91460.jpg?fit=1200%2C628&ssl=1&resize=525%2C300 1.5x, https:\/\/i0.wp.com\/noticiasribeiraopreto.com.br\/wp-content\/uploads\/2024\/01\/postimg-659ea019337b91460.jpg?fit=1200%2C628&ssl=1&resize=700%2C400 2x, https:\/\/i0.wp.com\/noticiasribeiraopreto.com.br\/wp-content\/uploads\/2024\/01\/postimg-659ea019337b91460.jpg?fit=1200%2C628&ssl=1&resize=1050%2C600 3x"},"classes":[]},{"id":21310,"url":"https:\/\/noticiasribeiraopreto.com.br\/index.php\/2023\/12\/27\/pai-e-preso-suspeito-de-tirar-a-vida-da-esposa-e-dos-quatro-filhos-de-forma-cruel-no-dia-de-natal\/","url_meta":{"origin":26591,"position":2},"title":"Pai \u00e9 preso suspeito de tirar a vida da esposa e dos quatro filhos de forma cruel no dia de Natal","author":"noticiasribeiraopreto.com.br","date":"27 de December de 2023","format":false,"excerpt":"Um indiv\u00edduo de 33 anos, apontado como autor do assassinato de sua esposa e dos quatro filhos na noite de segunda-feira (25) em sua resid\u00eancia em Meaux, foi capturado na ter\u00e7a-feira (26) em Sevran.A casa da fam\u00edlia fica localizada no departamento de Seine-et-Marne, a cerca de 50 km a oeste\u2026","rel":"","context":"In &quot;Blog&quot;","block_context":{"text":"Blog","link":"https:\/\/noticiasribeiraopreto.com.br\/index.php\/category\/blog\/"},"img":{"alt_text":"","src":"https:\/\/i0.wp.com\/noticiasribeiraopreto.com.br\/wp-content\/uploads\/2023\/12\/postimg-658c60a33f2008668.jpg?fit=1200%2C628&ssl=1&resize=350%2C200","width":350,"height":200,"srcset":"https:\/\/i0.wp.com\/noticiasribeiraopreto.com.br\/wp-content\/uploads\/2023\/12\/postimg-658c60a33f2008668.jpg?fit=1200%2C628&ssl=1&resize=350%2C200 1x, https:\/\/i0.wp.com\/noticiasribeiraopreto.com.br\/wp-content\/uploads\/2023\/12\/postimg-658c60a33f2008668.jpg?fit=1200%2C628&ssl=1&resize=525%2C300 1.5x, https:\/\/i0.wp.com\/noticiasribeiraopreto.com.br\/wp-content\/uploads\/2023\/12\/postimg-658c60a33f2008668.jpg?fit=1200%2C628&ssl=1&resize=700%2C400 2x, https:\/\/i0.wp.com\/noticiasribeiraopreto.com.br\/wp-content\/uploads\/2023\/12\/postimg-658c60a33f2008668.jpg?fit=1200%2C628&ssl=1&resize=1050%2C600 3x"},"classes":[]},{"id":6435,"url":"https:\/\/noticiasribeiraopreto.com.br\/index.php\/2023\/11\/25\/dentista-e-encontrado-sem-vida-dentro-de-apartamento-em-condominio-de-luxo-na-ba-caso-e-misterio\/","url_meta":{"origin":26591,"position":3},"title":"Dentista \u00e9 encontrado sem vida dentro de apartamento em condom\u00ednio de luxo na BA; caso \u00e9 mist\u00e9rio","author":"noticiasribeiraopreto.com.br","date":"25 de November de 2023","format":false,"excerpt":"Neste \u00faltimo s\u00e1bado, dia 25 de novembro, chegou a ser divulgado atrav\u00e9s de diversos canais de comunica\u00e7\u00e3o que um dentista de 36 anos foi encontrado morto dentro de seu pr\u00f3prio apartamento, localizado em um condom\u00ednio de luxo, em Salvador, na Bahia.A v\u00edtima foi identificada pelo nome de Lucas Maia de\u2026","rel":"","context":"In &quot;Blog&quot;","block_context":{"text":"Blog","link":"https:\/\/noticiasribeiraopreto.com.br\/index.php\/category\/blog\/"},"img":{"alt_text":"","src":"https:\/\/i0.wp.com\/noticiasribeiraopreto.com.br\/wp-content\/uploads\/2023\/11\/postimg-656282527801f9681.jpg?fit=1200%2C628&ssl=1&resize=350%2C200","width":350,"height":200,"srcset":"https:\/\/i0.wp.com\/noticiasribeiraopreto.com.br\/wp-content\/uploads\/2023\/11\/postimg-656282527801f9681.jpg?fit=1200%2C628&ssl=1&resize=350%2C200 1x, https:\/\/i0.wp.com\/noticiasribeiraopreto.com.br\/wp-content\/uploads\/2023\/11\/postimg-656282527801f9681.jpg?fit=1200%2C628&ssl=1&resize=525%2C300 1.5x, https:\/\/i0.wp.com\/noticiasribeiraopreto.com.br\/wp-content\/uploads\/2023\/11\/postimg-656282527801f9681.jpg?fit=1200%2C628&ssl=1&resize=700%2C400 2x, https:\/\/i0.wp.com\/noticiasribeiraopreto.com.br\/wp-content\/uploads\/2023\/11\/postimg-656282527801f9681.jpg?fit=1200%2C628&ssl=1&resize=1050%2C600 3x"},"classes":[]},{"id":77857,"url":"https:\/\/noticiasribeiraopreto.com.br\/index.php\/2025\/09\/26\/justica-condena-homem-a-26-anos-de-prisao-por-matar-e-enterrar-ex-companheira\/","url_meta":{"origin":26591,"position":4},"title":"Justi\u00e7a condena homem a 26 anos de pris\u00e3o por matar e enterrar ex-companheira","author":"noticiasribeiraopreto.com.br","date":"26 de September de 2025","format":false,"excerpt":"Cleber Balduino de Oliveira, acusado de matar e enterrar a ex-companheira, Maria de F\u00e1tima Batista Silva, foi condenado a 26 anos de pris\u00e3o em regime fechado. O crime aconteceu em setembro de 2024 em Ituverava, cidade a 102 quil\u00f4metros de Ribeir\u00e3o Preto. O Tribunal do J\u00fari condenou o homem, que\u2026","rel":"","context":"In &quot;Not\u00edcias de Ribeir\u00e3o Preto-SP e Regi\u00e3o&quot;","block_context":{"text":"Not\u00edcias de Ribeir\u00e3o Preto-SP e Regi\u00e3o","link":"https:\/\/noticiasribeiraopreto.com.br\/index.php\/category\/noticias-de-ribeirao-preto-sp-e-regiao-ismael-colosi\/"},"img":{"alt_text":"","src":"https:\/\/i0.wp.com\/noticiasribeiraopreto.com.br\/wp-content\/uploads\/2025\/09\/Copia-de-Copia-de-Copia-de-TAMANHO-EXATO-PARA-FOTOS-NO-SISTEMA-NOVO-2025-09-26T145415.051_2025-09-26_17-54-21.webp.webp?fit=1200%2C675&ssl=1&resize=350%2C200","width":350,"height":200,"srcset":"https:\/\/i0.wp.com\/noticiasribeiraopreto.com.br\/wp-content\/uploads\/2025\/09\/Copia-de-Copia-de-Copia-de-TAMANHO-EXATO-PARA-FOTOS-NO-SISTEMA-NOVO-2025-09-26T145415.051_2025-09-26_17-54-21.webp.webp?fit=1200%2C675&ssl=1&resize=350%2C200 1x, https:\/\/i0.wp.com\/noticiasribeiraopreto.com.br\/wp-content\/uploads\/2025\/09\/Copia-de-Copia-de-Copia-de-TAMANHO-EXATO-PARA-FOTOS-NO-SISTEMA-NOVO-2025-09-26T145415.051_2025-09-26_17-54-21.webp.webp?fit=1200%2C675&ssl=1&resize=525%2C300 1.5x, https:\/\/i0.wp.com\/noticiasribeiraopreto.com.br\/wp-content\/uploads\/2025\/09\/Copia-de-Copia-de-Copia-de-TAMANHO-EXATO-PARA-FOTOS-NO-SISTEMA-NOVO-2025-09-26T145415.051_2025-09-26_17-54-21.webp.webp?fit=1200%2C675&ssl=1&resize=700%2C400 2x, https:\/\/i0.wp.com\/noticiasribeiraopreto.com.br\/wp-content\/uploads\/2025\/09\/Copia-de-Copia-de-Copia-de-TAMANHO-EXATO-PARA-FOTOS-NO-SISTEMA-NOVO-2025-09-26T145415.051_2025-09-26_17-54-21.webp.webp?fit=1200%2C675&ssl=1&resize=1050%2C600 3x"},"classes":[]},{"id":29885,"url":"https:\/\/noticiasribeiraopreto.com.br\/index.php\/2024\/01\/19\/crianca-de-4-anos-perde-a-vida-dentro-de-apartamento-consumido-pelo-fogo-e-bombeiro-expoe-situacao-perturbadora\/","url_meta":{"origin":26591,"position":5},"title":"Crian\u00e7a de 4 anos perde a vida dentro de apartamento consumido pelo fogo; e bombeiro exp\u00f5e situa\u00e7\u00e3o perturbadora","author":"noticiasribeiraopreto.com.br","date":"19 de January de 2024","format":false,"excerpt":"Uma fam\u00edlia vitimada por uma trag\u00e9dia chora a dor do luto por causa da perda de um ente querido que morreu de forma cruel.Em decorr\u00eancia do incidente, uma crian\u00e7a, de quatro anos, morreu e seu pai ficou ferido em um inc\u00eandio que consumiu um apartamento localizado na cidade de Lauro\u2026","rel":"","context":"In &quot;Blog&quot;","block_context":{"text":"Blog","link":"https:\/\/noticiasribeiraopreto.com.br\/index.php\/category\/blog\/"},"img":{"alt_text":"","src":"https:\/\/i0.wp.com\/noticiasribeiraopreto.com.br\/wp-content\/uploads\/2024\/01\/postimg-65aab2aa95aa55358.jpg?fit=1200%2C628&ssl=1&resize=350%2C200","width":350,"height":200,"srcset":"https:\/\/i0.wp.com\/noticiasribeiraopreto.com.br\/wp-content\/uploads\/2024\/01\/postimg-65aab2aa95aa55358.jpg?fit=1200%2C628&ssl=1&resize=350%2C200 1x, https:\/\/i0.wp.com\/noticiasribeiraopreto.com.br\/wp-content\/uploads\/2024\/01\/postimg-65aab2aa95aa55358.jpg?fit=1200%2C628&ssl=1&resize=525%2C300 1.5x, https:\/\/i0.wp.com\/noticiasribeiraopreto.com.br\/wp-content\/uploads\/2024\/01\/postimg-65aab2aa95aa55358.jpg?fit=1200%2C628&ssl=1&resize=700%2C400 2x, https:\/\/i0.wp.com\/noticiasribeiraopreto.com.br\/wp-content\/uploads\/2024\/01\/postimg-65aab2aa95aa55358.jpg?fit=1200%2C628&ssl=1&resize=1050%2C600 3x"},"classes":[]}],"jetpack_sharing_enabled":true,"jetpack_shortlink":"https:\/\/wp.me\/peQAOb-6UT","_links":{"self":[{"href":"https:\/\/noticiasribeiraopreto.com.br\/index.php\/wp-json\/wp\/v2\/posts\/26591","targetHints":{"allow":["GET"]}}],"collection":[{"href":"https:\/\/noticiasribeiraopreto.com.br\/index.php\/wp-json\/wp\/v2\/posts"}],"about":[{"href":"https:\/\/noticiasribeiraopreto.com.br\/index.php\/wp-json\/wp\/v2\/types\/post"}],"author":[{"embeddable":true,"href":"https:\/\/noticiasribeiraopreto.com.br\/index.php\/wp-json\/wp\/v2\/users\/1"}],"replies":[{"embeddable":true,"href":"https:\/\/noticiasribeiraopreto.com.br\/index.php\/wp-json\/wp\/v2\/comments?post=26591"}],"version-history":[{"count":0,"href":"https:\/\/noticiasribeiraopreto.com.br\/index.php\/wp-json\/wp\/v2\/posts\/26591\/revisions"}],"wp:featuredmedia":[{"embeddable":true,"href":"https:\/\/noticiasribeiraopreto.com.br\/index.php\/wp-json\/wp\/v2\/media\/26592"}],"wp:attachment":[{"href":"https:\/\/noticiasribeiraopreto.com.br\/index.php\/wp-json\/wp\/v2\/media?parent=26591"}],"wp:term":[{"taxonomy":"category","embeddable":true,"href":"https:\/\/noticiasribeiraopreto.com.br\/index.php\/wp-json\/wp\/v2\/categories?post=26591"},{"taxonomy":"post_tag","embeddable":true,"href":"https:\/\/noticiasribeiraopreto.com.br\/index.php\/wp-json\/wp\/v2\/tags?post=26591"}],"curies":[{"name":"wp","href":"https:\/\/api.w.org\/{rel}","templated":true}]}}