{"id":26595,"date":"2024-01-10T11:43:20","date_gmt":"2024-01-10T14:43:20","guid":{"rendered":"https:\/\/noticiasribeiraopreto.com.br\/index.php\/2024\/01\/10\/angela-bassett-e-mel-brooks-recebem-oscar-honorario-em-cerimonia-de-gala-em-hollywood\/"},"modified":"2024-01-10T11:43:20","modified_gmt":"2024-01-10T14:43:20","slug":"angela-bassett-e-mel-brooks-recebem-oscar-honorario-em-cerimonia-de-gala-em-hollywood","status":"publish","type":"post","link":"https:\/\/noticiasribeiraopreto.com.br\/index.php\/2024\/01\/10\/angela-bassett-e-mel-brooks-recebem-oscar-honorario-em-cerimonia-de-gala-em-hollywood\/","title":{"rendered":"Angela Bassett e Mel Brooks recebem Oscar honor\u00e1rio em cerim\u00f4nia de gala em Hollywood"},"content":{"rendered":"<div class='code-block code-block-1' style='margin: 8px 0 8px auto; text-align: right; display: block; clear: both;'>\n<p><a href=\"https:\/\/wa.link\/vpicfd\"><img data-recalc-dims=\"1\" class=\"wp-image-4922\" style=\"aspect-ratio: 2.0253164556962027; width: 561px; height: auto;\" src=\"https:\/\/i0.wp.com\/ismaelcolosi.com.br\/wp-content\/uploads\/2023\/11\/grupo-de-empregos-whatsapp-e-facebook-ismael-colosi-vagas.jpg?ssl=1\" alt=\"\" \/><\/a><\/p>\n<!-- \/wp:image -->\n<\/div>\n<p> <br \/>\n<\/p>\n<div>\n<p><img data-recalc-dims=\"1\" fetchpriority=\"high\" decoding=\"async\" class=\"alignnone alignnone size-medium wp-image-589250\" src=\"https:\/\/i0.wp.com\/forbes.com.br\/wp-content\/uploads\/2024\/01\/Life_Oscar_Angela-Bassett_Reuters-768x512.jpg?resize=768%2C512&#038;ssl=1\" http:=\"\" alt=\"Reuters\/Mario Anzuoni\" width=\"768\" height=\"512\" data-lazy-src=\"https:\/\/forbes.com.br\/wp-content\/uploads\/2024\/01\/Life_Oscar_Angela-Bassett_Reuters-768x512.jpg\"\/><noscript><img data-recalc-dims=\"1\" fetchpriority=\"high\" decoding=\"async\" class=\"alignnone alignnone size-medium wp-image-589250\" src=\"https:\/\/i0.wp.com\/forbes.com.br\/wp-content\/uploads\/2024\/01\/Life_Oscar_Angela-Bassett_Reuters-768x512.jpg?resize=768%2C512&#038;ssl=1\" alt=\"Reuters\/Mario Anzuoni\" width=\"768\" height=\"512\"\/><\/noscript><\/p>\n<p>A atriz <strong>Angela Bassett<\/strong> foi homenageada por pap\u00e9is memor\u00e1veis, desde<strong> Tina Turner at\u00e9 a rainha de Wakanda<\/strong>, na entrega de Oscars honor\u00e1rios pela Academia de Cinema de Hollywood na ter\u00e7a-feira.<\/p>\n<p>O comediante <strong>Mel Brooks<\/strong> tamb\u00e9m recebeu uma estatueta dourada na premia\u00e7\u00e3o anual Governors Awards, diante de grandes estrelas, incluindo Leonardo DiCaprio, Bradley Cooper e Natalie Portman.<\/p>\n<ul>\n<li>\n<h3>Siga o canal da <a href=\"https:\/\/whatsapp.com\/channel\/0029Va9gQKwBFLgM96cJnu0u\" target=\"_blank\" rel=\"noopener\">Forbes<\/a> e de <a href=\"https:\/\/whatsapp.com\/channel\/0029VaAZk57JuyA9F4UwQc2I\" target=\"_blank\" rel=\"noopener\">Forbes Money<\/a> no WhatsApp e receba as principais not\u00edcias sobre neg\u00f3cios, carreira, tecnologia e estilo de vida<\/h3>\n<\/li>\n<\/ul>\n<p>No palco, ao receber seu trof\u00e9u, Bassett homenageou as 10 mulheres negras que ganharam o Oscar \u2013 citando o nome de cada uma delas \u2013 e disse que espera que a ind\u00fastria cinematogr\u00e1fica ofere\u00e7a mais oportunidades para pessoas de cor.<\/p>\n<p>\u201cMinha ora\u00e7\u00e3o \u00e9 que deixemos esse setor mais enriquecido, com vis\u00e3o de futuro e inclusivo do que o encontramos\u201d, disse Bassett, de 65 anos. \u201cNo final das contas, todos n\u00f3s s\u00f3 queremos ter a oportunidade de fazer um trabalho bom e significativo.\u201d<\/p>\n<p>Bassett foi indicada para dois Oscars competitivos. O primeiro por seu papel de destaque como Turner em \u201cWhat\u2019s Love Got to Do with It\u201d, de 1993, e o segundo por interpretar a Rainha Ramonda em \u201cPantera Negra: Wakanda Para Sempre\u201d, de 2022.<\/p>\n<p>Bassett e outros homenageados foram selecionados pelo conselho de governadores da Academia de Artes e Ci\u00eancias Cinematogr\u00e1ficas, o grupo que entregar\u00e1 o Oscar deste ano em mar\u00e7o.<\/p>\n<p>O roteirista, diretor e ator Brooks, hoje com 97 anos, come\u00e7ou sua carreira escrevendo com\u00e9dia para os programas de TV de Sid Caesar na d\u00e9cada de 1950 antes de fazer filmes como \u201cBanz\u00e9 no Oeste\u201d e \u201cO Jovem Frankenstein\u201d.<\/p>\n<p>Ele ganhou um Oscar por escrever o roteiro do filme \u201cThe Producers\u201d, que mais tarde se tornou uma pe\u00e7a de sucesso na Broadway.<\/p>\n<p>Ap\u00f3s uma apresenta\u00e7\u00e3o musical das estrelas de \u201cThe Producers\u201d Nathan Lane e Matthew Broderick, Brooks brincou dizendo que apreciava sua nova estatueta do Oscar porque havia vendido seu trof\u00e9u anterior.<\/p>\n<p>\u201cN\u00e3o venderei este, juro por Deus\u201d, disse ele.<\/p>\n<\/div>\n<p><script type=\"rocketlazyloadscript\">\n\t\t\t\t(function(d, s, id){\n\t\t\t\t\tvar js, fjs = d.getElementsByTagName(s)[0];\n\t\t\t\t\tif (d.getElementById(id)) return;\n\t\t\t\t\tjs = d.createElement(s); js.id = id;\n\t\t\t\t\tjs.src = \"\/\/connect.facebook.net\/pt_BR\/sdk.js#xfbml=1&version=v2.9\";\n\t\t\t\t\tfjs.parentNode.insertBefore(js, fjs);\n\t\t\t\t}(document, 'script', 'facebook-jssdk'));\n\t\t\t<\/script><br \/>\n<br \/><br \/>\n<br \/><a href=\"https:\/\/forbes.com.br\/carreira\/2024\/01\/angela-bassett-e-mel-brooks-recebem-oscar-honorario-em-cerimonia-de-gala-em-hollywood\/\">Source link <\/a><\/p>\n<!-- CONTENT END 1 -->\n","protected":false},"excerpt":{"rendered":"<p>A atriz Angela Bassett foi homenageada por pap\u00e9is memor\u00e1veis, desde Tina Turner at\u00e9 a rainha de Wakanda, na entrega de Oscars honor\u00e1rios pela Academia de&#8230;<\/p>\n","protected":false},"author":1,"featured_media":26596,"comment_status":"open","ping_status":"open","sticky":false,"template":"","format":"standard","meta":{"advanced_seo_description":"","jetpack_seo_html_title":"","jetpack_seo_noindex":false,"jetpack_post_was_ever_published":false,"_jetpack_newsletter_access":"","_jetpack_dont_email_post_to_subs":false,"_jetpack_newsletter_tier_id":0,"_jetpack_memberships_contains_paywalled_content":false,"_jetpack_memberships_contains_paid_content":false,"footnotes":"","jetpack_publicize_message":"","jetpack_publicize_feature_enabled":true,"jetpack_social_post_already_shared":true,"jetpack_social_options":{"image_generator_settings":{"template":"highway","default_image_id":0,"font":"","enabled":false},"version":2}},"categories":[1],"tags":[],"class_list":["post-26595","post","type-post","status-publish","format-standard","has-post-thumbnail","hentry","category-blog"],"jetpack_publicize_connections":[],"jetpack_featured_media_url":"https:\/\/i0.wp.com\/noticiasribeiraopreto.com.br\/wp-content\/uploads\/2024\/01\/Life_Oscar_Angela-Bassett_Reuters-1024x683.jpg?fit=1024%2C683&ssl=1","jetpack-related-posts":[{"id":41754,"url":"https:\/\/noticiasribeiraopreto.com.br\/index.php\/2024\/03\/11\/oppenheimer-e-o-grande-vencedor-no-oscar-2024\/","url_meta":{"origin":26595,"position":0},"title":"&#8220;Oppenheimer&#8221; \u00e9 o grande vencedor no Oscar 2024","author":"noticiasribeiraopreto.com.br","date":"11 de March de 2024","format":false,"excerpt":"11 de mar\u00e7o de 2024 | 9:0011 de mar\u00e7o de 2024 | 8:39 0Com 13 indica\u00e7\u00f5es, Oppenheimer era o favorito na 96\u00aa premia\u00e7\u00e3o do Oscar da Academia de Ci\u00eancias e Artes Cinematogr\u00e1ficas de Hollywood, seguido de Pobres criaturas, indicado para 11 premia\u00e7\u00f5es, e de Barbie, com sete.Ao final da noite,\u2026","rel":"","context":"In &quot;Not\u00edcias de Ribeir\u00e3o Preto-SP e Regi\u00e3o&quot;","block_context":{"text":"Not\u00edcias de Ribeir\u00e3o Preto-SP e Regi\u00e3o","link":"https:\/\/noticiasribeiraopreto.com.br\/index.php\/category\/noticias-de-ribeirao-preto-sp-e-regiao-ismael-colosi\/"},"img":{"alt_text":"","src":"https:\/\/i0.wp.com\/noticiasribeiraopreto.com.br\/wp-content\/uploads\/2024\/03\/f5abe472-053c-4f37-bea6-2bd852aef980-scaled.jpg?fit=967%2C645&ssl=1&resize=350%2C200","width":350,"height":200,"srcset":"https:\/\/i0.wp.com\/noticiasribeiraopreto.com.br\/wp-content\/uploads\/2024\/03\/f5abe472-053c-4f37-bea6-2bd852aef980-scaled.jpg?fit=967%2C645&ssl=1&resize=350%2C200 1x, https:\/\/i0.wp.com\/noticiasribeiraopreto.com.br\/wp-content\/uploads\/2024\/03\/f5abe472-053c-4f37-bea6-2bd852aef980-scaled.jpg?fit=967%2C645&ssl=1&resize=525%2C300 1.5x, https:\/\/i0.wp.com\/noticiasribeiraopreto.com.br\/wp-content\/uploads\/2024\/03\/f5abe472-053c-4f37-bea6-2bd852aef980-scaled.jpg?fit=967%2C645&ssl=1&resize=700%2C400 2x"},"classes":[]},{"id":31802,"url":"https:\/\/noticiasribeiraopreto.com.br\/index.php\/2024\/01\/23\/oscar-2024-divulga-lista-de-indicados-veja-as-principais-categorias\/","url_meta":{"origin":26595,"position":1},"title":"Oscar 2024 divulga lista de indicados; veja as principais categorias","author":"noticiasribeiraopreto.com.br","date":"23 de January de 2024","format":false,"excerpt":"Come\u00e7a nesta ter\u00e7a-feira (22) a \u00e9poca mais importante do ano para os cin\u00e9filos. Foi dada a largada para a corrida pela estatueta do Oscar 2024, com a divulga\u00e7\u00e3o da lista de indicados numa transmiss\u00e3o ao vivo no site, no YouTube e nas redes sociais da Academia. A 96\u00aa edi\u00e7\u00e3o do\u2026","rel":"","context":"In &quot;Dinheiro e Investimento&quot;","block_context":{"text":"Dinheiro e Investimento","link":"https:\/\/noticiasribeiraopreto.com.br\/index.php\/category\/dinheiro-e-investimento-como-fazer-como-ganhar\/"},"img":{"alt_text":"","src":"https:\/\/i0.wp.com\/noticiasribeiraopreto.com.br\/wp-content\/uploads\/2024\/01\/oscar-2023-1-715x402.jpg?fit=715%2C402&ssl=1&resize=350%2C200","width":350,"height":200,"srcset":"https:\/\/i0.wp.com\/noticiasribeiraopreto.com.br\/wp-content\/uploads\/2024\/01\/oscar-2023-1-715x402.jpg?fit=715%2C402&ssl=1&resize=350%2C200 1x, https:\/\/i0.wp.com\/noticiasribeiraopreto.com.br\/wp-content\/uploads\/2024\/01\/oscar-2023-1-715x402.jpg?fit=715%2C402&ssl=1&resize=525%2C300 1.5x, https:\/\/i0.wp.com\/noticiasribeiraopreto.com.br\/wp-content\/uploads\/2024\/01\/oscar-2023-1-715x402.jpg?fit=715%2C402&ssl=1&resize=700%2C400 2x"},"classes":[]},{"id":37298,"url":"https:\/\/noticiasribeiraopreto.com.br\/index.php\/2024\/02\/15\/com-mascara-do-batman-rodrigo-santoro-aproveita-carnaval-em-ribeirao\/","url_meta":{"origin":26595,"position":2},"title":"Com m\u00e1scara do Batman, Rodrigo Santoro aproveita Carnaval em Ribeir\u00e3o","author":"noticiasribeiraopreto.com.br","date":"15 de February de 2024","format":false,"excerpt":"O ator Rodrigo Santoro curtiu o Carnaval com a fam\u00edlia em Ribeir\u00e3o Preto. Na segunda-feira (12), ele publicou fotos e um v\u00eddeo em sua conta no Instagram com a legenda \u201cMatin\u00ea\u201d, em que aproveita um bloquinho e um evento com a esposa Mel Fronckowiak, tamb\u00e9m atriz, e a filha. Ambas\u2026","rel":"","context":"In &quot;Not\u00edcias de Ribeir\u00e3o Preto-SP e Regi\u00e3o&quot;","block_context":{"text":"Not\u00edcias de Ribeir\u00e3o Preto-SP e Regi\u00e3o","link":"https:\/\/noticiasribeiraopreto.com.br\/index.php\/category\/noticias-de-ribeirao-preto-sp-e-regiao-ismael-colosi\/"},"img":{"alt_text":"","src":"https:\/\/i0.wp.com\/noticiasribeiraopreto.com.br\/wp-content\/uploads\/2024\/02\/Design-sem-nome-3.jpg?fit=960%2C693&ssl=1&resize=350%2C200","width":350,"height":200,"srcset":"https:\/\/i0.wp.com\/noticiasribeiraopreto.com.br\/wp-content\/uploads\/2024\/02\/Design-sem-nome-3.jpg?fit=960%2C693&ssl=1&resize=350%2C200 1x, https:\/\/i0.wp.com\/noticiasribeiraopreto.com.br\/wp-content\/uploads\/2024\/02\/Design-sem-nome-3.jpg?fit=960%2C693&ssl=1&resize=525%2C300 1.5x, https:\/\/i0.wp.com\/noticiasribeiraopreto.com.br\/wp-content\/uploads\/2024\/02\/Design-sem-nome-3.jpg?fit=960%2C693&ssl=1&resize=700%2C400 2x"},"classes":[]},{"id":19654,"url":"https:\/\/noticiasribeiraopreto.com.br\/index.php\/2023\/12\/22\/em-lua-de-mel-larissa-manoela-e-vitima-de-crime-e-detalhes-sao-expostos\/","url_meta":{"origin":26595,"position":3},"title":"Em lua de mel, Larissa Manoela \u00e9 v\u00edtima de crime e detalhes s\u00e3o expostos","author":"noticiasribeiraopreto.com.br","date":"22 de December de 2023","format":false,"excerpt":"A atriz Larissa Manoela est\u00e1 vivendo seus dias de lua de mel com o marido em uma viagem rom\u00e2ntica. A artista, de 22 anos, se casou em segredo no in\u00edcio desta semana e deixou os f\u00e3s surpresos com a novidade.Mas enquanto est\u00e1 em lua de mel, Larissa tem sido v\u00edtima\u2026","rel":"","context":"In &quot;Blog&quot;","block_context":{"text":"Blog","link":"https:\/\/noticiasribeiraopreto.com.br\/index.php\/category\/blog\/"},"img":{"alt_text":"","src":"https:\/\/i0.wp.com\/noticiasribeiraopreto.com.br\/wp-content\/uploads\/2023\/12\/postimg-658624a12d0b53049.jpg?fit=1200%2C628&ssl=1&resize=350%2C200","width":350,"height":200,"srcset":"https:\/\/i0.wp.com\/noticiasribeiraopreto.com.br\/wp-content\/uploads\/2023\/12\/postimg-658624a12d0b53049.jpg?fit=1200%2C628&ssl=1&resize=350%2C200 1x, https:\/\/i0.wp.com\/noticiasribeiraopreto.com.br\/wp-content\/uploads\/2023\/12\/postimg-658624a12d0b53049.jpg?fit=1200%2C628&ssl=1&resize=525%2C300 1.5x, https:\/\/i0.wp.com\/noticiasribeiraopreto.com.br\/wp-content\/uploads\/2023\/12\/postimg-658624a12d0b53049.jpg?fit=1200%2C628&ssl=1&resize=700%2C400 2x, https:\/\/i0.wp.com\/noticiasribeiraopreto.com.br\/wp-content\/uploads\/2023\/12\/postimg-658624a12d0b53049.jpg?fit=1200%2C628&ssl=1&resize=1050%2C600 3x"},"classes":[]},{"id":72862,"url":"https:\/\/noticiasribeiraopreto.com.br\/index.php\/2025\/06\/22\/confessionario-tribuna-ribeirao-34\/","url_meta":{"origin":26595,"position":4},"title":"Confession\u00e1rio &#8211; Tribuna Ribeir\u00e3o","author":"noticiasribeiraopreto.com.br","date":"22 de June de 2025","format":false,"excerpt":"22 de junho de 2025 08:4521 de junho de 2025 19:031 Compartilhar0 \u2018Vale iPhone\u2019 para servidores de SP O deputado estadual Leo Siqueira (Novo) ingressou com uma a\u00e7\u00e3o popular na Justi\u00e7a para suspender o chamado \u201cvale-iPhone\u201d, benef\u00edcio concedido a procuradores do munic\u00edpio de S\u00e3o Paulo. A pr\u00e1tica permite que cada\u2026","rel":"","context":"In &quot;Not\u00edcias de Ribeir\u00e3o Preto-SP e Regi\u00e3o&quot;","block_context":{"text":"Not\u00edcias de Ribeir\u00e3o Preto-SP e Regi\u00e3o","link":"https:\/\/noticiasribeiraopreto.com.br\/index.php\/category\/noticias-de-ribeirao-preto-sp-e-regiao-ismael-colosi\/"},"img":{"alt_text":"","src":"https:\/\/i0.wp.com\/noticiasribeiraopreto.com.br\/wp-content\/uploads\/2025\/06\/iphone-scaled.jpg?fit=800%2C450&ssl=1&resize=350%2C200","width":350,"height":200,"srcset":"https:\/\/i0.wp.com\/noticiasribeiraopreto.com.br\/wp-content\/uploads\/2025\/06\/iphone-scaled.jpg?fit=800%2C450&ssl=1&resize=350%2C200 1x, https:\/\/i0.wp.com\/noticiasribeiraopreto.com.br\/wp-content\/uploads\/2025\/06\/iphone-scaled.jpg?fit=800%2C450&ssl=1&resize=525%2C300 1.5x, https:\/\/i0.wp.com\/noticiasribeiraopreto.com.br\/wp-content\/uploads\/2025\/06\/iphone-scaled.jpg?fit=800%2C450&ssl=1&resize=700%2C400 2x"},"classes":[]},{"id":6033,"url":"https:\/\/noticiasribeiraopreto.com.br\/index.php\/2023\/11\/24\/mae-da-atriz-mel-maia-usa-as-redes-sociais-apos-obito-do-filho-para-fazer-uma-homenagem\/","url_meta":{"origin":26595,"position":5},"title":"M\u00e3e da atriz Mel Maia usa as redes sociais ap\u00f3s \u00f3bito do filho para fazer uma homenagem","author":"noticiasribeiraopreto.com.br","date":"24 de November de 2023","format":false,"excerpt":"Embora a maioria das pessoas tenham a impress\u00e3o de que os famosos e suas fam\u00edlias vivem dentro de um conto de fadas, conduto na realidade esmagadora dos casos, as celebridades tamb\u00e9m enfrentam grandes problemas, como por exemplo, enfermidades, mortes em fam\u00edlia e at\u00e9 mesmo casos de viol\u00eancia dom\u00e9stica.D\u00e9bora Maia, dona\u2026","rel":"","context":"In &quot;Blog&quot;","block_context":{"text":"Blog","link":"https:\/\/noticiasribeiraopreto.com.br\/index.php\/category\/blog\/"},"img":{"alt_text":"","src":"https:\/\/i0.wp.com\/noticiasribeiraopreto.com.br\/wp-content\/uploads\/2023\/11\/postimg-65614c8d8de788959.jpg?fit=1200%2C628&ssl=1&resize=350%2C200","width":350,"height":200,"srcset":"https:\/\/i0.wp.com\/noticiasribeiraopreto.com.br\/wp-content\/uploads\/2023\/11\/postimg-65614c8d8de788959.jpg?fit=1200%2C628&ssl=1&resize=350%2C200 1x, https:\/\/i0.wp.com\/noticiasribeiraopreto.com.br\/wp-content\/uploads\/2023\/11\/postimg-65614c8d8de788959.jpg?fit=1200%2C628&ssl=1&resize=525%2C300 1.5x, https:\/\/i0.wp.com\/noticiasribeiraopreto.com.br\/wp-content\/uploads\/2023\/11\/postimg-65614c8d8de788959.jpg?fit=1200%2C628&ssl=1&resize=700%2C400 2x, https:\/\/i0.wp.com\/noticiasribeiraopreto.com.br\/wp-content\/uploads\/2023\/11\/postimg-65614c8d8de788959.jpg?fit=1200%2C628&ssl=1&resize=1050%2C600 3x"},"classes":[]}],"jetpack_sharing_enabled":true,"jetpack_shortlink":"https:\/\/wp.me\/peQAOb-6UX","_links":{"self":[{"href":"https:\/\/noticiasribeiraopreto.com.br\/index.php\/wp-json\/wp\/v2\/posts\/26595","targetHints":{"allow":["GET"]}}],"collection":[{"href":"https:\/\/noticiasribeiraopreto.com.br\/index.php\/wp-json\/wp\/v2\/posts"}],"about":[{"href":"https:\/\/noticiasribeiraopreto.com.br\/index.php\/wp-json\/wp\/v2\/types\/post"}],"author":[{"embeddable":true,"href":"https:\/\/noticiasribeiraopreto.com.br\/index.php\/wp-json\/wp\/v2\/users\/1"}],"replies":[{"embeddable":true,"href":"https:\/\/noticiasribeiraopreto.com.br\/index.php\/wp-json\/wp\/v2\/comments?post=26595"}],"version-history":[{"count":0,"href":"https:\/\/noticiasribeiraopreto.com.br\/index.php\/wp-json\/wp\/v2\/posts\/26595\/revisions"}],"wp:featuredmedia":[{"embeddable":true,"href":"https:\/\/noticiasribeiraopreto.com.br\/index.php\/wp-json\/wp\/v2\/media\/26596"}],"wp:attachment":[{"href":"https:\/\/noticiasribeiraopreto.com.br\/index.php\/wp-json\/wp\/v2\/media?parent=26595"}],"wp:term":[{"taxonomy":"category","embeddable":true,"href":"https:\/\/noticiasribeiraopreto.com.br\/index.php\/wp-json\/wp\/v2\/categories?post=26595"},{"taxonomy":"post_tag","embeddable":true,"href":"https:\/\/noticiasribeiraopreto.com.br\/index.php\/wp-json\/wp\/v2\/tags?post=26595"}],"curies":[{"name":"wp","href":"https:\/\/api.w.org\/{rel}","templated":true}]}}