{"id":26600,"date":"2024-01-10T11:54:25","date_gmt":"2024-01-10T14:54:25","guid":{"rendered":"https:\/\/noticiasribeiraopreto.com.br\/index.php\/2024\/01\/10\/quem-e-o-homem-que-invadiu-a-casa-de-shakira-e-alegava-ser-casado-com-a-cantora\/"},"modified":"2024-01-10T11:54:25","modified_gmt":"2024-01-10T14:54:25","slug":"quem-e-o-homem-que-invadiu-a-casa-de-shakira-e-alegava-ser-casado-com-a-cantora","status":"publish","type":"post","link":"https:\/\/noticiasribeiraopreto.com.br\/index.php\/2024\/01\/10\/quem-e-o-homem-que-invadiu-a-casa-de-shakira-e-alegava-ser-casado-com-a-cantora\/","title":{"rendered":"Quem \u00e9 o homem que invadiu a casa de Shakira e alegava ser casado com a cantora"},"content":{"rendered":"<div class='code-block code-block-1' style='margin: 8px 0 8px auto; text-align: right; display: block; clear: both;'>\n<p><a href=\"https:\/\/wa.link\/vpicfd\"><img data-recalc-dims=\"1\" class=\"wp-image-4922\" style=\"aspect-ratio: 2.0253164556962027; width: 561px; height: auto;\" src=\"https:\/\/i0.wp.com\/ismaelcolosi.com.br\/wp-content\/uploads\/2023\/11\/grupo-de-empregos-whatsapp-e-facebook-ismael-colosi-vagas.jpg?ssl=1\" alt=\"\" \/><\/a><\/p>\n<!-- \/wp:image -->\n<\/div>\n<p> <br \/>\n<\/p>\n<div itemprop=\"text\">\n<p>A segunda feira, 8 de dezembro, foi marcada por momentos de tens\u00e3o para a cantora Shakira. Ela teve sua casa invadida por um homem que foi de taxi at\u00e9 a casa dela\u00a0e foi preso no local.<\/p>\n<p>O homem \u00e9 Daniel John Valtier. Ele tem 56 anos e segundo o jornal The Sun ele j\u00e1 tinha uma ordem de restri\u00e7\u00e3o que mantinha ele longe da cantora. Daniel persegue Shakira n\u00e3o \u00e9 de hoje.<\/p>\n<p>Ele supostamente costumava mandar presentes e vinho para a casa da famosa. No momento da pris\u00e3o ele alegou ser casado com Shakira e ainda disse ter contato cont\u00ednuo com ela.<\/p>\n<p>J\u00e1 preso, em sua audi\u00eancia, o juiz chegou a alertar um estado de preocupa\u00e7\u00e3o com a sa\u00fade mental do homem pelas afirma\u00e7\u00f5es infundadas declaradas por ele perante julgamento mesmo sendo pego em flagrante.<\/p>\n<p><i>\u00a0\u201cN\u00e3o, senhor, ela n\u00e3o \u00e9 sua mulher. Tenho algumas preocupa\u00e7\u00f5es, preocupa\u00e7\u00f5es reais neste momento, porque este homem est\u00e1 delirando\u201d<\/i>.<\/p>\n<p>Daniel tinha um perfil nas redes sociais onde relatava como seria seu relacionamento com Shakira. Para ele, ap\u00f3s o casamento, eles seriam empres\u00e1rios donos de empresas Segundo ele, uma das empresas seria do ramo de transporte rodovi\u00e1rio e tamb\u00e9m outra do setor de fabrica\u00e7\u00e3o de roupas.<\/p>\n<p>Al\u00e9m disso, eles juntos dariam continuidade a carreira na m\u00fasica. Daniel tem uma ficha criminal na pol\u00edcia pelos crimes cometidos anteriormente. Na lista de crimes cont\u00e9m agress\u00e3o, dirigiu embriagado e tamb\u00e9m com drogas.<\/p>\n<\/div>\n<p><br \/>\n<br \/><a href=\"https:\/\/fnmais.com\/quem-homem-que-invadiu-casa-shakira-alegava-ser-casado-com-cantora\/\">Source link <\/a><\/p>\n<!-- CONTENT END 1 -->\n","protected":false},"excerpt":{"rendered":"<p>A segunda feira, 8 de dezembro, foi marcada por momentos de tens\u00e3o para a cantora Shakira. Ela teve sua casa invadida por um homem que&#8230;<\/p>\n","protected":false},"author":1,"featured_media":26601,"comment_status":"open","ping_status":"open","sticky":false,"template":"","format":"standard","meta":{"advanced_seo_description":"","jetpack_seo_html_title":"","jetpack_seo_noindex":false,"jetpack_post_was_ever_published":false,"_jetpack_newsletter_access":"","_jetpack_dont_email_post_to_subs":false,"_jetpack_newsletter_tier_id":0,"_jetpack_memberships_contains_paywalled_content":false,"_jetpack_memberships_contains_paid_content":false,"footnotes":"","jetpack_publicize_message":"","jetpack_publicize_feature_enabled":true,"jetpack_social_post_already_shared":true,"jetpack_social_options":{"image_generator_settings":{"template":"highway","default_image_id":0,"font":"","enabled":false},"version":2}},"categories":[1],"tags":[],"class_list":["post-26600","post","type-post","status-publish","format-standard","has-post-thumbnail","hentry","category-blog"],"jetpack_publicize_connections":[],"jetpack_featured_media_url":"https:\/\/i0.wp.com\/noticiasribeiraopreto.com.br\/wp-content\/uploads\/2024\/01\/postimg-659e9e1e340e05784.jpg?fit=1200%2C628&ssl=1","jetpack-related-posts":[{"id":58638,"url":"https:\/\/noticiasribeiraopreto.com.br\/index.php\/2024\/10\/02\/shakira-no-brasil-relembre-quando-a-cantora-se-apresentou-em-ribeirao-preto\/","url_meta":{"origin":26600,"position":0},"title":"Shakira no Brasil: relembre quando a cantora se apresentou em Ribeir\u00e3o Preto","author":"noticiasribeiraopreto.com.br","date":"2 de October de 2024","format":false,"excerpt":"A cantora Shakira anunciou as datas da turn\u00ea mundial \u2018Las Mujeres Ya No Lloran\u2019 no Brasil, nesta quarta-feira (2). A artista far\u00e1 dois shows no pa\u00eds em fevereiro de 2025, no Rio de Janeiro e em S\u00e3o Paulo, nos dias 11 e 13, respectivamente \u2013 saiba mais abaixo. O an\u00fancio\u2026","rel":"","context":"In &quot;Not\u00edcias de Ribeir\u00e3o Preto-SP e Regi\u00e3o&quot;","block_context":{"text":"Not\u00edcias de Ribeir\u00e3o Preto-SP e Regi\u00e3o","link":"https:\/\/noticiasribeiraopreto.com.br\/index.php\/category\/noticias-de-ribeirao-preto-sp-e-regiao-ismael-colosi\/"},"img":{"alt_text":"","src":"https:\/\/i0.wp.com\/noticiasribeiraopreto.com.br\/wp-content\/uploads\/2024\/10\/WhatsApp-Image-2024-10-02-at-15.14.09_2024-10-02_19-42-01_jpeg_2024-10-02_19-42-01.webp.webp?fit=1200%2C675&ssl=1&resize=350%2C200","width":350,"height":200,"srcset":"https:\/\/i0.wp.com\/noticiasribeiraopreto.com.br\/wp-content\/uploads\/2024\/10\/WhatsApp-Image-2024-10-02-at-15.14.09_2024-10-02_19-42-01_jpeg_2024-10-02_19-42-01.webp.webp?fit=1200%2C675&ssl=1&resize=350%2C200 1x, https:\/\/i0.wp.com\/noticiasribeiraopreto.com.br\/wp-content\/uploads\/2024\/10\/WhatsApp-Image-2024-10-02-at-15.14.09_2024-10-02_19-42-01_jpeg_2024-10-02_19-42-01.webp.webp?fit=1200%2C675&ssl=1&resize=525%2C300 1.5x, https:\/\/i0.wp.com\/noticiasribeiraopreto.com.br\/wp-content\/uploads\/2024\/10\/WhatsApp-Image-2024-10-02-at-15.14.09_2024-10-02_19-42-01_jpeg_2024-10-02_19-42-01.webp.webp?fit=1200%2C675&ssl=1&resize=700%2C400 2x, https:\/\/i0.wp.com\/noticiasribeiraopreto.com.br\/wp-content\/uploads\/2024\/10\/WhatsApp-Image-2024-10-02-at-15.14.09_2024-10-02_19-42-01_jpeg_2024-10-02_19-42-01.webp.webp?fit=1200%2C675&ssl=1&resize=1050%2C600 3x"},"classes":[]},{"id":857,"url":"https:\/\/noticiasribeiraopreto.com.br\/index.php\/2023\/11\/09\/homem-e-preso-por-tentativa-de-feminicidio-em-rp\/","url_meta":{"origin":26600,"position":1},"title":"Homem \u00e9 preso por tentativa de feminic\u00eddio em RP","author":"noticiasribeiraopreto.com.br","date":"9 de November de 2023","format":false,"excerpt":"9 de novembro de 2023 | 12:07 0Foi preso na noite desta quarta- feira (8) um homem por tentativa de feminic\u00eddio em Ribeir\u00e3o Preto. O caso aconteceu no Jardim Cristo Redentor, na zona norte da cidade. Ele tentou matar sua pr\u00f3pria companheira e e explodir a casa da fam\u00edlia.Segundo o\u2026","rel":"","context":"In &quot;Not\u00edcias de Ribeir\u00e3o Preto-SP e Regi\u00e3o&quot;","block_context":{"text":"Not\u00edcias de Ribeir\u00e3o Preto-SP e Regi\u00e3o","link":"https:\/\/noticiasribeiraopreto.com.br\/index.php\/category\/noticias-de-ribeirao-preto-sp-e-regiao-ismael-colosi\/"},"img":{"alt_text":"","src":"https:\/\/i0.wp.com\/noticiasribeiraopreto.com.br\/wp-content\/uploads\/2023\/11\/policia-civil.jpg?fit=968%2C645&ssl=1&resize=350%2C200","width":350,"height":200,"srcset":"https:\/\/i0.wp.com\/noticiasribeiraopreto.com.br\/wp-content\/uploads\/2023\/11\/policia-civil.jpg?fit=968%2C645&ssl=1&resize=350%2C200 1x, https:\/\/i0.wp.com\/noticiasribeiraopreto.com.br\/wp-content\/uploads\/2023\/11\/policia-civil.jpg?fit=968%2C645&ssl=1&resize=525%2C300 1.5x, https:\/\/i0.wp.com\/noticiasribeiraopreto.com.br\/wp-content\/uploads\/2023\/11\/policia-civil.jpg?fit=968%2C645&ssl=1&resize=700%2C400 2x"},"classes":[]},{"id":38492,"url":"https:\/\/noticiasribeiraopreto.com.br\/index.php\/2024\/02\/20\/homem-e-preso-com-pistola-automatica\/","url_meta":{"origin":26600,"position":2},"title":"Homem \u00e9 preso com pistola autom\u00e1tica","author":"noticiasribeiraopreto.com.br","date":"20 de February de 2024","format":false,"excerpt":"Suspeito era investigado por tr\u00e1fico de drogas e arma foi encontrada durante buscas em sua casa 20 de fevereiro de 2024 | 12:11 0Por: Adalberto LuqueUm homem foi preso ap\u00f3s uma arma ser localizada em sua resid\u00eancia, na tarde desta segunda-feira (19). A pris\u00e3o ocorreu na Rua Jo\u00e3o Carlos de\u2026","rel":"","context":"In &quot;Not\u00edcias de Ribeir\u00e3o Preto-SP e Regi\u00e3o&quot;","block_context":{"text":"Not\u00edcias de Ribeir\u00e3o Preto-SP e Regi\u00e3o","link":"https:\/\/noticiasribeiraopreto.com.br\/index.php\/category\/noticias-de-ribeirao-preto-sp-e-regiao-ismael-colosi\/"},"img":{"alt_text":"","src":"https:\/\/i0.wp.com\/noticiasribeiraopreto.com.br\/wp-content\/uploads\/2024\/02\/00-20-fev-2024-pistola-dise-foto-divulgacao.jpg?fit=348%2C316&ssl=1&resize=350%2C200","width":350,"height":200},"classes":[]},{"id":24709,"url":"https:\/\/noticiasribeiraopreto.com.br\/index.php\/2024\/01\/04\/homem-furta-casa-e-ameacado-por-moradores-e-aciona-a-policia-para-si-mesmo\/","url_meta":{"origin":26600,"position":3},"title":"Homem furta casa, \u00e9 amea\u00e7ado por moradores e aciona a pol\u00edcia para si mesmo","author":"noticiasribeiraopreto.com.br","date":"4 de January de 2024","format":false,"excerpt":"Geralmente, quando algu\u00e9m \u00e9 preso ap\u00f3s a pol\u00edcia ser acionada, o comum \u00e9 que a v\u00edtima tenha sido respons\u00e1vel pela liga\u00e7\u00e3o. No entanto, alguns casos acabam sendo exatamente o oposto.Nesta semana, um homem acabou preso depois de ligar para a pol\u00edcia contra si mesmo. A hist\u00f3ria come\u00e7ou quando o homem,\u2026","rel":"","context":"In &quot;Blog&quot;","block_context":{"text":"Blog","link":"https:\/\/noticiasribeiraopreto.com.br\/index.php\/category\/blog\/"},"img":{"alt_text":"","src":"https:\/\/i0.wp.com\/noticiasribeiraopreto.com.br\/wp-content\/uploads\/2024\/01\/postimg-6597662b3270b1685.jpg?fit=1200%2C628&ssl=1&resize=350%2C200","width":350,"height":200,"srcset":"https:\/\/i0.wp.com\/noticiasribeiraopreto.com.br\/wp-content\/uploads\/2024\/01\/postimg-6597662b3270b1685.jpg?fit=1200%2C628&ssl=1&resize=350%2C200 1x, https:\/\/i0.wp.com\/noticiasribeiraopreto.com.br\/wp-content\/uploads\/2024\/01\/postimg-6597662b3270b1685.jpg?fit=1200%2C628&ssl=1&resize=525%2C300 1.5x, https:\/\/i0.wp.com\/noticiasribeiraopreto.com.br\/wp-content\/uploads\/2024\/01\/postimg-6597662b3270b1685.jpg?fit=1200%2C628&ssl=1&resize=700%2C400 2x, https:\/\/i0.wp.com\/noticiasribeiraopreto.com.br\/wp-content\/uploads\/2024\/01\/postimg-6597662b3270b1685.jpg?fit=1200%2C628&ssl=1&resize=1050%2C600 3x"},"classes":[]},{"id":41193,"url":"https:\/\/noticiasribeiraopreto.com.br\/index.php\/2024\/03\/06\/homem-e-preso-na-regiao-apos-ameacar-mulher-com-faca\/","url_meta":{"origin":26600,"position":4},"title":"Homem \u00e9 preso na regi\u00e3o ap\u00f3s amea\u00e7ar mulher com faca","author":"noticiasribeiraopreto.com.br","date":"6 de March de 2024","format":false,"excerpt":"V\u00edtima teria registrado boletim de ocorr\u00eancia horas antes por amea\u00e7a a sua filha 6 de mar\u00e7o de 2024 | 16:34 2Por: Adalberto LuqueUm homem foi preso, na tarde desta ter\u00e7a-feira (05), ap\u00f3s amea\u00e7ar esfaquear uma mulher. O fato ocorreu na cidade de Cravinhos, horas depois que a mulher registrou um\u2026","rel":"","context":"In &quot;Not\u00edcias de Ribeir\u00e3o Preto-SP e Regi\u00e3o&quot;","block_context":{"text":"Not\u00edcias de Ribeir\u00e3o Preto-SP e Regi\u00e3o","link":"https:\/\/noticiasribeiraopreto.com.br\/index.php\/category\/noticias-de-ribeirao-preto-sp-e-regiao-ismael-colosi\/"},"img":{"alt_text":"","src":"https:\/\/i0.wp.com\/noticiasribeiraopreto.com.br\/wp-content\/uploads\/2024\/03\/00-06-fev-2024-maria-da-penha-cravinhos-foto-policia-civil-scaled.jpg?fit=1000%2C563&ssl=1&resize=350%2C200","width":350,"height":200,"srcset":"https:\/\/i0.wp.com\/noticiasribeiraopreto.com.br\/wp-content\/uploads\/2024\/03\/00-06-fev-2024-maria-da-penha-cravinhos-foto-policia-civil-scaled.jpg?fit=1000%2C563&ssl=1&resize=350%2C200 1x, https:\/\/i0.wp.com\/noticiasribeiraopreto.com.br\/wp-content\/uploads\/2024\/03\/00-06-fev-2024-maria-da-penha-cravinhos-foto-policia-civil-scaled.jpg?fit=1000%2C563&ssl=1&resize=525%2C300 1.5x, https:\/\/i0.wp.com\/noticiasribeiraopreto.com.br\/wp-content\/uploads\/2024\/03\/00-06-fev-2024-maria-da-penha-cravinhos-foto-policia-civil-scaled.jpg?fit=1000%2C563&ssl=1&resize=700%2C400 2x"},"classes":[]},{"id":76635,"url":"https:\/\/noticiasribeiraopreto.com.br\/index.php\/2025\/09\/02\/preso-outro-envolvido-na-morte-de-prefeito-da-regiao\/","url_meta":{"origin":26600,"position":5},"title":"Preso outro envolvido na morte de prefeito da regi\u00e3o","author":"noticiasribeiraopreto.com.br","date":"2 de September de 2025","format":false,"excerpt":"Homem negou participa\u00e7\u00e3o, mas impress\u00e3o digital encontrado no carro do ex-prefeito confirma sua presen\u00e7a no crime 2 de setembro de 2025 12:355 Compartilhar0 Por: Adalberto Luque Um homem foi preso, nesta segunda-feira (1\u00ba), suspeito de ter participado da morte do ex-prefeito de Taquaritinga, Vanderlei Jos\u00e9 M\u00e1rsico, ocorrida em 10 de\u2026","rel":"","context":"In &quot;Not\u00edcias de Ribeir\u00e3o Preto-SP e Regi\u00e3o&quot;","block_context":{"text":"Not\u00edcias de Ribeir\u00e3o Preto-SP e Regi\u00e3o","link":"https:\/\/noticiasribeiraopreto.com.br\/index.php\/category\/noticias-de-ribeirao-preto-sp-e-regiao-ismael-colosi\/"},"img":{"alt_text":"","src":"https:\/\/i0.wp.com\/noticiasribeiraopreto.com.br\/wp-content\/uploads\/2025\/09\/marsico4.jpeg?fit=640%2C480&ssl=1&resize=350%2C200","width":350,"height":200,"srcset":"https:\/\/i0.wp.com\/noticiasribeiraopreto.com.br\/wp-content\/uploads\/2025\/09\/marsico4.jpeg?fit=640%2C480&ssl=1&resize=350%2C200 1x, https:\/\/i0.wp.com\/noticiasribeiraopreto.com.br\/wp-content\/uploads\/2025\/09\/marsico4.jpeg?fit=640%2C480&ssl=1&resize=525%2C300 1.5x"},"classes":[]}],"jetpack_sharing_enabled":true,"jetpack_shortlink":"https:\/\/wp.me\/peQAOb-6V2","_links":{"self":[{"href":"https:\/\/noticiasribeiraopreto.com.br\/index.php\/wp-json\/wp\/v2\/posts\/26600","targetHints":{"allow":["GET"]}}],"collection":[{"href":"https:\/\/noticiasribeiraopreto.com.br\/index.php\/wp-json\/wp\/v2\/posts"}],"about":[{"href":"https:\/\/noticiasribeiraopreto.com.br\/index.php\/wp-json\/wp\/v2\/types\/post"}],"author":[{"embeddable":true,"href":"https:\/\/noticiasribeiraopreto.com.br\/index.php\/wp-json\/wp\/v2\/users\/1"}],"replies":[{"embeddable":true,"href":"https:\/\/noticiasribeiraopreto.com.br\/index.php\/wp-json\/wp\/v2\/comments?post=26600"}],"version-history":[{"count":0,"href":"https:\/\/noticiasribeiraopreto.com.br\/index.php\/wp-json\/wp\/v2\/posts\/26600\/revisions"}],"wp:featuredmedia":[{"embeddable":true,"href":"https:\/\/noticiasribeiraopreto.com.br\/index.php\/wp-json\/wp\/v2\/media\/26601"}],"wp:attachment":[{"href":"https:\/\/noticiasribeiraopreto.com.br\/index.php\/wp-json\/wp\/v2\/media?parent=26600"}],"wp:term":[{"taxonomy":"category","embeddable":true,"href":"https:\/\/noticiasribeiraopreto.com.br\/index.php\/wp-json\/wp\/v2\/categories?post=26600"},{"taxonomy":"post_tag","embeddable":true,"href":"https:\/\/noticiasribeiraopreto.com.br\/index.php\/wp-json\/wp\/v2\/tags?post=26600"}],"curies":[{"name":"wp","href":"https:\/\/api.w.org\/{rel}","templated":true}]}}