{"id":26614,"date":"2024-01-10T12:30:51","date_gmt":"2024-01-10T15:30:51","guid":{"rendered":"https:\/\/noticiasribeiraopreto.com.br\/index.php\/2024\/01\/10\/deve-ser-um-casal-pobre-video\/"},"modified":"2024-01-10T12:30:51","modified_gmt":"2024-01-10T15:30:51","slug":"deve-ser-um-casal-pobre-video","status":"publish","type":"post","link":"https:\/\/noticiasribeiraopreto.com.br\/index.php\/2024\/01\/10\/deve-ser-um-casal-pobre-video\/","title":{"rendered":"&#8216;Deve ser um casal pobre&#8217;; v\u00eddeo"},"content":{"rendered":"<div class='code-block code-block-1' style='margin: 8px 0 8px auto; text-align: right; display: block; clear: both;'>\n<p><a href=\"https:\/\/wa.link\/vpicfd\"><img data-recalc-dims=\"1\" class=\"wp-image-4922\" style=\"aspect-ratio: 2.0253164556962027; width: 561px; height: auto;\" src=\"https:\/\/i0.wp.com\/ismaelcolosi.com.br\/wp-content\/uploads\/2023\/11\/grupo-de-empregos-whatsapp-e-facebook-ismael-colosi-vagas.jpg?ssl=1\" alt=\"\" \/><\/a><\/p>\n<!-- \/wp:image -->\n<\/div>\n<p> <br \/>\n<\/p>\n<div itemprop=\"text\">\n<p>De forma recente, o padre que viralizou ap\u00f3s ter dito que um casal pobre estava realizando uma cerim\u00f4nia de casamento ao criticar a decora\u00e7\u00e3o escolhida, gravou um novo v\u00eddeo para se retratar.<\/p>\n<p>O Padre Raimundo Diniz utilizou as redes sociais como meio de retrata\u00e7\u00e3o, expressando publicamente seu pedido de desculpas ao casal de noivos e \u00e0 comunidade que assistiu ao v\u00eddeo da missa. O incidente ocorreu durante a celebra\u00e7\u00e3o de um casamento na Igreja Nossa Senhora de Santana, em Boquim, Sergipe.<\/p>\n<p>O l\u00edder religioso manifestou arrependimento ao afirmar: <em>\u201cPe\u00e7o publicamente aos familiares do noivo e da noiva e \u00e0s pessoas que divulgaram esse v\u00eddeo, pe\u00e7o perd\u00e3o se feri, n\u00e3o fui compreendido, entendido ou se falei palavras que feriram algu\u00e9m. Publicamente, ao bispo e a toda a Diocese pe\u00e7o perd\u00e3o.\u201d<\/em><\/p>\n<p>O padre buscou acrescentar que n\u00e3o tinha a inten\u00e7\u00e3o de discriminar. A situa\u00e7\u00e3o aconteceu ap\u00f3s ele criticar a escolha de tapete pelos noivos. E para se justificar, alegou que sua vida de sacerdote \u00e9 voltada a acolher e defender os pobres.<\/p>\n<p>Com isso, o religioso reconheceu as cr\u00edticas que recebeu nas redes sociais e chamou aten\u00e7\u00e3o por suas palavras. Na ocasi\u00e3o, ele teria dito que o tapete escorregava, pois n\u00e3o seria verdadeiramente um tapete.<\/p>\n<p><em>\u201cA gente percebe que eles s\u00e3o bem simples e que a arruma\u00e7\u00e3o \u00e9 bem simples, n\u00e9? Deve ser um casal pobre.\u201d<\/em>, declarou, enquanto falava diante do assunto. Mais detalhes foram expostos.<\/p>\n<blockquote class=\"twitter-tweet\" data-width=\"550\" data-dnt=\"true\">\n<p lang=\"pt\" dir=\"ltr\">Gente do c\u00e9u.E esse padre que fez a fam\u00edlia e amigos do casal passarem um grande constrangimento na missa. <br \/>O <a href=\"https:\/\/twitter.com\/hashtag\/padre?src=hash&amp;ref_src=twsrc%5Etfw\">#padre<\/a> <a href=\"https:\/\/twitter.com\/hashtag\/Raimundo?src=hash&amp;ref_src=twsrc%5Etfw\">#Raimundo<\/a> Diniz, titular da Par\u00f3quia Nossa Senhora <a href=\"https:\/\/twitter.com\/hashtag\/Santana?src=hash&amp;ref_src=twsrc%5Etfw\">#Santana<\/a>, em Boquim,<br \/>causou pol\u00eamica por chamar o casal de noivo de pobres por causa da ornamenta\u00e7\u00e3o da igreja\u2026 <a href=\"https:\/\/t.co\/3yzXhjb8uE\">pic.twitter.com\/3yzXhjb8uE<\/a><\/p>\n<p>\u2014 Paty_Araujo\ud83d\udc69\ud83c\udffb\u200d\ud83d\udcbb\ud83c\udff3\ufe0f\u200d\ud83c\udf08 (@maroja_paty) <a href=\"https:\/\/twitter.com\/maroja_paty\/status\/1744890936214057349?ref_src=twsrc%5Etfw\">January 10, 2024<\/a><\/p>\n<\/blockquote>\n<p>O pedido de desculpas do padre ocorreu diante das cr\u00edticas recebidas ap\u00f3s o v\u00eddeo se espalhar nas redes sociais.<\/p>\n<\/div>\n<p><script async src=\"\/\/platform.twitter.com\/widgets.js\" charset=\"utf-8\"><\/script><br \/>\n<br \/><br \/>\n<br \/><a href=\"https:\/\/fnmais.com\/padre-se-pronuncia-apos-criticar-escolha-decoracao-casamento-durante-missa-deve-ser-casal-pobre-video\/\">Source link <\/a><\/p>\n<!-- CONTENT END 1 -->\n","protected":false},"excerpt":{"rendered":"<p>De forma recente, o padre que viralizou ap\u00f3s ter dito que um casal pobre estava realizando uma cerim\u00f4nia de casamento ao criticar a decora\u00e7\u00e3o escolhida,&#8230;<\/p>\n","protected":false},"author":1,"featured_media":26615,"comment_status":"open","ping_status":"open","sticky":false,"template":"","format":"standard","meta":{"advanced_seo_description":"","jetpack_seo_html_title":"","jetpack_seo_noindex":false,"jetpack_post_was_ever_published":false,"_jetpack_newsletter_access":"","_jetpack_dont_email_post_to_subs":false,"_jetpack_newsletter_tier_id":0,"_jetpack_memberships_contains_paywalled_content":false,"_jetpack_memberships_contains_paid_content":false,"footnotes":"","jetpack_publicize_message":"","jetpack_publicize_feature_enabled":true,"jetpack_social_post_already_shared":true,"jetpack_social_options":{"image_generator_settings":{"template":"highway","default_image_id":0,"font":"","enabled":false},"version":2}},"categories":[1],"tags":[],"class_list":["post-26614","post","type-post","status-publish","format-standard","has-post-thumbnail","hentry","category-blog"],"jetpack_publicize_connections":[],"jetpack_featured_media_url":"https:\/\/i0.wp.com\/noticiasribeiraopreto.com.br\/wp-content\/uploads\/2024\/01\/postimg-659e9abcab4e67495.jpg?fit=1200%2C628&ssl=1","jetpack-related-posts":[{"id":47384,"url":"https:\/\/noticiasribeiraopreto.com.br\/index.php\/2024\/04\/25\/policia-investiga-empresa-do-interior-de-sp-que-recusou-encomenda-de-casal-homoafetivo\/","url_meta":{"origin":26614,"position":0},"title":"Pol\u00edcia investiga empresa do interior de SP que recusou encomenda de casal homoafetivo","author":"noticiasribeiraopreto.com.br","date":"25 de April de 2024","format":false,"excerpt":"Um casal de homens que est\u00e1 programando a pr\u00f3pria festa de casamento tentou contratar uma empresa para fazer convites e lembran\u00e7as da festa, mas, ao saber que se tratava de um casal homoafetivo, o respons\u00e1vel pela firma informou que n\u00e3o atende esse p\u00fablico e encerrou a negocia\u00e7\u00e3o. O casal registrou\u2026","rel":"","context":"In &quot;Not\u00edcias de Ribeir\u00e3o Preto-SP e Regi\u00e3o&quot;","block_context":{"text":"Not\u00edcias de Ribeir\u00e3o Preto-SP e Regi\u00e3o","link":"https:\/\/noticiasribeiraopreto.com.br\/index.php\/category\/noticias-de-ribeirao-preto-sp-e-regiao-ismael-colosi\/"},"img":{"alt_text":"","src":"https:\/\/i0.wp.com\/noticiasribeiraopreto.com.br\/wp-content\/uploads\/2024\/04\/casal_2024-04-25_14-22-22_jpg.webp.webp?fit=883%2C664&ssl=1&resize=350%2C200","width":350,"height":200,"srcset":"https:\/\/i0.wp.com\/noticiasribeiraopreto.com.br\/wp-content\/uploads\/2024\/04\/casal_2024-04-25_14-22-22_jpg.webp.webp?fit=883%2C664&ssl=1&resize=350%2C200 1x, https:\/\/i0.wp.com\/noticiasribeiraopreto.com.br\/wp-content\/uploads\/2024\/04\/casal_2024-04-25_14-22-22_jpg.webp.webp?fit=883%2C664&ssl=1&resize=525%2C300 1.5x, https:\/\/i0.wp.com\/noticiasribeiraopreto.com.br\/wp-content\/uploads\/2024\/04\/casal_2024-04-25_14-22-22_jpg.webp.webp?fit=883%2C664&ssl=1&resize=700%2C400 2x"},"classes":[]},{"id":28480,"url":"https:\/\/noticiasribeiraopreto.com.br\/index.php\/2024\/01\/15\/sem-final-feliz-quem-e-noiva-que-foi-presa-de-veu-e-grinalda-em-pleno-casamento\/","url_meta":{"origin":26614,"position":1},"title":"Sem final feliz: Quem \u00e9 noiva que foi presa de \u2018v\u00e9u e grinalda\u2019, em pleno casamento","author":"noticiasribeiraopreto.com.br","date":"15 de January de 2024","format":false,"excerpt":"Era para ser um dos dias mais felizes para as fam\u00edlias de um casal de noivos que estavam celebrando as bodas do casal terminou de forma assombrosa.Este casamento que aconteceu no M\u00e9xico pode ser considerado um dos mais desastrosos dos \u00faltimos tempos, em termos de caos e desespero. O evento,\u2026","rel":"","context":"In &quot;Blog&quot;","block_context":{"text":"Blog","link":"https:\/\/noticiasribeiraopreto.com.br\/index.php\/category\/blog\/"},"img":{"alt_text":"","src":"https:\/\/i0.wp.com\/noticiasribeiraopreto.com.br\/wp-content\/uploads\/2024\/01\/postimg-65a5dbe263a901638.jpg?fit=1200%2C628&ssl=1&resize=350%2C200","width":350,"height":200,"srcset":"https:\/\/i0.wp.com\/noticiasribeiraopreto.com.br\/wp-content\/uploads\/2024\/01\/postimg-65a5dbe263a901638.jpg?fit=1200%2C628&ssl=1&resize=350%2C200 1x, https:\/\/i0.wp.com\/noticiasribeiraopreto.com.br\/wp-content\/uploads\/2024\/01\/postimg-65a5dbe263a901638.jpg?fit=1200%2C628&ssl=1&resize=525%2C300 1.5x, https:\/\/i0.wp.com\/noticiasribeiraopreto.com.br\/wp-content\/uploads\/2024\/01\/postimg-65a5dbe263a901638.jpg?fit=1200%2C628&ssl=1&resize=700%2C400 2x, https:\/\/i0.wp.com\/noticiasribeiraopreto.com.br\/wp-content\/uploads\/2024\/01\/postimg-65a5dbe263a901638.jpg?fit=1200%2C628&ssl=1&resize=1050%2C600 3x"},"classes":[]},{"id":17930,"url":"https:\/\/noticiasribeiraopreto.com.br\/index.php\/2023\/12\/19\/cunhada-de-larissa-manoela-faz-declaracao-apos-casamento-me-acabo-de-chorar\/","url_meta":{"origin":26614,"position":2},"title":"Cunhada de Larissa Manoela faz declara\u00e7\u00e3o ap\u00f3s casamento: \u201cMe acabo de chorar\u201d","author":"noticiasribeiraopreto.com.br","date":"19 de December de 2023","format":false,"excerpt":"Al\u00e9m de reafirmarem mais ainda o noivado ap\u00f3s o epis\u00f3dio envolvendo a fam\u00edlia de Larissa Manoela, o casal resolveu trocar as alian\u00e7as em uma cerim\u00f4nia \u2018secreta\u2019.Ningu\u00e9m ficou sabendo quando e como seria o casamento dos dois. Eles surpreenderam o p\u00fablico com fotos registradas do momento, ao aparecerem oficialmente casados.As fotos\u2026","rel":"","context":"In &quot;Blog&quot;","block_context":{"text":"Blog","link":"https:\/\/noticiasribeiraopreto.com.br\/index.php\/category\/blog\/"},"img":{"alt_text":"","src":"https:\/\/i0.wp.com\/noticiasribeiraopreto.com.br\/wp-content\/uploads\/2023\/12\/postimg-6581b37cf2b533632.jpg?fit=1200%2C628&ssl=1&resize=350%2C200","width":350,"height":200,"srcset":"https:\/\/i0.wp.com\/noticiasribeiraopreto.com.br\/wp-content\/uploads\/2023\/12\/postimg-6581b37cf2b533632.jpg?fit=1200%2C628&ssl=1&resize=350%2C200 1x, https:\/\/i0.wp.com\/noticiasribeiraopreto.com.br\/wp-content\/uploads\/2023\/12\/postimg-6581b37cf2b533632.jpg?fit=1200%2C628&ssl=1&resize=525%2C300 1.5x, https:\/\/i0.wp.com\/noticiasribeiraopreto.com.br\/wp-content\/uploads\/2023\/12\/postimg-6581b37cf2b533632.jpg?fit=1200%2C628&ssl=1&resize=700%2C400 2x, https:\/\/i0.wp.com\/noticiasribeiraopreto.com.br\/wp-content\/uploads\/2023\/12\/postimg-6581b37cf2b533632.jpg?fit=1200%2C628&ssl=1&resize=1050%2C600 3x"},"classes":[]},{"id":7096,"url":"https:\/\/noticiasribeiraopreto.com.br\/index.php\/2023\/11\/27\/larissa-manoela-conta-momento-em-que-consulta-os-astros-para-entender-relacionamento\/","url_meta":{"origin":26614,"position":3},"title":"Larissa Manoela conta momento em que consulta os astros para entender relacionamento","author":"noticiasribeiraopreto.com.br","date":"27 de November de 2023","format":false,"excerpt":"Existem v\u00e1rias maneiras de se manter no controle da situa\u00e7\u00e3o. Uma delas, \u00e9 atrav\u00e9s dos astros. Muitas pessoas recorrem a astrologia para conseguir informa\u00e7\u00f5es valiosas sobre sua vida.Larissa Manoela foi uma das que recorreu a astrologia para manter o controle. Mas isso apenas na fic\u00e7\u00e3o. A atriz contou como foi\u2026","rel":"","context":"In &quot;Blog&quot;","block_context":{"text":"Blog","link":"https:\/\/noticiasribeiraopreto.com.br\/index.php\/category\/blog\/"},"img":{"alt_text":"","src":"https:\/\/i0.wp.com\/noticiasribeiraopreto.com.br\/wp-content\/uploads\/2023\/11\/postimg-6564d5b5ed2d43347.jpg?fit=1200%2C628&ssl=1&resize=350%2C200","width":350,"height":200,"srcset":"https:\/\/i0.wp.com\/noticiasribeiraopreto.com.br\/wp-content\/uploads\/2023\/11\/postimg-6564d5b5ed2d43347.jpg?fit=1200%2C628&ssl=1&resize=350%2C200 1x, https:\/\/i0.wp.com\/noticiasribeiraopreto.com.br\/wp-content\/uploads\/2023\/11\/postimg-6564d5b5ed2d43347.jpg?fit=1200%2C628&ssl=1&resize=525%2C300 1.5x, https:\/\/i0.wp.com\/noticiasribeiraopreto.com.br\/wp-content\/uploads\/2023\/11\/postimg-6564d5b5ed2d43347.jpg?fit=1200%2C628&ssl=1&resize=700%2C400 2x, https:\/\/i0.wp.com\/noticiasribeiraopreto.com.br\/wp-content\/uploads\/2023\/11\/postimg-6564d5b5ed2d43347.jpg?fit=1200%2C628&ssl=1&resize=1050%2C600 3x"},"classes":[]},{"id":17190,"url":"https:\/\/noticiasribeiraopreto.com.br\/index.php\/2023\/12\/17\/isis-valverde-e-marcus-buaiz-ficam-noivos-apos-seis-meses-de-namoro\/","url_meta":{"origin":26614,"position":4},"title":"Isis Valverde e Marcus Buaiz ficam noivos ap\u00f3s seis meses de namoro","author":"noticiasribeiraopreto.com.br","date":"17 de December de 2023","format":false,"excerpt":"A atriz Isis Valverde e o empres\u00e1rio Marcus Buaiz est\u00e3o noivos. O casal, que tornou p\u00fablico o namoro no m\u00eas de junho deste ano, celebrou a decis\u00e3o de dar mais um passo em seu relacionamento com uma festa realizada em Angra dos Reis, na Costa Verde do Rio de Janeiro,\u2026","rel":"","context":"In &quot;Blog&quot;","block_context":{"text":"Blog","link":"https:\/\/noticiasribeiraopreto.com.br\/index.php\/category\/blog\/"},"img":{"alt_text":"","src":"https:\/\/i0.wp.com\/noticiasribeiraopreto.com.br\/wp-content\/uploads\/2023\/12\/postimg-657f60a2f38c48505.jpg?fit=1200%2C628&ssl=1&resize=350%2C200","width":350,"height":200,"srcset":"https:\/\/i0.wp.com\/noticiasribeiraopreto.com.br\/wp-content\/uploads\/2023\/12\/postimg-657f60a2f38c48505.jpg?fit=1200%2C628&ssl=1&resize=350%2C200 1x, https:\/\/i0.wp.com\/noticiasribeiraopreto.com.br\/wp-content\/uploads\/2023\/12\/postimg-657f60a2f38c48505.jpg?fit=1200%2C628&ssl=1&resize=525%2C300 1.5x, https:\/\/i0.wp.com\/noticiasribeiraopreto.com.br\/wp-content\/uploads\/2023\/12\/postimg-657f60a2f38c48505.jpg?fit=1200%2C628&ssl=1&resize=700%2C400 2x, https:\/\/i0.wp.com\/noticiasribeiraopreto.com.br\/wp-content\/uploads\/2023\/12\/postimg-657f60a2f38c48505.jpg?fit=1200%2C628&ssl=1&resize=1050%2C600 3x"},"classes":[]},{"id":26054,"url":"https:\/\/noticiasribeiraopreto.com.br\/index.php\/2024\/01\/09\/ex-bbb-gustavo-benedeti-faz-pedido-de-casamento-para-namorada-eu-disse-sim\/","url_meta":{"origin":26614,"position":5},"title":"Ex-BBB Gustavo Benedeti faz pedido de casamento para namorada: &#8216;Eu disse sim&#8217;","author":"noticiasribeiraopreto.com.br","date":"9 de January de 2024","format":false,"excerpt":"Conhecido no pa\u00eds depois de sua participa\u00e7\u00e3o no BBB23, Gustavo Benedeti encantou seus seguidores com um recente an\u00fancio. O rapaz decidiu dar um passo a mais em seu relacionamento amoroso.Gustavo, que tamb\u00e9m ficou conhecido como Cowboy, vive um relacionamento com Ana Paula Heiss. Os dois ficaram noivos ap\u00f3s um pedido\u2026","rel":"","context":"In &quot;Blog&quot;","block_context":{"text":"Blog","link":"https:\/\/noticiasribeiraopreto.com.br\/index.php\/category\/blog\/"},"img":{"alt_text":"","src":"https:\/\/i0.wp.com\/noticiasribeiraopreto.com.br\/wp-content\/uploads\/2024\/01\/postimg-659ccef986cb53366.jpg?fit=1200%2C628&ssl=1&resize=350%2C200","width":350,"height":200,"srcset":"https:\/\/i0.wp.com\/noticiasribeiraopreto.com.br\/wp-content\/uploads\/2024\/01\/postimg-659ccef986cb53366.jpg?fit=1200%2C628&ssl=1&resize=350%2C200 1x, https:\/\/i0.wp.com\/noticiasribeiraopreto.com.br\/wp-content\/uploads\/2024\/01\/postimg-659ccef986cb53366.jpg?fit=1200%2C628&ssl=1&resize=525%2C300 1.5x, https:\/\/i0.wp.com\/noticiasribeiraopreto.com.br\/wp-content\/uploads\/2024\/01\/postimg-659ccef986cb53366.jpg?fit=1200%2C628&ssl=1&resize=700%2C400 2x, https:\/\/i0.wp.com\/noticiasribeiraopreto.com.br\/wp-content\/uploads\/2024\/01\/postimg-659ccef986cb53366.jpg?fit=1200%2C628&ssl=1&resize=1050%2C600 3x"},"classes":[]}],"jetpack_sharing_enabled":true,"jetpack_shortlink":"https:\/\/wp.me\/peQAOb-6Vg","_links":{"self":[{"href":"https:\/\/noticiasribeiraopreto.com.br\/index.php\/wp-json\/wp\/v2\/posts\/26614","targetHints":{"allow":["GET"]}}],"collection":[{"href":"https:\/\/noticiasribeiraopreto.com.br\/index.php\/wp-json\/wp\/v2\/posts"}],"about":[{"href":"https:\/\/noticiasribeiraopreto.com.br\/index.php\/wp-json\/wp\/v2\/types\/post"}],"author":[{"embeddable":true,"href":"https:\/\/noticiasribeiraopreto.com.br\/index.php\/wp-json\/wp\/v2\/users\/1"}],"replies":[{"embeddable":true,"href":"https:\/\/noticiasribeiraopreto.com.br\/index.php\/wp-json\/wp\/v2\/comments?post=26614"}],"version-history":[{"count":0,"href":"https:\/\/noticiasribeiraopreto.com.br\/index.php\/wp-json\/wp\/v2\/posts\/26614\/revisions"}],"wp:featuredmedia":[{"embeddable":true,"href":"https:\/\/noticiasribeiraopreto.com.br\/index.php\/wp-json\/wp\/v2\/media\/26615"}],"wp:attachment":[{"href":"https:\/\/noticiasribeiraopreto.com.br\/index.php\/wp-json\/wp\/v2\/media?parent=26614"}],"wp:term":[{"taxonomy":"category","embeddable":true,"href":"https:\/\/noticiasribeiraopreto.com.br\/index.php\/wp-json\/wp\/v2\/categories?post=26614"},{"taxonomy":"post_tag","embeddable":true,"href":"https:\/\/noticiasribeiraopreto.com.br\/index.php\/wp-json\/wp\/v2\/tags?post=26614"}],"curies":[{"name":"wp","href":"https:\/\/api.w.org\/{rel}","templated":true}]}}