{"id":26632,"date":"2024-01-10T13:11:52","date_gmt":"2024-01-10T16:11:52","guid":{"rendered":"https:\/\/noticiasribeiraopreto.com.br\/index.php\/2024\/01\/10\/policia-esclarece-hipotese-de-sequestro-do-menino-edson-davi-apos-conversar-com-familia-de-estrangeiros\/"},"modified":"2024-01-10T13:11:52","modified_gmt":"2024-01-10T16:11:52","slug":"policia-esclarece-hipotese-de-sequestro-do-menino-edson-davi-apos-conversar-com-familia-de-estrangeiros","status":"publish","type":"post","link":"https:\/\/noticiasribeiraopreto.com.br\/index.php\/2024\/01\/10\/policia-esclarece-hipotese-de-sequestro-do-menino-edson-davi-apos-conversar-com-familia-de-estrangeiros\/","title":{"rendered":"Pol\u00edcia esclarece hip\u00f3tese de sequestro do menino Edson Davi ap\u00f3s conversar com fam\u00edlia de estrangeiros"},"content":{"rendered":"<div class='code-block code-block-1' style='margin: 8px 0 8px auto; text-align: right; display: block; clear: both;'>\n<p><a href=\"https:\/\/wa.link\/vpicfd\"><img data-recalc-dims=\"1\" class=\"wp-image-4922\" style=\"aspect-ratio: 2.0253164556962027; width: 561px; height: auto;\" src=\"https:\/\/i0.wp.com\/ismaelcolosi.com.br\/wp-content\/uploads\/2023\/11\/grupo-de-empregos-whatsapp-e-facebook-ismael-colosi-vagas.jpg?ssl=1\" alt=\"\" \/><\/a><\/p>\n<!-- \/wp:image -->\n<\/div>\n<p> <br \/>\n<\/p>\n<div itemprop=\"text\">\n<p>O desaparecimento do menino Edson Davi continua sendo investigado pela pol\u00edcia. O menino desapareceu na Barra da Tijuca, no Rio de Janeiro, e a pol\u00edcia acredita que a crian\u00e7a pode ter se afogado na praia.<\/p>\n<p>Nesta semana, o delegado a frente do caso conversou com uma fam\u00edlia de estrangeiros vistos com o menino. A fam\u00edlia, natural da Argentina, foi ouvida ap\u00f3s ter sido flagrada por c\u00e2meras interagindo com Edson.<\/p>\n<p>No entanto, a pol\u00edcia descartou que o menino possa ter sido sequestrado pelos argentinos. A fam\u00edlia viaja pelo Brasil e \u00e9 composta pelo pai, m\u00e3e e tr\u00eas filhos. O casal confirmou ter conversado com Edson.<\/p>\n<p>Segundo o homem argentino, seus filhos brincaram com Edson por cerca de 20 minutos. A fam\u00edlia deixou a praia logo depois e seguiu para o hotel onde est\u00e3o hospedados, n\u00e3o tendo visto para onde Edson pode ter ido.<\/p>\n<p>A principal suspeita \u00e9 de que o menino tenha se afogado enquanto brincava no mar. O corpo de bombeiros j\u00e1 realiza buscas em praias de Praias da Barra, Recreio, Guaratiba e Sepetiba, h\u00e1 cinco dias.<\/p>\n<p>Nas buscas, a corpora\u00e7\u00e3o tem usado aeronaves, drones, motos aqu\u00e1ticas e mergulhadores. O menino foi visto pela \u00faltima vez por volta de 15h30, quando lanchou na barraca do pai, que relatou que o filho estava brincando com crian\u00e7as que pareciam estrangeiras.<\/p>\n<p>C\u00e2meras flagraram Edson caminhando sozinho no cal\u00e7ad\u00e3o por entre 15h56 e 15h59. Depois disso, no entanto, ele n\u00e3o foi mais visto. Por volta de 16h30, o pai percebeu que o menino n\u00e3o havia voltado.<\/p>\n<p>\u201c<b>Ele n\u00e3o foi visto por nenhuma das c\u00e2meras subindo para o cal\u00e7ad\u00e3o [al\u00e9m das imagens divulgadas pelo quiosque (\u2026) A maior suspeita da pol\u00edcia no momento \u00e9 de afogamento<\/b>\u201c, relatou a irm\u00e3 do menino, confirmando a tese de afogamento.<\/p>\n<\/div>\n<p><br \/>\n<br \/><a href=\"https:\/\/fnmais.com\/policia-esclarece-hipotese-sequestro-menino-edson-davi-apos-conversar-com-familia-estrangeiros\/\">Source link <\/a><\/p>\n<!-- CONTENT END 1 -->\n","protected":false},"excerpt":{"rendered":"<p>O desaparecimento do menino Edson Davi continua sendo investigado pela pol\u00edcia. O menino desapareceu na Barra da Tijuca, no Rio de Janeiro, e a pol\u00edcia&#8230;<\/p>\n","protected":false},"author":1,"featured_media":26633,"comment_status":"open","ping_status":"open","sticky":false,"template":"","format":"standard","meta":{"advanced_seo_description":"","jetpack_seo_html_title":"","jetpack_seo_noindex":false,"jetpack_post_was_ever_published":false,"_jetpack_newsletter_access":"","_jetpack_dont_email_post_to_subs":false,"_jetpack_newsletter_tier_id":0,"_jetpack_memberships_contains_paywalled_content":false,"_jetpack_memberships_contains_paid_content":false,"footnotes":"","jetpack_publicize_message":"","jetpack_publicize_feature_enabled":true,"jetpack_social_post_already_shared":true,"jetpack_social_options":{"image_generator_settings":{"template":"highway","default_image_id":0,"font":"","enabled":false},"version":2}},"categories":[1],"tags":[],"class_list":["post-26632","post","type-post","status-publish","format-standard","has-post-thumbnail","hentry","category-blog"],"jetpack_publicize_connections":[],"jetpack_featured_media_url":"https:\/\/i0.wp.com\/noticiasribeiraopreto.com.br\/wp-content\/uploads\/2024\/01\/postimg-659ebe1804b8e8938.jpg?fit=1200%2C628&ssl=1","jetpack-related-posts":[{"id":26447,"url":"https:\/\/noticiasribeiraopreto.com.br\/index.php\/2024\/01\/10\/policia-localiza-familia-de-estrangeiros-que-foi-vista-com-o-garoto-em-praia-no-rj\/","url_meta":{"origin":26632,"position":0},"title":"Pol\u00edcia localiza fam\u00edlia de estrangeiros que foi vista com o garoto em praia no RJ","author":"noticiasribeiraopreto.com.br","date":"10 de January de 2024","format":false,"excerpt":"Onde est\u00e1 Edson David? Esta pergunta est\u00e1 ecoando por todo o Brasil que quer saber o paradeiro do garotinho que desapareceu em uma das praias mais movimentadas da cidade do Rio de Janeiro.A Pol\u00edcia Civil do Rio de Janeiro conseguiu encontrar a fam\u00edlia estrangeira que interagiu com o menino Edson\u2026","rel":"","context":"In &quot;Blog&quot;","block_context":{"text":"Blog","link":"https:\/\/noticiasribeiraopreto.com.br\/index.php\/category\/blog\/"},"img":{"alt_text":"","src":"https:\/\/i0.wp.com\/noticiasribeiraopreto.com.br\/wp-content\/uploads\/2024\/01\/postimg-659de616d775e2459.jpg?fit=1200%2C628&ssl=1&resize=350%2C200","width":350,"height":200,"srcset":"https:\/\/i0.wp.com\/noticiasribeiraopreto.com.br\/wp-content\/uploads\/2024\/01\/postimg-659de616d775e2459.jpg?fit=1200%2C628&ssl=1&resize=350%2C200 1x, https:\/\/i0.wp.com\/noticiasribeiraopreto.com.br\/wp-content\/uploads\/2024\/01\/postimg-659de616d775e2459.jpg?fit=1200%2C628&ssl=1&resize=525%2C300 1.5x, https:\/\/i0.wp.com\/noticiasribeiraopreto.com.br\/wp-content\/uploads\/2024\/01\/postimg-659de616d775e2459.jpg?fit=1200%2C628&ssl=1&resize=700%2C400 2x, https:\/\/i0.wp.com\/noticiasribeiraopreto.com.br\/wp-content\/uploads\/2024\/01\/postimg-659de616d775e2459.jpg?fit=1200%2C628&ssl=1&resize=1050%2C600 3x"},"classes":[]},{"id":25134,"url":"https:\/\/noticiasribeiraopreto.com.br\/index.php\/2024\/01\/05\/cameras-flagraram-o-garoto-no-calcadao-da-barra-da-tijuca-antes-de-desaparecer-e-detalhe-chama-atencao\/","url_meta":{"origin":26632,"position":1},"title":"C\u00e2meras flagraram o garoto no cal\u00e7ad\u00e3o da Barra da Tijuca antes de desaparecer e detalhe chama aten\u00e7\u00e3o","author":"noticiasribeiraopreto.com.br","date":"5 de January de 2024","format":false,"excerpt":"Onde est\u00e1 \u00c9dson Davi Silva Almeida, de 6 anos? Esta pergunta n\u00e3o quer se calar. Registros obtidos pela Pol\u00edcia Civil revelam que \u00c9dson, que desapareceu na Barra da Tijuca nesta \u00faltima quinta-feira (4), andando pelo cal\u00e7ad\u00e3o da orla e, posteriormente, em dire\u00e7\u00e3o \u00e0 praia.N\u00e3o h\u00e1 imagens subsequentes que o mostrem\u2026","rel":"","context":"In &quot;Blog&quot;","block_context":{"text":"Blog","link":"https:\/\/noticiasribeiraopreto.com.br\/index.php\/category\/blog\/"},"img":{"alt_text":"","src":"https:\/\/i0.wp.com\/noticiasribeiraopreto.com.br\/wp-content\/uploads\/2024\/01\/postimg-6598b79e9dd6d2200.jpg?fit=1200%2C628&ssl=1&resize=350%2C200","width":350,"height":200,"srcset":"https:\/\/i0.wp.com\/noticiasribeiraopreto.com.br\/wp-content\/uploads\/2024\/01\/postimg-6598b79e9dd6d2200.jpg?fit=1200%2C628&ssl=1&resize=350%2C200 1x, https:\/\/i0.wp.com\/noticiasribeiraopreto.com.br\/wp-content\/uploads\/2024\/01\/postimg-6598b79e9dd6d2200.jpg?fit=1200%2C628&ssl=1&resize=525%2C300 1.5x, https:\/\/i0.wp.com\/noticiasribeiraopreto.com.br\/wp-content\/uploads\/2024\/01\/postimg-6598b79e9dd6d2200.jpg?fit=1200%2C628&ssl=1&resize=700%2C400 2x, https:\/\/i0.wp.com\/noticiasribeiraopreto.com.br\/wp-content\/uploads\/2024\/01\/postimg-6598b79e9dd6d2200.jpg?fit=1200%2C628&ssl=1&resize=1050%2C600 3x"},"classes":[]},{"id":25098,"url":"https:\/\/noticiasribeiraopreto.com.br\/index.php\/2024\/01\/05\/imagens-captam-menino-de-6-anos-pouco-antes-do-desaparecimento\/","url_meta":{"origin":26632,"position":2},"title":"Imagens captam menino de 6 anos pouco antes do desaparecimento","author":"noticiasribeiraopreto.com.br","date":"5 de January de 2024","format":false,"excerpt":"Um caso preocupante e misterioso ocorreu na Barra da Tijuca, Rio de Janeiro, onde \u00c9dson Davi Silva Almeida, um menino de apenas 6 anos, desapareceu enquanto brincava na praia.O incidente aconteceu na tarde desta quinta, dia 4 de janeiro, e desde ent\u00e3o, a fam\u00edlia e as autoridades est\u00e3o em uma\u2026","rel":"","context":"In &quot;Blog&quot;","block_context":{"text":"Blog","link":"https:\/\/noticiasribeiraopreto.com.br\/index.php\/category\/blog\/"},"img":{"alt_text":"","src":"https:\/\/i0.wp.com\/noticiasribeiraopreto.com.br\/wp-content\/uploads\/2024\/01\/postimg-659890911468e3316.jpg?fit=1200%2C628&ssl=1&resize=350%2C200","width":350,"height":200,"srcset":"https:\/\/i0.wp.com\/noticiasribeiraopreto.com.br\/wp-content\/uploads\/2024\/01\/postimg-659890911468e3316.jpg?fit=1200%2C628&ssl=1&resize=350%2C200 1x, https:\/\/i0.wp.com\/noticiasribeiraopreto.com.br\/wp-content\/uploads\/2024\/01\/postimg-659890911468e3316.jpg?fit=1200%2C628&ssl=1&resize=525%2C300 1.5x, https:\/\/i0.wp.com\/noticiasribeiraopreto.com.br\/wp-content\/uploads\/2024\/01\/postimg-659890911468e3316.jpg?fit=1200%2C628&ssl=1&resize=700%2C400 2x, https:\/\/i0.wp.com\/noticiasribeiraopreto.com.br\/wp-content\/uploads\/2024\/01\/postimg-659890911468e3316.jpg?fit=1200%2C628&ssl=1&resize=1050%2C600 3x"},"classes":[]},{"id":24853,"url":"https:\/\/noticiasribeiraopreto.com.br\/index.php\/2024\/01\/05\/onde-esta-edson-davi-menino-de-apenas-6-anos-desapareceu-na-praia-na-barra-policia-investiga-o-caso\/","url_meta":{"origin":26632,"position":3},"title":"Onde est\u00e1 \u00c9dson Davi? Menino de apenas 6 anos desapareceu na praia na Barra; policia investiga o caso","author":"noticiasribeiraopreto.com.br","date":"5 de January de 2024","format":false,"excerpt":"Em um caso que tem perturbado a comunidade da Barra da Tijuca, no Rio de Janeiro, o pequeno \u00c9dson Davi Silva Almeida, de apenas 6 anos, desapareceu misteriosamente.O incidente ocorreu na tarde de quinta, dia 4 de janeiro, enquanto \u00c9dson brincava na areia, pr\u00f3ximo ao Posto 4, sob a supervis\u00e3o\u2026","rel":"","context":"In &quot;Blog&quot;","block_context":{"text":"Blog","link":"https:\/\/noticiasribeiraopreto.com.br\/index.php\/category\/blog\/"},"img":{"alt_text":"","src":"https:\/\/i0.wp.com\/noticiasribeiraopreto.com.br\/wp-content\/uploads\/2024\/01\/postimg-659808f748db14039.jpg?fit=1200%2C628&ssl=1&resize=350%2C200","width":350,"height":200,"srcset":"https:\/\/i0.wp.com\/noticiasribeiraopreto.com.br\/wp-content\/uploads\/2024\/01\/postimg-659808f748db14039.jpg?fit=1200%2C628&ssl=1&resize=350%2C200 1x, https:\/\/i0.wp.com\/noticiasribeiraopreto.com.br\/wp-content\/uploads\/2024\/01\/postimg-659808f748db14039.jpg?fit=1200%2C628&ssl=1&resize=525%2C300 1.5x, https:\/\/i0.wp.com\/noticiasribeiraopreto.com.br\/wp-content\/uploads\/2024\/01\/postimg-659808f748db14039.jpg?fit=1200%2C628&ssl=1&resize=700%2C400 2x, https:\/\/i0.wp.com\/noticiasribeiraopreto.com.br\/wp-content\/uploads\/2024\/01\/postimg-659808f748db14039.jpg?fit=1200%2C628&ssl=1&resize=1050%2C600 3x"},"classes":[]},{"id":26196,"url":"https:\/\/noticiasribeiraopreto.com.br\/index.php\/2024\/01\/09\/misterio-sobre-o-desaparecimento-do-menino-pode-ter-chegado-ao-fim-e-policia-expoe-mais-informacoes\/","url_meta":{"origin":26632,"position":4},"title":"mist\u00e9rio sobre o desaparecimento do menino pode ter chegado ao fim e Pol\u00edcia exp\u00f5e mais informa\u00e7\u00f5es","author":"noticiasribeiraopreto.com.br","date":"9 de January de 2024","format":false,"excerpt":"O menino Pedro Lucas Santos segue desaparecido desde o dia primeiro de novembro de 2023, e agora, as autoridades finalmente trouxeram mais detalhes diante da tr\u00e1gica situa\u00e7\u00e3o.Jos\u00e9 Domingos Silva dos Santos, foi preso nesta \u00faltima segunda-feira, dia 8 de janeiro. Ele \u00e9 o padrasto do menino e a Pol\u00edcia informou\u2026","rel":"","context":"In &quot;Blog&quot;","block_context":{"text":"Blog","link":"https:\/\/noticiasribeiraopreto.com.br\/index.php\/category\/blog\/"},"img":{"alt_text":"","src":"https:\/\/i0.wp.com\/noticiasribeiraopreto.com.br\/wp-content\/uploads\/2024\/01\/postimg-659d702f3bcf96676.jpg?fit=1200%2C628&ssl=1&resize=350%2C200","width":350,"height":200,"srcset":"https:\/\/i0.wp.com\/noticiasribeiraopreto.com.br\/wp-content\/uploads\/2024\/01\/postimg-659d702f3bcf96676.jpg?fit=1200%2C628&ssl=1&resize=350%2C200 1x, https:\/\/i0.wp.com\/noticiasribeiraopreto.com.br\/wp-content\/uploads\/2024\/01\/postimg-659d702f3bcf96676.jpg?fit=1200%2C628&ssl=1&resize=525%2C300 1.5x, https:\/\/i0.wp.com\/noticiasribeiraopreto.com.br\/wp-content\/uploads\/2024\/01\/postimg-659d702f3bcf96676.jpg?fit=1200%2C628&ssl=1&resize=700%2C400 2x, https:\/\/i0.wp.com\/noticiasribeiraopreto.com.br\/wp-content\/uploads\/2024\/01\/postimg-659d702f3bcf96676.jpg?fit=1200%2C628&ssl=1&resize=1050%2C600 3x"},"classes":[]},{"id":67256,"url":"https:\/\/noticiasribeiraopreto.com.br\/index.php\/2025\/04\/11\/menino-de-6-anos-desaparecido-e-encontrado-na-regiao-de-ribeirao-preto\/","url_meta":{"origin":26632,"position":5},"title":"Menino de 6 anos desaparecido \u00e9 encontrado na regi\u00e3o de Ribeir\u00e3o Preto","author":"noticiasribeiraopreto.com.br","date":"11 de April de 2025","format":false,"excerpt":"Um menino de 6 anos, que estava desaparecido deste o fim da manh\u00e3 desta quinta-feira (10), em Jardin\u00f3polis, na regi\u00e3o de Ribeir\u00e3o Preto, foi encontrado nesta sexta-feira (11). Segundo informa\u00e7\u00f5es, a crian\u00e7a estaria dentro do porta-malas do carro da fam\u00edlia, em Jardin\u00f3polis. A m\u00e3e registrou um boletim de ocorr\u00eancia (BO)\u2026","rel":"","context":"In &quot;Not\u00edcias de Ribeir\u00e3o Preto-SP e Regi\u00e3o&quot;","block_context":{"text":"Not\u00edcias de Ribeir\u00e3o Preto-SP e Regi\u00e3o","link":"https:\/\/noticiasribeiraopreto.com.br\/index.php\/category\/noticias-de-ribeirao-preto-sp-e-regiao-ismael-colosi\/"},"img":{"alt_text":"","src":"https:\/\/i0.wp.com\/noticiasribeiraopreto.com.br\/wp-content\/uploads\/2025\/04\/POLICIA_2025-04-11_14-08-31_jpg_2025-04-11_14-08-31.webp.webp?fit=1200%2C757&ssl=1&resize=350%2C200","width":350,"height":200,"srcset":"https:\/\/i0.wp.com\/noticiasribeiraopreto.com.br\/wp-content\/uploads\/2025\/04\/POLICIA_2025-04-11_14-08-31_jpg_2025-04-11_14-08-31.webp.webp?fit=1200%2C757&ssl=1&resize=350%2C200 1x, https:\/\/i0.wp.com\/noticiasribeiraopreto.com.br\/wp-content\/uploads\/2025\/04\/POLICIA_2025-04-11_14-08-31_jpg_2025-04-11_14-08-31.webp.webp?fit=1200%2C757&ssl=1&resize=525%2C300 1.5x, https:\/\/i0.wp.com\/noticiasribeiraopreto.com.br\/wp-content\/uploads\/2025\/04\/POLICIA_2025-04-11_14-08-31_jpg_2025-04-11_14-08-31.webp.webp?fit=1200%2C757&ssl=1&resize=700%2C400 2x, https:\/\/i0.wp.com\/noticiasribeiraopreto.com.br\/wp-content\/uploads\/2025\/04\/POLICIA_2025-04-11_14-08-31_jpg_2025-04-11_14-08-31.webp.webp?fit=1200%2C757&ssl=1&resize=1050%2C600 3x"},"classes":[]}],"jetpack_sharing_enabled":true,"jetpack_shortlink":"https:\/\/wp.me\/peQAOb-6Vy","_links":{"self":[{"href":"https:\/\/noticiasribeiraopreto.com.br\/index.php\/wp-json\/wp\/v2\/posts\/26632","targetHints":{"allow":["GET"]}}],"collection":[{"href":"https:\/\/noticiasribeiraopreto.com.br\/index.php\/wp-json\/wp\/v2\/posts"}],"about":[{"href":"https:\/\/noticiasribeiraopreto.com.br\/index.php\/wp-json\/wp\/v2\/types\/post"}],"author":[{"embeddable":true,"href":"https:\/\/noticiasribeiraopreto.com.br\/index.php\/wp-json\/wp\/v2\/users\/1"}],"replies":[{"embeddable":true,"href":"https:\/\/noticiasribeiraopreto.com.br\/index.php\/wp-json\/wp\/v2\/comments?post=26632"}],"version-history":[{"count":0,"href":"https:\/\/noticiasribeiraopreto.com.br\/index.php\/wp-json\/wp\/v2\/posts\/26632\/revisions"}],"wp:featuredmedia":[{"embeddable":true,"href":"https:\/\/noticiasribeiraopreto.com.br\/index.php\/wp-json\/wp\/v2\/media\/26633"}],"wp:attachment":[{"href":"https:\/\/noticiasribeiraopreto.com.br\/index.php\/wp-json\/wp\/v2\/media?parent=26632"}],"wp:term":[{"taxonomy":"category","embeddable":true,"href":"https:\/\/noticiasribeiraopreto.com.br\/index.php\/wp-json\/wp\/v2\/categories?post=26632"},{"taxonomy":"post_tag","embeddable":true,"href":"https:\/\/noticiasribeiraopreto.com.br\/index.php\/wp-json\/wp\/v2\/tags?post=26632"}],"curies":[{"name":"wp","href":"https:\/\/api.w.org\/{rel}","templated":true}]}}