{"id":26642,"date":"2024-01-10T13:49:11","date_gmt":"2024-01-10T16:49:11","guid":{"rendered":"https:\/\/noticiasribeiraopreto.com.br\/index.php\/2024\/01\/10\/camara-vai-investir-r-490-mil-em-novo-portal\/"},"modified":"2024-01-10T13:49:11","modified_gmt":"2024-01-10T16:49:11","slug":"camara-vai-investir-r-490-mil-em-novo-portal","status":"publish","type":"post","link":"https:\/\/noticiasribeiraopreto.com.br\/index.php\/2024\/01\/10\/camara-vai-investir-r-490-mil-em-novo-portal\/","title":{"rendered":"C\u00e2mara vai investir R$ 490 mil em novo portal\u00a0"},"content":{"rendered":"<div class='code-block code-block-1' style='margin: 8px 0 8px auto; text-align: right; display: block; clear: both;'>\n<p><a href=\"https:\/\/wa.link\/vpicfd\"><img data-recalc-dims=\"1\" class=\"wp-image-4922\" style=\"aspect-ratio: 2.0253164556962027; width: 561px; height: auto;\" src=\"https:\/\/i0.wp.com\/ismaelcolosi.com.br\/wp-content\/uploads\/2023\/11\/grupo-de-empregos-whatsapp-e-facebook-ismael-colosi-vagas.jpg?ssl=1\" alt=\"\" \/><\/a><\/p>\n<!-- \/wp:image -->\n<\/div>\n<p> <br \/>\n<\/p>\n<div id=\"post-369953\">\n<header class=\"entry-header penci-entry-header penci-title-center\">\n<p> <span class=\"entry-meta-item penci-posted-on\"><i class=\"fa fa-clock-o\"\/><time class=\"entry-date published\" datetime=\"2024-01-10T13:30:16-03:00\">10 de janeiro de 2024 | 13:30<\/time><time class=\"updated\" datetime=\"2024-01-10T13:18:06-03:00\">10 de janeiro de 2024 | 13:18<\/time><\/span><\/p>\n<p> <span class=\"penci-social-buttons penci-social-share-footer\"><a href=\"#\" class=\"penci-post-like penci_post-meta_item  single-like-button penci-social-item like\" data-post_id=\"369953\" title=\"Like\" data-like=\"Like\" data-unlike=\"Unlike\"><i class=\"fa fa-thumbs-o-up\"\/><span class=\"penci-share-number\">0<\/span><\/a><i class=\"fa fa-facebook\"\/><a class=\"penci-social-item twitter\" target=\"_blank\" rel=\"noopener\" title=\"\" href=\"https:\/\/twitter.com\/intent\/tweet?text=C\u00e2mara%20vai%20investir%20R$%20490%20mil%20em%20novo%20portal\u00a0%20-%20https:\/\/www.tribunaribeirao.com.br\/site\/camara-vai-investir-r-490-mil-em-novo-portal\/\"><i class=\"fa fa-twitter\"\/><\/a><i class=\"fa fa-whatsapp\"\/><\/span><\/header>\n<div class=\"penci-entry-content entry-content\">\n<p><span class=\"TextRun SCXW123285505 BCX0\" lang=\"PT-BR\" xml:lang=\"PT-BR\" data-contrast=\"auto\"><span class=\"NormalTextRun SCXW123285505 BCX0\">A C\u00e2mara de Ribeir\u00e3o Preto vai investir at\u00e9 R$ R$ 490.173,97 na constru\u00e7\u00e3o, manuten\u00e7\u00e3o, hospedagem e <\/span><span class=\"NormalTextRun SCXW123285505 BCX0\">implementa\u00e7\u00e3o<\/span><span class=\"NormalTextRun SCXW123285505 BCX0\"> de novas tecnologias de seu novo portal na internet. O <\/span><span class=\"NormalTextRun SCXW123285505 BCX0\">e<\/span><span class=\"NormalTextRun SCXW123285505 BCX0\">xtrato de <\/span><span class=\"NormalTextRun SCXW123285505 BCX0\">c<\/span><span class=\"NormalTextRun SCXW123285505 BCX0\">ontrato com a empresa respons\u00e1vel pelo empreendimento foi publicado no Di\u00e1rio Oficial do Munic\u00edpio (DOM) do dia 5 de janeiro. <\/span><\/span><span class=\"LineBreakBlob BlobObject DragDrop SCXW123285505 BCX0\"><span class=\"SCXW123285505 BCX0\">\u00a0<\/span><br class=\"SCXW123285505 BCX0\"\/><\/span><span class=\"LineBreakBlob BlobObject DragDrop SCXW123285505 BCX0\"><span class=\"SCXW123285505 BCX0\">\u00a0<\/span><br class=\"SCXW123285505 BCX0\"\/><\/span><span class=\"TextRun SCXW123285505 BCX0\" lang=\"PT-BR\" xml:lang=\"PT-BR\" data-contrast=\"auto\"><span class=\"NormalTextRun SCXW123285505 BCX0\">A empresa que far\u00e1 o servi\u00e7o ser\u00e1 a Inform\u00e1tica de Munic\u00edpios Associados S\/A, da cidade de Campinas<\/span><span class=\"NormalTextRun SCXW123285505 BCX0\"> (SP)<\/span><span class=\"NormalTextRun SCXW123285505 BCX0\">. Ela j\u00e1 presta servi\u00e7os para C\u00e2maras de outros munic\u00edpios.<\/span> <span class=\"NormalTextRun SCXW123285505 BCX0\">A contrata\u00e7\u00e3o foi feita com dispensa de licita\u00e7\u00e3o, fundamentada <\/span><span class=\"NormalTextRun SCXW123285505 BCX0\">no i<\/span><span class=\"NormalTextRun SCXW123285505 BCX0\">nciso VIII do <\/span><span class=\"NormalTextRun SCXW123285505 BCX0\">a<\/span><span class=\"NormalTextRun SCXW123285505 BCX0\">rtigo 24 da Lei de Licita\u00e7\u00f5es<\/span><span class=\"NormalTextRun SCXW123285505 BCX0\"> (n\u00famero <\/span><span class=\"NormalTextRun SCXW123285505 BCX0\">8.666\/<\/span><span class=\"NormalTextRun SCXW123285505 BCX0\">19<\/span><span class=\"NormalTextRun SCXW123285505 BCX0\">93<\/span><span class=\"NormalTextRun SCXW123285505 BCX0\">)<\/span><span class=\"NormalTextRun SCXW123285505 BCX0\">. <\/span><\/span><span class=\"LineBreakBlob BlobObject DragDrop SCXW123285505 BCX0\"><span class=\"SCXW123285505 BCX0\">\u00a0<\/span><br class=\"SCXW123285505 BCX0\"\/><\/span><span class=\"LineBreakBlob BlobObject DragDrop SCXW123285505 BCX0\"><span class=\"SCXW123285505 BCX0\">\u00a0<\/span><br class=\"SCXW123285505 BCX0\"\/><\/span><span class=\"TextRun SCXW123285505 BCX0\" lang=\"PT-BR\" xml:lang=\"PT-BR\" data-contrast=\"auto\"><span class=\"NormalTextRun SCXW123285505 BCX0\">E<\/span><span class=\"NormalTextRun SCXW123285505 BCX0\">stabelece que servi\u00e7os prestados por \u00f3rg\u00e3o ou entidade que integre a <\/span><span class=\"NormalTextRun SCXW123285505 BCX0\">a<\/span><span class=\"NormalTextRun SCXW123285505 BCX0\">dministra\u00e7\u00e3o <\/span><span class=\"NormalTextRun SCXW123285505 BCX0\">p<\/span><span class=\"NormalTextRun SCXW123285505 BCX0\">\u00fablica, criado para fim espec\u00edfico, em data anterior \u00e0 vig\u00eancia <\/span><span class=\"NormalTextRun SCXW123285505 BCX0\">da <\/span><span class=\"NormalTextRun SCXW123285505 BCX0\">Lei<\/span><span class=\"NormalTextRun SCXW123285505 BCX0\"> de Licita\u00e7\u00f5es<\/span><span class=\"NormalTextRun SCXW123285505 BCX0\">, <\/span><span class=\"NormalTextRun SCXW123285505 BCX0\">podem <\/span><span class=\"NormalTextRun SCXW123285505 BCX0\">ser feit<\/span><span class=\"NormalTextRun SCXW123285505 BCX0\">os<\/span><span class=\"NormalTextRun SCXW123285505 BCX0\"> por essa modalidade<\/span><span class=\"NormalTextRun SCXW123285505 BCX0\"> d<\/span><span class=\"NormalTextRun SCXW123285505 BCX0\">esde que o pre\u00e7o contratado seja compat\u00edvel com o praticado no mercado.<\/span><\/span><span class=\"LineBreakBlob BlobObject DragDrop SCXW123285505 BCX0\"><span class=\"SCXW123285505 BCX0\">\u00a0<\/span><br class=\"SCXW123285505 BCX0\"\/><\/span><span class=\"LineBreakBlob BlobObject DragDrop SCXW123285505 BCX0\"><span class=\"SCXW123285505 BCX0\">\u00a0<\/span><br class=\"SCXW123285505 BCX0\"\/><\/span><span class=\"TextRun SCXW123285505 BCX0\" lang=\"PT-BR\" xml:lang=\"PT-BR\" data-contrast=\"auto\"><span class=\"NormalTextRun SCXW123285505 BCX0\">O novo p<\/span><span class=\"NormalTextRun SCXW123285505 BCX0\">ortal ser\u00e1 criado <\/span><span class=\"NormalTextRun SCXW123285505 BCX0\">devido \u00e0<\/span><span class=\"NormalTextRun SCXW123285505 BCX0\"> liquida\u00e7\u00e3o da Companhia de Desenvolvimento Econ\u00f4mico de Ribeir\u00e3o Preto (<\/span><span class=\"NormalTextRun SpellingErrorV2Themed SCXW123285505 BCX0\">Coderp<\/span><span class=\"NormalTextRun SCXW123285505 BCX0\">), iniciada em 2022. Empresa de economia mista, cujo principal acionista \u00e9 a <\/span><span class=\"NormalTextRun SCXW123285505 BCX0\">p<\/span><span class=\"NormalTextRun SCXW123285505 BCX0\">refeitura<\/span><span class=\"NormalTextRun SCXW123285505 BCX0\">,<\/span><span class=\"NormalTextRun SCXW123285505 BCX0\"> foi criada em 1972 e \u00e9 respons\u00e1vel<\/span><span class=\"NormalTextRun SCXW123285505 BCX0\">,<\/span><span class=\"NormalTextRun SCXW123285505 BCX0\"> entre outras coisas, pelos servi\u00e7os <\/span><span class=\"NormalTextRun SCXW123285505 BCX0\">p\u00fablicos municipais <\/span><span class=\"NormalTextRun SCXW123285505 BCX0\">de internet.<\/span><\/span><span class=\"LineBreakBlob BlobObject DragDrop SCXW123285505 BCX0\"><span class=\"SCXW123285505 BCX0\">\u00a0<\/span><br class=\"SCXW123285505 BCX0\"\/><\/span><span class=\"LineBreakBlob BlobObject DragDrop SCXW123285505 BCX0\"><span class=\"SCXW123285505 BCX0\">\u00a0<\/span><br class=\"SCXW123285505 BCX0\"\/><\/span><span class=\"TextRun SCXW123285505 BCX0\" lang=\"PT-BR\" xml:lang=\"PT-BR\" data-contrast=\"auto\"><span class=\"NormalTextRun SCXW123285505 BCX0\">Com a <\/span><span class=\"NormalTextRun SCXW123285505 BCX0\">i<\/span><span class=\"NormalTextRun SCXW123285505 BCX0\">minente extin\u00e7\u00e3o da <\/span><span class=\"NormalTextRun SpellingErrorV2Themed SCXW123285505 BCX0\">Coderp<\/span><span class=\"NormalTextRun SCXW123285505 BCX0\">, a C\u00e2mara decidiu buscar no mercado uma empresa capaz de criar, operacionalizar e <\/span><span class=\"NormalTextRun SCXW123285505 BCX0\">implem<\/span><span class=\"NormalTextRun SCXW123285505 BCX0\">entar<\/span><span class=\"NormalTextRun SCXW123285505 BCX0\"> novas tecnologias em seu p<\/span><span class=\"NormalTextRun SCXW123285505 BCX0\">ortal, que ser\u00e1 feito a partir do banco de dados e informa\u00e7\u00f5es dispon\u00edveis no atual.<\/span><\/span><span class=\"LineBreakBlob BlobObject DragDrop SCXW123285505 BCX0\"><span class=\"SCXW123285505 BCX0\">\u00a0<\/span><br class=\"SCXW123285505 BCX0\"\/><\/span><span class=\"LineBreakBlob BlobObject DragDrop SCXW123285505 BCX0\"><span class=\"SCXW123285505 BCX0\">\u00a0<\/span><br class=\"SCXW123285505 BCX0\"\/><\/span><span class=\"TextRun SCXW123285505 BCX0\" lang=\"PT-BR\" xml:lang=\"PT-BR\" data-contrast=\"auto\"><span class=\"NormalTextRun SCXW123285505 BCX0\">Do total que ser\u00e1 investido, R$ 241.044,13 ser\u00e1 para o pagamento da confec\u00e7\u00e3o do <\/span><span class=\"NormalTextRun SCXW123285505 BCX0\">p<\/span><span class=\"NormalTextRun SCXW123285505 BCX0\">ortal e R$ 70.859,84 pela hospedagem do site, incluindo servi\u00e7os de manuten\u00e7<\/span><span class=\"NormalTextRun SCXW123285505 BCX0\">\u00e3o <\/span><span class=\"NormalTextRun SCXW123285505 BCX0\">corretiva e suporte t\u00e9cnico. J\u00e1 R$<\/span> <span class=\"NormalTextRun SCXW123285505 BCX0\">178.270,00 ser\u00e3o destinados para o desenvolvimento de novos servi\u00e7os tecnol\u00f3gicos, caso a C\u00e2mara desej<\/span><span class=\"NormalTextRun SCXW123285505 BCX0\">e<\/span><span class=\"NormalTextRun SCXW123285505 BCX0\"> implant\u00e1-las. <\/span><\/span><span class=\"LineBreakBlob BlobObject DragDrop SCXW123285505 BCX0\"><span class=\"SCXW123285505 BCX0\">\u00a0<\/span><br class=\"SCXW123285505 BCX0\"\/><\/span><span class=\"LineBreakBlob BlobObject DragDrop SCXW123285505 BCX0\"><span class=\"SCXW123285505 BCX0\">\u00a0<\/span><br class=\"SCXW123285505 BCX0\"\/><\/span><span class=\"TextRun SCXW123285505 BCX0\" lang=\"PT-BR\" xml:lang=\"PT-BR\" data-contrast=\"auto\"><span class=\"NormalTextRun SCXW123285505 BCX0\">S<\/span><span class=\"NormalTextRun SCXW123285505 BCX0\">er\u00e3o pagos conforme a realiza\u00e7\u00e3o dos servi\u00e7os solicitados. A dura\u00e7\u00e3o do contrato ser\u00e1 de doze meses contados a partir da assinatura do contrato <\/span><span class=\"NormalTextRun SCXW123285505 BCX0\">podendo ser renovado.\u00a0<\/span> <span class=\"NormalTextRun SCXW123285505 BCX0\">Segundo o presidente Isaac Antunes (PL), um dos objetivos ser\u00e1 transformar o site da C\u00e2mara em um portal mais intuitivo e de f\u00e1cil acesso, sobretudo nos links que tratam sobre os gastos. <\/span><\/span><span class=\"LineBreakBlob BlobObject DragDrop SCXW123285505 BCX0\"><span class=\"SCXW123285505 BCX0\">\u00a0<\/span><br class=\"SCXW123285505 BCX0\"\/><\/span><span class=\"LineBreakBlob BlobObject DragDrop SCXW123285505 BCX0\"><span class=\"SCXW123285505 BCX0\">\u00a0<\/span><br class=\"SCXW123285505 BCX0\"\/><\/span><span class=\"TextRun SCXW123285505 BCX0\" lang=\"PT-BR\" xml:lang=\"PT-BR\" data-contrast=\"auto\"><span class=\"NormalTextRun SCXW123285505 BCX0\">Uma das propostas \u00e9 que com apenas dois cliques, o usu\u00e1rio possa acessar todas as informa\u00e7\u00f5es que tratam do dinheiro p\u00fablico utilizado pela C\u00e2mara e pelos vereadores. <\/span><span class=\"NormalTextRun SCXW123285505 BCX0\">O Legislativo <\/span><span class=\"NormalTextRun SCXW123285505 BCX0\">de Ribeir\u00e3o Preto tem atualmente 93 servidores efetivos e 113 comissionados \u2013 dos quais cinco para cada um dos 22 gabinetes. <\/span><\/span><span class=\"LineBreakBlob BlobObject DragDrop SCXW123285505 BCX0\"><span class=\"SCXW123285505 BCX0\">\u00a0<\/span><br class=\"SCXW123285505 BCX0\"\/><\/span><span class=\"LineBreakBlob BlobObject DragDrop SCXW123285505 BCX0\"><span class=\"SCXW123285505 BCX0\">\u00a0<\/span><br class=\"SCXW123285505 BCX0\"\/><\/span><span class=\"TextRun SCXW123285505 BCX0\" lang=\"PT-BR\" xml:lang=\"PT-BR\" data-contrast=\"auto\"><span class=\"NormalTextRun SCXW123285505 BCX0\">De acordo com a Constitui\u00e7\u00e3o Federal, a C\u00e2mara de Vereadores tem direito a receber, todo ano, 4,5% dos recursos financeiros constantes do Or\u00e7amento Municipal por meio de transfer\u00eancias financeiras realizada pelo Executivo na forma de duod\u00e9cimos. Para 2024, o valor seria de R$ 84.000.000 com base em 4,5%, mas essa taxa caiu para 3,50%.<\/span><\/span><span class=\"EOP SCXW123285505 BCX0\" data-ccp-props=\"{&quot;201341983&quot;:0,&quot;335559739&quot;:200,&quot;335559740&quot;:276}\">\u00a0<\/span><\/p>\n<\/div>\n<footer class=\"penci-entry-footer\"\/><\/div>\n<p><script async src=\"\/\/platform.twitter.com\/widgets.js\" charset=\"utf-8\"><\/script><br \/>\n<br \/><br \/>\n<br \/><a href=\"https:\/\/www.tribunaribeirao.com.br\/site\/camara-vai-investir-r-490-mil-em-novo-portal\/\">Source link <\/a><\/p>\n<!-- CONTENT END 1 -->\n","protected":false},"excerpt":{"rendered":"<p>10 de janeiro de 2024 | 13:3010 de janeiro de 2024 | 13:18 0 A C\u00e2mara de Ribeir\u00e3o Preto vai investir at\u00e9 R$ R$ 490.173,97&#8230;<\/p>\n","protected":false},"author":1,"featured_media":26643,"comment_status":"open","ping_status":"open","sticky":false,"template":"","format":"standard","meta":{"advanced_seo_description":"","jetpack_seo_html_title":"","jetpack_seo_noindex":false,"jetpack_post_was_ever_published":false,"_jetpack_newsletter_access":"","_jetpack_dont_email_post_to_subs":false,"_jetpack_newsletter_tier_id":0,"_jetpack_memberships_contains_paywalled_content":false,"_jetpack_memberships_contains_paid_content":false,"footnotes":"","jetpack_publicize_message":"","jetpack_publicize_feature_enabled":true,"jetpack_social_post_already_shared":true,"jetpack_social_options":{"image_generator_settings":{"template":"highway","default_image_id":0,"font":"","enabled":false},"version":2}},"categories":[11],"tags":[154,2546,402,381,3337,529],"class_list":["post-26642","post","type-post","status-publish","format-standard","has-post-thumbnail","hentry","category-noticias-de-ribeirao-preto-sp-e-regiao-ismael-colosi","tag-camara","tag-investir","tag-mil","tag-novo","tag-portal","tag-vai"],"jetpack_publicize_connections":[],"jetpack_featured_media_url":"https:\/\/i0.wp.com\/noticiasribeiraopreto.com.br\/wp-content\/uploads\/2024\/01\/Camara-Reproducao-scaled.jpg?fit=1000%2C540&ssl=1","jetpack-related-posts":[{"id":68429,"url":"https:\/\/noticiasribeiraopreto.com.br\/index.php\/2025\/04\/25\/camara-vai-investir-r-65-milhoes-em-ampla-reforma\/","url_meta":{"origin":26642,"position":0},"title":"C\u00e2mara vai investir R$ 6,5 milh\u00f5es em ampla reforma","author":"noticiasribeiraopreto.com.br","date":"25 de April de 2025","format":false,"excerpt":"A C\u00e2mara Municipal de Ribeir\u00e3o Preto anunciou nesta sexta-feira, 25 de abril, a abertura de licita\u00e7\u00f5es para uma ampla reforma pr\u00e9dio principal do Legislativo municipal, o Pal\u00e1cio Ant\u00f4nio Machado Sant\u2019Anna. Os certames para a reforma do Plen\u00e1rio, do Sal\u00e3o Nobre, da parte el\u00e9trica e do telhado ser\u00e3o publicados no Di\u00e1rio\u2026","rel":"","context":"In &quot;Not\u00edcias de Ribeir\u00e3o Preto-SP e Regi\u00e3o&quot;","block_context":{"text":"Not\u00edcias de Ribeir\u00e3o Preto-SP e Regi\u00e3o","link":"https:\/\/noticiasribeiraopreto.com.br\/index.php\/category\/noticias-de-ribeirao-preto-sp-e-regiao-ismael-colosi\/"},"img":{"alt_text":"","src":"https:\/\/i0.wp.com\/noticiasribeiraopreto.com.br\/wp-content\/uploads\/2025\/04\/CamaraRP-JF-Pimenta-Arquivo-scaled.jpg?fit=800%2C412&ssl=1&resize=350%2C200","width":350,"height":200,"srcset":"https:\/\/i0.wp.com\/noticiasribeiraopreto.com.br\/wp-content\/uploads\/2025\/04\/CamaraRP-JF-Pimenta-Arquivo-scaled.jpg?fit=800%2C412&ssl=1&resize=350%2C200 1x, https:\/\/i0.wp.com\/noticiasribeiraopreto.com.br\/wp-content\/uploads\/2025\/04\/CamaraRP-JF-Pimenta-Arquivo-scaled.jpg?fit=800%2C412&ssl=1&resize=525%2C300 1.5x, https:\/\/i0.wp.com\/noticiasribeiraopreto.com.br\/wp-content\/uploads\/2025\/04\/CamaraRP-JF-Pimenta-Arquivo-scaled.jpg?fit=800%2C412&ssl=1&resize=700%2C400 2x"},"classes":[]},{"id":34860,"url":"https:\/\/noticiasribeiraopreto.com.br\/index.php\/2024\/02\/03\/camara-apresenta-prototipo-de-portal\/","url_meta":{"origin":26642,"position":1},"title":"C\u00e2mara apresenta prot\u00f3tipo de portal\u00a0","author":"noticiasribeiraopreto.com.br","date":"3 de February de 2024","format":false,"excerpt":"3 de fevereiro de 2024 | 17:002 de fevereiro de 2024 | 20:58 0O novo portal da C\u00e2mara Municipal de Ribeir\u00e3o Preto j\u00e1 tem formato. Por meio de um prot\u00f3tipo, a empresa Inform\u00e1tica de Munic\u00edpios Associados (IMA), de Campinas, respons\u00e1vel pela cria\u00e7\u00e3o do site e que j\u00e1 presta servi\u00e7o para\u2026","rel":"","context":"In &quot;Not\u00edcias de Ribeir\u00e3o Preto-SP e Regi\u00e3o&quot;","block_context":{"text":"Not\u00edcias de Ribeir\u00e3o Preto-SP e Regi\u00e3o","link":"https:\/\/noticiasribeiraopreto.com.br\/index.php\/category\/noticias-de-ribeirao-preto-sp-e-regiao-ismael-colosi\/"},"img":{"alt_text":"","src":"https:\/\/i0.wp.com\/noticiasribeiraopreto.com.br\/wp-content\/uploads\/2024\/02\/CamaraRP-Divulgacao-scaled.jpg?fit=374%2C645&ssl=1&resize=350%2C200","width":350,"height":200},"classes":[]},{"id":24243,"url":"https:\/\/noticiasribeiraopreto.com.br\/index.php\/2024\/01\/03\/camara-vai-comprar-88-novas-camas-box-king-queen-e-de-solteiro-para-apartamentos-dos-deputados\/","url_meta":{"origin":26642,"position":2},"title":"C\u00e2mara vai comprar 88 novas camas box king, queen e de solteiro para apartamentos dos deputados\u00a0","author":"noticiasribeiraopreto.com.br","date":"3 de January de 2024","format":false,"excerpt":"3 de janeiro de 2024 | 16:003 de janeiro de 2024 | 9:52 0A C\u00e2mara dos Deputados vai adquirir 88 novas camas estilo \u201cbox\u201d para os apartamentos funcionais dos deputados. Os bens de consumo ser\u00e3o comprados via preg\u00e3o eletr\u00f4nico, publicado na ter\u00e7a-feira da semana passada, dia 26 de dezembro. O\u2026","rel":"","context":"In &quot;Not\u00edcias de Ribeir\u00e3o Preto-SP e Regi\u00e3o&quot;","block_context":{"text":"Not\u00edcias de Ribeir\u00e3o Preto-SP e Regi\u00e3o","link":"https:\/\/noticiasribeiraopreto.com.br\/index.php\/category\/noticias-de-ribeirao-preto-sp-e-regiao-ismael-colosi\/"},"img":{"alt_text":"","src":"https:\/\/i0.wp.com\/noticiasribeiraopreto.com.br\/wp-content\/uploads\/2024\/01\/ddabbfaa-ea29-4598-ae98-747b03a70543.jpg?fit=968%2C645&ssl=1&resize=350%2C200","width":350,"height":200,"srcset":"https:\/\/i0.wp.com\/noticiasribeiraopreto.com.br\/wp-content\/uploads\/2024\/01\/ddabbfaa-ea29-4598-ae98-747b03a70543.jpg?fit=968%2C645&ssl=1&resize=350%2C200 1x, https:\/\/i0.wp.com\/noticiasribeiraopreto.com.br\/wp-content\/uploads\/2024\/01\/ddabbfaa-ea29-4598-ae98-747b03a70543.jpg?fit=968%2C645&ssl=1&resize=525%2C300 1.5x, https:\/\/i0.wp.com\/noticiasribeiraopreto.com.br\/wp-content\/uploads\/2024\/01\/ddabbfaa-ea29-4598-ae98-747b03a70543.jpg?fit=968%2C645&ssl=1&resize=700%2C400 2x"},"classes":[]},{"id":81475,"url":"https:\/\/noticiasribeiraopreto.com.br\/index.php\/2026\/01\/07\/gcm-vai-investir-r-92-mil-na-compra-de-espingardas-calibre-12\/","url_meta":{"origin":26642,"position":3},"title":"GCM vai investir R$ 92 mil na compra de espingardas calibre 12","author":"noticiasribeiraopreto.com.br","date":"7 de January de 2026","format":false,"excerpt":"\r \r \r 7 de janeiro de 2026 08:25 \r Compartilhar0 Aquisi\u00e7\u00e3o prev\u00ea oito armas para patrulhamento rural; edital foi publicado no DOM A Guarda Civil Metropolitana (GCM) de Ribeir\u00e3o Preto vai comprar oito espingardas calibre 12, com capacidade para oito tiros e cano de 19 polegadas, para a corpora\u00e7\u00e3o.\u2026","rel":"","context":"In &quot;Not\u00edcias de Ribeir\u00e3o Preto-SP e Regi\u00e3o&quot;","block_context":{"text":"Not\u00edcias de Ribeir\u00e3o Preto-SP e Regi\u00e3o","link":"https:\/\/noticiasribeiraopreto.com.br\/index.php\/category\/noticias-de-ribeirao-preto-sp-e-regiao-ismael-colosi\/"},"img":{"alt_text":"","src":"https:\/\/i0.wp.com\/noticiasribeiraopreto.com.br\/wp-content\/uploads\/2026\/01\/1-gcm-armas-scaled.jpeg?fit=1170%2C780&ssl=1&resize=350%2C200","width":350,"height":200,"srcset":"https:\/\/i0.wp.com\/noticiasribeiraopreto.com.br\/wp-content\/uploads\/2026\/01\/1-gcm-armas-scaled.jpeg?fit=1170%2C780&ssl=1&resize=350%2C200 1x, https:\/\/i0.wp.com\/noticiasribeiraopreto.com.br\/wp-content\/uploads\/2026\/01\/1-gcm-armas-scaled.jpeg?fit=1170%2C780&ssl=1&resize=525%2C300 1.5x, https:\/\/i0.wp.com\/noticiasribeiraopreto.com.br\/wp-content\/uploads\/2026\/01\/1-gcm-armas-scaled.jpeg?fit=1170%2C780&ssl=1&resize=700%2C400 2x, https:\/\/i0.wp.com\/noticiasribeiraopreto.com.br\/wp-content\/uploads\/2026\/01\/1-gcm-armas-scaled.jpeg?fit=1170%2C780&ssl=1&resize=1050%2C600 3x"},"classes":[]},{"id":40211,"url":"https:\/\/noticiasribeiraopreto.com.br\/index.php\/2024\/03\/01\/rp-vai-investir-r-175-mi-em-pocos\/","url_meta":{"origin":26642,"position":4},"title":"RP vai investir R$ 17,5 mi em po\u00e7os \u00a0","author":"noticiasribeiraopreto.com.br","date":"1 de March de 2024","format":false,"excerpt":"1 de mar\u00e7o de 2024 | 15:301 de mar\u00e7o de 2024 | 9:20 0Projeto da prefeitura de Ribeir\u00e3o Preto enviado \u00e1 C\u00e2mara prev\u00ea aberturara de cr\u00e9dito especial no valor de R$ 17,5 milh\u00f5es para a Secretaria Municipal de \u00c1gua e Esgoto (Saerp) perfurar tr\u00eas novos po\u00e7os artesianos. Os recursos ser\u00e3o\u2026","rel":"","context":"In &quot;Not\u00edcias de Ribeir\u00e3o Preto-SP e Regi\u00e3o&quot;","block_context":{"text":"Not\u00edcias de Ribeir\u00e3o Preto-SP e Regi\u00e3o","link":"https:\/\/noticiasribeiraopreto.com.br\/index.php\/category\/noticias-de-ribeirao-preto-sp-e-regiao-ismael-colosi\/"},"img":{"alt_text":"","src":"https:\/\/i0.wp.com\/noticiasribeiraopreto.com.br\/wp-content\/uploads\/2024\/03\/PocosRP-Detalhe-Fernando-Braga-02-scaled.jpg?fit=735%2C645&ssl=1&resize=350%2C200","width":350,"height":200,"srcset":"https:\/\/i0.wp.com\/noticiasribeiraopreto.com.br\/wp-content\/uploads\/2024\/03\/PocosRP-Detalhe-Fernando-Braga-02-scaled.jpg?fit=735%2C645&ssl=1&resize=350%2C200 1x, https:\/\/i0.wp.com\/noticiasribeiraopreto.com.br\/wp-content\/uploads\/2024\/03\/PocosRP-Detalhe-Fernando-Braga-02-scaled.jpg?fit=735%2C645&ssl=1&resize=525%2C300 1.5x, https:\/\/i0.wp.com\/noticiasribeiraopreto.com.br\/wp-content\/uploads\/2024\/03\/PocosRP-Detalhe-Fernando-Braga-02-scaled.jpg?fit=735%2C645&ssl=1&resize=700%2C400 2x"},"classes":[]},{"id":48522,"url":"https:\/\/noticiasribeiraopreto.com.br\/index.php\/2024\/05\/03\/camara-de-ribeirao-lanca-portal-que-promete-transparencia-em-dois-cliques\/","url_meta":{"origin":26642,"position":5},"title":"C\u00e2mara de Ribeir\u00e3o lan\u00e7a portal que promete transpar\u00eancia em \u2018dois cliques\u2019","author":"noticiasribeiraopreto.com.br","date":"3 de May de 2024","format":false,"excerpt":"A C\u00e2mara Municipal de Ribeir\u00e3o Preto lan\u00e7ou na \u00faltima quinta-feira (2) o novo portal, que promete acesso a todas as informa\u00e7\u00f5es sobre a transpar\u00eancia do Legislativo em at\u00e9 \u201cdois cliques\u201d. A plataforma foi desenvolvida pela a empresa IMA (Inform\u00e1tica de Munic\u00edpios Associados). \u201cO novo portal \u00e9 moderno, de f\u00e1cil acesso\u2026","rel":"","context":"In &quot;Not\u00edcias de Ribeir\u00e3o Preto-SP e Regi\u00e3o&quot;","block_context":{"text":"Not\u00edcias de Ribeir\u00e3o Preto-SP e Regi\u00e3o","link":"https:\/\/noticiasribeiraopreto.com.br\/index.php\/category\/noticias-de-ribeirao-preto-sp-e-regiao-ismael-colosi\/"},"img":{"alt_text":"","src":"https:\/\/i0.wp.com\/noticiasribeiraopreto.com.br\/wp-content\/uploads\/2024\/05\/novo-portal-camara_2024-05-03_16-32-53_jpg_2024-05-03_16-32-53.webp.webp?fit=1112%2C661&ssl=1&resize=350%2C200","width":350,"height":200,"srcset":"https:\/\/i0.wp.com\/noticiasribeiraopreto.com.br\/wp-content\/uploads\/2024\/05\/novo-portal-camara_2024-05-03_16-32-53_jpg_2024-05-03_16-32-53.webp.webp?fit=1112%2C661&ssl=1&resize=350%2C200 1x, https:\/\/i0.wp.com\/noticiasribeiraopreto.com.br\/wp-content\/uploads\/2024\/05\/novo-portal-camara_2024-05-03_16-32-53_jpg_2024-05-03_16-32-53.webp.webp?fit=1112%2C661&ssl=1&resize=525%2C300 1.5x, https:\/\/i0.wp.com\/noticiasribeiraopreto.com.br\/wp-content\/uploads\/2024\/05\/novo-portal-camara_2024-05-03_16-32-53_jpg_2024-05-03_16-32-53.webp.webp?fit=1112%2C661&ssl=1&resize=700%2C400 2x, https:\/\/i0.wp.com\/noticiasribeiraopreto.com.br\/wp-content\/uploads\/2024\/05\/novo-portal-camara_2024-05-03_16-32-53_jpg_2024-05-03_16-32-53.webp.webp?fit=1112%2C661&ssl=1&resize=1050%2C600 3x"},"classes":[]}],"jetpack_sharing_enabled":true,"jetpack_shortlink":"https:\/\/wp.me\/peQAOb-6VI","_links":{"self":[{"href":"https:\/\/noticiasribeiraopreto.com.br\/index.php\/wp-json\/wp\/v2\/posts\/26642","targetHints":{"allow":["GET"]}}],"collection":[{"href":"https:\/\/noticiasribeiraopreto.com.br\/index.php\/wp-json\/wp\/v2\/posts"}],"about":[{"href":"https:\/\/noticiasribeiraopreto.com.br\/index.php\/wp-json\/wp\/v2\/types\/post"}],"author":[{"embeddable":true,"href":"https:\/\/noticiasribeiraopreto.com.br\/index.php\/wp-json\/wp\/v2\/users\/1"}],"replies":[{"embeddable":true,"href":"https:\/\/noticiasribeiraopreto.com.br\/index.php\/wp-json\/wp\/v2\/comments?post=26642"}],"version-history":[{"count":0,"href":"https:\/\/noticiasribeiraopreto.com.br\/index.php\/wp-json\/wp\/v2\/posts\/26642\/revisions"}],"wp:featuredmedia":[{"embeddable":true,"href":"https:\/\/noticiasribeiraopreto.com.br\/index.php\/wp-json\/wp\/v2\/media\/26643"}],"wp:attachment":[{"href":"https:\/\/noticiasribeiraopreto.com.br\/index.php\/wp-json\/wp\/v2\/media?parent=26642"}],"wp:term":[{"taxonomy":"category","embeddable":true,"href":"https:\/\/noticiasribeiraopreto.com.br\/index.php\/wp-json\/wp\/v2\/categories?post=26642"},{"taxonomy":"post_tag","embeddable":true,"href":"https:\/\/noticiasribeiraopreto.com.br\/index.php\/wp-json\/wp\/v2\/tags?post=26642"}],"curies":[{"name":"wp","href":"https:\/\/api.w.org\/{rel}","templated":true}]}}