{"id":26804,"date":"2024-01-10T20:24:25","date_gmt":"2024-01-10T23:24:25","guid":{"rendered":"https:\/\/noticiasribeiraopreto.com.br\/index.php\/2024\/01\/10\/hickmann-comenta-decisao-da-justica-contra-pedidos-de-alexandre-correa-infundados\/"},"modified":"2024-01-10T20:24:25","modified_gmt":"2024-01-10T23:24:25","slug":"hickmann-comenta-decisao-da-justica-contra-pedidos-de-alexandre-correa-infundados","status":"publish","type":"post","link":"https:\/\/noticiasribeiraopreto.com.br\/index.php\/2024\/01\/10\/hickmann-comenta-decisao-da-justica-contra-pedidos-de-alexandre-correa-infundados\/","title":{"rendered":"Hickmann comenta decis\u00e3o da Justi\u00e7a contra pedidos de Alexandre Correa: &#8216;infundados&#8217;"},"content":{"rendered":"<div class='code-block code-block-1' style='margin: 8px 0 8px auto; text-align: right; display: block; clear: both;'>\n<p><a href=\"https:\/\/wa.link\/vpicfd\"><img data-recalc-dims=\"1\" class=\"wp-image-4922\" style=\"aspect-ratio: 2.0253164556962027; width: 561px; height: auto;\" src=\"https:\/\/i0.wp.com\/ismaelcolosi.com.br\/wp-content\/uploads\/2023\/11\/grupo-de-empregos-whatsapp-e-facebook-ismael-colosi-vagas.jpg?ssl=1\" alt=\"\" \/><\/a><\/p>\n<!-- \/wp:image -->\n<\/div>\n<p> <br \/>\n<\/p>\n<div itemprop=\"text\">\n<p>Nesta quarta-feira (10), Ana Hickmann se manifestou atrav\u00e9s de sua defesa. A apresentadora comentou sobre as recente decis\u00e3o da Justi\u00e7a, que recusou as solicita\u00e7\u00f5es feitas por Alexandre Correa.<\/p>\n<p>Correa havia solicitado a aplica\u00e7\u00e3o de multas di\u00e1rias caso houvesse demora na entrega do filho em seus dias, al\u00e9m de ordem de busca e apreens\u00e3o do garoto, nas datas em que deveria passar com o pai.<\/p>\n<p>\u201c<b>O Judici\u00e1rio e o Minist\u00e9rio P\u00fablico rejeitaram, corretamente, todos as solicita\u00e7\u00f5es infundadas de Alexandre Correa, ou seja, foram negados tanto o pedido de busca e apreens\u00e3o do filho, quanto o pagamento de multa di\u00e1ria em caso de descumprimento da ordem de visita\u00e7\u00e3o da crian\u00e7a com o pai\u201d<\/b>, diz nota da defesa.<\/p>\n<p>Os advogados refor\u00e7am que Hickmann tem cumprido todas as decis\u00f5es da Justi\u00e7a em rela\u00e7\u00e3o \u00e0 guarda do filho. Correa tem direito de buscar o menino em dias previamente acertados, mas acusa Hickmann de n\u00e3o cumprir a decis\u00e3o.<\/p>\n<h4>Disputa entre Hickmann e Correa se arrasta h\u00e1 meses<\/h4>\n<p>O casamento entre Ana Hickmann e Alexandre Correa chegou ao fim de forma dram\u00e1tica. Al\u00e9m de ser acusado de viol\u00eancia dom\u00e9stica, Correa tamb\u00e9m \u00e9 acusado de fraude nas contas da apresentadora.<\/p>\n<p>Hickmann prestou queixa-crime tamb\u00e9m contra o empres\u00e1rio, al\u00e9m da den\u00fancia por viol\u00eancia dom\u00e9stica. O processo de separa\u00e7\u00e3o tamb\u00e9m se arrasta na Justi\u00e7a, mas ainda n\u00e3o foi confirmado.<\/p>\n<p>Os dois s\u00e3o pais de um menino, que mora com a m\u00e3e. Correa abriu m\u00e3o da disputa de guarda, mas exige direito a visita\u00e7\u00e3o.<\/p>\n<\/div>\n<p><br \/>\n<br \/><a href=\"https:\/\/fnmais.com\/hickmann-comenta-decisao-justica-contra-pedidos-alexandre-correa-infundados\/\">Source link <\/a><\/p>\n<!-- CONTENT END 1 -->\n","protected":false},"excerpt":{"rendered":"<p>Nesta quarta-feira (10), Ana Hickmann se manifestou atrav\u00e9s de sua defesa. A apresentadora comentou sobre as recente decis\u00e3o da Justi\u00e7a, que recusou as solicita\u00e7\u00f5es feitas&#8230;<\/p>\n","protected":false},"author":1,"featured_media":26805,"comment_status":"open","ping_status":"open","sticky":false,"template":"","format":"standard","meta":{"advanced_seo_description":"","jetpack_seo_html_title":"","jetpack_seo_noindex":false,"jetpack_post_was_ever_published":false,"_jetpack_newsletter_access":"","_jetpack_dont_email_post_to_subs":false,"_jetpack_newsletter_tier_id":0,"_jetpack_memberships_contains_paywalled_content":false,"_jetpack_memberships_contains_paid_content":false,"footnotes":"","jetpack_publicize_message":"","jetpack_publicize_feature_enabled":true,"jetpack_social_post_already_shared":true,"jetpack_social_options":{"image_generator_settings":{"template":"highway","default_image_id":0,"font":"","enabled":false},"version":2}},"categories":[1],"tags":[],"class_list":["post-26804","post","type-post","status-publish","format-standard","has-post-thumbnail","hentry","category-blog"],"jetpack_publicize_connections":[],"jetpack_featured_media_url":"https:\/\/i0.wp.com\/noticiasribeiraopreto.com.br\/wp-content\/uploads\/2024\/01\/postimg-659ed3eb249b52818.jpg?fit=1200%2C628&ssl=1","jetpack-related-posts":[{"id":9967,"url":"https:\/\/noticiasribeiraopreto.com.br\/index.php\/2023\/12\/03\/alexandre-correa-desiste-de-acao-de-divorcio-contra-ana-hickmann-apos-receber-noticia-que-o-emocionou\/","url_meta":{"origin":26804,"position":0},"title":"Alexandre Correa desiste de a\u00e7\u00e3o de div\u00f3rcio contra Ana Hickmann ap\u00f3s receber not\u00edcia que o emocionou","author":"noticiasribeiraopreto.com.br","date":"3 de December de 2023","format":false,"excerpt":"Alexandre Correa decidiu retirar a a\u00e7\u00e3o de div\u00f3rcio que havia movido contra Ana Hickmann. Segundo informa\u00e7\u00f5es, o processo de separa\u00e7\u00e3o do casal prossegue, mas agora sob uma a\u00e7\u00e3o iniciada pela funcion\u00e1ria da Record.O advogado Enio Martins, representante de Alexandre Correa, em entrevista ao Estad\u00e3o, explicou que a desist\u00eancia ocorreu ap\u00f3s\u2026","rel":"","context":"In &quot;Blog&quot;","block_context":{"text":"Blog","link":"https:\/\/noticiasribeiraopreto.com.br\/index.php\/category\/blog\/"},"img":{"alt_text":"","src":"https:\/\/i0.wp.com\/noticiasribeiraopreto.com.br\/wp-content\/uploads\/2023\/12\/postimg-656c8d9fa0fe08046.jpg?fit=1200%2C628&ssl=1&resize=350%2C200","width":350,"height":200,"srcset":"https:\/\/i0.wp.com\/noticiasribeiraopreto.com.br\/wp-content\/uploads\/2023\/12\/postimg-656c8d9fa0fe08046.jpg?fit=1200%2C628&ssl=1&resize=350%2C200 1x, https:\/\/i0.wp.com\/noticiasribeiraopreto.com.br\/wp-content\/uploads\/2023\/12\/postimg-656c8d9fa0fe08046.jpg?fit=1200%2C628&ssl=1&resize=525%2C300 1.5x, https:\/\/i0.wp.com\/noticiasribeiraopreto.com.br\/wp-content\/uploads\/2023\/12\/postimg-656c8d9fa0fe08046.jpg?fit=1200%2C628&ssl=1&resize=700%2C400 2x, https:\/\/i0.wp.com\/noticiasribeiraopreto.com.br\/wp-content\/uploads\/2023\/12\/postimg-656c8d9fa0fe08046.jpg?fit=1200%2C628&ssl=1&resize=1050%2C600 3x"},"classes":[]},{"id":24582,"url":"https:\/\/noticiasribeiraopreto.com.br\/index.php\/2024\/01\/04\/alexandre-correa-faz-grave-acusacao-e-pede-a-prisao-em-flagrante-da-ex-esposa-ana-hickmann\/","url_meta":{"origin":26804,"position":1},"title":"Alexandre Correa faz grave acusa\u00e7\u00e3o e pede a pris\u00e3o em flagrante da ex-esposa Ana Hickmann","author":"noticiasribeiraopreto.com.br","date":"4 de January de 2024","format":false,"excerpt":"Alexandre Correa alegou que Ana Hickmann cometeu aliena\u00e7\u00e3o parental ao desobedecer a uma ordem judicial e impedir que o filho de nove anos passasse as f\u00e9rias com o pai.Os advogados do empres\u00e1rio solicitaram a pris\u00e3o em flagrante da apresentadora. Na manh\u00e3 desta quinta-feira (4), a assessoria de Ana comunicou ao\u2026","rel":"","context":"In &quot;Blog&quot;","block_context":{"text":"Blog","link":"https:\/\/noticiasribeiraopreto.com.br\/index.php\/category\/blog\/"},"img":{"alt_text":"","src":"https:\/\/i0.wp.com\/noticiasribeiraopreto.com.br\/wp-content\/uploads\/2024\/01\/postimg-659708e9c57535149.jpg?fit=1200%2C628&ssl=1&resize=350%2C200","width":350,"height":200,"srcset":"https:\/\/i0.wp.com\/noticiasribeiraopreto.com.br\/wp-content\/uploads\/2024\/01\/postimg-659708e9c57535149.jpg?fit=1200%2C628&ssl=1&resize=350%2C200 1x, https:\/\/i0.wp.com\/noticiasribeiraopreto.com.br\/wp-content\/uploads\/2024\/01\/postimg-659708e9c57535149.jpg?fit=1200%2C628&ssl=1&resize=525%2C300 1.5x, https:\/\/i0.wp.com\/noticiasribeiraopreto.com.br\/wp-content\/uploads\/2024\/01\/postimg-659708e9c57535149.jpg?fit=1200%2C628&ssl=1&resize=700%2C400 2x, https:\/\/i0.wp.com\/noticiasribeiraopreto.com.br\/wp-content\/uploads\/2024\/01\/postimg-659708e9c57535149.jpg?fit=1200%2C628&ssl=1&resize=1050%2C600 3x"},"classes":[]},{"id":24486,"url":"https:\/\/noticiasribeiraopreto.com.br\/index.php\/2024\/01\/04\/defesa-de-ana-hickmann-se-masnifesta-apos-pedido-de-prisao-feito-pelo-ex\/","url_meta":{"origin":26804,"position":2},"title":"Defesa de Ana Hickmann se masnifesta ap\u00f3s pedido de pris\u00e3o feito pelo ex","author":"noticiasribeiraopreto.com.br","date":"4 de January de 2024","format":false,"excerpt":"No final no ano, o empres\u00e1rio havia conseguido na justi\u00e7a dias e hor\u00e1rios estipulados para passar momentos com o filho com a interven\u00e7\u00e3o de seus pais, av\u00f3s do menino, como respons\u00e1veis por buscar e levar o menino at\u00e9 a m\u00e3e.Nesta ter\u00e7a feira, 3 de dezembro, Alexandre legou que o Ana\u2026","rel":"","context":"In &quot;Blog&quot;","block_context":{"text":"Blog","link":"https:\/\/noticiasribeiraopreto.com.br\/index.php\/category\/blog\/"},"img":{"alt_text":"","src":"https:\/\/i0.wp.com\/noticiasribeiraopreto.com.br\/wp-content\/uploads\/2024\/01\/postimg-6596cd9a3539a5440.jpg?fit=1200%2C628&ssl=1&resize=350%2C200","width":350,"height":200,"srcset":"https:\/\/i0.wp.com\/noticiasribeiraopreto.com.br\/wp-content\/uploads\/2024\/01\/postimg-6596cd9a3539a5440.jpg?fit=1200%2C628&ssl=1&resize=350%2C200 1x, https:\/\/i0.wp.com\/noticiasribeiraopreto.com.br\/wp-content\/uploads\/2024\/01\/postimg-6596cd9a3539a5440.jpg?fit=1200%2C628&ssl=1&resize=525%2C300 1.5x, https:\/\/i0.wp.com\/noticiasribeiraopreto.com.br\/wp-content\/uploads\/2024\/01\/postimg-6596cd9a3539a5440.jpg?fit=1200%2C628&ssl=1&resize=700%2C400 2x, https:\/\/i0.wp.com\/noticiasribeiraopreto.com.br\/wp-content\/uploads\/2024\/01\/postimg-6596cd9a3539a5440.jpg?fit=1200%2C628&ssl=1&resize=1050%2C600 3x"},"classes":[]},{"id":8038,"url":"https:\/\/noticiasribeiraopreto.com.br\/index.php\/2023\/11\/29\/ana-hickmann-tem-pedido-negado-pela-justica-apos-pedir-divorcio-pela-maria-da-penha-contra-marido\/","url_meta":{"origin":26804,"position":3},"title":"Ana Hickmann tem pedido negado pela justi\u00e7a ap\u00f3s pedir div\u00f3rcio pela Maria da Penha contra marido","author":"noticiasribeiraopreto.com.br","date":"29 de November de 2023","format":false,"excerpt":"A apresentadora Ana Hickmann tem vivido dias dif\u00edceis nas \u00faltimas semanas. Isso porque a famosa, que tem 42 anos, foi agredida pelo marido, o empres\u00e1rio Alexandre Corr\u00eaa, com quem \u00e9 casada h\u00e1 15 anos.No total, Ana e Alexandre j\u00e1 estavam juntos h\u00e1 25 anos. Os dois s\u00e3o pais do pequeno\u2026","rel":"","context":"In &quot;Blog&quot;","block_context":{"text":"Blog","link":"https:\/\/noticiasribeiraopreto.com.br\/index.php\/category\/blog\/"},"img":{"alt_text":"","src":"https:\/\/i0.wp.com\/noticiasribeiraopreto.com.br\/wp-content\/uploads\/2023\/11\/postimg-6567392438ac57662.jpg?fit=1200%2C628&ssl=1&resize=350%2C200","width":350,"height":200,"srcset":"https:\/\/i0.wp.com\/noticiasribeiraopreto.com.br\/wp-content\/uploads\/2023\/11\/postimg-6567392438ac57662.jpg?fit=1200%2C628&ssl=1&resize=350%2C200 1x, https:\/\/i0.wp.com\/noticiasribeiraopreto.com.br\/wp-content\/uploads\/2023\/11\/postimg-6567392438ac57662.jpg?fit=1200%2C628&ssl=1&resize=525%2C300 1.5x, https:\/\/i0.wp.com\/noticiasribeiraopreto.com.br\/wp-content\/uploads\/2023\/11\/postimg-6567392438ac57662.jpg?fit=1200%2C628&ssl=1&resize=700%2C400 2x, https:\/\/i0.wp.com\/noticiasribeiraopreto.com.br\/wp-content\/uploads\/2023\/11\/postimg-6567392438ac57662.jpg?fit=1200%2C628&ssl=1&resize=1050%2C600 3x"},"classes":[]},{"id":5930,"url":"https:\/\/noticiasribeiraopreto.com.br\/index.php\/2023\/11\/24\/policia-arromba-apartamento-do-marido-de-ana-hickmann-e-motivo-sombrio-vem-a-tona\/","url_meta":{"origin":26804,"position":4},"title":"Policia arromba apartamento do marido de Ana Hickmann e motivo sombrio vem \u00e0 tona","author":"noticiasribeiraopreto.com.br","date":"24 de November de 2023","format":false,"excerpt":"Em mais uma situa\u00e7\u00e3o surpreendente, policiais arrombaram o apartamento de Alexandre Correa, marido da famosa apresentadora Ana Hickmann, no bairro da Pompeia, em S\u00e3o Paulo. A a\u00e7\u00e3o policial, aconteceu nesta sexta, 24 de novembro.Este incidente \u00e9 o mais recente em uma s\u00e9rie de eventos tumultuados para o casal. H\u00e1 cerca\u2026","rel":"","context":"In &quot;Blog&quot;","block_context":{"text":"Blog","link":"https:\/\/noticiasribeiraopreto.com.br\/index.php\/category\/blog\/"},"img":{"alt_text":"","src":"https:\/\/i0.wp.com\/noticiasribeiraopreto.com.br\/wp-content\/uploads\/2023\/11\/postimg-656109f4d70b16281.jpg?fit=1200%2C628&ssl=1&resize=350%2C200","width":350,"height":200,"srcset":"https:\/\/i0.wp.com\/noticiasribeiraopreto.com.br\/wp-content\/uploads\/2023\/11\/postimg-656109f4d70b16281.jpg?fit=1200%2C628&ssl=1&resize=350%2C200 1x, https:\/\/i0.wp.com\/noticiasribeiraopreto.com.br\/wp-content\/uploads\/2023\/11\/postimg-656109f4d70b16281.jpg?fit=1200%2C628&ssl=1&resize=525%2C300 1.5x, https:\/\/i0.wp.com\/noticiasribeiraopreto.com.br\/wp-content\/uploads\/2023\/11\/postimg-656109f4d70b16281.jpg?fit=1200%2C628&ssl=1&resize=700%2C400 2x, https:\/\/i0.wp.com\/noticiasribeiraopreto.com.br\/wp-content\/uploads\/2023\/11\/postimg-656109f4d70b16281.jpg?fit=1200%2C628&ssl=1&resize=1050%2C600 3x"},"classes":[]},{"id":7273,"url":"https:\/\/noticiasribeiraopreto.com.br\/index.php\/2023\/11\/27\/alexandre-alega-estar-sendo-vitima-e-acusa-ana-hickmann-de-perseguicao-obsessiva\/","url_meta":{"origin":26804,"position":5},"title":"Alexandre alega estar sendo v\u00edtima e acusa Ana Hickmann de &#8216;persegui\u00e7\u00e3o obsessiva&#8217;","author":"noticiasribeiraopreto.com.br","date":"27 de November de 2023","format":false,"excerpt":"No \u00faltimo domingo (26\/11), uma reportagem especial sobre o caso Ana Hickmann deu o que falar. Em entrevista, a apresentadora fez fortes revela\u00e7\u00f5es e acusa\u00e7\u00f5es contra o empres\u00e1rio Alexandre Correa.Os dois viveram um relacionamento por cerca de 25 anos, mas o t\u00e9rmino da rela\u00e7\u00e3o tem sido conturbado. Os dois est\u00e3o\u2026","rel":"","context":"In &quot;Blog&quot;","block_context":{"text":"Blog","link":"https:\/\/noticiasribeiraopreto.com.br\/index.php\/category\/blog\/"},"img":{"alt_text":"","src":"https:\/\/i0.wp.com\/noticiasribeiraopreto.com.br\/wp-content\/uploads\/2023\/11\/postimg-65652f87a3a619659.jpg?fit=1200%2C628&ssl=1&resize=350%2C200","width":350,"height":200,"srcset":"https:\/\/i0.wp.com\/noticiasribeiraopreto.com.br\/wp-content\/uploads\/2023\/11\/postimg-65652f87a3a619659.jpg?fit=1200%2C628&ssl=1&resize=350%2C200 1x, https:\/\/i0.wp.com\/noticiasribeiraopreto.com.br\/wp-content\/uploads\/2023\/11\/postimg-65652f87a3a619659.jpg?fit=1200%2C628&ssl=1&resize=525%2C300 1.5x, https:\/\/i0.wp.com\/noticiasribeiraopreto.com.br\/wp-content\/uploads\/2023\/11\/postimg-65652f87a3a619659.jpg?fit=1200%2C628&ssl=1&resize=700%2C400 2x, https:\/\/i0.wp.com\/noticiasribeiraopreto.com.br\/wp-content\/uploads\/2023\/11\/postimg-65652f87a3a619659.jpg?fit=1200%2C628&ssl=1&resize=1050%2C600 3x"},"classes":[]}],"jetpack_sharing_enabled":true,"jetpack_shortlink":"https:\/\/wp.me\/peQAOb-6Yk","_links":{"self":[{"href":"https:\/\/noticiasribeiraopreto.com.br\/index.php\/wp-json\/wp\/v2\/posts\/26804","targetHints":{"allow":["GET"]}}],"collection":[{"href":"https:\/\/noticiasribeiraopreto.com.br\/index.php\/wp-json\/wp\/v2\/posts"}],"about":[{"href":"https:\/\/noticiasribeiraopreto.com.br\/index.php\/wp-json\/wp\/v2\/types\/post"}],"author":[{"embeddable":true,"href":"https:\/\/noticiasribeiraopreto.com.br\/index.php\/wp-json\/wp\/v2\/users\/1"}],"replies":[{"embeddable":true,"href":"https:\/\/noticiasribeiraopreto.com.br\/index.php\/wp-json\/wp\/v2\/comments?post=26804"}],"version-history":[{"count":0,"href":"https:\/\/noticiasribeiraopreto.com.br\/index.php\/wp-json\/wp\/v2\/posts\/26804\/revisions"}],"wp:featuredmedia":[{"embeddable":true,"href":"https:\/\/noticiasribeiraopreto.com.br\/index.php\/wp-json\/wp\/v2\/media\/26805"}],"wp:attachment":[{"href":"https:\/\/noticiasribeiraopreto.com.br\/index.php\/wp-json\/wp\/v2\/media?parent=26804"}],"wp:term":[{"taxonomy":"category","embeddable":true,"href":"https:\/\/noticiasribeiraopreto.com.br\/index.php\/wp-json\/wp\/v2\/categories?post=26804"},{"taxonomy":"post_tag","embeddable":true,"href":"https:\/\/noticiasribeiraopreto.com.br\/index.php\/wp-json\/wp\/v2\/tags?post=26804"}],"curies":[{"name":"wp","href":"https:\/\/api.w.org\/{rel}","templated":true}]}}