{"id":26806,"date":"2024-01-10T20:32:27","date_gmt":"2024-01-10T23:32:27","guid":{"rendered":"https:\/\/noticiasribeiraopreto.com.br\/index.php\/2024\/01\/10\/rp-abre-2-062-novas-vagas-para-19-modalidades-esportivas\/"},"modified":"2024-01-10T20:32:27","modified_gmt":"2024-01-10T23:32:27","slug":"rp-abre-2-062-novas-vagas-para-19-modalidades-esportivas","status":"publish","type":"post","link":"https:\/\/noticiasribeiraopreto.com.br\/index.php\/2024\/01\/10\/rp-abre-2-062-novas-vagas-para-19-modalidades-esportivas\/","title":{"rendered":"RP abre mais de duas mil vagas para 19 modalidades esportivas"},"content":{"rendered":"<div class='code-block code-block-1' style='margin: 8px 0 8px auto; text-align: right; display: block; clear: both;'>\n<p><a href=\"https:\/\/wa.link\/vpicfd\"><img data-recalc-dims=\"1\" class=\"wp-image-4922\" style=\"aspect-ratio: 2.0253164556962027; width: 561px; height: auto;\" src=\"https:\/\/i0.wp.com\/ismaelcolosi.com.br\/wp-content\/uploads\/2023\/11\/grupo-de-empregos-whatsapp-e-facebook-ismael-colosi-vagas.jpg?ssl=1\" alt=\"\" \/><\/a><\/p>\n<!-- \/wp:image -->\n<\/div>\n<p> <br \/>\n<\/p>\n<div>\n<p>A Secretaria de Esportes de Ribeir\u00e3o Preto est\u00e1 abrindo mais de duas mil vagas para atividades esportivas gratuitas em Ribeir\u00e3o Preto e Bonfim Paulista. Ser\u00e3o contempladas 19 modalidades em cinco complexos esportivos. As vagas v\u00e3o atender desde crian\u00e7as a partir de 3 anos, com as atividades de habilidades motoras, at\u00e9 o grupo da melhor idade, com o v\u00f4lei adaptado.<\/p>\n<p>Entre as oportunidades est\u00e3o dispon\u00edveis vagas para gin\u00e1stica art\u00edstica, nata\u00e7\u00e3o, v\u00f4lei, futebol, jud\u00f4, entre outras. As inscri\u00e7\u00f5es foram divididas em quatro datas diferentes, come\u00e7ando com as primeiras modalidades nesta sexta-feira, dia 12.<\/p>\n<p>Quem j\u00e1 estava matriculado em alguma atividade esportiva desde o ano passado n\u00e3o precisa fazer a rematr\u00edcula para a mesma modalidade. A inscri\u00e7\u00e3o nova ser\u00e1 somente para vagas em modalidades diferentes do que a crian\u00e7a j\u00e1 pratica.<\/p>\n<p>\u201cDurante o ano de 2023 a Secretaria de Esportes abriu 5.140 novas vagas. E agora, j\u00e1 no in\u00edcio de 2024, conseguimos disponibilizar mais 2.062 vagas esportivas, totalizando 7.202 novas vagas em um ano. Isso s\u00f3 foi poss\u00edvel com muito empenho e trabalho da nossa equipe e vem para atender uma demanda crescente da nossa cidade\u201d, destacou o Secret\u00e1rio de Esportes Ricardo Aguiar.<\/p>\n<p>Este ano a Secretaria de Esportes, pela primeira vez na hist\u00f3ria de Ribeir\u00e3o Preto, vai oferecer tr\u00eas modalidades in\u00e9ditas na grade esportiva: triatlo, para crian\u00e7as de 8 a 16 anos, habilidades motoras para crian\u00e7as de 3 a 5 anos e o MovimenTEA, para crian\u00e7as de 7 a 17 anos que se enquadram no espectro autista.<\/p>\n<p>\u201cOuvimos a necessidade dos pais de crian\u00e7as pequenas que n\u00e3o tinham anteriormente nenhuma op\u00e7\u00e3o para inserir seus filhos no esporte e tamb\u00e9m os pais com filhos no espectro autista, que sabem a diferen\u00e7a que o esporte faz no desenvolvimento das crian\u00e7as\u201d, ressaltou o Secret\u00e1rio Ricardo Aguiar.<\/p>\n<p>As inscri\u00e7\u00f5es ser\u00e3o feitas de forma presencial nos locais espec\u00edficos de cada modalidade, por ordem de chegada e sempre das 9h \u00e0s 13horas. Para se inscrever o interessado precisa levar um documento com foto e estar acompanhado de um respons\u00e1vel. Se as vagas forem esgotadas \u00e9 poss\u00edvel entrar para a lista de espera. Mais informa\u00e7\u00f5es pelo telefone (16) 3604.9916.<\/p>\n<p>\u00a0<\/p>\n<p><strong><u>Fique atento \u00e0 data e local da sua modalidade de interesse. Cronograma de inscri\u00e7\u00f5es:<\/u><\/strong><br \/><strong>\u2013 Dia 12\/01, das 9h \u00e0s 13h<\/strong><\/p>\n<ul>\n<li>vagas para o complexo esportivo Cava do Bosque \u2013 rua Camilo de Matos, 627, Campos El\u00edseos:<\/li>\n<\/ul>\n<p>Futsal masculino \u2013 de 7 \u00e0 17 anos \u2013 140 vagas<\/p>\n<p>Futsal feminino \u2013 de 7 \u00e0 17 anos \u2013 20 vagas<\/p>\n<p>Karate \u2013 de 7 \u00e0 17 anos \u2013 70 vagas<\/p>\n<p>T\u00eanis de mesa \u2013 de 9 \u00e0 14 anos \u2013 20 vagas<\/p>\n<p>Taekwondo \u2013 de 6 \u00e0 17 anos \u2013 60 vagas<\/p>\n<ul>\n<li>vagas para o complexo esportivo \u201cManoel Freitas C\u00e2mara\u201d \u2013 rua Primo Furquim, 180, Jardim Independ\u00eancia:<\/li>\n<\/ul>\n<p>Futebol masculino \u2013 de 7 \u00e0 17 anos \u2013 420 vagas<\/p>\n<p>\u00a0<\/p>\n<p><strong>\u2013 Dia 19\/01, das 9h \u00e0s 13h<\/strong><\/p>\n<ul>\n<li>vagas para o complexo esportivo Cava do Bosque \u2013 rua Camilo de Matos, 627, Campos El\u00edseos:<\/li>\n<\/ul>\n<p>Gin\u00e1stica art\u00edstica \u2013 de 6 a 8 anos \u2013 60 vagas<\/p>\n<p>Gin\u00e1stica geral \u2013 de 8 \u00e0 15 anos \u2013 60 vagas<\/p>\n<p>V\u00f4lei adaptado \u2013 +50 anos \u2013 80 vagas<\/p>\n<p>V\u00f4lei \u2013 de 9 \u00e0 19 anos \u2013 50 vagas<\/p>\n<p>\u00a0<\/p>\n<ul>\n<li>vagas para o complexo esportivo CEJA Vila Virg\u00ednia \u2013 rua Franco da Rocha, 1110, Vila Virg\u00ednia:<\/li>\n<\/ul>\n<p>MovimenTEA \u2013 de 7 \u00e0 17 anos \u2013 40 vagas<\/p>\n<p>Habilidades motoras \u2013 de 3 \u00e0 5 anos \u2013 60 vagas<\/p>\n<p>\u00a0<\/p>\n<p><strong>\u2013 Dia 26\/01, das 9h \u00e0s 13h<\/strong><\/p>\n<ul>\n<li>vagas para o complexo esportivo Cava do Bosque \u2013 rua Camilo de Matos, 627, Campos El\u00edseos:<\/li>\n<\/ul>\n<p>Triatlo \u2013 de 8 \u00e0 16 anos \u2013 40 vagas<\/p>\n<p>Nata\u00e7\u00e3o \u2013 de 7 \u00e0 17 anos \u2013 102 vagas<\/p>\n<p>Jud\u00f4 \u2013 de 5 \u00e0 17 anos \u2013 240 vagas<\/p>\n<ul>\n<li>vagas para o complexo esportivo CEJA Vila Virg\u00ednia \u2013 rua Franco da Rocha, 1110, Vila Virg\u00ednia:<\/li>\n<\/ul>\n<p>Futsal masculino \u2013 de 7 \u00e0 17 anos \u2013 90 vagas<\/p>\n<p>Jud\u00f4 \u2013 de 5 \u00e0 17 anos \u2013 100 vagas<\/p>\n<ul>\n<li>vagas para o complexo esportivo de Bonfim Paulista \u2013 rua Via do Ros\u00e1rio, 4.700, Vila Faiane\/Bonfim Paulista:<\/li>\n<\/ul>\n<p>Jud\u00f4 \u2013 de 5 \u00e0 17 anos \u2013 40 vagas<\/p>\n<p>Handebol \u2013 de 10 \u00e0 16 anos \u2013 40 vagas<\/p>\n<p>\u2013\u00a0<strong>Dia 02\/02, das 9h \u00e0s 13h<\/strong><\/p>\n<ul>\n<li>vagas para o complexo esportivo Cava do Bosque \u2013 rua Camilo de Matos, 627, Campos El\u00edseos:<\/li>\n<\/ul>\n<p>Basquete em cadeira de rodas \u2013 +13 anos -15 vagas<\/p>\n<p>Paratletismo \u2013 +13 anos \u2013 15 vagas<\/p>\n<p>Handebol \u2013 de 10 \u00e0 16 anos \u2013 30 vagas<\/p>\n<p>Basquete \u2013 de 6 \u00e0 20 anos \u2013 150 vagas<\/p>\n<p>Atletismo \u2013 de 7 \u00e0 17 anos \u2013 60 vagas<\/p>\n<ul>\n<li>vagas para o complexo esportivo do Dutra \u2013 rua Hercolina Verri, Alonso, 600, Presidente Dutra:<\/li>\n<\/ul>\n<p>Futebol masculino \u2013 de 7 \u00e0 17 anos \u2013 40 vagas<\/p>\n<p>Futebol feminino \u2013 de 7 \u00e0 17 anos \u2013 20 vagas<\/p>\n<\/div>\n<p><br \/>\n<br \/><a href=\"https:\/\/www.tribunaribeirao.com.br\/site\/rp-abre-2-062-novas-vagas-para-19-modalidades-esportivas\/\">Source link <\/a><\/p>\n<!-- CONTENT END 1 -->\n","protected":false},"excerpt":{"rendered":"<p>A Secretaria de Esportes de Ribeir\u00e3o Preto est\u00e1 abrindo mais de duas mil vagas para atividades esportivas gratuitas em Ribeir\u00e3o Preto e Bonfim Paulista. Ser\u00e3o&#8230;<\/p>\n","protected":false},"author":1,"featured_media":26807,"comment_status":"open","ping_status":"open","sticky":false,"template":"","format":"standard","meta":{"advanced_seo_description":"","jetpack_seo_html_title":"","jetpack_seo_noindex":false,"jetpack_post_was_ever_published":false,"_jetpack_newsletter_access":"","_jetpack_dont_email_post_to_subs":false,"_jetpack_newsletter_tier_id":0,"_jetpack_memberships_contains_paywalled_content":false,"_jetpack_memberships_contains_paid_content":false,"footnotes":"","jetpack_publicize_message":"","jetpack_publicize_feature_enabled":true,"jetpack_social_post_already_shared":true,"jetpack_social_options":{"image_generator_settings":{"template":"highway","default_image_id":0,"font":"","enabled":false},"version":2}},"categories":[11],"tags":[210,1662,2875,276,402,3351,71,143],"class_list":["post-26806","post","type-post","status-publish","format-standard","has-post-thumbnail","hentry","category-noticias-de-ribeirao-preto-sp-e-regiao-ismael-colosi","tag-abre","tag-duas","tag-esportivas","tag-mais","tag-mil","tag-modalidades","tag-para","tag-vagas"],"jetpack_publicize_connections":[],"jetpack_featured_media_url":"https:\/\/i0.wp.com\/noticiasribeiraopreto.com.br\/wp-content\/uploads\/2024\/01\/vagas_esporte_foto_fernando_gonzaga-scaled.jpeg?fit=920%2C645&ssl=1","jetpack-related-posts":[{"id":26783,"url":"https:\/\/noticiasribeiraopreto.com.br\/index.php\/2024\/01\/10\/ribeirao-oferece-mais-de-duas-mil-vagas-para-atividades-esportivas-gratuitas-veja-como-se-inscrever\/","url_meta":{"origin":26806,"position":0},"title":"Ribeir\u00e3o oferece mais de duas mil vagas para atividades esportivas gratuitas; Veja como se inscrever","author":"noticiasribeiraopreto.com.br","date":"10 de January de 2024","format":false,"excerpt":"A Secretaria de Esportes de Ribeir\u00e3o Preto divulgou, nesta quarta-feira (10), mais de duas mil vagas para atividades esportivas gratuitas na cidade e no distrito de Bonfim Paulista. De acordo com a pasta, os interessados podem escolher entre 19 modalidades em cinco complexos esportivos. As vagas v\u00e3o atender desde crian\u00e7as,\u2026","rel":"","context":"In &quot;Not\u00edcias de Ribeir\u00e3o Preto-SP e Regi\u00e3o&quot;","block_context":{"text":"Not\u00edcias de Ribeir\u00e3o Preto-SP e Regi\u00e3o","link":"https:\/\/noticiasribeiraopreto.com.br\/index.php\/category\/noticias-de-ribeirao-preto-sp-e-regiao-ismael-colosi\/"},"img":{"alt_text":"","src":"https:\/\/i0.wp.com\/noticiasribeiraopreto.com.br\/wp-content\/uploads\/2024\/01\/vagas_esporte_foto_fernando_gonzaga.jpeg?fit=1200%2C841&ssl=1&resize=350%2C200","width":350,"height":200,"srcset":"https:\/\/i0.wp.com\/noticiasribeiraopreto.com.br\/wp-content\/uploads\/2024\/01\/vagas_esporte_foto_fernando_gonzaga.jpeg?fit=1200%2C841&ssl=1&resize=350%2C200 1x, https:\/\/i0.wp.com\/noticiasribeiraopreto.com.br\/wp-content\/uploads\/2024\/01\/vagas_esporte_foto_fernando_gonzaga.jpeg?fit=1200%2C841&ssl=1&resize=525%2C300 1.5x, https:\/\/i0.wp.com\/noticiasribeiraopreto.com.br\/wp-content\/uploads\/2024\/01\/vagas_esporte_foto_fernando_gonzaga.jpeg?fit=1200%2C841&ssl=1&resize=700%2C400 2x, https:\/\/i0.wp.com\/noticiasribeiraopreto.com.br\/wp-content\/uploads\/2024\/01\/vagas_esporte_foto_fernando_gonzaga.jpeg?fit=1200%2C841&ssl=1&resize=1050%2C600 3x"},"classes":[]},{"id":44579,"url":"https:\/\/noticiasribeiraopreto.com.br\/index.php\/2024\/03\/28\/rp-abre-mais-400-vagas-para-seis-modalidades-esportivas\/","url_meta":{"origin":26806,"position":1},"title":"RP abre mais 400 vagas para seis modalidades esportivas","author":"noticiasribeiraopreto.com.br","date":"28 de March de 2024","format":false,"excerpt":"28 de mar\u00e7o de 2024 | 16:0028 de mar\u00e7o de 2024 | 12:21 0 A Secretaria de Esportes vai disponibilizar mais 400 vagas esportivas para a pr\u00f3xima semana, de 01 a 4 de abril. Ser\u00e3o abertas novas turmas de v\u00f4lei, handebol, atletismo, futsal, karate e jud\u00f4. As inscri\u00e7\u00f5es e realiza\u00e7\u00e3o\u2026","rel":"","context":"In &quot;Not\u00edcias de Ribeir\u00e3o Preto-SP e Regi\u00e3o&quot;","block_context":{"text":"Not\u00edcias de Ribeir\u00e3o Preto-SP e Regi\u00e3o","link":"https:\/\/noticiasribeiraopreto.com.br\/index.php\/category\/noticias-de-ribeirao-preto-sp-e-regiao-ismael-colosi\/"},"img":{"alt_text":"","src":"https:\/\/i0.wp.com\/noticiasribeiraopreto.com.br\/wp-content\/uploads\/2024\/03\/123748-6-curiosidades-sobre-o-volei-que-voce-precisa-conhecer.jpg?fit=750%2C500&ssl=1&resize=350%2C200","width":350,"height":200,"srcset":"https:\/\/i0.wp.com\/noticiasribeiraopreto.com.br\/wp-content\/uploads\/2024\/03\/123748-6-curiosidades-sobre-o-volei-que-voce-precisa-conhecer.jpg?fit=750%2C500&ssl=1&resize=350%2C200 1x, https:\/\/i0.wp.com\/noticiasribeiraopreto.com.br\/wp-content\/uploads\/2024\/03\/123748-6-curiosidades-sobre-o-volei-que-voce-precisa-conhecer.jpg?fit=750%2C500&ssl=1&resize=525%2C300 1.5x, https:\/\/i0.wp.com\/noticiasribeiraopreto.com.br\/wp-content\/uploads\/2024\/03\/123748-6-curiosidades-sobre-o-volei-que-voce-precisa-conhecer.jpg?fit=750%2C500&ssl=1&resize=700%2C400 2x"},"classes":[]},{"id":44540,"url":"https:\/\/noticiasribeiraopreto.com.br\/index.php\/2024\/03\/28\/ribeirao-preto-abre-inscricoes-para-mais-de-400-vagas-esportivas-veja-como-participar\/","url_meta":{"origin":26806,"position":2},"title":"Ribeir\u00e3o Preto abre inscri\u00e7\u00f5es para mais de 400 vagas esportivas; Veja como participar","author":"noticiasribeiraopreto.com.br","date":"28 de March de 2024","format":false,"excerpt":"A Secretaria Municipal de Esportes oferecer\u00e1 mais de 400 vagas esportivas gratuitas, em seis modalidades, para crian\u00e7as e adolescentes da zona Norte de Ribeir\u00e3o Preto. Os interessados em participar das turmas de v\u00f4lei, handebol, atletismo, futsal, karat\u00ea e jud\u00f4 devem se inscrever do dia 1\u00ba ao dia 4 de abril\u2026","rel":"","context":"In &quot;Not\u00edcias de Ribeir\u00e3o Preto-SP e Regi\u00e3o&quot;","block_context":{"text":"Not\u00edcias de Ribeir\u00e3o Preto-SP e Regi\u00e3o","link":"https:\/\/noticiasribeiraopreto.com.br\/index.php\/category\/noticias-de-ribeirao-preto-sp-e-regiao-ismael-colosi\/"},"img":{"alt_text":"","src":"https:\/\/i0.wp.com\/noticiasribeiraopreto.com.br\/wp-content\/uploads\/2024\/03\/Copia-de-Copia-de-TAMANHO-EXATO-PARA-FOTOS-NO-SISTEMA-NOVO-3-1.jpg?fit=1200%2C675&ssl=1&resize=350%2C200","width":350,"height":200,"srcset":"https:\/\/i0.wp.com\/noticiasribeiraopreto.com.br\/wp-content\/uploads\/2024\/03\/Copia-de-Copia-de-TAMANHO-EXATO-PARA-FOTOS-NO-SISTEMA-NOVO-3-1.jpg?fit=1200%2C675&ssl=1&resize=350%2C200 1x, https:\/\/i0.wp.com\/noticiasribeiraopreto.com.br\/wp-content\/uploads\/2024\/03\/Copia-de-Copia-de-TAMANHO-EXATO-PARA-FOTOS-NO-SISTEMA-NOVO-3-1.jpg?fit=1200%2C675&ssl=1&resize=525%2C300 1.5x, https:\/\/i0.wp.com\/noticiasribeiraopreto.com.br\/wp-content\/uploads\/2024\/03\/Copia-de-Copia-de-TAMANHO-EXATO-PARA-FOTOS-NO-SISTEMA-NOVO-3-1.jpg?fit=1200%2C675&ssl=1&resize=700%2C400 2x, https:\/\/i0.wp.com\/noticiasribeiraopreto.com.br\/wp-content\/uploads\/2024\/03\/Copia-de-Copia-de-TAMANHO-EXATO-PARA-FOTOS-NO-SISTEMA-NOVO-3-1.jpg?fit=1200%2C675&ssl=1&resize=1050%2C600 3x"},"classes":[]},{"id":63044,"url":"https:\/\/noticiasribeiraopreto.com.br\/index.php\/2025\/01\/31\/ribeirao-preto-oferece-mais-de-2-mil-vagas-gratuitas-em-atividades-esportivas\/","url_meta":{"origin":26806,"position":3},"title":"Ribeir\u00e3o Preto oferece mais de 2 mil vagas gratuitas em atividades esportivas","author":"noticiasribeiraopreto.com.br","date":"31 de January de 2025","format":false,"excerpt":"A Secretaria Municipal de Esportes de Ribeir\u00e3o Preto est\u00e1 com inscri\u00e7\u00f5es abertas para mais de 2 mil vagas gratuitas em diversas atividades esportivas, voltadas para crian\u00e7as, adolescentes e idosos. As vagas est\u00e3o distribu\u00eddas em mais de 20 modalidades. Como participar? As inscri\u00e7\u00f5es v\u00e3o acontecer de forma presencial nos dias 5,\u2026","rel":"","context":"In &quot;Not\u00edcias de Ribeir\u00e3o Preto-SP e Regi\u00e3o&quot;","block_context":{"text":"Not\u00edcias de Ribeir\u00e3o Preto-SP e Regi\u00e3o","link":"https:\/\/noticiasribeiraopreto.com.br\/index.php\/category\/noticias-de-ribeirao-preto-sp-e-regiao-ismael-colosi\/"},"img":{"alt_text":"","src":"https:\/\/i0.wp.com\/noticiasribeiraopreto.com.br\/wp-content\/uploads\/2025\/01\/Copia-de-Copia-de-Copia-de-TAMANHO-EXATO-PARA-FOTOS-NO-SISTEMA-NOVO-2025-01-31T175422.582_2025-01-31_20-54-28_png_2025-01-31_20-54-29.webp.webp?fit=1200%2C675&ssl=1&resize=350%2C200","width":350,"height":200,"srcset":"https:\/\/i0.wp.com\/noticiasribeiraopreto.com.br\/wp-content\/uploads\/2025\/01\/Copia-de-Copia-de-Copia-de-TAMANHO-EXATO-PARA-FOTOS-NO-SISTEMA-NOVO-2025-01-31T175422.582_2025-01-31_20-54-28_png_2025-01-31_20-54-29.webp.webp?fit=1200%2C675&ssl=1&resize=350%2C200 1x, https:\/\/i0.wp.com\/noticiasribeiraopreto.com.br\/wp-content\/uploads\/2025\/01\/Copia-de-Copia-de-Copia-de-TAMANHO-EXATO-PARA-FOTOS-NO-SISTEMA-NOVO-2025-01-31T175422.582_2025-01-31_20-54-28_png_2025-01-31_20-54-29.webp.webp?fit=1200%2C675&ssl=1&resize=525%2C300 1.5x, https:\/\/i0.wp.com\/noticiasribeiraopreto.com.br\/wp-content\/uploads\/2025\/01\/Copia-de-Copia-de-Copia-de-TAMANHO-EXATO-PARA-FOTOS-NO-SISTEMA-NOVO-2025-01-31T175422.582_2025-01-31_20-54-28_png_2025-01-31_20-54-29.webp.webp?fit=1200%2C675&ssl=1&resize=700%2C400 2x, https:\/\/i0.wp.com\/noticiasribeiraopreto.com.br\/wp-content\/uploads\/2025\/01\/Copia-de-Copia-de-Copia-de-TAMANHO-EXATO-PARA-FOTOS-NO-SISTEMA-NOVO-2025-01-31T175422.582_2025-01-31_20-54-28_png_2025-01-31_20-54-29.webp.webp?fit=1200%2C675&ssl=1&resize=1050%2C600 3x"},"classes":[]},{"id":55394,"url":"https:\/\/noticiasribeiraopreto.com.br\/index.php\/2024\/08\/01\/usp-ribeirao-preto-abre-inscricoes-para-atividades-esportivas-destinadas-a-criancas\/","url_meta":{"origin":26806,"position":4},"title":"USP Ribeir\u00e3o Preto abre inscri\u00e7\u00f5es para atividades esportivas destinadas a crian\u00e7as","author":"noticiasribeiraopreto.com.br","date":"1 de August de 2024","format":false,"excerpt":"A USP (Universidade de S\u00e3o Paulo) de Ribeir\u00e3o Preto, por meio da Escola de Educa\u00e7\u00e3o F\u00edsica e Esportes, est\u00e1 com inscri\u00e7\u00f5es abertas para aulas gratuitas de diversas modalidades esportivas, destinadas a crian\u00e7as, de 7 a 10 anos de idade. As vagas s\u00e3o limitadas. Para se inscrever no projeto \u201cEscolinha Multiesportes\u201d\u2026","rel":"","context":"In &quot;Not\u00edcias de Ribeir\u00e3o Preto-SP e Regi\u00e3o&quot;","block_context":{"text":"Not\u00edcias de Ribeir\u00e3o Preto-SP e Regi\u00e3o","link":"https:\/\/noticiasribeiraopreto.com.br\/index.php\/category\/noticias-de-ribeirao-preto-sp-e-regiao-ismael-colosi\/"},"img":{"alt_text":"","src":"https:\/\/i0.wp.com\/noticiasribeiraopreto.com.br\/wp-content\/uploads\/2024\/08\/Copia-de-Copia-de-TAMANHO-EXATO-PARA-FOTOS-NO-SISTEMA-NOVO-2_2024-08-01_15-44-56_png_2024-08-01_15-44-56.webp.webp?fit=1200%2C675&ssl=1&resize=350%2C200","width":350,"height":200,"srcset":"https:\/\/i0.wp.com\/noticiasribeiraopreto.com.br\/wp-content\/uploads\/2024\/08\/Copia-de-Copia-de-TAMANHO-EXATO-PARA-FOTOS-NO-SISTEMA-NOVO-2_2024-08-01_15-44-56_png_2024-08-01_15-44-56.webp.webp?fit=1200%2C675&ssl=1&resize=350%2C200 1x, https:\/\/i0.wp.com\/noticiasribeiraopreto.com.br\/wp-content\/uploads\/2024\/08\/Copia-de-Copia-de-TAMANHO-EXATO-PARA-FOTOS-NO-SISTEMA-NOVO-2_2024-08-01_15-44-56_png_2024-08-01_15-44-56.webp.webp?fit=1200%2C675&ssl=1&resize=525%2C300 1.5x, https:\/\/i0.wp.com\/noticiasribeiraopreto.com.br\/wp-content\/uploads\/2024\/08\/Copia-de-Copia-de-TAMANHO-EXATO-PARA-FOTOS-NO-SISTEMA-NOVO-2_2024-08-01_15-44-56_png_2024-08-01_15-44-56.webp.webp?fit=1200%2C675&ssl=1&resize=700%2C400 2x, https:\/\/i0.wp.com\/noticiasribeiraopreto.com.br\/wp-content\/uploads\/2024\/08\/Copia-de-Copia-de-TAMANHO-EXATO-PARA-FOTOS-NO-SISTEMA-NOVO-2_2024-08-01_15-44-56_png_2024-08-01_15-44-56.webp.webp?fit=1200%2C675&ssl=1&resize=1050%2C600 3x"},"classes":[]},{"id":40483,"url":"https:\/\/noticiasribeiraopreto.com.br\/index.php\/2024\/03\/04\/rp-alligators-flag-football-faz-seletiva-para-time-infantil\/","url_meta":{"origin":26806,"position":5},"title":"RP Alligators Flag Football faz seletiva para time infantil","author":"noticiasribeiraopreto.com.br","date":"4 de March de 2024","format":false,"excerpt":"4 de mar\u00e7o de 2024 | 10:003 de mar\u00e7o de 2024 | 18:06 0Ser\u00e3o 25 vagas para o time sub14 e 25 vagas para o time sub16. Para participar o interessado precisa comparecer na Cava do Bosque na pr\u00f3xima quarta-feira, dia 6 de mar\u00e7o, das 9h \u00e0s 11h, com um\u2026","rel":"","context":"In &quot;Not\u00edcias de Ribeir\u00e3o Preto-SP e Regi\u00e3o&quot;","block_context":{"text":"Not\u00edcias de Ribeir\u00e3o Preto-SP e Regi\u00e3o","link":"https:\/\/noticiasribeiraopreto.com.br\/index.php\/category\/noticias-de-ribeirao-preto-sp-e-regiao-ismael-colosi\/"},"img":{"alt_text":"","src":"https:\/\/i0.wp.com\/noticiasribeiraopreto.com.br\/wp-content\/uploads\/2024\/03\/seletiva_flag_3-scaled.jpeg?fit=430%2C645&ssl=1&resize=350%2C200","width":350,"height":200},"classes":[]}],"jetpack_sharing_enabled":true,"jetpack_shortlink":"https:\/\/wp.me\/peQAOb-6Ym","_links":{"self":[{"href":"https:\/\/noticiasribeiraopreto.com.br\/index.php\/wp-json\/wp\/v2\/posts\/26806","targetHints":{"allow":["GET"]}}],"collection":[{"href":"https:\/\/noticiasribeiraopreto.com.br\/index.php\/wp-json\/wp\/v2\/posts"}],"about":[{"href":"https:\/\/noticiasribeiraopreto.com.br\/index.php\/wp-json\/wp\/v2\/types\/post"}],"author":[{"embeddable":true,"href":"https:\/\/noticiasribeiraopreto.com.br\/index.php\/wp-json\/wp\/v2\/users\/1"}],"replies":[{"embeddable":true,"href":"https:\/\/noticiasribeiraopreto.com.br\/index.php\/wp-json\/wp\/v2\/comments?post=26806"}],"version-history":[{"count":0,"href":"https:\/\/noticiasribeiraopreto.com.br\/index.php\/wp-json\/wp\/v2\/posts\/26806\/revisions"}],"wp:featuredmedia":[{"embeddable":true,"href":"https:\/\/noticiasribeiraopreto.com.br\/index.php\/wp-json\/wp\/v2\/media\/26807"}],"wp:attachment":[{"href":"https:\/\/noticiasribeiraopreto.com.br\/index.php\/wp-json\/wp\/v2\/media?parent=26806"}],"wp:term":[{"taxonomy":"category","embeddable":true,"href":"https:\/\/noticiasribeiraopreto.com.br\/index.php\/wp-json\/wp\/v2\/categories?post=26806"},{"taxonomy":"post_tag","embeddable":true,"href":"https:\/\/noticiasribeiraopreto.com.br\/index.php\/wp-json\/wp\/v2\/tags?post=26806"}],"curies":[{"name":"wp","href":"https:\/\/api.w.org\/{rel}","templated":true}]}}