{"id":26816,"date":"2024-01-10T21:01:27","date_gmt":"2024-01-11T00:01:27","guid":{"rendered":"https:\/\/noticiasribeiraopreto.com.br\/index.php\/2024\/01\/10\/veja-o-edital-do-concurso-publico-nacional-unificado-sao-66-mil-vagas\/"},"modified":"2024-01-10T21:01:27","modified_gmt":"2024-01-11T00:01:27","slug":"veja-o-edital-do-concurso-publico-nacional-unificado-sao-66-mil-vagas","status":"publish","type":"post","link":"https:\/\/noticiasribeiraopreto.com.br\/index.php\/2024\/01\/10\/veja-o-edital-do-concurso-publico-nacional-unificado-sao-66-mil-vagas\/","title":{"rendered":"Veja o edital do Concurso P\u00fablico Nacional Unificado; S\u00e3o 6,6 mil vagas"},"content":{"rendered":"<div class='code-block code-block-1' style='margin: 8px 0 8px auto; text-align: right; display: block; clear: both;'>\n<p><a href=\"https:\/\/wa.link\/vpicfd\"><img data-recalc-dims=\"1\" class=\"wp-image-4922\" style=\"aspect-ratio: 2.0253164556962027; width: 561px; height: auto;\" src=\"https:\/\/i0.wp.com\/ismaelcolosi.com.br\/wp-content\/uploads\/2023\/11\/grupo-de-empregos-whatsapp-e-facebook-ismael-colosi-vagas.jpg?ssl=1\" alt=\"\" \/><\/a><\/p>\n<!-- \/wp:image -->\n<\/div>\n<p> <br \/>\n<\/p>\n<div data-td-block-uid=\"tdi_104\">\n<div class=\"tdb-block-inner td-fix-index\">\n<p>O <strong><a href=\"https:\/\/www.gov.br\/gestao\/pt-br\/\" target=\"_blank\" rel=\"noreferrer noopener nofollow\">Governo Federal<\/a><\/strong> divulgou nesta quarta-feira (10) o edital do<strong><a href=\"https:\/\/www.gov.br\/gestao\/pt-br\/concursonacional\/editais\/editais\" target=\"_blank\" rel=\"noreferrer noopener nofollow\"> Concurso P\u00fablico Nacional Unificado<\/a><\/strong>, o Enem dos Concursos \u2013 <a href=\"https:\/\/www.gov.br\/gestao\/pt-br\/concursonacional\/editais\/editais\" target=\"_blank\" rel=\"noreferrer noopener\">Veja aqui<\/a>. As provas ser\u00e3o realizadas no dia 5 de maio em 217 cidades brasileiras, incluindo <strong>Ribeir\u00e3o Preto <\/strong>\u2013 <a href=\"https:\/\/www.gov.br\/gestao\/pt-br\/concursonacional\/locais-de-prova\" target=\"_blank\" rel=\"noreferrer noopener nofollow\">veja todas cidades aqui<\/a>.<\/p>\n<p><mark style=\"background-color:#fcb900\" class=\"has-inline-color has-black-color\">As inscri\u00e7\u00f5es v\u00e3o come\u00e7ar dia 19 de janeiro e seguem at\u00e9 9 de fevereiro <\/mark>no site da <strong><a href=\"https:\/\/www.cesgranrio.org.br\/\" target=\"_blank\" rel=\"noreferrer noopener nofollow\">Funda\u00e7\u00e3o Cesgranrio<\/a><\/strong>, organizadora da prova. Ao todo, s\u00e3o 6.640 vagas, de n\u00edvel m\u00e9dio e superior, para 21 \u00f3rg\u00e3os p\u00fablicos.<\/p>\n<h4 class=\"wp-block-heading\"><strong>Veja abaixo o cronograma do Concurso P\u00fablico Nacional Unificado:<\/strong><\/h4>\n<ul>\n<li>Publica\u00e7\u00e3o do Edital: 10\/1\/2024<\/li>\n<\/ul>\n<ul>\n<li>Inscri\u00e7\u00f5es: 19\/1 a 9\/2\/2024<\/li>\n<\/ul>\n<ul>\n<li>Divulga\u00e7\u00e3o dos dados finais de inscri\u00e7\u00f5es: 29\/2\/2024<\/li>\n<\/ul>\n<ul>\n<li>Divulga\u00e7\u00e3o dos Cart\u00f5es de Confirma\u00e7\u00e3o: 29\/4\/2024<\/li>\n<\/ul>\n<ul>\n<li>Aplica\u00e7\u00e3o das Provas: 5\/5\/2024<\/li>\n<\/ul>\n<ul>\n<li>Divulga\u00e7\u00e3o dos resultados das provas objetivas e preliminares das provas discursivas e reda\u00e7\u00e3o: 3\/6\/2024<\/li>\n<\/ul>\n<ul>\n<li>Divulga\u00e7\u00e3o Final dos Resultados: 30\/7\/2024<\/li>\n<\/ul>\n<ul>\n<li>In\u00edcio da Convoca\u00e7\u00e3o para posse e Cursos de Forma\u00e7\u00e3o: 5\/8\/2024<\/li>\n<\/ul>\n<p>VEJA TAMB\u00c9M<\/p>\n<p>C\u00e2maras no interior de SP abrem concursos p\u00fablicos com sal\u00e1rios de R$ 12 mil<\/p>\n<h4 class=\"wp-block-heading\"><strong>FIQUE ON<\/strong><\/h4>\n<p>Fique ligado em tudo que acontece em Ribeir\u00e3o Preto e regi\u00e3o. Siga os perfis do<strong> acidade on <\/strong>no <a href=\"https:\/\/www.instagram.com\/acidadeonribeirao\" target=\"_blank\" rel=\"noreferrer noopener nofollow\">Instagram <\/a>e no <a href=\"https:\/\/www.facebook.com\/acidadeonribeirao\" target=\"_blank\" rel=\"noreferrer noopener nofollow\">Facebook<\/a>.<\/p>\n<p>Receba not\u00edcias do <strong>acidade on <\/strong>no WhatsApp.<a href=\"https:\/\/chat.whatsapp.com\/Bnv2w66ZT4VDyZW3oiZ69n\" target=\"_blank\" rel=\"noreferrer noopener nofollow\"> Para entrar no grupo, basta clicar aqui.<\/a><\/p>\n<p>Fa\u00e7a uma den\u00fancia ou sugira uma reportagem sobre a Ribeir\u00e3o Preto e regi\u00e3o pelo WhatsApp: (16) 99117 7802.<\/p>\n<p><!-- AI CONTENT END 1 -->\n<\/div>\n<\/div>\n<p><script async src=\"\/\/www.instagram.com\/embed.js\"><\/script><br \/>\n<br \/><br \/>\n<br \/><a href=\"https:\/\/www.acidadeon.com\/ribeiraopreto\/politica\/veja-o-edital-do-concurso-publico-nacional-unificado-sao-66-mil-vagas\/\">Source link <\/a><\/p>\n<!-- CONTENT END 1 -->\n","protected":false},"excerpt":{"rendered":"<p>O Governo Federal divulgou nesta quarta-feira (10) o edital do Concurso P\u00fablico Nacional Unificado, o Enem dos Concursos \u2013 Veja aqui. As provas ser\u00e3o realizadas&#8230;<\/p>\n","protected":false},"author":1,"featured_media":26817,"comment_status":"open","ping_status":"open","sticky":false,"template":"","format":"standard","meta":{"advanced_seo_description":"","jetpack_seo_html_title":"","jetpack_seo_noindex":false,"jetpack_post_was_ever_published":false,"_jetpack_newsletter_access":"","_jetpack_dont_email_post_to_subs":false,"_jetpack_newsletter_tier_id":0,"_jetpack_memberships_contains_paywalled_content":false,"_jetpack_memberships_contains_paid_content":false,"footnotes":"","jetpack_publicize_message":"","jetpack_publicize_feature_enabled":true,"jetpack_social_post_already_shared":true,"jetpack_social_options":{"image_generator_settings":{"template":"highway","default_image_id":0,"font":"","enabled":false},"version":2}},"categories":[11],"tags":[567,948,402,721,282,50,1358,143,48],"class_list":["post-26816","post","type-post","status-publish","format-standard","has-post-thumbnail","hentry","category-noticias-de-ribeirao-preto-sp-e-regiao-ismael-colosi","tag-concurso","tag-edital","tag-mil","tag-nacional","tag-publico","tag-sao","tag-unificado","tag-vagas","tag-veja"],"jetpack_publicize_connections":[],"jetpack_featured_media_url":"https:\/\/i0.wp.com\/noticiasribeiraopreto.com.br\/wp-content\/uploads\/2024\/01\/concurso-publico-nacional-unificado-cesgranrio.jpg?fit=1200%2C798&ssl=1","jetpack-related-posts":[{"id":9204,"url":"https:\/\/noticiasribeiraopreto.com.br\/index.php\/2023\/12\/01\/ribeirao-preto-vai-ser-uma-das-sedes-do-enem-dos-concursos-publicos-veja-a-lista\/","url_meta":{"origin":26816,"position":0},"title":"Ribeir\u00e3o Preto vai ser uma das sedes do Enem dos concursos p\u00fablicos; Veja a lista","author":"noticiasribeiraopreto.com.br","date":"1 de December de 2023","format":false,"excerpt":"Ribeir\u00e3o Preto est\u00e1 entre os 180 munic\u00edpios brasileiros que v\u00e3o receber as provas do Concurso P\u00fablico Nacional Unificado, o \u201cEnem dos concursos\u201d. Segundo o Governo Federal, o concurso p\u00fablico contar\u00e1 com 6.640 vagas em 21 \u00f3rg\u00e3os federais. A lista completa de cidades que v\u00e3o sediar o Concurso P\u00fablico Nacional Unificado\u2026","rel":"","context":"In &quot;Not\u00edcias de Ribeir\u00e3o Preto-SP e Regi\u00e3o&quot;","block_context":{"text":"Not\u00edcias de Ribeir\u00e3o Preto-SP e Regi\u00e3o","link":"https:\/\/noticiasribeiraopreto.com.br\/index.php\/category\/noticias-de-ribeirao-preto-sp-e-regiao-ismael-colosi\/"},"img":{"alt_text":"","src":"https:\/\/i0.wp.com\/noticiasribeiraopreto.com.br\/wp-content\/uploads\/2023\/12\/eu-amo-ribeirao-preto.jpeg?fit=1200%2C800&ssl=1&resize=350%2C200","width":350,"height":200,"srcset":"https:\/\/i0.wp.com\/noticiasribeiraopreto.com.br\/wp-content\/uploads\/2023\/12\/eu-amo-ribeirao-preto.jpeg?fit=1200%2C800&ssl=1&resize=350%2C200 1x, https:\/\/i0.wp.com\/noticiasribeiraopreto.com.br\/wp-content\/uploads\/2023\/12\/eu-amo-ribeirao-preto.jpeg?fit=1200%2C800&ssl=1&resize=525%2C300 1.5x, https:\/\/i0.wp.com\/noticiasribeiraopreto.com.br\/wp-content\/uploads\/2023\/12\/eu-amo-ribeirao-preto.jpeg?fit=1200%2C800&ssl=1&resize=700%2C400 2x, https:\/\/i0.wp.com\/noticiasribeiraopreto.com.br\/wp-content\/uploads\/2023\/12\/eu-amo-ribeirao-preto.jpeg?fit=1200%2C800&ssl=1&resize=1050%2C600 3x"},"classes":[]},{"id":71306,"url":"https:\/\/noticiasribeiraopreto.com.br\/index.php\/2025\/06\/04\/veja-as-vagas-disponiveis-na-2a-edicao-do-concurso-publico-nacional-unificado\/","url_meta":{"origin":26816,"position":1},"title":"Veja as vagas dispon\u00edveis na 2\u00aa edi\u00e7\u00e3o do Concurso P\u00fablico Nacional Unificado","author":"noticiasribeiraopreto.com.br","date":"4 de June de 2025","format":false,"excerpt":"O Governo Federal autorizou 2.021 vagas para a segunda edi\u00e7\u00e3o do Concurso P\u00fablico Nacional Unificado. O certame prev\u00ea 3.652 vagas distribu\u00eddas entre 36 \u00f3rg\u00e3os da administra\u00e7\u00e3o p\u00fablica. Ao todo, foram autorizadas pelo governo 300 vagas para o cargo de Analista do Seguro Social no INSS (Instituto Nacional do Seguro Social),\u2026","rel":"","context":"In &quot;Not\u00edcias de Ribeir\u00e3o Preto-SP e Regi\u00e3o&quot;","block_context":{"text":"Not\u00edcias de Ribeir\u00e3o Preto-SP e Regi\u00e3o","link":"https:\/\/noticiasribeiraopreto.com.br\/index.php\/category\/noticias-de-ribeirao-preto-sp-e-regiao-ismael-colosi\/"},"img":{"alt_text":"","src":"https:\/\/i0.wp.com\/noticiasribeiraopreto.com.br\/wp-content\/uploads\/2025\/01\/concurso_2025-01-07_18-14-44_jpg_2025-01-07_18-14-45.webp.webp?fit=1200%2C800&ssl=1&resize=350%2C200","width":350,"height":200,"srcset":"https:\/\/i0.wp.com\/noticiasribeiraopreto.com.br\/wp-content\/uploads\/2025\/01\/concurso_2025-01-07_18-14-44_jpg_2025-01-07_18-14-45.webp.webp?fit=1200%2C800&ssl=1&resize=350%2C200 1x, https:\/\/i0.wp.com\/noticiasribeiraopreto.com.br\/wp-content\/uploads\/2025\/01\/concurso_2025-01-07_18-14-44_jpg_2025-01-07_18-14-45.webp.webp?fit=1200%2C800&ssl=1&resize=525%2C300 1.5x, https:\/\/i0.wp.com\/noticiasribeiraopreto.com.br\/wp-content\/uploads\/2025\/01\/concurso_2025-01-07_18-14-44_jpg_2025-01-07_18-14-45.webp.webp?fit=1200%2C800&ssl=1&resize=700%2C400 2x, https:\/\/i0.wp.com\/noticiasribeiraopreto.com.br\/wp-content\/uploads\/2025\/01\/concurso_2025-01-07_18-14-44_jpg_2025-01-07_18-14-45.webp.webp?fit=1200%2C800&ssl=1&resize=1050%2C600 3x"},"classes":[]},{"id":26537,"url":"https:\/\/noticiasribeiraopreto.com.br\/index.php\/2024\/01\/10\/edital-do-enem-dos-concursos-publicos-sera-divulgado-nesta-quarta-ribeirao-recebe-provas\/","url_meta":{"origin":26816,"position":2},"title":"Edital do \u2018Enem dos concursos p\u00fablicos\u2019 ser\u00e1 divulgado nesta quarta; Ribeir\u00e3o recebe provas","author":"noticiasribeiraopreto.com.br","date":"10 de January de 2024","format":false,"excerpt":"O edital do Concurso P\u00fablico Nacional Unificado, o \u201cEnem dos Concursos P\u00fablicos\u201d, ser\u00e1 publicado nesta quarta-feira (10) pelo Governo Federal. A prova ser\u00e1 aplicada em 217 cidades de todo o Brasil, incluindo Ribeir\u00e3o Preto. As inscri\u00e7\u00f5es v\u00e3o come\u00e7ar dia 19 de janeiro e seguem at\u00e9 9 de fevereiro no site\u2026","rel":"","context":"In &quot;Not\u00edcias de Ribeir\u00e3o Preto-SP e Regi\u00e3o&quot;","block_context":{"text":"Not\u00edcias de Ribeir\u00e3o Preto-SP e Regi\u00e3o","link":"https:\/\/noticiasribeiraopreto.com.br\/index.php\/category\/noticias-de-ribeirao-preto-sp-e-regiao-ismael-colosi\/"},"img":{"alt_text":"","src":"https:\/\/i0.wp.com\/noticiasribeiraopreto.com.br\/wp-content\/uploads\/2024\/01\/1704886578_concurso-publico.jpg?fit=1200%2C800&ssl=1&resize=350%2C200","width":350,"height":200,"srcset":"https:\/\/i0.wp.com\/noticiasribeiraopreto.com.br\/wp-content\/uploads\/2024\/01\/1704886578_concurso-publico.jpg?fit=1200%2C800&ssl=1&resize=350%2C200 1x, https:\/\/i0.wp.com\/noticiasribeiraopreto.com.br\/wp-content\/uploads\/2024\/01\/1704886578_concurso-publico.jpg?fit=1200%2C800&ssl=1&resize=525%2C300 1.5x, https:\/\/i0.wp.com\/noticiasribeiraopreto.com.br\/wp-content\/uploads\/2024\/01\/1704886578_concurso-publico.jpg?fit=1200%2C800&ssl=1&resize=700%2C400 2x, https:\/\/i0.wp.com\/noticiasribeiraopreto.com.br\/wp-content\/uploads\/2024\/01\/1704886578_concurso-publico.jpg?fit=1200%2C800&ssl=1&resize=1050%2C600 3x"},"classes":[]},{"id":26766,"url":"https:\/\/noticiasribeiraopreto.com.br\/index.php\/2024\/01\/10\/enem-dos-concursos-o-que-voce-precisa-saber-sobre-o-concurso-publico-nacional-unificado\/","url_meta":{"origin":26816,"position":3},"title":"\u2018Enem dos concursos\u2019: o que voc\u00ea precisa saber sobre o Concurso P\u00fablico Nacional Unificado","author":"noticiasribeiraopreto.com.br","date":"10 de January de 2024","format":false,"excerpt":"O governo detalhou nesta quarta-feira, 10, as regras do Concurso P\u00fablico Nacional Unificado, o chamado \u2018Enem dos concursos\u2019. O edital ser\u00e1 publicado em edi\u00e7\u00e3o extra do Di\u00e1rio Oficial da Uni\u00e3o (DOU). A ministra da Gest\u00e3o e Inova\u00e7\u00e3o em Servi\u00e7os P\u00fablicos, Esther Dweck, realizou uma coletiva para esclarecer alguns pontos.O Concurso\u2026","rel":"","context":"In &quot;Vagas de Emprego em Ribeir\u00e3o Preto-SP&quot;","block_context":{"text":"Vagas de Emprego em Ribeir\u00e3o Preto-SP","link":"https:\/\/noticiasribeiraopreto.com.br\/index.php\/category\/empregos-classificados-vagas-trabalho\/vagas-de-empregos-em-ribeirao-preto-regiao-brasil\/"},"img":{"alt_text":"","src":"https:\/\/i0.wp.com\/noticiasribeiraopreto.com.br\/wp-content\/uploads\/2024\/01\/1704922892_concurso-publico.jpg?fit=883%2C510&ssl=1&resize=350%2C200","width":350,"height":200,"srcset":"https:\/\/i0.wp.com\/noticiasribeiraopreto.com.br\/wp-content\/uploads\/2024\/01\/1704922892_concurso-publico.jpg?fit=883%2C510&ssl=1&resize=350%2C200 1x, https:\/\/i0.wp.com\/noticiasribeiraopreto.com.br\/wp-content\/uploads\/2024\/01\/1704922892_concurso-publico.jpg?fit=883%2C510&ssl=1&resize=525%2C300 1.5x, https:\/\/i0.wp.com\/noticiasribeiraopreto.com.br\/wp-content\/uploads\/2024\/01\/1704922892_concurso-publico.jpg?fit=883%2C510&ssl=1&resize=700%2C400 2x"},"classes":[]},{"id":26574,"url":"https:\/\/noticiasribeiraopreto.com.br\/index.php\/2024\/01\/10\/governo-divulga-edital-de-concurso-unificado-nesta-quarta-veja-como-se-inscrever\/","url_meta":{"origin":26816,"position":4},"title":"Governo divulga edital de Concurso Unificado nesta quarta; veja como se inscrever","author":"noticiasribeiraopreto.com.br","date":"10 de January de 2024","format":false,"excerpt":"Da reda\u00e7\u00e3oi Da reda\u00e7\u00e3o 10\/01\/2024 - 10:40 Nesta quarta-feira, 10, o Minist\u00e9rio da Gest\u00e3o e da Inova\u00e7\u00e3o em Servi\u00e7os P\u00fablicos (MGI) vai divulgar os editais do Concurso P\u00fablico Nacional Unificado (CPNU). Os documentos trar\u00e3o informa\u00e7\u00f5es sobre os blocos tem\u00e1ticos, conte\u00fado das provas, crit\u00e9rios de classifica\u00e7\u00e3o e desclassifica\u00e7\u00e3o, validade do certame\u2026","rel":"","context":"In &quot;Vagas de Emprego em Ribeir\u00e3o Preto-SP&quot;","block_context":{"text":"Vagas de Emprego em Ribeir\u00e3o Preto-SP","link":"https:\/\/noticiasribeiraopreto.com.br\/index.php\/category\/empregos-classificados-vagas-trabalho\/vagas-de-empregos-em-ribeirao-preto-regiao-brasil\/"},"img":{"alt_text":"","src":"https:\/\/i0.wp.com\/noticiasribeiraopreto.com.br\/wp-content\/uploads\/2024\/01\/concursos-auditor-fiscal-pixabay.jpeg?fit=880%2C550&ssl=1&resize=350%2C200","width":350,"height":200,"srcset":"https:\/\/i0.wp.com\/noticiasribeiraopreto.com.br\/wp-content\/uploads\/2024\/01\/concursos-auditor-fiscal-pixabay.jpeg?fit=880%2C550&ssl=1&resize=350%2C200 1x, https:\/\/i0.wp.com\/noticiasribeiraopreto.com.br\/wp-content\/uploads\/2024\/01\/concursos-auditor-fiscal-pixabay.jpeg?fit=880%2C550&ssl=1&resize=525%2C300 1.5x, https:\/\/i0.wp.com\/noticiasribeiraopreto.com.br\/wp-content\/uploads\/2024\/01\/concursos-auditor-fiscal-pixabay.jpeg?fit=880%2C550&ssl=1&resize=700%2C400 2x"},"classes":[]},{"id":25875,"url":"https:\/\/noticiasribeiraopreto.com.br\/index.php\/2024\/01\/08\/edital-do-concurso-publico-nacional-unificado-sera-publicado-na-quarta\/","url_meta":{"origin":26816,"position":5},"title":"Edital do Concurso P\u00fablico Nacional Unificado ser\u00e1 publicado na quarta \u2013 Folha de Ribeir\u00e3o","author":"noticiasribeiraopreto.com.br","date":"8 de January de 2024","format":false,"excerpt":"Ser\u00e1 publicado no\u00a0Di\u00e1rio Oficial da Uni\u00e3o\u00a0desta quarta-feira (10) o edital com as regras para o Concurso P\u00fablico Nacional Unificado (CPNU), que selecionar\u00e1 6.640 servidores para 21 \u00f3rg\u00e3os p\u00fablicos. A previs\u00e3o \u00e9 de que as inscri\u00e7\u00f5es estejam abertas entre os dias 19 de janeiro e 9 de fevereiro\u00a0e que a prova\u2026","rel":"","context":"In &quot;Not\u00edcias de Ribeir\u00e3o Preto-SP e Regi\u00e3o&quot;","block_context":{"text":"Not\u00edcias de Ribeir\u00e3o Preto-SP e Regi\u00e3o","link":"https:\/\/noticiasribeiraopreto.com.br\/index.php\/category\/noticias-de-ribeirao-preto-sp-e-regiao-ismael-colosi\/"},"img":{"alt_text":"","src":"","width":0,"height":0},"classes":[]}],"jetpack_sharing_enabled":true,"jetpack_shortlink":"https:\/\/wp.me\/peQAOb-6Yw","_links":{"self":[{"href":"https:\/\/noticiasribeiraopreto.com.br\/index.php\/wp-json\/wp\/v2\/posts\/26816","targetHints":{"allow":["GET"]}}],"collection":[{"href":"https:\/\/noticiasribeiraopreto.com.br\/index.php\/wp-json\/wp\/v2\/posts"}],"about":[{"href":"https:\/\/noticiasribeiraopreto.com.br\/index.php\/wp-json\/wp\/v2\/types\/post"}],"author":[{"embeddable":true,"href":"https:\/\/noticiasribeiraopreto.com.br\/index.php\/wp-json\/wp\/v2\/users\/1"}],"replies":[{"embeddable":true,"href":"https:\/\/noticiasribeiraopreto.com.br\/index.php\/wp-json\/wp\/v2\/comments?post=26816"}],"version-history":[{"count":0,"href":"https:\/\/noticiasribeiraopreto.com.br\/index.php\/wp-json\/wp\/v2\/posts\/26816\/revisions"}],"wp:featuredmedia":[{"embeddable":true,"href":"https:\/\/noticiasribeiraopreto.com.br\/index.php\/wp-json\/wp\/v2\/media\/26817"}],"wp:attachment":[{"href":"https:\/\/noticiasribeiraopreto.com.br\/index.php\/wp-json\/wp\/v2\/media?parent=26816"}],"wp:term":[{"taxonomy":"category","embeddable":true,"href":"https:\/\/noticiasribeiraopreto.com.br\/index.php\/wp-json\/wp\/v2\/categories?post=26816"},{"taxonomy":"post_tag","embeddable":true,"href":"https:\/\/noticiasribeiraopreto.com.br\/index.php\/wp-json\/wp\/v2\/tags?post=26816"}],"curies":[{"name":"wp","href":"https:\/\/api.w.org\/{rel}","templated":true}]}}