{"id":26826,"date":"2024-01-10T21:42:03","date_gmt":"2024-01-11T00:42:03","guid":{"rendered":"https:\/\/noticiasribeiraopreto.com.br\/index.php\/2024\/01\/10\/ministerio-da-saude-distribui-novo-medicamento-para-pacientes-com-hiv-2\/"},"modified":"2024-01-10T21:42:03","modified_gmt":"2024-01-11T00:42:03","slug":"ministerio-da-saude-distribui-novo-medicamento-para-pacientes-com-hiv-2","status":"publish","type":"post","link":"https:\/\/noticiasribeiraopreto.com.br\/index.php\/2024\/01\/10\/ministerio-da-saude-distribui-novo-medicamento-para-pacientes-com-hiv-2\/","title":{"rendered":"Minist\u00e9rio da Sa\u00fade distribui novo medicamento para pacientes com HIV \u2013 Folha de Ribeir\u00e3o"},"content":{"rendered":"<div class='code-block code-block-1' style='margin: 8px 0 8px auto; text-align: right; display: block; clear: both;'>\n<p><a href=\"https:\/\/wa.link\/vpicfd\"><img data-recalc-dims=\"1\" class=\"wp-image-4922\" style=\"aspect-ratio: 2.0253164556962027; width: 561px; height: auto;\" src=\"https:\/\/i0.wp.com\/ismaelcolosi.com.br\/wp-content\/uploads\/2023\/11\/grupo-de-empregos-whatsapp-e-facebook-ismael-colosi-vagas.jpg?ssl=1\" alt=\"\" \/><\/a><\/p>\n<!-- \/wp:image -->\n<\/div>\n<p> <br \/>\n<\/p>\n<div>\n<p>O Minist\u00e9rio da Sa\u00fade informou ter conclu\u00eddo a distribui\u00e7\u00e3o de 5,6 milh\u00f5es de comprimidos de um novo medicamento para o tratamento de pacientes com aids ou HIV. O rem\u00e9dio foi repassado a estados e ao Distrito Federal. \u00a0<img data-recalc-dims=\"1\" decoding=\"async\" src=\"https:\/\/i0.wp.com\/agenciabrasil.ebc.com.br\/ebc.gif?ssl=1\"\/><\/p>\n<p>O medicamento une em um \u00fanico comprimido dois antirretrovirais: dolutegravir e lamivudina.<\/p>\n<p>\u201cAntes, o tratamento do HIV envolvia exclusivamente combina\u00e7\u00f5es de v\u00e1rios medicamentos de diferentes classes para suprimir efetivamente o v\u00edrus e retardar a progress\u00e3o da doen\u00e7a. Com o novo rem\u00e9dio, os usu\u00e1rios ganham a possibilidade de utilizar um tratamento com uma \u00fanica dose di\u00e1ria\u201d, diz nota publicada pela pasta.<\/p>\n<h2>Quem poder\u00e1 tomar<\/h2>\n<p>De acordo com o minist\u00e9rio, a terapia de dois comprimidos para um ser\u00e1 feita de forma gradual e cont\u00ednua para pacientes com idade igual ou acima de 50 anos, ades\u00e3o regular, carga viral menor que 50 c\u00f3pias\/ml no \u00faltimo exame e que iniciou\u00a0a terapia dupla (dois comprimidos) at\u00e9 o dia 30 de novembro de 2023.<\/p>\n<p>\u201cOs crit\u00e9rios para ampliar o p\u00fablico contemplado no novo modelo de tratamento poder\u00e3o ser revistos em seis meses, observando, por exemplo, a tend\u00eancia de crescimento das prescri\u00e7\u00f5es e a disponibilidade do medicamento em estoque na rede\u201d, informa.<\/p>\n<p>Entre 2017 e 2021, a doen\u00e7a provocou a morte de mais de 59 mil pessoas no Brasil.<\/p>\n<\/p><\/div>\n<p><br \/>\n<br \/><a href=\"https:\/\/folhaderibeirao.com.br\/2024\/01\/10\/ministerio-da-saude-distribui-novo-medicamento-para-pacientes-com-hiv\/\">Source link <\/a><\/p>\n<!-- CONTENT END 1 -->\n","protected":false},"excerpt":{"rendered":"<p>O Minist\u00e9rio da Sa\u00fade informou ter conclu\u00eddo a distribui\u00e7\u00e3o de 5,6 milh\u00f5es de comprimidos de um novo medicamento para o tratamento de pacientes com aids&#8230;<\/p>\n","protected":false},"author":1,"featured_media":26827,"comment_status":"open","ping_status":"open","sticky":false,"template":"","format":"standard","meta":{"advanced_seo_description":"","jetpack_seo_html_title":"","jetpack_seo_noindex":false,"jetpack_post_was_ever_published":false,"_jetpack_newsletter_access":"","_jetpack_dont_email_post_to_subs":false,"_jetpack_newsletter_tier_id":0,"_jetpack_memberships_contains_paywalled_content":false,"_jetpack_memberships_contains_paid_content":false,"footnotes":"","jetpack_publicize_message":"","jetpack_publicize_feature_enabled":true,"jetpack_social_post_already_shared":true,"jetpack_social_options":{"image_generator_settings":{"template":"highway","default_image_id":0,"font":"","enabled":false},"version":2}},"categories":[11],"tags":[3352,753,3250,3353,1890,381,255,71,26,158],"class_list":["post-26826","post","type-post","status-publish","format-standard","has-post-thumbnail","hentry","category-noticias-de-ribeirao-preto-sp-e-regiao-ismael-colosi","tag-distribui","tag-folha","tag-hiv","tag-medicamento","tag-ministerio","tag-novo","tag-pacientes","tag-para","tag-ribeirao","tag-saude"],"jetpack_publicize_connections":[],"jetpack_featured_media_url":"https:\/\/i0.wp.com\/noticiasribeiraopreto.com.br\/wp-content\/uploads\/2024\/01\/1704933726_ebc.png?fit=1%2C1&ssl=1","jetpack-related-posts":[{"id":78554,"url":"https:\/\/noticiasribeiraopreto.com.br\/index.php\/2025\/10\/13\/novo-medicamento-para-cancer-de-mama-chega-ao-sus\/","url_meta":{"origin":26826,"position":0},"title":"Novo medicamento para c\u00e2ncer de mama chega ao SUS","author":"noticiasribeiraopreto.com.br","date":"13 de October de 2025","format":false,"excerpt":"O Minist\u00e9rio da Sa\u00fade recebeu nesta segunda-feira (13) o primeiro lote do medicamento trastuzumabe entansina, utilizado no tratamento contra o c\u00e2ncer de mama. O rem\u00e9dio foi incorporado ao SUS (Sistema \u00danico de Sa\u00fade), em 2022. O medicamento \u00e9 indicado para quem ainda continuou com a doen\u00e7a ap\u00f3s a quimioterapia inicial,\u2026","rel":"","context":"In &quot;Not\u00edcias de Ribeir\u00e3o Preto-SP e Regi\u00e3o&quot;","block_context":{"text":"Not\u00edcias de Ribeir\u00e3o Preto-SP e Regi\u00e3o","link":"https:\/\/noticiasribeiraopreto.com.br\/index.php\/category\/noticias-de-ribeirao-preto-sp-e-regiao-ismael-colosi\/"},"img":{"alt_text":"","src":"https:\/\/i0.wp.com\/noticiasribeiraopreto.com.br\/wp-content\/uploads\/2025\/10\/remedio-cancer-de-mama-capa_2025-10-13_18-06-34.webp.webp?fit=1200%2C553&ssl=1&resize=350%2C200","width":350,"height":200,"srcset":"https:\/\/i0.wp.com\/noticiasribeiraopreto.com.br\/wp-content\/uploads\/2025\/10\/remedio-cancer-de-mama-capa_2025-10-13_18-06-34.webp.webp?fit=1200%2C553&ssl=1&resize=350%2C200 1x, https:\/\/i0.wp.com\/noticiasribeiraopreto.com.br\/wp-content\/uploads\/2025\/10\/remedio-cancer-de-mama-capa_2025-10-13_18-06-34.webp.webp?fit=1200%2C553&ssl=1&resize=525%2C300 1.5x, https:\/\/i0.wp.com\/noticiasribeiraopreto.com.br\/wp-content\/uploads\/2025\/10\/remedio-cancer-de-mama-capa_2025-10-13_18-06-34.webp.webp?fit=1200%2C553&ssl=1&resize=700%2C400 2x, https:\/\/i0.wp.com\/noticiasribeiraopreto.com.br\/wp-content\/uploads\/2025\/10\/remedio-cancer-de-mama-capa_2025-10-13_18-06-34.webp.webp?fit=1200%2C553&ssl=1&resize=1050%2C600 3x"},"classes":[]},{"id":59578,"url":"https:\/\/noticiasribeiraopreto.com.br\/index.php\/2024\/10\/26\/isencao-de-impostos-sobre-medicamentos-importados-e-mantida-por-medida-provisoria\/","url_meta":{"origin":26826,"position":1},"title":"Isen\u00e7\u00e3o de Impostos Sobre Medicamentos Importados \u00c9 Mantida por Medida Provis\u00f3ria","author":"noticiasribeiraopreto.com.br","date":"26 de October de 2024","format":false,"excerpt":"O governo federal prorrogou a isen\u00e7\u00e3o de impostos para medicamentos importados atrav\u00e9s de uma Medida Provis\u00f3ria publicada em outubro de 2024. A medida visa manter o custo dos medicamentos importados, essenciais para o tratamento de doen\u00e7as graves como c\u00e2ncer, HIV, diabetes e doen\u00e7as raras, acess\u00edvel aos pacientes brasileiros. Com a\u2026","rel":"","context":"In &quot;Not\u00edcias de Ribeir\u00e3o Preto-SP e Regi\u00e3o&quot;","block_context":{"text":"Not\u00edcias de Ribeir\u00e3o Preto-SP e Regi\u00e3o","link":"https:\/\/noticiasribeiraopreto.com.br\/index.php\/category\/noticias-de-ribeirao-preto-sp-e-regiao-ismael-colosi\/"},"img":{"alt_text":"","src":"https:\/\/i0.wp.com\/noticiasribeiraopreto.com.br\/wp-content\/uploads\/2024\/10\/remedios_2912203618_0.webp.webp?fit=1170%2C700&ssl=1&resize=350%2C200","width":350,"height":200,"srcset":"https:\/\/i0.wp.com\/noticiasribeiraopreto.com.br\/wp-content\/uploads\/2024\/10\/remedios_2912203618_0.webp.webp?fit=1170%2C700&ssl=1&resize=350%2C200 1x, https:\/\/i0.wp.com\/noticiasribeiraopreto.com.br\/wp-content\/uploads\/2024\/10\/remedios_2912203618_0.webp.webp?fit=1170%2C700&ssl=1&resize=525%2C300 1.5x, https:\/\/i0.wp.com\/noticiasribeiraopreto.com.br\/wp-content\/uploads\/2024\/10\/remedios_2912203618_0.webp.webp?fit=1170%2C700&ssl=1&resize=700%2C400 2x, https:\/\/i0.wp.com\/noticiasribeiraopreto.com.br\/wp-content\/uploads\/2024\/10\/remedios_2912203618_0.webp.webp?fit=1170%2C700&ssl=1&resize=1050%2C600 3x"},"classes":[]},{"id":65711,"url":"https:\/\/noticiasribeiraopreto.com.br\/index.php\/2025\/03\/23\/sus-ofertara-medicamento-de-r-7-milhoes-para-tratamento-de-ame\/","url_meta":{"origin":26826,"position":2},"title":"SUS ofertar\u00e1 medicamento de R$ 7 milh\u00f5es para tratamento de AME","author":"noticiasribeiraopreto.com.br","date":"23 de March de 2025","format":false,"excerpt":"O Minist\u00e9rio da Sa\u00fade anuncia uma estrat\u00e9gia in\u00e9dita para viabilizar a compra do medicamento Zolgensma, utilizado no tratamento da AME (Atrofia Muscular Espinhal) tipo 1. O medicamento, que custa R$ 7 milh\u00f5es, ser\u00e1 oferecido pelo SUS (Sistema \u00danico de Sa\u00fade). Um Acordo de Compartilhamento de Risco baseado em desempenho foi\u2026","rel":"","context":"In &quot;Not\u00edcias de Ribeir\u00e3o Preto-SP e Regi\u00e3o&quot;","block_context":{"text":"Not\u00edcias de Ribeir\u00e3o Preto-SP e Regi\u00e3o","link":"https:\/\/noticiasribeiraopreto.com.br\/index.php\/category\/noticias-de-ribeirao-preto-sp-e-regiao-ismael-colosi\/"},"img":{"alt_text":"","src":"https:\/\/i0.wp.com\/noticiasribeiraopreto.com.br\/wp-content\/uploads\/2025\/03\/sus_2025-03-23_15-26-55_jpg_2025-03-23_15-26-55.webp.webp?fit=763%2C457&ssl=1&resize=350%2C200","width":350,"height":200,"srcset":"https:\/\/i0.wp.com\/noticiasribeiraopreto.com.br\/wp-content\/uploads\/2025\/03\/sus_2025-03-23_15-26-55_jpg_2025-03-23_15-26-55.webp.webp?fit=763%2C457&ssl=1&resize=350%2C200 1x, https:\/\/i0.wp.com\/noticiasribeiraopreto.com.br\/wp-content\/uploads\/2025\/03\/sus_2025-03-23_15-26-55_jpg_2025-03-23_15-26-55.webp.webp?fit=763%2C457&ssl=1&resize=525%2C300 1.5x, https:\/\/i0.wp.com\/noticiasribeiraopreto.com.br\/wp-content\/uploads\/2025\/03\/sus_2025-03-23_15-26-55_jpg_2025-03-23_15-26-55.webp.webp?fit=763%2C457&ssl=1&resize=700%2C400 2x"},"classes":[]},{"id":65595,"url":"https:\/\/noticiasribeiraopreto.com.br\/index.php\/2025\/03\/21\/permissao-para-farmaceuticos-prescreverem-remedios-gera-criticas-de-entidades-da-saude\/","url_meta":{"origin":26826,"position":3},"title":"Permiss\u00e3o para Farmac\u00eauticos Prescreverem Rem\u00e9dios Gera Cr\u00edticas de Entidades da Sa\u00fade","author":"noticiasribeiraopreto.com.br","date":"21 de March de 2025","format":false,"excerpt":"A recente decis\u00e3o que autoriza farmac\u00eauticos a prescreverem medicamentos no Brasil tem gerado pol\u00eamica e preocupa\u00e7\u00e3o entre entidades m\u00e9dicas e especialistas da sa\u00fade. A medida, que amplia a atua\u00e7\u00e3o dos profissionais de farm\u00e1cia na indica\u00e7\u00e3o de tratamentos, foi duramente criticada por representantes da classe m\u00e9dica, que alegam riscos \u00e0 seguran\u00e7a\u2026","rel":"","context":"In &quot;Not\u00edcias de Ribeir\u00e3o Preto-SP e Regi\u00e3o&quot;","block_context":{"text":"Not\u00edcias de Ribeir\u00e3o Preto-SP e Regi\u00e3o","link":"https:\/\/noticiasribeiraopreto.com.br\/index.php\/category\/noticias-de-ribeirao-preto-sp-e-regiao-ismael-colosi\/"},"img":{"alt_text":"","src":"https:\/\/i0.wp.com\/noticiasribeiraopreto.com.br\/wp-content\/uploads\/2025\/03\/medicamentos_0.webp.webp?fit=1170%2C700&ssl=1&resize=350%2C200","width":350,"height":200,"srcset":"https:\/\/i0.wp.com\/noticiasribeiraopreto.com.br\/wp-content\/uploads\/2025\/03\/medicamentos_0.webp.webp?fit=1170%2C700&ssl=1&resize=350%2C200 1x, https:\/\/i0.wp.com\/noticiasribeiraopreto.com.br\/wp-content\/uploads\/2025\/03\/medicamentos_0.webp.webp?fit=1170%2C700&ssl=1&resize=525%2C300 1.5x, https:\/\/i0.wp.com\/noticiasribeiraopreto.com.br\/wp-content\/uploads\/2025\/03\/medicamentos_0.webp.webp?fit=1170%2C700&ssl=1&resize=700%2C400 2x, https:\/\/i0.wp.com\/noticiasribeiraopreto.com.br\/wp-content\/uploads\/2025\/03\/medicamentos_0.webp.webp?fit=1170%2C700&ssl=1&resize=1050%2C600 3x"},"classes":[]},{"id":36449,"url":"https:\/\/noticiasribeiraopreto.com.br\/index.php\/2024\/02\/09\/veja-quais-remedios-sao-utilizados-no-tratamento-da-dengue\/","url_meta":{"origin":26826,"position":4},"title":"Veja quais rem\u00e9dios s\u00e3o utilizados no tratamento da dengue","author":"noticiasribeiraopreto.com.br","date":"9 de February de 2024","format":false,"excerpt":"Cerca de 408 mil casos de dengue e 62 mortes foram confirmados em todo o Brasil, de acordo com o Minist\u00e9rio da Sa\u00fade (MS), nesta sexta-feira (9). Com isso, as buscas por prov\u00e1veis tratamentos aumentaram significativamente. Nesta semana, por exemplo, a ivermectina ganhou os holofotes como uma poss\u00edvel solu\u00e7\u00e3o para\u2026","rel":"","context":"In &quot;Not\u00edcias de Ribeir\u00e3o Preto-SP e Regi\u00e3o&quot;","block_context":{"text":"Not\u00edcias de Ribeir\u00e3o Preto-SP e Regi\u00e3o","link":"https:\/\/noticiasribeiraopreto.com.br\/index.php\/category\/noticias-de-ribeirao-preto-sp-e-regiao-ismael-colosi\/"},"img":{"alt_text":"","src":"https:\/\/i0.wp.com\/noticiasribeiraopreto.com.br\/wp-content\/uploads\/2024\/02\/1707512177_dengue.jpg?fit=1200%2C824&ssl=1&resize=350%2C200","width":350,"height":200,"srcset":"https:\/\/i0.wp.com\/noticiasribeiraopreto.com.br\/wp-content\/uploads\/2024\/02\/1707512177_dengue.jpg?fit=1200%2C824&ssl=1&resize=350%2C200 1x, https:\/\/i0.wp.com\/noticiasribeiraopreto.com.br\/wp-content\/uploads\/2024\/02\/1707512177_dengue.jpg?fit=1200%2C824&ssl=1&resize=525%2C300 1.5x, https:\/\/i0.wp.com\/noticiasribeiraopreto.com.br\/wp-content\/uploads\/2024\/02\/1707512177_dengue.jpg?fit=1200%2C824&ssl=1&resize=700%2C400 2x, https:\/\/i0.wp.com\/noticiasribeiraopreto.com.br\/wp-content\/uploads\/2024\/02\/1707512177_dengue.jpg?fit=1200%2C824&ssl=1&resize=1050%2C600 3x"},"classes":[]},{"id":15247,"url":"https:\/\/noticiasribeiraopreto.com.br\/index.php\/2023\/12\/13\/remedio-contra-parkinson-produzido-pela-fiocruz-vira-referencia-nacional\/","url_meta":{"origin":26826,"position":5},"title":"Rem\u00e9dio contra Parkinson produzido pela Fiocruz vira refer\u00eancia nacional","author":"noticiasribeiraopreto.com.br","date":"13 de December de 2023","format":false,"excerpt":"Utilizado para o tratamento da doen\u00e7a de Parkinson, o medicamento dicloridrato de pramipexol, produzido pelo Instituto de Tecnologia em F\u00e1rmacos (Farmanguinhos) da Funda\u00e7\u00e3o Oswaldo Cruz (Fiocruz), passou a ser refer\u00eancia nacional para qualquer laborat\u00f3rio que tenha interesse em produzi-lo no Brasil, conforme divulgou a institui\u00e7\u00e3o. A fabrica\u00e7\u00e3o \u00e9 permitida nas\u2026","rel":"","context":"In &quot;Not\u00edcias de Ribeir\u00e3o Preto-SP e Regi\u00e3o&quot;","block_context":{"text":"Not\u00edcias de Ribeir\u00e3o Preto-SP e Regi\u00e3o","link":"https:\/\/noticiasribeiraopreto.com.br\/index.php\/category\/noticias-de-ribeirao-preto-sp-e-regiao-ismael-colosi\/"},"img":{"alt_text":"","src":"https:\/\/i0.wp.com\/noticiasribeiraopreto.com.br\/wp-content\/uploads\/2023\/12\/Parkinson.jpg?fit=780%2C500&ssl=1&resize=350%2C200","width":350,"height":200,"srcset":"https:\/\/i0.wp.com\/noticiasribeiraopreto.com.br\/wp-content\/uploads\/2023\/12\/Parkinson.jpg?fit=780%2C500&ssl=1&resize=350%2C200 1x, https:\/\/i0.wp.com\/noticiasribeiraopreto.com.br\/wp-content\/uploads\/2023\/12\/Parkinson.jpg?fit=780%2C500&ssl=1&resize=525%2C300 1.5x, https:\/\/i0.wp.com\/noticiasribeiraopreto.com.br\/wp-content\/uploads\/2023\/12\/Parkinson.jpg?fit=780%2C500&ssl=1&resize=700%2C400 2x"},"classes":[]}],"jetpack_sharing_enabled":true,"jetpack_shortlink":"https:\/\/wp.me\/peQAOb-6YG","_links":{"self":[{"href":"https:\/\/noticiasribeiraopreto.com.br\/index.php\/wp-json\/wp\/v2\/posts\/26826","targetHints":{"allow":["GET"]}}],"collection":[{"href":"https:\/\/noticiasribeiraopreto.com.br\/index.php\/wp-json\/wp\/v2\/posts"}],"about":[{"href":"https:\/\/noticiasribeiraopreto.com.br\/index.php\/wp-json\/wp\/v2\/types\/post"}],"author":[{"embeddable":true,"href":"https:\/\/noticiasribeiraopreto.com.br\/index.php\/wp-json\/wp\/v2\/users\/1"}],"replies":[{"embeddable":true,"href":"https:\/\/noticiasribeiraopreto.com.br\/index.php\/wp-json\/wp\/v2\/comments?post=26826"}],"version-history":[{"count":0,"href":"https:\/\/noticiasribeiraopreto.com.br\/index.php\/wp-json\/wp\/v2\/posts\/26826\/revisions"}],"wp:featuredmedia":[{"embeddable":true,"href":"https:\/\/noticiasribeiraopreto.com.br\/index.php\/wp-json\/wp\/v2\/media\/26827"}],"wp:attachment":[{"href":"https:\/\/noticiasribeiraopreto.com.br\/index.php\/wp-json\/wp\/v2\/media?parent=26826"}],"wp:term":[{"taxonomy":"category","embeddable":true,"href":"https:\/\/noticiasribeiraopreto.com.br\/index.php\/wp-json\/wp\/v2\/categories?post=26826"},{"taxonomy":"post_tag","embeddable":true,"href":"https:\/\/noticiasribeiraopreto.com.br\/index.php\/wp-json\/wp\/v2\/tags?post=26826"}],"curies":[{"name":"wp","href":"https:\/\/api.w.org\/{rel}","templated":true}]}}