{"id":26858,"date":"2024-01-10T23:46:40","date_gmt":"2024-01-11T02:46:40","guid":{"rendered":"https:\/\/noticiasribeiraopreto.com.br\/index.php\/2024\/01\/10\/quem-e-o-homem-que-perdeu-a-vida-de-forma-cruel-pelas-maos-de-uma-amigo-motivacao-do-crime-e-exposta-pela-policia\/"},"modified":"2024-01-10T23:46:40","modified_gmt":"2024-01-11T02:46:40","slug":"quem-e-o-homem-que-perdeu-a-vida-de-forma-cruel-pelas-maos-de-uma-amigo-motivacao-do-crime-e-exposta-pela-policia","status":"publish","type":"post","link":"https:\/\/noticiasribeiraopreto.com.br\/index.php\/2024\/01\/10\/quem-e-o-homem-que-perdeu-a-vida-de-forma-cruel-pelas-maos-de-uma-amigo-motivacao-do-crime-e-exposta-pela-policia\/","title":{"rendered":"Quem \u00e9 o homem que perdeu a vida de forma cruel pelas m\u00e3os de uma amigo, motiva\u00e7\u00e3o do crime \u00e9 exposta pela pol\u00edcia"},"content":{"rendered":"<div class='code-block code-block-1' style='margin: 8px 0 8px auto; text-align: right; display: block; clear: both;'>\n<p><a href=\"https:\/\/wa.link\/vpicfd\"><img data-recalc-dims=\"1\" class=\"wp-image-4922\" style=\"aspect-ratio: 2.0253164556962027; width: 561px; height: auto;\" src=\"https:\/\/i0.wp.com\/ismaelcolosi.com.br\/wp-content\/uploads\/2023\/11\/grupo-de-empregos-whatsapp-e-facebook-ismael-colosi-vagas.jpg?ssl=1\" alt=\"\" \/><\/a><\/p>\n<!-- \/wp:image -->\n<\/div>\n<p> <br \/>\n<\/p>\n<div itemprop=\"text\">\n<p>A pol\u00edcia identificou o homem que perdeu a vida pelas m\u00e3os de um amigo. O algoz da v\u00edtima usou extrema viol\u00eancia para matar uma pessoa que ele conhecia h\u00e1 tempos.<\/p>\n<p>Ilson Patr\u00edcio, de 56 anos, foi reconhecido como a v\u00edtima do homic\u00eddio cometido por um amigo motivado por ci\u00fames na \u00faltima segunda-feira (8), na cidade de Garopaba, localizado na regi\u00e3o Sul do estado de Santa Catarina.<\/p>\n<p>O falecimento ocorreu ap\u00f3s ele ser alvo de golpes com socos, chutes e facadas. Nas plataformas de m\u00eddia social, Ilson se identificava como pintor e aparentemente era divorciado.<\/p>\n<p>Conforme relato dos agentes da Pol\u00edcia Civil, o indiv\u00edduo de 42 anos, suspeito de cometer o homic\u00eddio, teria atra\u00eddo o amigo, de 56 anos, at\u00e9 sua resid\u00eancia que fica nos arredores da Praia do Siri\u00fa na noite de domingo (7), ap\u00f3s o consumo de subst\u00e2ncias entorpecentes.<\/p>\n<p>No local, ele teria agredido a v\u00edtima at\u00e9 resultar em sua morte, utilizando socos, chutes e facadas. Posteriormente, o suspeito teria transportado o corpo da v\u00edtima em um ve\u00edculo at\u00e9 o ponto em que foi descoberto, pr\u00f3ximo \u00e0 Rodovia Jovino Piucco, na regi\u00e3o de Areias de Macacu.<\/p>\n<p>Ap\u00f3s deixar o autom\u00f3vel, o autor empreendeu fuga, levando consigo o celular roubado do amigo.de imediato as investiga\u00e7\u00f5es sobre o crime foram iniciadas.<\/p>\n<p>O indiv\u00edduo suspeito foi encontrado por volta da meia-noite da ter\u00e7a-feira (9), momentos antes de sair da cidade. Foi detido preventivamente e conduzido a um complexo penitenci\u00e1rio da regi\u00e3o, onde ficar\u00e1 \u00e0 disposi\u00e7\u00e3o da Justi\u00e7a.<\/p>\n<\/div>\n<p><br \/>\n<br \/><a href=\"https:\/\/fnmais.com\/sc-quem-homem-que-perdeu-vida-forma-cruel-pelas-maos-amigo-motivacao-crime-exposta-pela-policia\/\">Source link <\/a><\/p>\n<!-- CONTENT END 1 -->\n","protected":false},"excerpt":{"rendered":"<p>A pol\u00edcia identificou o homem que perdeu a vida pelas m\u00e3os de um amigo. O algoz da v\u00edtima usou extrema viol\u00eancia para matar uma pessoa&#8230;<\/p>\n","protected":false},"author":1,"featured_media":26859,"comment_status":"open","ping_status":"open","sticky":false,"template":"","format":"standard","meta":{"advanced_seo_description":"","jetpack_seo_html_title":"","jetpack_seo_noindex":false,"jetpack_post_was_ever_published":false,"_jetpack_newsletter_access":"","_jetpack_dont_email_post_to_subs":false,"_jetpack_newsletter_tier_id":0,"_jetpack_memberships_contains_paywalled_content":false,"_jetpack_memberships_contains_paid_content":false,"footnotes":"","jetpack_publicize_message":"","jetpack_publicize_feature_enabled":true,"jetpack_social_post_already_shared":true,"jetpack_social_options":{"image_generator_settings":{"template":"highway","default_image_id":0,"font":"","enabled":false},"version":2}},"categories":[1],"tags":[],"class_list":["post-26858","post","type-post","status-publish","format-standard","has-post-thumbnail","hentry","category-blog"],"jetpack_publicize_connections":[],"jetpack_featured_media_url":"https:\/\/i0.wp.com\/noticiasribeiraopreto.com.br\/wp-content\/uploads\/2024\/01\/postimg-659f561acf6c42070.jpg?fit=1200%2C628&ssl=1","jetpack-related-posts":[{"id":32922,"url":"https:\/\/noticiasribeiraopreto.com.br\/index.php\/2024\/01\/26\/policia-reconstitui-homicidio-de-engenheiro-de-batatais\/","url_meta":{"origin":26858,"position":0},"title":"Pol\u00edcia reconstitui homic\u00eddio de engenheiro de Batatais","author":"noticiasribeiraopreto.com.br","date":"26 de January de 2024","format":false,"excerpt":"V\u00edtima teria sido morta ao tirar satisfa\u00e7\u00e3o com homem que teria vendido caminhonete furtada, resultando na pris\u00e3o do engenheiro por recepta\u00e7\u00e3o 26 de janeiro de 2024 | 16:08 3Por: Adalberto LuqueA Pol\u00edcia Civil realizou, nesta sexta-feira (26), a reconstitui\u00e7\u00e3o da morte do engenheiro C\u00e9sar Henrique Rinhel, de 50 anos. A\u2026","rel":"","context":"In &quot;Not\u00edcias de Ribeir\u00e3o Preto-SP e Regi\u00e3o&quot;","block_context":{"text":"Not\u00edcias de Ribeir\u00e3o Preto-SP e Regi\u00e3o","link":"https:\/\/noticiasribeiraopreto.com.br\/index.php\/category\/noticias-de-ribeirao-preto-sp-e-regiao-ismael-colosi\/"},"img":{"alt_text":"","src":"https:\/\/i0.wp.com\/noticiasribeiraopreto.com.br\/wp-content\/uploads\/2024\/01\/00-26-jan-2024-reconstituicao-engenheiro-00-foto-alfredo-risk-scaled.jpg?fit=967%2C645&ssl=1&resize=350%2C200","width":350,"height":200,"srcset":"https:\/\/i0.wp.com\/noticiasribeiraopreto.com.br\/wp-content\/uploads\/2024\/01\/00-26-jan-2024-reconstituicao-engenheiro-00-foto-alfredo-risk-scaled.jpg?fit=967%2C645&ssl=1&resize=350%2C200 1x, https:\/\/i0.wp.com\/noticiasribeiraopreto.com.br\/wp-content\/uploads\/2024\/01\/00-26-jan-2024-reconstituicao-engenheiro-00-foto-alfredo-risk-scaled.jpg?fit=967%2C645&ssl=1&resize=525%2C300 1.5x, https:\/\/i0.wp.com\/noticiasribeiraopreto.com.br\/wp-content\/uploads\/2024\/01\/00-26-jan-2024-reconstituicao-engenheiro-00-foto-alfredo-risk-scaled.jpg?fit=967%2C645&ssl=1&resize=700%2C400 2x"},"classes":[]},{"id":30025,"url":"https:\/\/noticiasribeiraopreto.com.br\/index.php\/2024\/01\/19\/quem-e-a-jovem-de-22-anos-que-perdeu-a-vida-de-forma-cruel-pelas-maos-de-ex-policia-expoe-detalhes\/","url_meta":{"origin":26858,"position":1},"title":"Quem \u00e9 a jovem de 22 anos que perdeu a vida de forma cruel pelas m\u00e3os de ex; pol\u00edcia exp\u00f5e detalhes","author":"noticiasribeiraopreto.com.br","date":"19 de January de 2024","format":false,"excerpt":"Um crime b\u00e1rbaro ganhou uma enorme repercuss\u00e3o e se tornou destaque nos principais portais de not\u00edcias do pa\u00eds.\u00a0 No in\u00edcio da tarde desta sexta-feira (19), uma jovem foi fatalmente agredida com golpes de faca.O crime aconteceu no Residencial Sonho Dourado, localizado na cidade de Po\u00e7os de Caldas, que fica no\u2026","rel":"","context":"In &quot;Blog&quot;","block_context":{"text":"Blog","link":"https:\/\/noticiasribeiraopreto.com.br\/index.php\/category\/blog\/"},"img":{"alt_text":"","src":"https:\/\/i0.wp.com\/noticiasribeiraopreto.com.br\/wp-content\/uploads\/2024\/01\/postimg-65ab07318a2d63058.jpg?fit=1200%2C628&ssl=1&resize=350%2C200","width":350,"height":200,"srcset":"https:\/\/i0.wp.com\/noticiasribeiraopreto.com.br\/wp-content\/uploads\/2024\/01\/postimg-65ab07318a2d63058.jpg?fit=1200%2C628&ssl=1&resize=350%2C200 1x, https:\/\/i0.wp.com\/noticiasribeiraopreto.com.br\/wp-content\/uploads\/2024\/01\/postimg-65ab07318a2d63058.jpg?fit=1200%2C628&ssl=1&resize=525%2C300 1.5x, https:\/\/i0.wp.com\/noticiasribeiraopreto.com.br\/wp-content\/uploads\/2024\/01\/postimg-65ab07318a2d63058.jpg?fit=1200%2C628&ssl=1&resize=700%2C400 2x, https:\/\/i0.wp.com\/noticiasribeiraopreto.com.br\/wp-content\/uploads\/2024\/01\/postimg-65ab07318a2d63058.jpg?fit=1200%2C628&ssl=1&resize=1050%2C600 3x"},"classes":[]},{"id":76510,"url":"https:\/\/noticiasribeiraopreto.com.br\/index.php\/2025\/08\/30\/homem-e-encontrado-morto-no-quintal-de-uma-casa-na-regiao-de-ribeirao\/","url_meta":{"origin":26858,"position":2},"title":"Homem \u00e9 encontrado morto no quintal de uma casa na regi\u00e3o de Ribeir\u00e3o","author":"noticiasribeiraopreto.com.br","date":"30 de August de 2025","format":false,"excerpt":"Um homem de 32 anos foi encontrado morto no quintal de uma casa localizada no Jardim Am\u00e9lia II, em Serrana, cidade na regi\u00e3o de Ribeir\u00e3o Preto, na manh\u00e3 deste s\u00e1bado (30). De acordo com o boletim de ocorr\u00eancia, a moradora da resid\u00eancia encontrou o corpo da v\u00edtima ao acordar. O\u2026","rel":"","context":"In &quot;Not\u00edcias de Ribeir\u00e3o Preto-SP e Regi\u00e3o&quot;","block_context":{"text":"Not\u00edcias de Ribeir\u00e3o Preto-SP e Regi\u00e3o","link":"https:\/\/noticiasribeiraopreto.com.br\/index.php\/category\/noticias-de-ribeirao-preto-sp-e-regiao-ismael-colosi\/"},"img":{"alt_text":"","src":"https:\/\/i0.wp.com\/noticiasribeiraopreto.com.br\/wp-content\/uploads\/2025\/08\/WhatsApp-Image-2023-12-09-at-13.55.44.jpeg?fit=1024%2C576&ssl=1&resize=350%2C200","width":350,"height":200,"srcset":"https:\/\/i0.wp.com\/noticiasribeiraopreto.com.br\/wp-content\/uploads\/2025\/08\/WhatsApp-Image-2023-12-09-at-13.55.44.jpeg?fit=1024%2C576&ssl=1&resize=350%2C200 1x, https:\/\/i0.wp.com\/noticiasribeiraopreto.com.br\/wp-content\/uploads\/2025\/08\/WhatsApp-Image-2023-12-09-at-13.55.44.jpeg?fit=1024%2C576&ssl=1&resize=525%2C300 1.5x, https:\/\/i0.wp.com\/noticiasribeiraopreto.com.br\/wp-content\/uploads\/2025\/08\/WhatsApp-Image-2023-12-09-at-13.55.44.jpeg?fit=1024%2C576&ssl=1&resize=700%2C400 2x"},"classes":[]},{"id":21821,"url":"https:\/\/noticiasribeiraopreto.com.br\/index.php\/2023\/12\/28\/quem-e-o-jovem-que-perdeu-a-vida-de-maneira-cruel-em-uma-das-cidades-mais-badaladas-do-estado-catarinense\/","url_meta":{"origin":26858,"position":3},"title":"Quem \u00e9 o jovem que perdeu a vida de maneira cruel em uma das cidades mais badaladas do estado catarinense","author":"noticiasribeiraopreto.com.br","date":"28 de December de 2023","format":false,"excerpt":"Um indiv\u00edduo de 23 anos, identificado como Gustavo Ernst Martins, perdeu a vida ap\u00f3s ser atacado na regi\u00e3o craniana com um peda\u00e7o de madeira na cidade de Balne\u00e1rio Cambori\u00fa.O munic\u00edpio, localizado no Litoral Norte do estado de Santa Catarina, \u00e9 uma das mais visitadas do estado e famosa por ter\u2026","rel":"","context":"In &quot;Blog&quot;","block_context":{"text":"Blog","link":"https:\/\/noticiasribeiraopreto.com.br\/index.php\/category\/blog\/"},"img":{"alt_text":"","src":"https:\/\/i0.wp.com\/noticiasribeiraopreto.com.br\/wp-content\/uploads\/2023\/12\/postimg-658db98c075b67561.jpg?fit=1200%2C628&ssl=1&resize=350%2C200","width":350,"height":200,"srcset":"https:\/\/i0.wp.com\/noticiasribeiraopreto.com.br\/wp-content\/uploads\/2023\/12\/postimg-658db98c075b67561.jpg?fit=1200%2C628&ssl=1&resize=350%2C200 1x, https:\/\/i0.wp.com\/noticiasribeiraopreto.com.br\/wp-content\/uploads\/2023\/12\/postimg-658db98c075b67561.jpg?fit=1200%2C628&ssl=1&resize=525%2C300 1.5x, https:\/\/i0.wp.com\/noticiasribeiraopreto.com.br\/wp-content\/uploads\/2023\/12\/postimg-658db98c075b67561.jpg?fit=1200%2C628&ssl=1&resize=700%2C400 2x, https:\/\/i0.wp.com\/noticiasribeiraopreto.com.br\/wp-content\/uploads\/2023\/12\/postimg-658db98c075b67561.jpg?fit=1200%2C628&ssl=1&resize=1050%2C600 3x"},"classes":[]},{"id":7043,"url":"https:\/\/noticiasribeiraopreto.com.br\/index.php\/2023\/11\/27\/jovem-de-19-anos-perde-a-vida-tragicamente-apos-saida-com-amigos-quadriciclo-caiu-em-cima-dele\/","url_meta":{"origin":26858,"position":4},"title":"Jovem de 19 anos perde a vida tragicamente ap\u00f3s sa\u00edda com amigos; quadriciclo caiu em cima dele","author":"noticiasribeiraopreto.com.br","date":"27 de November de 2023","format":false,"excerpt":"Um jovem de 19 anos perdeu sua vida ap\u00f3s ter sa\u00eddo com um grupo de amigos. O caso aconteceu na regi\u00e3o de Avar\u00e9, no interior de S\u00e3o Paulo, \u00e0s margens de uma represa, neste \u00faltimo domingo, dia 26 de novembro.De acordo com informa\u00e7\u00f5es fornecidas pela Pol\u00edcia Civil, a v\u00edtima, Bryan\u2026","rel":"","context":"In &quot;Blog&quot;","block_context":{"text":"Blog","link":"https:\/\/noticiasribeiraopreto.com.br\/index.php\/category\/blog\/"},"img":{"alt_text":"","src":"https:\/\/i0.wp.com\/noticiasribeiraopreto.com.br\/wp-content\/uploads\/2023\/11\/postimg-6564ad53771c78700.jpg?fit=1200%2C628&ssl=1&resize=350%2C200","width":350,"height":200,"srcset":"https:\/\/i0.wp.com\/noticiasribeiraopreto.com.br\/wp-content\/uploads\/2023\/11\/postimg-6564ad53771c78700.jpg?fit=1200%2C628&ssl=1&resize=350%2C200 1x, https:\/\/i0.wp.com\/noticiasribeiraopreto.com.br\/wp-content\/uploads\/2023\/11\/postimg-6564ad53771c78700.jpg?fit=1200%2C628&ssl=1&resize=525%2C300 1.5x, https:\/\/i0.wp.com\/noticiasribeiraopreto.com.br\/wp-content\/uploads\/2023\/11\/postimg-6564ad53771c78700.jpg?fit=1200%2C628&ssl=1&resize=700%2C400 2x, https:\/\/i0.wp.com\/noticiasribeiraopreto.com.br\/wp-content\/uploads\/2023\/11\/postimg-6564ad53771c78700.jpg?fit=1200%2C628&ssl=1&resize=1050%2C600 3x"},"classes":[]},{"id":4136,"url":"https:\/\/noticiasribeiraopreto.com.br\/index.php\/2023\/11\/20\/utm_sourcerssutm_mediumrssutm_campaignhomem-morre-apos-cair-das-escadarias-do-parque-roberto-genaro-em-ribeirao-preto-a-vitima-estaria-na-companhia-de-um-amigo\/","url_meta":{"origin":26858,"position":5},"title":"Homem morre ap\u00f3s cair das escadarias do Parque Roberto Genaro em Ribeir\u00e3o Preto; a v\u00edtima estaria na companhia de um amigo \u2013 X Tudo Ribeir\u00e3o","author":"noticiasribeiraopreto.com.br","date":"20 de November de 2023","format":false,"excerpt":"Um homem de 43 anos, morreu na madrugada desta segunda-feira (20\/11), ap\u00f3s cair da escadaria do Parque Roberto Genaro, na avenida Santa Luzia, no Jardim Sumar\u00e9, na zona Sul de Ribeir\u00e3o Preto.\u00a0 Segundo informa\u00e7\u00f5es da Pol\u00edcia Militar, testemunhas acionaram os Policiais versando que teriam escutado um forte estrondo vindo do\u2026","rel":"","context":"In &quot;Not\u00edcias de Ribeir\u00e3o Preto-SP e Regi\u00e3o&quot;","block_context":{"text":"Not\u00edcias de Ribeir\u00e3o Preto-SP e Regi\u00e3o","link":"https:\/\/noticiasribeiraopreto.com.br\/index.php\/category\/noticias-de-ribeirao-preto-sp-e-regiao-ismael-colosi\/"},"img":{"alt_text":"","src":"https:\/\/i0.wp.com\/noticiasribeiraopreto.com.br\/wp-content\/uploads\/2023\/11\/WhatsApp-Image-2023-11-20-at-21.33.41.jpeg?fit=739%2C734&ssl=1&resize=350%2C200","width":350,"height":200,"srcset":"https:\/\/i0.wp.com\/noticiasribeiraopreto.com.br\/wp-content\/uploads\/2023\/11\/WhatsApp-Image-2023-11-20-at-21.33.41.jpeg?fit=739%2C734&ssl=1&resize=350%2C200 1x, https:\/\/i0.wp.com\/noticiasribeiraopreto.com.br\/wp-content\/uploads\/2023\/11\/WhatsApp-Image-2023-11-20-at-21.33.41.jpeg?fit=739%2C734&ssl=1&resize=525%2C300 1.5x, https:\/\/i0.wp.com\/noticiasribeiraopreto.com.br\/wp-content\/uploads\/2023\/11\/WhatsApp-Image-2023-11-20-at-21.33.41.jpeg?fit=739%2C734&ssl=1&resize=700%2C400 2x"},"classes":[]}],"jetpack_sharing_enabled":true,"jetpack_shortlink":"https:\/\/wp.me\/peQAOb-6Zc","_links":{"self":[{"href":"https:\/\/noticiasribeiraopreto.com.br\/index.php\/wp-json\/wp\/v2\/posts\/26858","targetHints":{"allow":["GET"]}}],"collection":[{"href":"https:\/\/noticiasribeiraopreto.com.br\/index.php\/wp-json\/wp\/v2\/posts"}],"about":[{"href":"https:\/\/noticiasribeiraopreto.com.br\/index.php\/wp-json\/wp\/v2\/types\/post"}],"author":[{"embeddable":true,"href":"https:\/\/noticiasribeiraopreto.com.br\/index.php\/wp-json\/wp\/v2\/users\/1"}],"replies":[{"embeddable":true,"href":"https:\/\/noticiasribeiraopreto.com.br\/index.php\/wp-json\/wp\/v2\/comments?post=26858"}],"version-history":[{"count":0,"href":"https:\/\/noticiasribeiraopreto.com.br\/index.php\/wp-json\/wp\/v2\/posts\/26858\/revisions"}],"wp:featuredmedia":[{"embeddable":true,"href":"https:\/\/noticiasribeiraopreto.com.br\/index.php\/wp-json\/wp\/v2\/media\/26859"}],"wp:attachment":[{"href":"https:\/\/noticiasribeiraopreto.com.br\/index.php\/wp-json\/wp\/v2\/media?parent=26858"}],"wp:term":[{"taxonomy":"category","embeddable":true,"href":"https:\/\/noticiasribeiraopreto.com.br\/index.php\/wp-json\/wp\/v2\/categories?post=26858"},{"taxonomy":"post_tag","embeddable":true,"href":"https:\/\/noticiasribeiraopreto.com.br\/index.php\/wp-json\/wp\/v2\/tags?post=26858"}],"curies":[{"name":"wp","href":"https:\/\/api.w.org\/{rel}","templated":true}]}}