{"id":26862,"date":"2024-01-11T00:04:10","date_gmt":"2024-01-11T03:04:10","guid":{"rendered":"https:\/\/noticiasribeiraopreto.com.br\/index.php\/2024\/01\/11\/producao-de-veiculos-cai-19-em-2023-diz-anfavea\/"},"modified":"2024-01-11T00:04:10","modified_gmt":"2024-01-11T03:04:10","slug":"producao-de-veiculos-cai-19-em-2023-diz-anfavea","status":"publish","type":"post","link":"https:\/\/noticiasribeiraopreto.com.br\/index.php\/2024\/01\/11\/producao-de-veiculos-cai-19-em-2023-diz-anfavea\/","title":{"rendered":"Produ\u00e7\u00e3o de ve\u00edculos cai 1,9% em 2023, diz Anfavea \u2013 Folha de Ribeir\u00e3o"},"content":{"rendered":"<div class='code-block code-block-1' style='margin: 8px 0 8px auto; text-align: right; display: block; clear: both;'>\n<p><a href=\"https:\/\/wa.link\/vpicfd\"><img data-recalc-dims=\"1\" class=\"wp-image-4922\" style=\"aspect-ratio: 2.0253164556962027; width: 561px; height: auto;\" src=\"https:\/\/i0.wp.com\/ismaelcolosi.com.br\/wp-content\/uploads\/2023\/11\/grupo-de-empregos-whatsapp-e-facebook-ismael-colosi-vagas.jpg?ssl=1\" alt=\"\" \/><\/a><\/p>\n<!-- \/wp:image -->\n<\/div>\n<p> <br \/>\n<\/p>\n<div>\n<p>A produ\u00e7\u00e3o de ve\u00edculos caiu 1,9% em 2023 e chegou a 2,36 milh\u00f5es de unidades. No ano anterior, em 2022, foram produzidas 2,32 milh\u00f5es de unidades.<img data-recalc-dims=\"1\" decoding=\"async\" src=\"https:\/\/i0.wp.com\/agenciabrasil.ebc.com.br\/ebc.gif?ssl=1\"\/><\/p>\n<p>No m\u00eas de dezembro de 2023, a produ\u00e7\u00e3o foi de 171,6 mil, 15,3% a menos do que em novembro do mesmo ano (202,7 mil) e 10,4% a menos do que em dezembro de 2022 (191,6 mil).<\/p>\n<p>A produ\u00e7\u00e3o de autom\u00f3veis comerciais leves foi de 2,2 milh\u00f5es de unidades em 2023, alta de 1,3% em rela\u00e7\u00e3o a 2022.<\/p>\n<p>Segundo os dados divulgados hoje (10) pela Associa\u00e7\u00e3o Nacional de Fabricantes de Ve\u00edculos Automotores (Anfavea), as vendas de ve\u00edculos novos tiveram alta de 9,7% em 2023, com 2,3 milh\u00f5es de unidades emplacadas contra as 2,1 milh\u00f5es em 2022.<\/p>\n<p>Em dezembro as unidades vendidas chegaram a 248,6 mil, o que representa aumento de 14,6% na compara\u00e7\u00e3o com dezembro de 2022 (216,9 mil) e de 16,9 % ante novembro de 2023(212,6 mil).<\/p>\n<p>As exporta\u00e7\u00f5es tiveram queda de 16% no ano passado, com 403,9 mil unidades comercializadas no mercado externo. No mesmo per\u00edodo de 2022 esse n\u00famero foi de 480,9 mil. A queda ocorreu devido \u00e0 diminui\u00e7\u00e3o de vendas em pa\u00edses como Argentina (-16%), Chile (-57%) e Col\u00f4mbia (-53%).<\/p>\n<h2>Perspectiva<\/h2>\n<p>Para 2024, a Anfavea estima que haver\u00e1 alta nas vendas (6,1%, com 2,45 milh\u00f5es de unidades), na produ\u00e7\u00e3o (6,2%, com 2,47 milh\u00f5es de unidades) e nas exporta\u00e7\u00f5es (0,7% nas exporta\u00e7\u00f5es, com 407 mil unidades).<\/p>\n<p>Segundo o presidente da entidade, M\u00e1rcio de Lima Leite, h\u00e1 motivos para acreditar em um ano positivo para o setor automotivo brasileiro porque, al\u00e9m da expectativa de crescimento do mercado interno e da produ\u00e7\u00e3o, a publica\u00e7\u00e3o da MP 1.205 que instituiu o Programa Mover tamb\u00e9m deve favorecer o setor.<\/p>\n<p>\u201cTrata-se uma pol\u00edtica industrial muito moderna e inteligente, que garante previsibilidade a toda a cadeia automotiva presente no pa\u00eds e a novas empresas que chegarem, e ainda privilegia as novas tecnologias de descarboniza\u00e7\u00e3o, os investimentos em P&amp;D e favorece a neoindustrializa\u00e7\u00e3o\u201d, afirmou.<\/p>\n<\/p><\/div>\n<p><br \/>\n<br \/><a href=\"https:\/\/folhaderibeirao.com.br\/2024\/01\/10\/producao-de-veiculos-cai-19-em-2023-diz-anfavea\/\">Source link <\/a><\/p>\n<!-- CONTENT END 1 -->\n","protected":false},"excerpt":{"rendered":"<p>A produ\u00e7\u00e3o de ve\u00edculos caiu 1,9% em 2023 e chegou a 2,36 milh\u00f5es de unidades. No ano anterior, em 2022, foram produzidas 2,32 milh\u00f5es de&#8230;<\/p>\n","protected":false},"author":1,"featured_media":26863,"comment_status":"open","ping_status":"open","sticky":false,"template":"","format":"standard","meta":{"advanced_seo_description":"","jetpack_seo_html_title":"","jetpack_seo_noindex":false,"jetpack_post_was_ever_published":false,"_jetpack_newsletter_access":"","_jetpack_dont_email_post_to_subs":false,"_jetpack_newsletter_tier_id":0,"_jetpack_memberships_contains_paywalled_content":false,"_jetpack_memberships_contains_paid_content":false,"footnotes":"","jetpack_publicize_message":"","jetpack_publicize_feature_enabled":true,"jetpack_social_post_already_shared":true,"jetpack_social_options":{"image_generator_settings":{"template":"highway","default_image_id":0,"font":"","enabled":false},"version":2}},"categories":[11],"tags":[3358,634,1498,753,1312,26,76],"class_list":["post-26862","post","type-post","status-publish","format-standard","has-post-thumbnail","hentry","category-noticias-de-ribeirao-preto-sp-e-regiao-ismael-colosi","tag-anfavea","tag-cai","tag-diz","tag-folha","tag-producao","tag-ribeirao","tag-veiculos"],"jetpack_publicize_connections":[],"jetpack_featured_media_url":"https:\/\/i0.wp.com\/noticiasribeiraopreto.com.br\/wp-content\/uploads\/2024\/01\/1704942251_ebc.png?fit=1%2C1&ssl=1","jetpack-related-posts":[{"id":41534,"url":"https:\/\/noticiasribeiraopreto.com.br\/index.php\/2024\/03\/08\/producao-de-veiculos-cresce-243-no-brasil\/","url_meta":{"origin":26862,"position":0},"title":"Produ\u00e7\u00e3o de ve\u00edculos cresce 24,3% no Brasil\u00a0","author":"noticiasribeiraopreto.com.br","date":"8 de March de 2024","format":false,"excerpt":"8 de mar\u00e7o de 2024 | 17:007 de mar\u00e7o de 2024 | 20:57 0A produ\u00e7\u00e3o de ve\u00edculos automotores no Brasil cresceu 24,3% em fevereiro na compara\u00e7\u00e3o com o mesmo m\u00eas do ano passado, com 189.684 unidades produzidas. Na compara\u00e7\u00e3o anual, o aumento foi de 17,4%. Os dados foram divulgados nesta\u2026","rel":"","context":"In &quot;Not\u00edcias de Ribeir\u00e3o Preto-SP e Regi\u00e3o&quot;","block_context":{"text":"Not\u00edcias de Ribeir\u00e3o Preto-SP e Regi\u00e3o","link":"https:\/\/noticiasribeiraopreto.com.br\/index.php\/category\/noticias-de-ribeirao-preto-sp-e-regiao-ismael-colosi\/"},"img":{"alt_text":"","src":"https:\/\/i0.wp.com\/noticiasribeiraopreto.com.br\/wp-content\/uploads\/2024\/03\/Veiculos-Rafa-Neddermeyer-Ag.Br_-scaled.jpg?fit=1000%2C598&ssl=1&resize=350%2C200","width":350,"height":200,"srcset":"https:\/\/i0.wp.com\/noticiasribeiraopreto.com.br\/wp-content\/uploads\/2024\/03\/Veiculos-Rafa-Neddermeyer-Ag.Br_-scaled.jpg?fit=1000%2C598&ssl=1&resize=350%2C200 1x, https:\/\/i0.wp.com\/noticiasribeiraopreto.com.br\/wp-content\/uploads\/2024\/03\/Veiculos-Rafa-Neddermeyer-Ag.Br_-scaled.jpg?fit=1000%2C598&ssl=1&resize=525%2C300 1.5x, https:\/\/i0.wp.com\/noticiasribeiraopreto.com.br\/wp-content\/uploads\/2024\/03\/Veiculos-Rafa-Neddermeyer-Ag.Br_-scaled.jpg?fit=1000%2C598&ssl=1&resize=700%2C400 2x"},"classes":[]},{"id":26702,"url":"https:\/\/noticiasribeiraopreto.com.br\/index.php\/2024\/01\/10\/apos-vendas-de-dezembro-surpreenderem-associacao-de-montadoras-eleva-projecao-de-producao-de-47-para-62-em-2024\/","url_meta":{"origin":26862,"position":1},"title":"Ap\u00f3s vendas de dezembro surpreenderem, associa\u00e7\u00e3o de montadoras eleva proje\u00e7\u00e3o de produ\u00e7\u00e3o de 4,7% para 6,2% em 2024","author":"noticiasribeiraopreto.com.br","date":"10 de January de 2024","format":false,"excerpt":"A Anfavea, entidade que representa as montadoras, atualizou nesta quarta-feira (10) as previs\u00f5es para o desempenho do setor neste ano. Os volumes seguem iguais aos projetados no m\u00eas passado, quando a associa\u00e7\u00e3o apresentou seus progn\u00f3sticos. No entanto, ap\u00f3s a incorpora\u00e7\u00e3o dos resultados de dezembro alguns ajustes foram necess\u00e1rios. Com isso,\u2026","rel":"","context":"In &quot;Dinheiro e Investimento&quot;","block_context":{"text":"Dinheiro e Investimento","link":"https:\/\/noticiasribeiraopreto.com.br\/index.php\/category\/dinheiro-e-investimento-como-fazer-como-ganhar\/"},"img":{"alt_text":"","src":"https:\/\/i0.wp.com\/noticiasribeiraopreto.com.br\/wp-content\/uploads\/2024\/01\/shutterstock_513831979-628x353.jpg?fit=628%2C353&ssl=1&resize=350%2C200","width":350,"height":200,"srcset":"https:\/\/i0.wp.com\/noticiasribeiraopreto.com.br\/wp-content\/uploads\/2024\/01\/shutterstock_513831979-628x353.jpg?fit=628%2C353&ssl=1&resize=350%2C200 1x, https:\/\/i0.wp.com\/noticiasribeiraopreto.com.br\/wp-content\/uploads\/2024\/01\/shutterstock_513831979-628x353.jpg?fit=628%2C353&ssl=1&resize=525%2C300 1.5x"},"classes":[]},{"id":23579,"url":"https:\/\/noticiasribeiraopreto.com.br\/index.php\/2024\/01\/02\/elon-musk-cumpre-a-meta-e-tesla-entrega-18-milhao-de-carros-em-2023-mas-fica-atras-da-chinesa-byd-mais-uma-vez\/","url_meta":{"origin":26862,"position":2},"title":"Elon Musk cumpre a meta e Tesla entrega 1,8 milh\u00e3o de carros em 2023, mas fica atr\u00e1s da chinesa BYD mais uma vez","author":"noticiasribeiraopreto.com.br","date":"2 de January de 2024","format":false,"excerpt":"A Tesla, empresa de carros el\u00e9tricos do bilion\u00e1rio Elon Musk, publicou mais cedo os n\u00fameros de produ\u00e7\u00e3o de carros em 2023. A montadora encerrou o \u00faltimo trimestre com uma produ\u00e7\u00e3o de 494 mil ve\u00edculos, totalizando 1,8 milh\u00e3o no ano passado.\u00a0 Os n\u00fameros representam um crescimento da produ\u00e7\u00e3o da ordem de\u2026","rel":"","context":"In &quot;Dinheiro e Investimento&quot;","block_context":{"text":"Dinheiro e Investimento","link":"https:\/\/noticiasribeiraopreto.com.br\/index.php\/category\/dinheiro-e-investimento-como-fazer-como-ganhar\/"},"img":{"alt_text":"","src":"https:\/\/i0.wp.com\/noticiasribeiraopreto.com.br\/wp-content\/uploads\/2024\/01\/carros-eletricos-tesla-1024x538-1-628x353.jpg?fit=628%2C353&ssl=1&resize=350%2C200","width":350,"height":200,"srcset":"https:\/\/i0.wp.com\/noticiasribeiraopreto.com.br\/wp-content\/uploads\/2024\/01\/carros-eletricos-tesla-1024x538-1-628x353.jpg?fit=628%2C353&ssl=1&resize=350%2C200 1x, https:\/\/i0.wp.com\/noticiasribeiraopreto.com.br\/wp-content\/uploads\/2024\/01\/carros-eletricos-tesla-1024x538-1-628x353.jpg?fit=628%2C353&ssl=1&resize=525%2C300 1.5x"},"classes":[]},{"id":41877,"url":"https:\/\/noticiasribeiraopreto.com.br\/index.php\/2024\/03\/11\/producao-de-motos-sobe-148-em-fevereiro\/","url_meta":{"origin":26862,"position":3},"title":"Produ\u00e7\u00e3o de motos sobe 14,8% em fevereiro","author":"noticiasribeiraopreto.com.br","date":"11 de March de 2024","format":false,"excerpt":"A produ\u00e7\u00e3o de motos em fevereiro teve crescimento de 14,8% na compara\u00e7\u00e3o com o mesmo m\u00eas do ano passado, somando 139,8 mil unidades. Foi o melhor resultado para o m\u00eas em dez anos. Frente a janeiro, por\u00e9m, houve queda de 1% na produ\u00e7\u00e3o de motocicletasO balan\u00e7o foi divulgado nesta segunda-feira,\u2026","rel":"","context":"In &quot;Not\u00edcias de Ribeir\u00e3o Preto-SP e Regi\u00e3o&quot;","block_context":{"text":"Not\u00edcias de Ribeir\u00e3o Preto-SP e Regi\u00e3o","link":"https:\/\/noticiasribeiraopreto.com.br\/index.php\/category\/noticias-de-ribeirao-preto-sp-e-regiao-ismael-colosi\/"},"img":{"alt_text":"","src":"https:\/\/i0.wp.com\/noticiasribeiraopreto.com.br\/wp-content\/uploads\/2024\/03\/57a428d3-8839-41ab-b57c-41fd42a00463-scaled.jpg?fit=1000%2C500&ssl=1&resize=350%2C200","width":350,"height":200,"srcset":"https:\/\/i0.wp.com\/noticiasribeiraopreto.com.br\/wp-content\/uploads\/2024\/03\/57a428d3-8839-41ab-b57c-41fd42a00463-scaled.jpg?fit=1000%2C500&ssl=1&resize=350%2C200 1x, https:\/\/i0.wp.com\/noticiasribeiraopreto.com.br\/wp-content\/uploads\/2024\/03\/57a428d3-8839-41ab-b57c-41fd42a00463-scaled.jpg?fit=1000%2C500&ssl=1&resize=525%2C300 1.5x, https:\/\/i0.wp.com\/noticiasribeiraopreto.com.br\/wp-content\/uploads\/2024\/03\/57a428d3-8839-41ab-b57c-41fd42a00463-scaled.jpg?fit=1000%2C500&ssl=1&resize=700%2C400 2x"},"classes":[]},{"id":24683,"url":"https:\/\/noticiasribeiraopreto.com.br\/index.php\/2024\/01\/04\/hegemonia-do-polo-se-manteve-e-vendas-de-veiculos-sobem-quase-10-em-2023-veja-modelos-dos-carros-mais-vendidos\/","url_meta":{"origin":26862,"position":4},"title":"Hegemonia do Polo se manteve e vendas de ve\u00edculos sobem quase 10% em 2023; veja modelos dos carros mais vendidos","author":"noticiasribeiraopreto.com.br","date":"4 de January de 2024","format":false,"excerpt":"Com o maior volume em um m\u00eas dos \u00faltimos quatro anos, as vendas de ve\u00edculos em dezembro chegaram a 248,5 mil unidades na soma de carros de passeio, utilit\u00e1rios leves, caminh\u00f5es e \u00f4nibus. Assim, na compara\u00e7\u00e3o com o mesmo per\u00edodo de 2022, a alta foi de 14,6%. Frente a novembro,\u2026","rel":"","context":"In &quot;Dinheiro e Investimento&quot;","block_context":{"text":"Dinheiro e Investimento","link":"https:\/\/noticiasribeiraopreto.com.br\/index.php\/category\/dinheiro-e-investimento-como-fazer-como-ganhar\/"},"img":{"alt_text":"","src":"https:\/\/i0.wp.com\/noticiasribeiraopreto.com.br\/wp-content\/uploads\/2024\/01\/Polo-Track1-628x353.jpg?fit=628%2C353&ssl=1&resize=350%2C200","width":350,"height":200,"srcset":"https:\/\/i0.wp.com\/noticiasribeiraopreto.com.br\/wp-content\/uploads\/2024\/01\/Polo-Track1-628x353.jpg?fit=628%2C353&ssl=1&resize=350%2C200 1x, https:\/\/i0.wp.com\/noticiasribeiraopreto.com.br\/wp-content\/uploads\/2024\/01\/Polo-Track1-628x353.jpg?fit=628%2C353&ssl=1&resize=525%2C300 1.5x"},"classes":[]},{"id":72034,"url":"https:\/\/noticiasribeiraopreto.com.br\/index.php\/2025\/06\/12\/abate-registra-melhor-1o-trimestre-da-historia\/","url_meta":{"origin":26862,"position":5},"title":"Abate registra melhor 1\u00ba trimestre da hist\u00f3ria","author":"noticiasribeiraopreto.com.br","date":"12 de June de 2025","format":false,"excerpt":"Os produtores brasileiros abateram 14,33 milh\u00f5es de cabe\u00e7as de su\u00ednos sob algum tipo de servi\u00e7o de inspe\u00e7\u00e3o sanit\u00e1ria no primeiro trimestre de 2025, uma alta de 1,6% em rela\u00e7\u00e3o ao primeiro trimestre de 2024, segundo os resultados das Pesquisas Trimestrais do Abate de Animais, do Leite, do Couro e da\u2026","rel":"","context":"In &quot;Not\u00edcias de Ribeir\u00e3o Preto-SP e Regi\u00e3o&quot;","block_context":{"text":"Not\u00edcias de Ribeir\u00e3o Preto-SP e Regi\u00e3o","link":"https:\/\/noticiasribeiraopreto.com.br\/index.php\/category\/noticias-de-ribeirao-preto-sp-e-regiao-ismael-colosi\/"},"img":{"alt_text":"","src":"https:\/\/i0.wp.com\/noticiasribeiraopreto.com.br\/wp-content\/uploads\/2025\/06\/Abate-Wenderson-Araujo-CNA-scaled.jpg?fit=800%2C479&ssl=1&resize=350%2C200","width":350,"height":200,"srcset":"https:\/\/i0.wp.com\/noticiasribeiraopreto.com.br\/wp-content\/uploads\/2025\/06\/Abate-Wenderson-Araujo-CNA-scaled.jpg?fit=800%2C479&ssl=1&resize=350%2C200 1x, https:\/\/i0.wp.com\/noticiasribeiraopreto.com.br\/wp-content\/uploads\/2025\/06\/Abate-Wenderson-Araujo-CNA-scaled.jpg?fit=800%2C479&ssl=1&resize=525%2C300 1.5x, https:\/\/i0.wp.com\/noticiasribeiraopreto.com.br\/wp-content\/uploads\/2025\/06\/Abate-Wenderson-Araujo-CNA-scaled.jpg?fit=800%2C479&ssl=1&resize=700%2C400 2x"},"classes":[]}],"jetpack_sharing_enabled":true,"jetpack_shortlink":"https:\/\/wp.me\/peQAOb-6Zg","_links":{"self":[{"href":"https:\/\/noticiasribeiraopreto.com.br\/index.php\/wp-json\/wp\/v2\/posts\/26862","targetHints":{"allow":["GET"]}}],"collection":[{"href":"https:\/\/noticiasribeiraopreto.com.br\/index.php\/wp-json\/wp\/v2\/posts"}],"about":[{"href":"https:\/\/noticiasribeiraopreto.com.br\/index.php\/wp-json\/wp\/v2\/types\/post"}],"author":[{"embeddable":true,"href":"https:\/\/noticiasribeiraopreto.com.br\/index.php\/wp-json\/wp\/v2\/users\/1"}],"replies":[{"embeddable":true,"href":"https:\/\/noticiasribeiraopreto.com.br\/index.php\/wp-json\/wp\/v2\/comments?post=26862"}],"version-history":[{"count":0,"href":"https:\/\/noticiasribeiraopreto.com.br\/index.php\/wp-json\/wp\/v2\/posts\/26862\/revisions"}],"wp:featuredmedia":[{"embeddable":true,"href":"https:\/\/noticiasribeiraopreto.com.br\/index.php\/wp-json\/wp\/v2\/media\/26863"}],"wp:attachment":[{"href":"https:\/\/noticiasribeiraopreto.com.br\/index.php\/wp-json\/wp\/v2\/media?parent=26862"}],"wp:term":[{"taxonomy":"category","embeddable":true,"href":"https:\/\/noticiasribeiraopreto.com.br\/index.php\/wp-json\/wp\/v2\/categories?post=26862"},{"taxonomy":"post_tag","embeddable":true,"href":"https:\/\/noticiasribeiraopreto.com.br\/index.php\/wp-json\/wp\/v2\/tags?post=26862"}],"curies":[{"name":"wp","href":"https:\/\/api.w.org\/{rel}","templated":true}]}}