{"id":26868,"date":"2024-01-11T00:22:00","date_gmt":"2024-01-11T03:22:00","guid":{"rendered":"https:\/\/noticiasribeiraopreto.com.br\/index.php\/2024\/01\/11\/mara-maravilha-critica-xuxa-e-exalta-a-propria-carreira-unica-morena-que-reina\/"},"modified":"2024-01-11T00:22:00","modified_gmt":"2024-01-11T03:22:00","slug":"mara-maravilha-critica-xuxa-e-exalta-a-propria-carreira-unica-morena-que-reina","status":"publish","type":"post","link":"https:\/\/noticiasribeiraopreto.com.br\/index.php\/2024\/01\/11\/mara-maravilha-critica-xuxa-e-exalta-a-propria-carreira-unica-morena-que-reina\/","title":{"rendered":"Mara Maravilha critica Xuxa e exalta a pr\u00f3pria carreira: \u201c\u00danica morena que reina\u201d"},"content":{"rendered":"<div class='code-block code-block-1' style='margin: 8px 0 8px auto; text-align: right; display: block; clear: both;'>\n<p><a href=\"https:\/\/wa.link\/vpicfd\"><img data-recalc-dims=\"1\" class=\"wp-image-4922\" style=\"aspect-ratio: 2.0253164556962027; width: 561px; height: auto;\" src=\"https:\/\/i0.wp.com\/ismaelcolosi.com.br\/wp-content\/uploads\/2023\/11\/grupo-de-empregos-whatsapp-e-facebook-ismael-colosi-vagas.jpg?ssl=1\" alt=\"\" \/><\/a><\/p>\n<!-- \/wp:image -->\n<\/div>\n<p> <br \/>\n<\/p>\n<div itemprop=\"text\">\n<p>O clima entre Mara Maravilha e as apresentadoras Eliana, Ang\u00e9lica e Xuxa, sempre foi alvo de not\u00edcia e coment\u00e1rios. Maravilha nunca fez quest\u00e3o de colocar panos quentes sobre o assunto e, recentemente, voltou a comentar.<\/p>\n<p>Mara participou do podcast PodZ\u00e9 e falou sobre v\u00e1rios assuntos, sendo a rela\u00e7\u00e3o com o trio de apresentadoras um desses temas. Mara se lembrou de quando n\u00e3o conseguiu passar no teste para ser paquita.<\/p>\n<p>Ao comentar sobre o tema, Mara avaliou que seu tipo f\u00edsico n\u00e3o era o que a produ\u00e7\u00e3o do programa procurava. Maravilha ainda exaltou seu pr\u00f3prio trabalho e explicou que sente ter sido mais realista.<\/p>\n<p>\u201c<b>Resumindo: eu n\u00e3o fui classificada para ser paquita. Eu e v\u00e1rias outras pessoas, do meu biotipo, que n\u00e3o podiam tamb\u00e9m ser paquitas. Por isso que eu sempre gostei mais da Mara Maravilha. Fala s\u00e9rio, eu sou a \u00fanica morena que reina no meio das loiras\u201d<\/b>, disse.<\/p>\n<p>Maravilha ainda aproveitou para alfinetar Ang\u00e9lica e Eliana, ao lembrar da reuni\u00e3o das apresentadoras para o Crian\u00e7a Esperan\u00e7a. Ao comentar sobre n\u00e3o ter sido convidada, Mara rebateu que<b> \u201cali era a Xuxa com suas paquitas\u201d.<\/b><\/p>\n<p>Ainda na entrevista, Mara Maravilha ainda falou sobre as declara\u00e7\u00f5es que fez ao longo dos anos e contou que chegou a se desculpar com Xuxa. Ainda segundo ela, a rela\u00e7\u00e3o com Xuxa j\u00e1 chegou a ser de amizade, embora nunca muito \u00edntimas. Segundo Maravilha, as duas chegaram a dormir uma na casa da outra.<\/p>\n<\/div>\n<p><br \/>\n<br \/><a href=\"https:\/\/fnmais.com\/mara-maravilha-critica-xuxa-exalta-propria-carreira-unica-morena-que-reina\/\">Source link <\/a><\/p>\n<!-- CONTENT END 1 -->\n","protected":false},"excerpt":{"rendered":"<p>O clima entre Mara Maravilha e as apresentadoras Eliana, Ang\u00e9lica e Xuxa, sempre foi alvo de not\u00edcia e coment\u00e1rios. Maravilha nunca fez quest\u00e3o de colocar&#8230;<\/p>\n","protected":false},"author":1,"featured_media":26869,"comment_status":"open","ping_status":"open","sticky":false,"template":"","format":"standard","meta":{"advanced_seo_description":"","jetpack_seo_html_title":"","jetpack_seo_noindex":false,"jetpack_post_was_ever_published":false,"_jetpack_newsletter_access":"","_jetpack_dont_email_post_to_subs":false,"_jetpack_newsletter_tier_id":0,"_jetpack_memberships_contains_paywalled_content":false,"_jetpack_memberships_contains_paid_content":false,"footnotes":"","jetpack_publicize_message":"","jetpack_publicize_feature_enabled":true,"jetpack_social_post_already_shared":true,"jetpack_social_options":{"image_generator_settings":{"template":"highway","default_image_id":0,"font":"","enabled":false},"version":2}},"categories":[1],"tags":[],"class_list":["post-26868","post","type-post","status-publish","format-standard","has-post-thumbnail","hentry","category-blog"],"jetpack_publicize_connections":[],"jetpack_featured_media_url":"https:\/\/i0.wp.com\/noticiasribeiraopreto.com.br\/wp-content\/uploads\/2024\/01\/postimg-659f5b945409f8580.jpg?fit=1200%2C628&ssl=1","jetpack-related-posts":[{"id":57777,"url":"https:\/\/noticiasribeiraopreto.com.br\/index.php\/2024\/09\/10\/ribeirao-preto-recebe-espetaculo-gratuito-inspirado-em-alice-no-pais-das-maravilhas\/","url_meta":{"origin":26868,"position":0},"title":"Ribeir\u00e3o Preto recebe espet\u00e1culo gratuito inspirado em \u2018Alice no Pa\u00eds das Maravilhas\u2019","author":"noticiasribeiraopreto.com.br","date":"10 de September de 2024","format":false,"excerpt":"O espet\u00e1culo \u201cMem\u00f3rias de Alice\u201d, inspirado no livro \u201cAlice no Pa\u00eds das Maravilhas\u201c, chega a Ribeir\u00e3o Preto neste domingo (15). A entrada \u00e9 gratuita e a apresenta\u00e7\u00e3o acontece \u00e0s 19h, no Centro Cultural Cer\u00e2mica S\u00e3o Luiz. \u201cMem\u00f3rias de Alice\u201d, da atriz Daiane Baumgartner, \u00e9 voltado para o p\u00fablico adulto. Al\u00e9m\u2026","rel":"","context":"In &quot;Not\u00edcias de Ribeir\u00e3o Preto-SP e Regi\u00e3o&quot;","block_context":{"text":"Not\u00edcias de Ribeir\u00e3o Preto-SP e Regi\u00e3o","link":"https:\/\/noticiasribeiraopreto.com.br\/index.php\/category\/noticias-de-ribeirao-preto-sp-e-regiao-ismael-colosi\/"},"img":{"alt_text":"","src":"https:\/\/i0.wp.com\/noticiasribeiraopreto.com.br\/wp-content\/uploads\/2024\/09\/Gabriel-Rais-9_2024-09-10_12-39-43_jpg_2024-09-10_12-39-46-scaled.webp.webp?fit=1200%2C800&ssl=1&resize=350%2C200","width":350,"height":200,"srcset":"https:\/\/i0.wp.com\/noticiasribeiraopreto.com.br\/wp-content\/uploads\/2024\/09\/Gabriel-Rais-9_2024-09-10_12-39-43_jpg_2024-09-10_12-39-46-scaled.webp.webp?fit=1200%2C800&ssl=1&resize=350%2C200 1x, https:\/\/i0.wp.com\/noticiasribeiraopreto.com.br\/wp-content\/uploads\/2024\/09\/Gabriel-Rais-9_2024-09-10_12-39-43_jpg_2024-09-10_12-39-46-scaled.webp.webp?fit=1200%2C800&ssl=1&resize=525%2C300 1.5x, https:\/\/i0.wp.com\/noticiasribeiraopreto.com.br\/wp-content\/uploads\/2024\/09\/Gabriel-Rais-9_2024-09-10_12-39-43_jpg_2024-09-10_12-39-46-scaled.webp.webp?fit=1200%2C800&ssl=1&resize=700%2C400 2x, https:\/\/i0.wp.com\/noticiasribeiraopreto.com.br\/wp-content\/uploads\/2024\/09\/Gabriel-Rais-9_2024-09-10_12-39-43_jpg_2024-09-10_12-39-46-scaled.webp.webp?fit=1200%2C800&ssl=1&resize=1050%2C600 3x"},"classes":[]},{"id":27484,"url":"https:\/\/noticiasribeiraopreto.com.br\/index.php\/2024\/01\/12\/guerreira-nao-queria-partir-xuxa-se-comoveu\/","url_meta":{"origin":26868,"position":1},"title":"&#8216;Guerreira, n\u00e3o queria partir&#8217;; Xuxa se comoveu","author":"noticiasribeiraopreto.com.br","date":"12 de January de 2024","format":false,"excerpt":"De forma recente, a famosa apresentadora Ang\u00e9lica utilizou de suas redes sociais nesta \u00faltima sexta-feira, dia 12 de janeiro, para lamentar uma dura perda que sofreu em sua fam\u00edlia, destacando que se tratou de um membro que lutou at\u00e9 os seus \u00faltimos dias para n\u00e3o partir.No caso, se tratou de\u2026","rel":"","context":"In &quot;Blog&quot;","block_context":{"text":"Blog","link":"https:\/\/noticiasribeiraopreto.com.br\/index.php\/category\/blog\/"},"img":{"alt_text":"","src":"https:\/\/i0.wp.com\/noticiasribeiraopreto.com.br\/wp-content\/uploads\/2024\/01\/postimg-65a15a12a16094741.jpg?fit=1200%2C628&ssl=1&resize=350%2C200","width":350,"height":200,"srcset":"https:\/\/i0.wp.com\/noticiasribeiraopreto.com.br\/wp-content\/uploads\/2024\/01\/postimg-65a15a12a16094741.jpg?fit=1200%2C628&ssl=1&resize=350%2C200 1x, https:\/\/i0.wp.com\/noticiasribeiraopreto.com.br\/wp-content\/uploads\/2024\/01\/postimg-65a15a12a16094741.jpg?fit=1200%2C628&ssl=1&resize=525%2C300 1.5x, https:\/\/i0.wp.com\/noticiasribeiraopreto.com.br\/wp-content\/uploads\/2024\/01\/postimg-65a15a12a16094741.jpg?fit=1200%2C628&ssl=1&resize=700%2C400 2x, https:\/\/i0.wp.com\/noticiasribeiraopreto.com.br\/wp-content\/uploads\/2024\/01\/postimg-65a15a12a16094741.jpg?fit=1200%2C628&ssl=1&resize=1050%2C600 3x"},"classes":[]},{"id":76731,"url":"https:\/\/noticiasribeiraopreto.com.br\/index.php\/2025\/09\/04\/mostra-de-teatro-alma-apresenta-espetaculo-gratuito-alice-no-pais-das-maravilhas\/","url_meta":{"origin":26868,"position":2},"title":"Mostra de Teatro Alma apresenta espet\u00e1culo gratuito \u2018Alice no Pa\u00eds das Maravilhas\u2019","author":"noticiasribeiraopreto.com.br","date":"4 de September de 2025","format":false,"excerpt":"Ribeir\u00e3o Preto recebe neste fim de semana a segunda montagem da Mostra de Teatro da Alma (Academia Livre de M\u00fasica e Artes). S\u00e3o dois dias de apresenta\u00e7\u00e3o do espet\u00e1culo \u201cAlice no Pa\u00eds das Maravilhas\u201d, no s\u00e1bado (6), \u00e0s 19h30, e no domingo (7), \u00e0s 17h, no Teatro Auxiliadora. A entrada\u2026","rel":"","context":"In &quot;Not\u00edcias de Ribeir\u00e3o Preto-SP e Regi\u00e3o&quot;","block_context":{"text":"Not\u00edcias de Ribeir\u00e3o Preto-SP e Regi\u00e3o","link":"https:\/\/noticiasribeiraopreto.com.br\/index.php\/category\/noticias-de-ribeirao-preto-sp-e-regiao-ismael-colosi\/"},"img":{"alt_text":"","src":"https:\/\/i0.wp.com\/noticiasribeiraopreto.com.br\/wp-content\/uploads\/2025\/09\/Mostra-de-teatro-Alma-5_2025-09-04_12-28-43.webp.webp?fit=1200%2C491&ssl=1&resize=350%2C200","width":350,"height":200,"srcset":"https:\/\/i0.wp.com\/noticiasribeiraopreto.com.br\/wp-content\/uploads\/2025\/09\/Mostra-de-teatro-Alma-5_2025-09-04_12-28-43.webp.webp?fit=1200%2C491&ssl=1&resize=350%2C200 1x, https:\/\/i0.wp.com\/noticiasribeiraopreto.com.br\/wp-content\/uploads\/2025\/09\/Mostra-de-teatro-Alma-5_2025-09-04_12-28-43.webp.webp?fit=1200%2C491&ssl=1&resize=525%2C300 1.5x, https:\/\/i0.wp.com\/noticiasribeiraopreto.com.br\/wp-content\/uploads\/2025\/09\/Mostra-de-teatro-Alma-5_2025-09-04_12-28-43.webp.webp?fit=1200%2C491&ssl=1&resize=700%2C400 2x, https:\/\/i0.wp.com\/noticiasribeiraopreto.com.br\/wp-content\/uploads\/2025\/09\/Mostra-de-teatro-Alma-5_2025-09-04_12-28-43.webp.webp?fit=1200%2C491&ssl=1&resize=1050%2C600 3x"},"classes":[]},{"id":7507,"url":"https:\/\/noticiasribeiraopreto.com.br\/index.php\/2023\/11\/28\/angelica-rebate-comentario-ousado-de-anitta-sobre-seu-filho\/","url_meta":{"origin":26868,"position":3},"title":"Ang\u00e9lica rebate coment\u00e1rio ousado de Anitta sobre seu filho","author":"noticiasribeiraopreto.com.br","date":"28 de November de 2023","format":false,"excerpt":"Os \u201950 e Tanto\u2019 passou de uma refer\u00eancia de idade para um programa de Tv. A refer\u00eancia faz homenagem a apresentadora Ang\u00e9lica. A esposa de Luciano Hulk completar\u00e1 a idade ainda durante a semana.A loira ir\u00e1 soprar as velinhas no dia 30 de novembro para comemorar a chegada dos 50\u2026","rel":"","context":"In &quot;Blog&quot;","block_context":{"text":"Blog","link":"https:\/\/noticiasribeiraopreto.com.br\/index.php\/category\/blog\/"},"img":{"alt_text":"","src":"https:\/\/i0.wp.com\/noticiasribeiraopreto.com.br\/wp-content\/uploads\/2023\/11\/postimg-6565e9c625dc75229.jpg?fit=1200%2C628&ssl=1&resize=350%2C200","width":350,"height":200,"srcset":"https:\/\/i0.wp.com\/noticiasribeiraopreto.com.br\/wp-content\/uploads\/2023\/11\/postimg-6565e9c625dc75229.jpg?fit=1200%2C628&ssl=1&resize=350%2C200 1x, https:\/\/i0.wp.com\/noticiasribeiraopreto.com.br\/wp-content\/uploads\/2023\/11\/postimg-6565e9c625dc75229.jpg?fit=1200%2C628&ssl=1&resize=525%2C300 1.5x, https:\/\/i0.wp.com\/noticiasribeiraopreto.com.br\/wp-content\/uploads\/2023\/11\/postimg-6565e9c625dc75229.jpg?fit=1200%2C628&ssl=1&resize=700%2C400 2x, https:\/\/i0.wp.com\/noticiasribeiraopreto.com.br\/wp-content\/uploads\/2023\/11\/postimg-6565e9c625dc75229.jpg?fit=1200%2C628&ssl=1&resize=1050%2C600 3x"},"classes":[]},{"id":21038,"url":"https:\/\/noticiasribeiraopreto.com.br\/index.php\/2023\/12\/27\/a-torre-de-xangai-e-uma-maravilha-da-engenharia-na-china-com-design-espiral-elegante-o-que-reduz-em-25-o-impacto-dos-ventos\/","url_meta":{"origin":26868,"position":4},"title":"A Torre de Xangai \u00e9 uma maravilha da engenharia na China com design espiral elegante, o que reduz em 25% o impacto dos ventos","author":"noticiasribeiraopreto.com.br","date":"27 de December de 2023","format":false,"excerpt":"Foto: Divulga\u00e7\u00e3o\/Torre de Xangai Erguendo-se no cora\u00e7\u00e3o de uma das cidades mais movimentadas do mundo, a Torre de Xangai simboliza o esplendor arquitet\u00f4nico da China, apesar dos desafios enfrentados. A Torre de Xangai, localizada na vibrante cidade chinesa de mesmo nome, \u00e9 al\u00e9m de apenas uma obra-prima arquitet\u00f4nica, ela tamb\u00e9m\u2026","rel":"","context":"In &quot;Vagas de Emprego em Ribeir\u00e3o Preto-SP&quot;","block_context":{"text":"Vagas de Emprego em Ribeir\u00e3o Preto-SP","link":"https:\/\/noticiasribeiraopreto.com.br\/index.php\/category\/empregos-classificados-vagas-trabalho\/vagas-de-empregos-em-ribeirao-preto-regiao-brasil\/"},"img":{"alt_text":"","src":"https:\/\/i0.wp.com\/noticiasribeiraopreto.com.br\/wp-content\/uploads\/2023\/12\/A-Torre-de-Xangai-e-uma-maravilha-da-engenharia-na-China-com-design-espiral-elegante-o-que-reduz-em-25-o-impacto-dos-ventos-830x450.jpg?fit=830%2C450&ssl=1&resize=350%2C200","width":350,"height":200,"srcset":"https:\/\/i0.wp.com\/noticiasribeiraopreto.com.br\/wp-content\/uploads\/2023\/12\/A-Torre-de-Xangai-e-uma-maravilha-da-engenharia-na-China-com-design-espiral-elegante-o-que-reduz-em-25-o-impacto-dos-ventos-830x450.jpg?fit=830%2C450&ssl=1&resize=350%2C200 1x, https:\/\/i0.wp.com\/noticiasribeiraopreto.com.br\/wp-content\/uploads\/2023\/12\/A-Torre-de-Xangai-e-uma-maravilha-da-engenharia-na-China-com-design-espiral-elegante-o-que-reduz-em-25-o-impacto-dos-ventos-830x450.jpg?fit=830%2C450&ssl=1&resize=525%2C300 1.5x, https:\/\/i0.wp.com\/noticiasribeiraopreto.com.br\/wp-content\/uploads\/2023\/12\/A-Torre-de-Xangai-e-uma-maravilha-da-engenharia-na-China-com-design-espiral-elegante-o-que-reduz-em-25-o-impacto-dos-ventos-830x450.jpg?fit=830%2C450&ssl=1&resize=700%2C400 2x"},"classes":[]},{"id":49854,"url":"https:\/\/noticiasribeiraopreto.com.br\/index.php\/2024\/05\/13\/doce-maravilha-2024-ingresso-solidario-tera-parte-de-sua-verba-a-instituicoes-do-rio-grande-do-sul\/","url_meta":{"origin":26868,"position":5},"title":"Doce Maravilha 2024 &#8211; Ingresso solid\u00e1rio ter\u00e1 parte de sua verba a institui\u00e7\u00f5es do Rio Grande do Sul","author":"noticiasribeiraopreto.com.br","date":"13 de May de 2024","format":false,"excerpt":"Ingresso solid\u00e1rio ter\u00e1 parte de sua\u00a0verba destinada a institui\u00e7\u00f5es do Rio Grande do Sul O festival Doce Maravilha, que acontece dias 25 e 26 de maio no Jockey Club, no Rio de Janeiro, apresenta os hor\u00e1rios dos shows. Mais de 40 artistas est\u00e3o confirmados nos dois palcos do evento, incluindo\u2026","rel":"","context":"In &quot;Not\u00edcias de Ribeir\u00e3o Preto-SP e Regi\u00e3o&quot;","block_context":{"text":"Not\u00edcias de Ribeir\u00e3o Preto-SP e Regi\u00e3o","link":"https:\/\/noticiasribeiraopreto.com.br\/index.php\/category\/noticias-de-ribeirao-preto-sp-e-regiao-ismael-colosi\/"},"img":{"alt_text":"","src":"https:\/\/i0.wp.com\/noticiasribeiraopreto.com.br\/wp-content\/uploads\/2024\/05\/samuel-rosa.jpg?fit=1200%2C551&ssl=1&resize=350%2C200","width":350,"height":200,"srcset":"https:\/\/i0.wp.com\/noticiasribeiraopreto.com.br\/wp-content\/uploads\/2024\/05\/samuel-rosa.jpg?fit=1200%2C551&ssl=1&resize=350%2C200 1x, https:\/\/i0.wp.com\/noticiasribeiraopreto.com.br\/wp-content\/uploads\/2024\/05\/samuel-rosa.jpg?fit=1200%2C551&ssl=1&resize=525%2C300 1.5x, https:\/\/i0.wp.com\/noticiasribeiraopreto.com.br\/wp-content\/uploads\/2024\/05\/samuel-rosa.jpg?fit=1200%2C551&ssl=1&resize=700%2C400 2x, https:\/\/i0.wp.com\/noticiasribeiraopreto.com.br\/wp-content\/uploads\/2024\/05\/samuel-rosa.jpg?fit=1200%2C551&ssl=1&resize=1050%2C600 3x"},"classes":[]}],"jetpack_sharing_enabled":true,"jetpack_shortlink":"https:\/\/wp.me\/peQAOb-6Zm","_links":{"self":[{"href":"https:\/\/noticiasribeiraopreto.com.br\/index.php\/wp-json\/wp\/v2\/posts\/26868","targetHints":{"allow":["GET"]}}],"collection":[{"href":"https:\/\/noticiasribeiraopreto.com.br\/index.php\/wp-json\/wp\/v2\/posts"}],"about":[{"href":"https:\/\/noticiasribeiraopreto.com.br\/index.php\/wp-json\/wp\/v2\/types\/post"}],"author":[{"embeddable":true,"href":"https:\/\/noticiasribeiraopreto.com.br\/index.php\/wp-json\/wp\/v2\/users\/1"}],"replies":[{"embeddable":true,"href":"https:\/\/noticiasribeiraopreto.com.br\/index.php\/wp-json\/wp\/v2\/comments?post=26868"}],"version-history":[{"count":0,"href":"https:\/\/noticiasribeiraopreto.com.br\/index.php\/wp-json\/wp\/v2\/posts\/26868\/revisions"}],"wp:featuredmedia":[{"embeddable":true,"href":"https:\/\/noticiasribeiraopreto.com.br\/index.php\/wp-json\/wp\/v2\/media\/26869"}],"wp:attachment":[{"href":"https:\/\/noticiasribeiraopreto.com.br\/index.php\/wp-json\/wp\/v2\/media?parent=26868"}],"wp:term":[{"taxonomy":"category","embeddable":true,"href":"https:\/\/noticiasribeiraopreto.com.br\/index.php\/wp-json\/wp\/v2\/categories?post=26868"},{"taxonomy":"post_tag","embeddable":true,"href":"https:\/\/noticiasribeiraopreto.com.br\/index.php\/wp-json\/wp\/v2\/tags?post=26868"}],"curies":[{"name":"wp","href":"https:\/\/api.w.org\/{rel}","templated":true}]}}