{"id":26899,"date":"2024-01-11T01:50:04","date_gmt":"2024-01-11T04:50:04","guid":{"rendered":"https:\/\/noticiasribeiraopreto.com.br\/index.php\/2024\/01\/11\/bosque-zoo-de-ribeirao-preto-e-opcao-de-lazer-nas-ferias-de-janeiro\/"},"modified":"2024-01-11T01:50:04","modified_gmt":"2024-01-11T04:50:04","slug":"bosque-zoo-de-ribeirao-preto-e-opcao-de-lazer-nas-ferias-de-janeiro","status":"publish","type":"post","link":"https:\/\/noticiasribeiraopreto.com.br\/index.php\/2024\/01\/11\/bosque-zoo-de-ribeirao-preto-e-opcao-de-lazer-nas-ferias-de-janeiro\/","title":{"rendered":"Bosque Zoo de Ribeir\u00e3o Preto \u00e9 op\u00e7\u00e3o de lazer nas f\u00e9rias de janeiro"},"content":{"rendered":"<div class='code-block code-block-1' style='margin: 8px 0 8px auto; text-align: right; display: block; clear: both;'>\n<p><a href=\"https:\/\/wa.link\/vpicfd\"><img data-recalc-dims=\"1\" class=\"wp-image-4922\" style=\"aspect-ratio: 2.0253164556962027; width: 561px; height: auto;\" src=\"https:\/\/i0.wp.com\/ismaelcolosi.com.br\/wp-content\/uploads\/2023\/11\/grupo-de-empregos-whatsapp-e-facebook-ismael-colosi-vagas.jpg?ssl=1\" alt=\"\" \/><\/a><\/p>\n<!-- \/wp:image -->\n<\/div>\n<p> <br \/>\n<\/p>\n<div>\n<p>No per\u00edodo de f\u00e9rias, <strong>o Bosque e Zool\u00f3gico F\u00e1bio Barreto, na zona Norte de Ribeir\u00e3o Preto<\/strong>, \u00e9 uma op\u00e7\u00e3o para passear em fam\u00edlia. <\/p>\n<p>O local fica <strong>aberto de quarta a domingo, das 9h \u00e0s 16h30, e a entrada \u00e9 gratuita.<\/strong> No Zoo, h\u00e1 lanchonete e estrutura com banheiros para os frequentadores.<\/p>\n<p>O Bosque tem um espa\u00e7o de \u00e1rea verde de 250.880 m\u00b2, onde vivem mais de<strong> 700 animais de 180 esp\u00e9cies<\/strong>, entre aves, peixes, mam\u00edferos, r\u00e9pteis e anf\u00edbios.<\/p>\n<p>Animais amea\u00e7ados de extin\u00e7\u00e3o\u00a0como arara-azul, ararajuba, su\u00e7uarana, lobo-guar\u00e1, mutum-do-sudeste, urubu-rei, anta, tamandu\u00e1-bandeira, jaboti-tinga e tracaj\u00e1, tamb\u00e9m est\u00e3o abrigados no local<\/p>\n<p>O Bosque e Zoo est\u00e1 situado no Parque do Morro do S\u00e3o Bento, que concentra uma reserva de Mata Atl\u00e2ntica, com \u00e1rvores centen\u00e1rias, como perobas, jequitib\u00e1s, ip\u00eas e jatob\u00e1s.<\/p>\n<h4 class=\"wp-block-heading\"><strong>Medicina Veterin\u00e1ria<\/strong><\/h4>\n<p>O zoo conta ainda com um setor para atendimento de animais silvestres. O hospital veterin\u00e1rio recebe de animais resgatados pelo Corpo de Bombeiros, Pol\u00edcia Ambiental, Ibama, SMA (Secretarias de Meio Ambiente) e outras institui\u00e7\u00f5es.<\/p>\n<p>S\u00e3o animais silvestres v\u00edtimas de maus tratos, atropelamentos, queimadas, apreens\u00f5es, entre outras causas. Em 2022, mais de 1700 animais silvestres foram atendidos no hospital veterin\u00e1rio.<\/p>\n<h4 class=\"wp-block-heading\"><strong>SERVI\u00c7O \u00a0\u00a0\u00a0\u00a0\u00a0\u00a0\u00a0\u00a0\u00a0\u00a0\u00a0\u00a0\u00a0\u00a0\u00a0\u00a0\u00a0\u00a0\u00a0\u00a0\u00a0\u00a0\u00a0\u00a0\u00a0\u00a0\u00a0\u00a0\u00a0\u00a0\u00a0\u00a0\u00a0\u00a0\u00a0\u00a0\u00a0\u00a0\u00a0\u00a0\u00a0\u00a0\u00a0\u00a0\u00a0\u00a0\u00a0\u00a0\u00a0\u00a0\u00a0\u00a0\u00a0\u00a0\u00a0\u00a0\u00a0\u00a0\u00a0\u00a0\u00a0\u00a0\u00a0\u00a0\u00a0\u00a0\u00a0\u00a0\u00a0\u00a0\u00a0\u00a0\u00a0\u00a0\u00a0\u00a0\u00a0\u00a0\u00a0\u00a0\u00a0\u00a0\u00a0\u00a0\u00a0\u00a0\u00a0\u00a0\u00a0\u00a0\u00a0\u00a0\u00a0\u00a0\u00a0\u00a0\u00a0\u00a0\u00a0\u00a0\u00a0\u00a0\u00a0\u00a0\u00a0\u00a0\u00a0<\/strong><\/h4>\n<p><strong>Bosque Zool\u00f3gico F\u00e1bio Barreto<\/strong><\/p>\n<p>Hor\u00e1rio:<em> <\/em>quarta a domingo, das 9h \u00e0s 16h30<br \/>Entrada gratuita<br \/>Endere\u00e7o: Rua Liberdade s\/n\u00ba, Campos El\u00edseos<br \/>Telefone: 16 3636 2545<\/p>\n<p><!-- AI CONTENT END 1 -->\n<\/div>\n<p><br \/>\n<br \/><a href=\"https:\/\/www.acidadeon.com\/ribeiraopreto\/lazer-e-cultura\/bosque-zoo-de-ribeirao-preto-e-opcao-de-lazer-nas-ferias-de-janeiro\/\">Source link <\/a><\/p>\n<!-- CONTENT END 1 -->\n","protected":false},"excerpt":{"rendered":"<p>No per\u00edodo de f\u00e9rias, o Bosque e Zool\u00f3gico F\u00e1bio Barreto, na zona Norte de Ribeir\u00e3o Preto, \u00e9 uma op\u00e7\u00e3o para passear em fam\u00edlia. O local&#8230;<\/p>\n","protected":false},"author":1,"featured_media":26900,"comment_status":"open","ping_status":"open","sticky":false,"template":"","format":"standard","meta":{"advanced_seo_description":"","jetpack_seo_html_title":"","jetpack_seo_noindex":false,"jetpack_post_was_ever_published":false,"_jetpack_newsletter_access":"","_jetpack_dont_email_post_to_subs":false,"_jetpack_newsletter_tier_id":0,"_jetpack_memberships_contains_paywalled_content":false,"_jetpack_memberships_contains_paid_content":false,"footnotes":"","jetpack_publicize_message":"","jetpack_publicize_feature_enabled":true,"jetpack_social_post_already_shared":true,"jetpack_social_options":{"image_generator_settings":{"template":"highway","default_image_id":0,"font":"","enabled":false},"version":2}},"categories":[11],"tags":[380,2970,174,3366,104,3365,27,26,1759],"class_list":["post-26899","post","type-post","status-publish","format-standard","has-post-thumbnail","hentry","category-noticias-de-ribeirao-preto-sp-e-regiao-ismael-colosi","tag-bosque","tag-ferias","tag-janeiro","tag-lazer","tag-nas","tag-opcao","tag-preto","tag-ribeirao","tag-zoo"],"jetpack_publicize_connections":[],"jetpack_featured_media_url":"https:\/\/i0.wp.com\/noticiasribeiraopreto.com.br\/wp-content\/uploads\/2024\/01\/WhatsApp-Image-2024-01-10-at-10.05.17.jpeg?fit=1600%2C1064&ssl=1","jetpack-related-posts":[{"id":61647,"url":"https:\/\/noticiasribeiraopreto.com.br\/index.php\/2024\/12\/18\/bosque-zoologico-de-ribeirao-preto-e-opcao-gratuita-de-lazer-nas-ferias-veja-horario\/","url_meta":{"origin":26899,"position":0},"title":"Bosque Zool\u00f3gico de Ribeir\u00e3o Preto \u00e9 op\u00e7\u00e3o gratuita de lazer nas f\u00e9rias; Veja hor\u00e1rio","author":"noticiasribeiraopreto.com.br","date":"18 de December de 2024","format":false,"excerpt":"O Bosque Zool\u00f3gico F\u00e1bio Barreto, em Ribeir\u00e3o Preto, est\u00e1 entre as op\u00e7\u00f5es de lazer gratuitas para aproveitar durante as f\u00e9rias na cidade. O espa\u00e7o, localizado na rua Liberdade, s\/n\u00ba, no bairro Campos El\u00edseos, zona Norte, abre para visita\u00e7\u00e3o de quarta-feira a domingo, das 9h \u00e0s 16h30. Para o Natal e\u2026","rel":"","context":"In &quot;Not\u00edcias de Ribeir\u00e3o Preto-SP e Regi\u00e3o&quot;","block_context":{"text":"Not\u00edcias de Ribeir\u00e3o Preto-SP e Regi\u00e3o","link":"https:\/\/noticiasribeiraopreto.com.br\/index.php\/category\/noticias-de-ribeirao-preto-sp-e-regiao-ismael-colosi\/"},"img":{"alt_text":"","src":"https:\/\/i0.wp.com\/noticiasribeiraopreto.com.br\/wp-content\/uploads\/2024\/12\/bosque_1_-_foto_guilherme_sircili.jpg?fit=1200%2C799&ssl=1&resize=350%2C200","width":350,"height":200,"srcset":"https:\/\/i0.wp.com\/noticiasribeiraopreto.com.br\/wp-content\/uploads\/2024\/12\/bosque_1_-_foto_guilherme_sircili.jpg?fit=1200%2C799&ssl=1&resize=350%2C200 1x, https:\/\/i0.wp.com\/noticiasribeiraopreto.com.br\/wp-content\/uploads\/2024\/12\/bosque_1_-_foto_guilherme_sircili.jpg?fit=1200%2C799&ssl=1&resize=525%2C300 1.5x, https:\/\/i0.wp.com\/noticiasribeiraopreto.com.br\/wp-content\/uploads\/2024\/12\/bosque_1_-_foto_guilherme_sircili.jpg?fit=1200%2C799&ssl=1&resize=700%2C400 2x, https:\/\/i0.wp.com\/noticiasribeiraopreto.com.br\/wp-content\/uploads\/2024\/12\/bosque_1_-_foto_guilherme_sircili.jpg?fit=1200%2C799&ssl=1&resize=1050%2C600 3x"},"classes":[]},{"id":2787,"url":"https:\/\/noticiasribeiraopreto.com.br\/index.php\/2023\/11\/16\/bosque-zoologico-e-opcao-de-lazer-em-ribeirao-durante-o-feriado-de-20-de-novembro\/","url_meta":{"origin":26899,"position":1},"title":"Bosque Zool\u00f3gico \u00e9 op\u00e7\u00e3o de lazer em Ribeir\u00e3o durante o feriado de 20 de novembro","author":"noticiasribeiraopreto.com.br","date":"16 de November de 2023","format":false,"excerpt":"A Prefeitura de Ribeir\u00e3o Preto informou que o Bosque Zool\u00f3gico F\u00e1bio Barreto, localizado na zona Norte da cidade, estar\u00e1 aberto para visita\u00e7\u00e3o, durante o Dia da Consci\u00eancia Negra, celebrado em 20 de novembro. A data vai proporcionar o \u00faltimo feriado prolongado antes do Natal no Estado. O local funcionar\u00e1, excepcionalmente,\u2026","rel":"","context":"In &quot;Not\u00edcias de Ribeir\u00e3o Preto-SP e Regi\u00e3o&quot;","block_context":{"text":"Not\u00edcias de Ribeir\u00e3o Preto-SP e Regi\u00e3o","link":"https:\/\/noticiasribeiraopreto.com.br\/index.php\/category\/noticias-de-ribeirao-preto-sp-e-regiao-ismael-colosi\/"},"img":{"alt_text":"","src":"https:\/\/i0.wp.com\/noticiasribeiraopreto.com.br\/wp-content\/uploads\/2023\/11\/bosque.jpg?fit=1200%2C620&ssl=1&resize=350%2C200","width":350,"height":200,"srcset":"https:\/\/i0.wp.com\/noticiasribeiraopreto.com.br\/wp-content\/uploads\/2023\/11\/bosque.jpg?fit=1200%2C620&ssl=1&resize=350%2C200 1x, https:\/\/i0.wp.com\/noticiasribeiraopreto.com.br\/wp-content\/uploads\/2023\/11\/bosque.jpg?fit=1200%2C620&ssl=1&resize=525%2C300 1.5x, https:\/\/i0.wp.com\/noticiasribeiraopreto.com.br\/wp-content\/uploads\/2023\/11\/bosque.jpg?fit=1200%2C620&ssl=1&resize=700%2C400 2x, https:\/\/i0.wp.com\/noticiasribeiraopreto.com.br\/wp-content\/uploads\/2023\/11\/bosque.jpg?fit=1200%2C620&ssl=1&resize=1050%2C600 3x"},"classes":[]},{"id":48125,"url":"https:\/\/noticiasribeiraopreto.com.br\/index.php\/2024\/04\/30\/bosque-de-ribeirao-preto-e-opcao-de-lazer-neste-feriado-confira-o-horario-de-funcionamento\/","url_meta":{"origin":26899,"position":2},"title":"Bosque de Ribeir\u00e3o Preto \u00e9 op\u00e7\u00e3o de lazer neste feriado; Confira o hor\u00e1rio de funcionamento","author":"noticiasribeiraopreto.com.br","date":"30 de April de 2024","format":false,"excerpt":"O Bosque Zool\u00f3gico F\u00e1bio Barreto, localizado na zona Norte de Ribeir\u00e3o Preto, \u00e9 uma op\u00e7\u00e3o para curtir o feriado do Dia do Trabalho, comemorado nesta quarta-feira (1\u00ba). Com entrada gratuita, o local estar\u00e1 aberto normalmente durante o feriado. Os interessados podem aproveitar o espa\u00e7o de \u00e1rea verde das 9h at\u00e9\u2026","rel":"","context":"In &quot;Not\u00edcias de Ribeir\u00e3o Preto-SP e Regi\u00e3o&quot;","block_context":{"text":"Not\u00edcias de Ribeir\u00e3o Preto-SP e Regi\u00e3o","link":"https:\/\/noticiasribeiraopreto.com.br\/index.php\/category\/noticias-de-ribeirao-preto-sp-e-regiao-ismael-colosi\/"},"img":{"alt_text":"","src":"https:\/\/i0.wp.com\/noticiasribeiraopreto.com.br\/wp-content\/uploads\/2024\/04\/bosque_zoo_1024x576_16122020150309.jpg?fit=1024%2C576&ssl=1&resize=350%2C200","width":350,"height":200,"srcset":"https:\/\/i0.wp.com\/noticiasribeiraopreto.com.br\/wp-content\/uploads\/2024\/04\/bosque_zoo_1024x576_16122020150309.jpg?fit=1024%2C576&ssl=1&resize=350%2C200 1x, https:\/\/i0.wp.com\/noticiasribeiraopreto.com.br\/wp-content\/uploads\/2024\/04\/bosque_zoo_1024x576_16122020150309.jpg?fit=1024%2C576&ssl=1&resize=525%2C300 1.5x, https:\/\/i0.wp.com\/noticiasribeiraopreto.com.br\/wp-content\/uploads\/2024\/04\/bosque_zoo_1024x576_16122020150309.jpg?fit=1024%2C576&ssl=1&resize=700%2C400 2x"},"classes":[]},{"id":44697,"url":"https:\/\/noticiasribeiraopreto.com.br\/index.php\/2024\/03\/29\/bosque-de-ribeirao-preto-e-opcao-de-lazer-neste-fim-de-semana-pos-feriado\/","url_meta":{"origin":26899,"position":3},"title":"Bosque de Ribeir\u00e3o Preto \u00e9 op\u00e7\u00e3o de lazer neste fim de semana p\u00f3s-feriado","author":"noticiasribeiraopreto.com.br","date":"29 de March de 2024","format":false,"excerpt":"O Bosque Zool\u00f3gico F\u00e1bio Barreto em Ribeir\u00e3o Preto funcionar\u00e1 normalmente neste fim de semana, p\u00f3s-feriado. Com entrada de gra\u00e7a, o local estar\u00e1 aberto ao p\u00fablico no s\u00e1bado (30) e domingo (31), das 9h \u00e0s 16h30. Sobre o bosque O Bosque e Zool\u00f3gico conta com um espa\u00e7o de \u00e1rea verde de\u2026","rel":"","context":"In &quot;Not\u00edcias de Ribeir\u00e3o Preto-SP e Regi\u00e3o&quot;","block_context":{"text":"Not\u00edcias de Ribeir\u00e3o Preto-SP e Regi\u00e3o","link":"https:\/\/noticiasribeiraopreto.com.br\/index.php\/category\/noticias-de-ribeirao-preto-sp-e-regiao-ismael-colosi\/"},"img":{"alt_text":"","src":"https:\/\/i0.wp.com\/noticiasribeiraopreto.com.br\/wp-content\/uploads\/2024\/03\/1711744108_acidadeon_logos_Prancheta-1-copia-12_edited.jpg?fit=1199%2C1200&ssl=1&resize=350%2C200","width":350,"height":200,"srcset":"https:\/\/i0.wp.com\/noticiasribeiraopreto.com.br\/wp-content\/uploads\/2024\/03\/1711744108_acidadeon_logos_Prancheta-1-copia-12_edited.jpg?fit=1199%2C1200&ssl=1&resize=350%2C200 1x, https:\/\/i0.wp.com\/noticiasribeiraopreto.com.br\/wp-content\/uploads\/2024\/03\/1711744108_acidadeon_logos_Prancheta-1-copia-12_edited.jpg?fit=1199%2C1200&ssl=1&resize=525%2C300 1.5x, https:\/\/i0.wp.com\/noticiasribeiraopreto.com.br\/wp-content\/uploads\/2024\/03\/1711744108_acidadeon_logos_Prancheta-1-copia-12_edited.jpg?fit=1199%2C1200&ssl=1&resize=700%2C400 2x, https:\/\/i0.wp.com\/noticiasribeiraopreto.com.br\/wp-content\/uploads\/2024\/03\/1711744108_acidadeon_logos_Prancheta-1-copia-12_edited.jpg?fit=1199%2C1200&ssl=1&resize=1050%2C600 3x"},"classes":[]},{"id":44701,"url":"https:\/\/noticiasribeiraopreto.com.br\/index.php\/2024\/03\/29\/bosque-de-ribeirao-preto-e-opcao-de-lazer-neste-fim-de-semana-pos-feriado-2\/","url_meta":{"origin":26899,"position":4},"title":"Bosque de Ribeir\u00e3o Preto \u00e9 op\u00e7\u00e3o de lazer neste fim de semana p\u00f3s-feriado","author":"noticiasribeiraopreto.com.br","date":"29 de March de 2024","format":false,"excerpt":"O Bosque Zool\u00f3gico F\u00e1bio Barreto em Ribeir\u00e3o Preto funcionar\u00e1 normalmente neste fim de semana, p\u00f3s-feriado. Com entrada de gra\u00e7a, o local estar\u00e1 aberto ao p\u00fablico no s\u00e1bado (30) e domingo (31), das 9h \u00e0s 16h30. Sobre o bosque O Bosque e Zool\u00f3gico conta com um espa\u00e7o de \u00e1rea verde de\u2026","rel":"","context":"In &quot;Not\u00edcias de Ribeir\u00e3o Preto-SP e Regi\u00e3o&quot;","block_context":{"text":"Not\u00edcias de Ribeir\u00e3o Preto-SP e Regi\u00e3o","link":"https:\/\/noticiasribeiraopreto.com.br\/index.php\/category\/noticias-de-ribeirao-preto-sp-e-regiao-ismael-colosi\/"},"img":{"alt_text":"","src":"https:\/\/i0.wp.com\/noticiasribeiraopreto.com.br\/wp-content\/uploads\/2024\/03\/Copia-de-Copia-de-TAMANHO-EXATO-PARA-FOTOS-NO-SISTEMA-NOVO-7-1.jpg?fit=1200%2C675&ssl=1&resize=350%2C200","width":350,"height":200,"srcset":"https:\/\/i0.wp.com\/noticiasribeiraopreto.com.br\/wp-content\/uploads\/2024\/03\/Copia-de-Copia-de-TAMANHO-EXATO-PARA-FOTOS-NO-SISTEMA-NOVO-7-1.jpg?fit=1200%2C675&ssl=1&resize=350%2C200 1x, https:\/\/i0.wp.com\/noticiasribeiraopreto.com.br\/wp-content\/uploads\/2024\/03\/Copia-de-Copia-de-TAMANHO-EXATO-PARA-FOTOS-NO-SISTEMA-NOVO-7-1.jpg?fit=1200%2C675&ssl=1&resize=525%2C300 1.5x, https:\/\/i0.wp.com\/noticiasribeiraopreto.com.br\/wp-content\/uploads\/2024\/03\/Copia-de-Copia-de-TAMANHO-EXATO-PARA-FOTOS-NO-SISTEMA-NOVO-7-1.jpg?fit=1200%2C675&ssl=1&resize=700%2C400 2x, https:\/\/i0.wp.com\/noticiasribeiraopreto.com.br\/wp-content\/uploads\/2024\/03\/Copia-de-Copia-de-TAMANHO-EXATO-PARA-FOTOS-NO-SISTEMA-NOVO-7-1.jpg?fit=1200%2C675&ssl=1&resize=1050%2C600 3x"},"classes":[]},{"id":62591,"url":"https:\/\/noticiasribeiraopreto.com.br\/index.php\/2025\/01\/18\/bosque-de-ribeirao-preto-tera-abertura-especial-no-feriado-veja-o-horario\/","url_meta":{"origin":26899,"position":5},"title":"Bosque de Ribeir\u00e3o Preto ter\u00e1 abertura especial no feriado; Veja o hor\u00e1rio","author":"noticiasribeiraopreto.com.br","date":"18 de January de 2025","format":false,"excerpt":"O Bosque Zool\u00f3gico F\u00e1bio Barreto, em Ribeir\u00e3o Preto, conta um hor\u00e1rio de funcionamento especial no feriado de S\u00e3o Sebasti\u00e3o, comemorado na pr\u00f3xima segunda-feira (20). No dia, o bosque funcionar\u00e1 das 9h \u00e0s 16h30. Al\u00e9m disso, o bosque tamb\u00e9m abre para visita\u00e7\u00e3o neste s\u00e1bado (18) e domingo (19), das 9h \u00e0s\u2026","rel":"","context":"In &quot;Not\u00edcias de Ribeir\u00e3o Preto-SP e Regi\u00e3o&quot;","block_context":{"text":"Not\u00edcias de Ribeir\u00e3o Preto-SP e Regi\u00e3o","link":"https:\/\/noticiasribeiraopreto.com.br\/index.php\/category\/noticias-de-ribeirao-preto-sp-e-regiao-ismael-colosi\/"},"img":{"alt_text":"","src":"https:\/\/i0.wp.com\/noticiasribeiraopreto.com.br\/wp-content\/uploads\/2025\/01\/obras_bosque_-_foto_guilherme_sircili_30-1068x712-1.jpg?fit=1068%2C712&ssl=1&resize=350%2C200","width":350,"height":200,"srcset":"https:\/\/i0.wp.com\/noticiasribeiraopreto.com.br\/wp-content\/uploads\/2025\/01\/obras_bosque_-_foto_guilherme_sircili_30-1068x712-1.jpg?fit=1068%2C712&ssl=1&resize=350%2C200 1x, https:\/\/i0.wp.com\/noticiasribeiraopreto.com.br\/wp-content\/uploads\/2025\/01\/obras_bosque_-_foto_guilherme_sircili_30-1068x712-1.jpg?fit=1068%2C712&ssl=1&resize=525%2C300 1.5x, https:\/\/i0.wp.com\/noticiasribeiraopreto.com.br\/wp-content\/uploads\/2025\/01\/obras_bosque_-_foto_guilherme_sircili_30-1068x712-1.jpg?fit=1068%2C712&ssl=1&resize=700%2C400 2x, https:\/\/i0.wp.com\/noticiasribeiraopreto.com.br\/wp-content\/uploads\/2025\/01\/obras_bosque_-_foto_guilherme_sircili_30-1068x712-1.jpg?fit=1068%2C712&ssl=1&resize=1050%2C600 3x"},"classes":[]}],"jetpack_sharing_enabled":true,"jetpack_shortlink":"https:\/\/wp.me\/peQAOb-6ZR","_links":{"self":[{"href":"https:\/\/noticiasribeiraopreto.com.br\/index.php\/wp-json\/wp\/v2\/posts\/26899","targetHints":{"allow":["GET"]}}],"collection":[{"href":"https:\/\/noticiasribeiraopreto.com.br\/index.php\/wp-json\/wp\/v2\/posts"}],"about":[{"href":"https:\/\/noticiasribeiraopreto.com.br\/index.php\/wp-json\/wp\/v2\/types\/post"}],"author":[{"embeddable":true,"href":"https:\/\/noticiasribeiraopreto.com.br\/index.php\/wp-json\/wp\/v2\/users\/1"}],"replies":[{"embeddable":true,"href":"https:\/\/noticiasribeiraopreto.com.br\/index.php\/wp-json\/wp\/v2\/comments?post=26899"}],"version-history":[{"count":0,"href":"https:\/\/noticiasribeiraopreto.com.br\/index.php\/wp-json\/wp\/v2\/posts\/26899\/revisions"}],"wp:featuredmedia":[{"embeddable":true,"href":"https:\/\/noticiasribeiraopreto.com.br\/index.php\/wp-json\/wp\/v2\/media\/26900"}],"wp:attachment":[{"href":"https:\/\/noticiasribeiraopreto.com.br\/index.php\/wp-json\/wp\/v2\/media?parent=26899"}],"wp:term":[{"taxonomy":"category","embeddable":true,"href":"https:\/\/noticiasribeiraopreto.com.br\/index.php\/wp-json\/wp\/v2\/categories?post=26899"},{"taxonomy":"post_tag","embeddable":true,"href":"https:\/\/noticiasribeiraopreto.com.br\/index.php\/wp-json\/wp\/v2\/tags?post=26899"}],"curies":[{"name":"wp","href":"https:\/\/api.w.org\/{rel}","templated":true}]}}