{"id":26907,"date":"2024-01-11T02:24:13","date_gmt":"2024-01-11T05:24:13","guid":{"rendered":"https:\/\/noticiasribeiraopreto.com.br\/index.php\/2024\/01\/11\/gustavo-tubarao-se-emociona-ao-lembrar-de-luta-contra-depressao-e-panico-chorava-em-posicao-fetal\/"},"modified":"2024-01-11T02:24:13","modified_gmt":"2024-01-11T05:24:13","slug":"gustavo-tubarao-se-emociona-ao-lembrar-de-luta-contra-depressao-e-panico-chorava-em-posicao-fetal","status":"publish","type":"post","link":"https:\/\/noticiasribeiraopreto.com.br\/index.php\/2024\/01\/11\/gustavo-tubarao-se-emociona-ao-lembrar-de-luta-contra-depressao-e-panico-chorava-em-posicao-fetal\/","title":{"rendered":"Gustavo Tubar\u00e3o se emociona ao lembrar de luta contra depress\u00e3o e p\u00e2nico: \u201cChorava em posi\u00e7\u00e3o fetal\u201d"},"content":{"rendered":"<div class='code-block code-block-1' style='margin: 8px 0 8px auto; text-align: right; display: block; clear: both;'>\n<p><a href=\"https:\/\/wa.link\/vpicfd\"><img data-recalc-dims=\"1\" class=\"wp-image-4922\" style=\"aspect-ratio: 2.0253164556962027; width: 561px; height: auto;\" src=\"https:\/\/i0.wp.com\/ismaelcolosi.com.br\/wp-content\/uploads\/2023\/11\/grupo-de-empregos-whatsapp-e-facebook-ismael-colosi-vagas.jpg?ssl=1\" alt=\"\" \/><\/a><\/p>\n<!-- \/wp:image -->\n<\/div>\n<p> <br \/>\n<\/p>\n<div itemprop=\"text\">\n<p>Muito conhecido nas redes sociais, o influenciador Gustavo Tubar\u00e3o chamou a aten\u00e7\u00e3o com um desabafo sobre sua luta pela sa\u00fade mental. Tubar\u00e3o falou sobre o per\u00edodo em que esteve mal.<\/p>\n<p>O desabafo foi publicado nas redes sociais nesta quarta-feira (10\/01). O influenciador falou sobre o per\u00edodo em que passou dois anos evitando sair, enquanto lutava contra um quadro de ansiedade e depress\u00e3o.<\/p>\n<p>\u201c<b>Contei da depress\u00e3o que eu passei, da s\u00edndrome do p\u00e2nico que eu tenho. Eu fiquei praticamente dois anos dentro do quarto e chorava em posi\u00e7\u00e3o fetal no banheiro e falava: \u2018Deus, se eu conseguir um dia sair disso aqui, eu vou tentar ajudar o m\u00e1ximo de pessoas que eu conseguir<\/b>\u201c, desabafou.<\/p>\n<p>Gustavo n\u00e3o conseguiu conter a emo\u00e7\u00e3o e chorou durante o v\u00eddeo. Ao longo do desabafo, ele tamb\u00e9m falou sobre a import\u00e2ncia de procurar atendimento m\u00e9dico, atrav\u00e9s da psicologia e da psiquiatria.<\/p>\n<p>Muito franco, o influenciador admitiu que talvez n\u00e3o tivesse sobrevivido caso n\u00e3o tivesse recebido ajuda na hora certa. Em seu desabafo, Gustavo tamb\u00e9m incentivou que seus seguidores procurassem ajuda.<\/p>\n<p>Quadros de depress\u00e3o e ansiedade podem acontecer de diferentes formas, com diferentes sintomas e intensidades. Ao perceber sinais, \u00e9 sempre importante procurar atendimento. Em muitos casos, a medica\u00e7\u00e3o se torna necess\u00e1ria.<\/p>\n<blockquote class=\"instagram-media\" style=\"background: #FFF; border: 0; border-radius: 3px; box-shadow: 0 0 1px 0 rgba(0,0,0,0.5),0 1px 10px 0 rgba(0,0,0,0.15); margin: 1px; max-width: 540px; min-width: 326px; padding: 0; width: calc(100% - 2px);\" data-instgrm-permalink=\"https:\/\/www.instagram.com\/reel\/C17q_S9v8gL\/?utm_source=ig_embed&amp;utm_campaign=loading\" data-instgrm-version=\"14\">\n<p>\u00a0<\/p>\n<p>Ver essa foto no Instagram<\/p>\n<p>\u00a0<\/p>\n<p style=\"color: #c9c8cd; font-family: Arial,sans-serif; font-size: 14px; line-height: 17px; margin-bottom: 0; margin-top: 8px; overflow: hidden; padding: 8px 0 7px; text-align: center; text-overflow: ellipsis; white-space: nowrap;\"><a style=\"color: #c9c8cd; font-family: Arial,sans-serif; font-size: 14px; font-style: normal; font-weight: normal; line-height: 17px; text-decoration: none;\" href=\"https:\/\/www.instagram.com\/reel\/C17q_S9v8gL\/?utm_source=ig_embed&amp;utm_campaign=loading\" target=\"_blank\" rel=\"noopener\">Uma publica\u00e7\u00e3o compartilhada por Gustavo Tubara\u0303o \ud83e\udd88 (@ogustavotubarao)<\/a><\/p>\n<\/blockquote>\n<p>O v\u00eddeo tamb\u00e9m aproveitou para promover o lan\u00e7amento do novo livro de Gustavo. O rapaz escreveu um livro onde fala sobre o per\u00edodo sombrio que viveu, mas n\u00e3o se trata de uma biografia.<\/p>\n<\/div>\n<p><script async src=\"\/\/www.instagram.com\/embed.js\"><\/script><br \/>\n<br \/><br \/>\n<br \/><a href=\"https:\/\/fnmais.com\/gustavo-tubarao-se-emociona-ao-lembrar-luta-contra-depressao-panico-chorava-em-posicao-fetal\/\">Source link <\/a><\/p>\n<!-- CONTENT END 1 -->\n","protected":false},"excerpt":{"rendered":"<p>Muito conhecido nas redes sociais, o influenciador Gustavo Tubar\u00e3o chamou a aten\u00e7\u00e3o com um desabafo sobre sua luta pela sa\u00fade mental. Tubar\u00e3o falou sobre o&#8230;<\/p>\n","protected":false},"author":1,"featured_media":26908,"comment_status":"open","ping_status":"open","sticky":false,"template":"","format":"standard","meta":{"advanced_seo_description":"","jetpack_seo_html_title":"","jetpack_seo_noindex":false,"jetpack_post_was_ever_published":false,"_jetpack_newsletter_access":"","_jetpack_dont_email_post_to_subs":false,"_jetpack_newsletter_tier_id":0,"_jetpack_memberships_contains_paywalled_content":false,"_jetpack_memberships_contains_paid_content":false,"footnotes":"","jetpack_publicize_message":"","jetpack_publicize_feature_enabled":true,"jetpack_social_post_already_shared":true,"jetpack_social_options":{"image_generator_settings":{"template":"highway","default_image_id":0,"font":"","enabled":false},"version":2}},"categories":[1],"tags":[],"class_list":["post-26907","post","type-post","status-publish","format-standard","has-post-thumbnail","hentry","category-blog"],"jetpack_publicize_connections":[],"jetpack_featured_media_url":"https:\/\/i0.wp.com\/noticiasribeiraopreto.com.br\/wp-content\/uploads\/2024\/01\/postimg-659f573a9e4f98368.jpg?fit=1200%2C628&ssl=1","jetpack-related-posts":[{"id":26370,"url":"https:\/\/noticiasribeiraopreto.com.br\/index.php\/2024\/01\/09\/achei-que-jamais-faria-tudo-isso\/","url_meta":{"origin":26907,"position":0},"title":"\u201cAchei que jamais faria tudo isso\u201d","author":"noticiasribeiraopreto.com.br","date":"9 de January de 2024","format":false,"excerpt":"Simony vem h\u00e1 meses lutando por sua sa\u00fade e j\u00e1 falou abertamente sobre a situa\u00e7\u00e3o em v\u00e1rias oportunidades. A cantora recentemente apareceu em um momento descontra\u00eddo nas redes sociais e desabafou.Ainda no primeiro semestre do ano de 2022, Simony come\u00e7ou seu tratamento contra um c\u00e2ncer de intestino. No ano passado,\u2026","rel":"","context":"In &quot;Blog&quot;","block_context":{"text":"Blog","link":"https:\/\/noticiasribeiraopreto.com.br\/index.php\/category\/blog\/"},"img":{"alt_text":"","src":"https:\/\/i0.wp.com\/noticiasribeiraopreto.com.br\/wp-content\/uploads\/2024\/01\/postimg-659dca148d0849415.jpg?fit=1200%2C628&ssl=1&resize=350%2C200","width":350,"height":200,"srcset":"https:\/\/i0.wp.com\/noticiasribeiraopreto.com.br\/wp-content\/uploads\/2024\/01\/postimg-659dca148d0849415.jpg?fit=1200%2C628&ssl=1&resize=350%2C200 1x, https:\/\/i0.wp.com\/noticiasribeiraopreto.com.br\/wp-content\/uploads\/2024\/01\/postimg-659dca148d0849415.jpg?fit=1200%2C628&ssl=1&resize=525%2C300 1.5x, https:\/\/i0.wp.com\/noticiasribeiraopreto.com.br\/wp-content\/uploads\/2024\/01\/postimg-659dca148d0849415.jpg?fit=1200%2C628&ssl=1&resize=700%2C400 2x, https:\/\/i0.wp.com\/noticiasribeiraopreto.com.br\/wp-content\/uploads\/2024\/01\/postimg-659dca148d0849415.jpg?fit=1200%2C628&ssl=1&resize=1050%2C600 3x"},"classes":[]},{"id":28308,"url":"https:\/\/noticiasribeiraopreto.com.br\/index.php\/2024\/01\/15\/gustavo-mioto-faz-grande-pedido-apos-expor-motivo-do-fim-do-relacionamento-com-ana-castela\/","url_meta":{"origin":26907,"position":1},"title":"Gustavo Mioto faz grande pedido ap\u00f3s expor motivo do fim do relacionamento com Ana Castela","author":"noticiasribeiraopreto.com.br","date":"15 de January de 2024","format":false,"excerpt":"O ano mal come\u00e7ou e um casal querido do p\u00fablico terminou a rela\u00e7\u00e3o. Gustavo Mioto e Ana Castela n\u00e3o est\u00e3o mais juntos. A informa\u00e7\u00e3o foi dada aos f\u00e3s e admiradores do casal pelo pr\u00f3prio Gustavo em suas redes sociais.Ele come\u00e7ou escrevendo que o informativo era sobre o fim do relacionamento\u2026","rel":"","context":"In &quot;Blog&quot;","block_context":{"text":"Blog","link":"https:\/\/noticiasribeiraopreto.com.br\/index.php\/category\/blog\/"},"img":{"alt_text":"","src":"https:\/\/i0.wp.com\/noticiasribeiraopreto.com.br\/wp-content\/uploads\/2024\/01\/postimg-65a561e8e3d289795.jpg?fit=1200%2C628&ssl=1&resize=350%2C200","width":350,"height":200,"srcset":"https:\/\/i0.wp.com\/noticiasribeiraopreto.com.br\/wp-content\/uploads\/2024\/01\/postimg-65a561e8e3d289795.jpg?fit=1200%2C628&ssl=1&resize=350%2C200 1x, https:\/\/i0.wp.com\/noticiasribeiraopreto.com.br\/wp-content\/uploads\/2024\/01\/postimg-65a561e8e3d289795.jpg?fit=1200%2C628&ssl=1&resize=525%2C300 1.5x, https:\/\/i0.wp.com\/noticiasribeiraopreto.com.br\/wp-content\/uploads\/2024\/01\/postimg-65a561e8e3d289795.jpg?fit=1200%2C628&ssl=1&resize=700%2C400 2x, https:\/\/i0.wp.com\/noticiasribeiraopreto.com.br\/wp-content\/uploads\/2024\/01\/postimg-65a561e8e3d289795.jpg?fit=1200%2C628&ssl=1&resize=1050%2C600 3x"},"classes":[]},{"id":11303,"url":"https:\/\/noticiasribeiraopreto.com.br\/index.php\/2023\/12\/05\/urgente-jenny-mirada-se-despede-na-varada-do-seu-apartamento-e-faz-pedido-triste-minha-morte\/","url_meta":{"origin":26907,"position":2},"title":"URGENTE! Jenny Mirada se despede na varada do seu apartamento e faz pedido triste: &#8220;Minha morte&#8221;","author":"noticiasribeiraopreto.com.br","date":"5 de December de 2023","format":false,"excerpt":"Em uma noite repleta de emo\u00e7\u00f5es, a influenciadora e ex-participante de \u201cA Fazenda 15\u201d, Jenny Miranda, compartilhou com seus seguidores um momento de profunda vulnerabilidade.Atrav\u00e9s dos stories em suas redes sociais, Jenny, visivelmente abalada, falou sobre as dificuldades que vem enfrentando ap\u00f3s o t\u00e9rmino de seu casamento com F\u00e1bio Gontijo.Com\u2026","rel":"","context":"In &quot;Blog&quot;","block_context":{"text":"Blog","link":"https:\/\/noticiasribeiraopreto.com.br\/index.php\/category\/blog\/"},"img":{"alt_text":"","src":"https:\/\/i0.wp.com\/noticiasribeiraopreto.com.br\/wp-content\/uploads\/2023\/12\/postimg-656fcca88826c2839.jpg?fit=1200%2C628&ssl=1&resize=350%2C200","width":350,"height":200,"srcset":"https:\/\/i0.wp.com\/noticiasribeiraopreto.com.br\/wp-content\/uploads\/2023\/12\/postimg-656fcca88826c2839.jpg?fit=1200%2C628&ssl=1&resize=350%2C200 1x, https:\/\/i0.wp.com\/noticiasribeiraopreto.com.br\/wp-content\/uploads\/2023\/12\/postimg-656fcca88826c2839.jpg?fit=1200%2C628&ssl=1&resize=525%2C300 1.5x, https:\/\/i0.wp.com\/noticiasribeiraopreto.com.br\/wp-content\/uploads\/2023\/12\/postimg-656fcca88826c2839.jpg?fit=1200%2C628&ssl=1&resize=700%2C400 2x, https:\/\/i0.wp.com\/noticiasribeiraopreto.com.br\/wp-content\/uploads\/2023\/12\/postimg-656fcca88826c2839.jpg?fit=1200%2C628&ssl=1&resize=1050%2C600 3x"},"classes":[]},{"id":5442,"url":"https:\/\/noticiasribeiraopreto.com.br\/index.php\/2023\/11\/23\/zeze-di-camargo-relembra-momentos-de-traicao-durante-casamento-com-zilu-godoi-eu-era-bagaceira\/","url_meta":{"origin":26907,"position":3},"title":"Zez\u00e9 Di Camargo relembra momentos de trai\u00e7\u00e3o durante casamento com Zilu Godoi \u201cEu era bagaceira\u201d","author":"noticiasribeiraopreto.com.br","date":"23 de November de 2023","format":false,"excerpt":"A vida do cantor Zez\u00e9 de Camargo tem sido exposta ultimamente com assuntos relacionados a sua atual esposa e tamb\u00e9m com sua ex esposa, m\u00e3e de seus tr\u00eas filhos.Em uma entrevista para o podcast de Camila Loures e Lucas Guimar\u00e3es, o PodCats, ele falou sobre um per\u00edodo em que estava\u2026","rel":"","context":"In &quot;Blog&quot;","block_context":{"text":"Blog","link":"https:\/\/noticiasribeiraopreto.com.br\/index.php\/category\/blog\/"},"img":{"alt_text":"","src":"https:\/\/i0.wp.com\/noticiasribeiraopreto.com.br\/wp-content\/uploads\/2023\/11\/postimg-655f916422a078669.jpg?fit=1200%2C628&ssl=1&resize=350%2C200","width":350,"height":200,"srcset":"https:\/\/i0.wp.com\/noticiasribeiraopreto.com.br\/wp-content\/uploads\/2023\/11\/postimg-655f916422a078669.jpg?fit=1200%2C628&ssl=1&resize=350%2C200 1x, https:\/\/i0.wp.com\/noticiasribeiraopreto.com.br\/wp-content\/uploads\/2023\/11\/postimg-655f916422a078669.jpg?fit=1200%2C628&ssl=1&resize=525%2C300 1.5x, https:\/\/i0.wp.com\/noticiasribeiraopreto.com.br\/wp-content\/uploads\/2023\/11\/postimg-655f916422a078669.jpg?fit=1200%2C628&ssl=1&resize=700%2C400 2x, https:\/\/i0.wp.com\/noticiasribeiraopreto.com.br\/wp-content\/uploads\/2023\/11\/postimg-655f916422a078669.jpg?fit=1200%2C628&ssl=1&resize=1050%2C600 3x"},"classes":[]},{"id":26064,"url":"https:\/\/noticiasribeiraopreto.com.br\/index.php\/2024\/01\/09\/viuva-do-cantor-sertanejo-joao-carreiro-faz-forte-desabafo-cade-meu-amor\/","url_meta":{"origin":26907,"position":4},"title":"Vi\u00fava do cantor sertanejo Jo\u00e3o Carreiro faz forte desabafo: &#8216;cad\u00ea meu amor?&#8217;","author":"noticiasribeiraopreto.com.br","date":"9 de January de 2024","format":false,"excerpt":"A morte do cantor sertanejo Jo\u00e3o Carreiro tem sido um golpe dif\u00edcil para sua fam\u00edlia suportar. O cantor faleceu ap\u00f3s sofrer complica\u00e7\u00f5es card\u00edacas, deixando a esposa, duas filhas e milhares de f\u00e3s.Pelas redes sociais, a vi\u00fava do cantor fez um comovente desabafo. Francine Caroline se mostrou fragilizada ap\u00f3s a morte\u2026","rel":"","context":"In &quot;Blog&quot;","block_context":{"text":"Blog","link":"https:\/\/noticiasribeiraopreto.com.br\/index.php\/category\/blog\/"},"img":{"alt_text":"","src":"https:\/\/i0.wp.com\/noticiasribeiraopreto.com.br\/wp-content\/uploads\/2024\/01\/postimg-659ccc736dfbb8554.jpg?fit=1200%2C628&ssl=1&resize=350%2C200","width":350,"height":200,"srcset":"https:\/\/i0.wp.com\/noticiasribeiraopreto.com.br\/wp-content\/uploads\/2024\/01\/postimg-659ccc736dfbb8554.jpg?fit=1200%2C628&ssl=1&resize=350%2C200 1x, https:\/\/i0.wp.com\/noticiasribeiraopreto.com.br\/wp-content\/uploads\/2024\/01\/postimg-659ccc736dfbb8554.jpg?fit=1200%2C628&ssl=1&resize=525%2C300 1.5x, https:\/\/i0.wp.com\/noticiasribeiraopreto.com.br\/wp-content\/uploads\/2024\/01\/postimg-659ccc736dfbb8554.jpg?fit=1200%2C628&ssl=1&resize=700%2C400 2x, https:\/\/i0.wp.com\/noticiasribeiraopreto.com.br\/wp-content\/uploads\/2024\/01\/postimg-659ccc736dfbb8554.jpg?fit=1200%2C628&ssl=1&resize=1050%2C600 3x"},"classes":[]},{"id":28392,"url":"https:\/\/noticiasribeiraopreto.com.br\/index.php\/2024\/01\/15\/apesar-de-comentarios-sobre-brunet-rodriguinho-viveu-luta-contra-a-balanca-e-efeito-sanfona\/","url_meta":{"origin":26907,"position":5},"title":"Apesar de coment\u00e1rios sobre Brunet, Rodriguinho viveu luta contra a balan\u00e7a e efeito &#8216;sanfona&#8217;","author":"noticiasribeiraopreto.com.br","date":"15 de January de 2024","format":false,"excerpt":"O BBB24 j\u00e1 come\u00e7a a cativar o p\u00fablico, com seus participantes ganhando apoio, ou perdendo aprova\u00e7\u00e3o. Nestes \u00faltimos dias, quem tem chamado bastante a aten\u00e7\u00e3o \u00e9 o cantor Rodriguinho.O artista tem causado inc\u00f4modo do p\u00fablico pela insist\u00eancia em falar sobre o peso e h\u00e1bitos alimentares de Yasmin Brunet. Acontece que\u2026","rel":"","context":"In &quot;Blog&quot;","block_context":{"text":"Blog","link":"https:\/\/noticiasribeiraopreto.com.br\/index.php\/category\/blog\/"},"img":{"alt_text":"","src":"https:\/\/i0.wp.com\/noticiasribeiraopreto.com.br\/wp-content\/uploads\/2024\/01\/postimg-65a5982a3651e6318.jpg?fit=1200%2C628&ssl=1&resize=350%2C200","width":350,"height":200,"srcset":"https:\/\/i0.wp.com\/noticiasribeiraopreto.com.br\/wp-content\/uploads\/2024\/01\/postimg-65a5982a3651e6318.jpg?fit=1200%2C628&ssl=1&resize=350%2C200 1x, https:\/\/i0.wp.com\/noticiasribeiraopreto.com.br\/wp-content\/uploads\/2024\/01\/postimg-65a5982a3651e6318.jpg?fit=1200%2C628&ssl=1&resize=525%2C300 1.5x, https:\/\/i0.wp.com\/noticiasribeiraopreto.com.br\/wp-content\/uploads\/2024\/01\/postimg-65a5982a3651e6318.jpg?fit=1200%2C628&ssl=1&resize=700%2C400 2x, https:\/\/i0.wp.com\/noticiasribeiraopreto.com.br\/wp-content\/uploads\/2024\/01\/postimg-65a5982a3651e6318.jpg?fit=1200%2C628&ssl=1&resize=1050%2C600 3x"},"classes":[]}],"jetpack_sharing_enabled":true,"jetpack_shortlink":"https:\/\/wp.me\/peQAOb-6ZZ","_links":{"self":[{"href":"https:\/\/noticiasribeiraopreto.com.br\/index.php\/wp-json\/wp\/v2\/posts\/26907","targetHints":{"allow":["GET"]}}],"collection":[{"href":"https:\/\/noticiasribeiraopreto.com.br\/index.php\/wp-json\/wp\/v2\/posts"}],"about":[{"href":"https:\/\/noticiasribeiraopreto.com.br\/index.php\/wp-json\/wp\/v2\/types\/post"}],"author":[{"embeddable":true,"href":"https:\/\/noticiasribeiraopreto.com.br\/index.php\/wp-json\/wp\/v2\/users\/1"}],"replies":[{"embeddable":true,"href":"https:\/\/noticiasribeiraopreto.com.br\/index.php\/wp-json\/wp\/v2\/comments?post=26907"}],"version-history":[{"count":0,"href":"https:\/\/noticiasribeiraopreto.com.br\/index.php\/wp-json\/wp\/v2\/posts\/26907\/revisions"}],"wp:featuredmedia":[{"embeddable":true,"href":"https:\/\/noticiasribeiraopreto.com.br\/index.php\/wp-json\/wp\/v2\/media\/26908"}],"wp:attachment":[{"href":"https:\/\/noticiasribeiraopreto.com.br\/index.php\/wp-json\/wp\/v2\/media?parent=26907"}],"wp:term":[{"taxonomy":"category","embeddable":true,"href":"https:\/\/noticiasribeiraopreto.com.br\/index.php\/wp-json\/wp\/v2\/categories?post=26907"},{"taxonomy":"post_tag","embeddable":true,"href":"https:\/\/noticiasribeiraopreto.com.br\/index.php\/wp-json\/wp\/v2\/tags?post=26907"}],"curies":[{"name":"wp","href":"https:\/\/api.w.org\/{rel}","templated":true}]}}