{"id":26913,"date":"2024-01-11T02:37:32","date_gmt":"2024-01-11T05:37:32","guid":{"rendered":"https:\/\/noticiasribeiraopreto.com.br\/index.php\/2024\/01\/11\/sesi-apresenta-a-comedia-moby-dick-os-cacadores-de-baleia\/"},"modified":"2024-01-11T02:37:32","modified_gmt":"2024-01-11T05:37:32","slug":"sesi-apresenta-a-comedia-moby-dick-os-cacadores-de-baleia","status":"publish","type":"post","link":"https:\/\/noticiasribeiraopreto.com.br\/index.php\/2024\/01\/11\/sesi-apresenta-a-comedia-moby-dick-os-cacadores-de-baleia\/","title":{"rendered":"Sesi apresenta a com\u00e9dia Moby Dick &#038; os Ca\u00e7adores de Baleia"},"content":{"rendered":"<div class='code-block code-block-1' style='margin: 8px 0 8px auto; text-align: right; display: block; clear: both;'>\n<p><a href=\"https:\/\/wa.link\/vpicfd\"><img data-recalc-dims=\"1\" class=\"wp-image-4922\" style=\"aspect-ratio: 2.0253164556962027; width: 561px; height: auto;\" src=\"https:\/\/i0.wp.com\/ismaelcolosi.com.br\/wp-content\/uploads\/2023\/11\/grupo-de-empregos-whatsapp-e-facebook-ismael-colosi-vagas.jpg?ssl=1\" alt=\"\" \/><\/a><\/p>\n<!-- \/wp:image -->\n<\/div>\n<p> <br \/>\n<\/p>\n<div id=\"\">\n<p> <span class=\"entry-meta-item penci-posted-on\"><i class=\"fa fa-clock-o\"\/><time class=\"entry-date published\" datetime=\"2024-01-10T14:00:25-03:00\">10 de janeiro de 2024 | 14:00<\/time><time class=\"updated\" datetime=\"2024-01-10T09:56:58-03:00\">10 de janeiro de 2024 | 9:56<\/time><\/span><\/p>\n<p> <span class=\"penci-social-buttons penci-social-share-footer\"><a href=\"#\" class=\"penci-post-like penci_post-meta_item  single-like-button penci-social-item like\" data-post_id=\"369921\" title=\"Like\" data-like=\"Like\" data-unlike=\"Unlike\"><i class=\"fa fa-thumbs-o-up\"\/><span class=\"penci-share-number\">0<\/span><\/a><i class=\"fa fa-facebook\"\/><a class=\"penci-social-item twitter\" target=\"_blank\" rel=\"noopener\" title=\"\" href=\"https:\/\/twitter.com\/intent\/tweet?text=Sesi%20apresenta%20a%20com\u00e9dia%20Moby%20Dick%20-amp%20os%20Ca\u00e7adores%20de%20Baleia%20-%20https:\/\/www.tribunaribeirao.com.br\/site\/sesi-apresenta-a-comedia-moby-dick-os-cacadores-de-baleia\/\"><i class=\"fa fa-twitter\"\/><\/a><i class=\"fa fa-whatsapp\"\/><\/span><\/div>\n<div>\n<p>O SESI Ribeir\u00e3o Preto recebe a com\u00e9dia Moby Dick &amp; os Ca\u00e7adores de Baleia para uma mini temporada, com ingressos gratuitos reservados no sistema online <a href=\"https:\/\/www.sesisp.org.br\/evento\/41e4636b-4db3-4f1a-a4ae-16bffc57c4d4\/moby-dick-e-os-cacadores-de-baleia\">Meu SESI<\/a>. O espet\u00e1culo ser\u00e1 apresentado nos dias 11, 12, 13, 18, 19 e 20 de janeiro. Nas quintas-feiras, a pe\u00e7a acontece \u00e0s 15 horas, enquanto nas sextas e nos s\u00e1bados ser\u00e1 \u00e0s 17 horas. Apesar de a classifica\u00e7\u00e3o indicativa ser de 12 anos, crian\u00e7as acompanhadas pelos pais ou respons\u00e1veis t\u00eam entrada liberada.<\/p>\n<p>A proposta da Cia de 2 \u00e9 apresentar ao p\u00fablico uma adapta\u00e7\u00e3o livre desse cl\u00e1ssico da literatura mundial escrito em 1851 por Herman Melville, no formato com\u00e9dia com palha\u00e7os estilizados e muita m\u00fasica ao vivo no palco.<\/p>\n<p>Para recontar essa hist\u00f3ria, tr\u00eas palha\u00e7os e um capit\u00e3o ao mesmo tempo divinamente e grotescamente paramentados. O figurino de Moby Dick e os Ca\u00e7adores de Baleia foi inspirado na poesia de Herman Melville, o escritor norte-americano que h\u00e1 170 anos brindou essa grande obra para o p\u00fablico.<\/p>\n<p>\u00a0<\/p>\n<p><strong>Servi\u00e7o<\/strong><\/p>\n<div id=\"x_m_-523060707861829814x_divtagdefaultwrapper\" dir=\"ltr\">\n<p>Moby Dick e os Ca\u00e7adores de Baleia<\/p>\n<p>Dura\u00e7\u00e3o: 60 minutos<\/p>\n<p>G\u00eanero: com\u00e9dia<\/p>\n<p>Local: SESI Ribeir\u00e3o Preto (Rua Jo\u00e3o Ignacchitti, 20-364, Jardim Castelo Branco)<\/p>\n<p>Sess\u00f5es: 11, 12, 13, 18, 19 e 20 de janeiro<\/p>\n<p>Hor\u00e1rios: Quintas-feiras, \u00e0s 15h | Sextas e s\u00e1bados, \u00e0s 17h<\/p>\n<p>Classifica\u00e7\u00e3o indicativa: 12 anos (crian\u00e7as acompanhadas t\u00eam entrada liberada)<\/p>\n<p>Entrada gratuita<\/p>\n<\/div>\n<\/div>\n<p><script async src=\"\/\/platform.twitter.com\/widgets.js\" charset=\"utf-8\"><\/script><br \/>\n<br \/><br \/>\n<br \/><a href=\"https:\/\/www.tribunaribeirao.com.br\/site\/sesi-apresenta-a-comedia-moby-dick-os-cacadores-de-baleia\/\">Source link <\/a><\/p>\n<!-- CONTENT END 1 -->\n","protected":false},"excerpt":{"rendered":"<p>10 de janeiro de 2024 | 14:0010 de janeiro de 2024 | 9:56 0 O SESI Ribeir\u00e3o Preto recebe a com\u00e9dia Moby Dick &amp; os&#8230;<\/p>\n","protected":false},"author":1,"featured_media":26914,"comment_status":"open","ping_status":"open","sticky":false,"template":"","format":"standard","meta":{"advanced_seo_description":"","jetpack_seo_html_title":"","jetpack_seo_noindex":false,"jetpack_post_was_ever_published":false,"_jetpack_newsletter_access":"","_jetpack_dont_email_post_to_subs":false,"_jetpack_newsletter_tier_id":0,"_jetpack_memberships_contains_paywalled_content":false,"_jetpack_memberships_contains_paid_content":false,"footnotes":"","jetpack_publicize_message":"","jetpack_publicize_feature_enabled":true,"jetpack_social_post_already_shared":true,"jetpack_social_options":{"image_generator_settings":{"template":"highway","default_image_id":0,"font":"","enabled":false},"version":2}},"categories":[11],"tags":[56,3372,3371,3368,3370,3369,3367],"class_list":["post-26913","post","type-post","status-publish","format-standard","has-post-thumbnail","hentry","category-noticias-de-ribeirao-preto-sp-e-regiao-ismael-colosi","tag-apresenta","tag-baleia","tag-cacadores","tag-comedia","tag-dick","tag-moby","tag-sesi"],"jetpack_publicize_connections":[],"jetpack_featured_media_url":"https:\/\/i0.wp.com\/noticiasribeiraopreto.com.br\/wp-content\/uploads\/2024\/01\/moby_dick_foto_miguel-ramos-scaled.jpg?fit=967%2C645&ssl=1","jetpack-related-posts":[{"id":27583,"url":"https:\/\/noticiasribeiraopreto.com.br\/index.php\/2024\/01\/12\/confira-as-opcoes-para-aproveitar-o-final-de-semana-em-ribeirao-preto-2\/","url_meta":{"origin":26913,"position":0},"title":"Confira as op\u00e7\u00f5es para aproveitar o final de semana em Ribeir\u00e3o Preto","author":"noticiasribeiraopreto.com.br","date":"12 de January de 2024","format":false,"excerpt":"A programa\u00e7\u00e3o do final de semana em Ribeir\u00e3o Preto est\u00e1 cheia de op\u00e7\u00f5es para curtir com a fam\u00edlia, principalmente neste per\u00edodo de f\u00e9rias escolares. S\u00e3o atividades e oficinas gratuitas, shows musicais, teatro e muito mais. Confira a programa\u00e7\u00e3o: Circo Patati Patat\u00e1 O circo dos palha\u00e7os Patati e Patat\u00e1 estreia, nesta\u2026","rel":"","context":"In &quot;Not\u00edcias de Ribeir\u00e3o Preto-SP e Regi\u00e3o&quot;","block_context":{"text":"Not\u00edcias de Ribeir\u00e3o Preto-SP e Regi\u00e3o","link":"https:\/\/noticiasribeiraopreto.com.br\/index.php\/category\/noticias-de-ribeirao-preto-sp-e-regiao-ismael-colosi\/"},"img":{"alt_text":"","src":"https:\/\/i0.wp.com\/noticiasribeiraopreto.com.br\/wp-content\/uploads\/2024\/01\/Copia-de-Copia-de-TAMANHO-EXATO-PARA-FOTOS-NO-SISTEMA-NOVO-8.png?fit=1200%2C675&ssl=1&resize=350%2C200","width":350,"height":200,"srcset":"https:\/\/i0.wp.com\/noticiasribeiraopreto.com.br\/wp-content\/uploads\/2024\/01\/Copia-de-Copia-de-TAMANHO-EXATO-PARA-FOTOS-NO-SISTEMA-NOVO-8.png?fit=1200%2C675&ssl=1&resize=350%2C200 1x, https:\/\/i0.wp.com\/noticiasribeiraopreto.com.br\/wp-content\/uploads\/2024\/01\/Copia-de-Copia-de-TAMANHO-EXATO-PARA-FOTOS-NO-SISTEMA-NOVO-8.png?fit=1200%2C675&ssl=1&resize=525%2C300 1.5x, https:\/\/i0.wp.com\/noticiasribeiraopreto.com.br\/wp-content\/uploads\/2024\/01\/Copia-de-Copia-de-TAMANHO-EXATO-PARA-FOTOS-NO-SISTEMA-NOVO-8.png?fit=1200%2C675&ssl=1&resize=700%2C400 2x, https:\/\/i0.wp.com\/noticiasribeiraopreto.com.br\/wp-content\/uploads\/2024\/01\/Copia-de-Copia-de-TAMANHO-EXATO-PARA-FOTOS-NO-SISTEMA-NOVO-8.png?fit=1200%2C675&ssl=1&resize=1050%2C600 3x"},"classes":[]},{"id":77054,"url":"https:\/\/noticiasribeiraopreto.com.br\/index.php\/2025\/09\/10\/sesi-sertaozinho-recebe-show-gratuito-de-14-bis-e-fernanda-marx\/","url_meta":{"origin":26913,"position":1},"title":"Sesi Sert\u00e3ozinho recebe show gratuito de 14 BIS e Fernanda Marx","author":"noticiasribeiraopreto.com.br","date":"10 de September de 2025","format":false,"excerpt":"O Sesi Sert\u00e3ozinho recebe nesta sexta-feira (12), o show comemorativo de 45 anos de carreira da banda de rock 14 BIS, uma das mais longevas do g\u00eanero musical. O evento ainda conta com show de abertura de Fernanda Marx. A entrada \u00e9 gratuita e de classifica\u00e7\u00e3o livre. A cantora Fernanda\u2026","rel":"","context":"In &quot;Not\u00edcias de Ribeir\u00e3o Preto-SP e Regi\u00e3o&quot;","block_context":{"text":"Not\u00edcias de Ribeir\u00e3o Preto-SP e Regi\u00e3o","link":"https:\/\/noticiasribeiraopreto.com.br\/index.php\/category\/noticias-de-ribeirao-preto-sp-e-regiao-ismael-colosi\/"},"img":{"alt_text":"","src":"https:\/\/i0.wp.com\/noticiasribeiraopreto.com.br\/wp-content\/uploads\/2025\/09\/1_2025-09-09_12-27-05.webp.webp?fit=1200%2C846&ssl=1&resize=350%2C200","width":350,"height":200,"srcset":"https:\/\/i0.wp.com\/noticiasribeiraopreto.com.br\/wp-content\/uploads\/2025\/09\/1_2025-09-09_12-27-05.webp.webp?fit=1200%2C846&ssl=1&resize=350%2C200 1x, https:\/\/i0.wp.com\/noticiasribeiraopreto.com.br\/wp-content\/uploads\/2025\/09\/1_2025-09-09_12-27-05.webp.webp?fit=1200%2C846&ssl=1&resize=525%2C300 1.5x, https:\/\/i0.wp.com\/noticiasribeiraopreto.com.br\/wp-content\/uploads\/2025\/09\/1_2025-09-09_12-27-05.webp.webp?fit=1200%2C846&ssl=1&resize=700%2C400 2x, https:\/\/i0.wp.com\/noticiasribeiraopreto.com.br\/wp-content\/uploads\/2025\/09\/1_2025-09-09_12-27-05.webp.webp?fit=1200%2C846&ssl=1&resize=1050%2C600 3x"},"classes":[]},{"id":76024,"url":"https:\/\/noticiasribeiraopreto.com.br\/index.php\/2025\/08\/20\/banda-14-bis-faz-show-gratuito-na-regiao-de-ribeirao\/","url_meta":{"origin":26913,"position":2},"title":"Banda 14 Bis faz show gratuito na regi\u00e3o de Ribeir\u00e3o","author":"noticiasribeiraopreto.com.br","date":"20 de August de 2025","format":false,"excerpt":"Celebrando 45 anos de carreira, a banda 14 Bis se apresenta de forma gratuita no Sesi de Sert\u00e3ozinho, cidade a 20 quil\u00f4metros de Ribeir\u00e3o Preto, no dia 12 de setembro, \u00e0s 20h \u2013 veja como reservar o ingresso abaixo. O grupo de pop rock, formado na d\u00e9cada de 1980 em\u2026","rel":"","context":"In &quot;Not\u00edcias de Ribeir\u00e3o Preto-SP e Regi\u00e3o&quot;","block_context":{"text":"Not\u00edcias de Ribeir\u00e3o Preto-SP e Regi\u00e3o","link":"https:\/\/noticiasribeiraopreto.com.br\/index.php\/category\/noticias-de-ribeirao-preto-sp-e-regiao-ismael-colosi\/"},"img":{"alt_text":"","src":"https:\/\/i0.wp.com\/noticiasribeiraopreto.com.br\/wp-content\/uploads\/2025\/08\/14-BIS_2025-08-18_16-04-33.webp.webp?fit=1200%2C800&ssl=1&resize=350%2C200","width":350,"height":200,"srcset":"https:\/\/i0.wp.com\/noticiasribeiraopreto.com.br\/wp-content\/uploads\/2025\/08\/14-BIS_2025-08-18_16-04-33.webp.webp?fit=1200%2C800&ssl=1&resize=350%2C200 1x, https:\/\/i0.wp.com\/noticiasribeiraopreto.com.br\/wp-content\/uploads\/2025\/08\/14-BIS_2025-08-18_16-04-33.webp.webp?fit=1200%2C800&ssl=1&resize=525%2C300 1.5x, https:\/\/i0.wp.com\/noticiasribeiraopreto.com.br\/wp-content\/uploads\/2025\/08\/14-BIS_2025-08-18_16-04-33.webp.webp?fit=1200%2C800&ssl=1&resize=700%2C400 2x, https:\/\/i0.wp.com\/noticiasribeiraopreto.com.br\/wp-content\/uploads\/2025\/08\/14-BIS_2025-08-18_16-04-33.webp.webp?fit=1200%2C800&ssl=1&resize=1050%2C600 3x"},"classes":[]},{"id":61101,"url":"https:\/\/noticiasribeiraopreto.com.br\/index.php\/2024\/12\/03\/roberta-sa-apresenta-show-gratuito-no-sesi-ribeirao-preto\/","url_meta":{"origin":26913,"position":3},"title":"Roberta S\u00e1 apresenta show gratuito no Sesi Ribeir\u00e3o Preto","author":"noticiasribeiraopreto.com.br","date":"3 de December de 2024","format":false,"excerpt":"O palco do Centro Cultural Sesi Ribeir\u00e3o Preto se prepara para receber neste fim de semana a artista Roberta S\u00e1. A apresenta\u00e7\u00e3o est\u00e1 marcada para acontecer na sexta-feira (6), \u00e0s 20h. A entrada \u00e9 gratuita. Por\u00e9m, \u00e9 necess\u00e1rio reservar ingressos antecipadamente no site Meu Sesi. O projeto Sambas\u00e1, de Roberta,\u2026","rel":"","context":"In &quot;Not\u00edcias de Ribeir\u00e3o Preto-SP e Regi\u00e3o&quot;","block_context":{"text":"Not\u00edcias de Ribeir\u00e3o Preto-SP e Regi\u00e3o","link":"https:\/\/noticiasribeiraopreto.com.br\/index.php\/category\/noticias-de-ribeirao-preto-sp-e-regiao-ismael-colosi\/"},"img":{"alt_text":"","src":"https:\/\/i0.wp.com\/noticiasribeiraopreto.com.br\/wp-content\/uploads\/2024\/12\/ba15bbb0-a322-4710-b1df-a79a89037e99_2024-12-03_14-04-23_png_2024-12-03_14-04-23.webp.webp?fit=1066%2C600&ssl=1&resize=350%2C200","width":350,"height":200,"srcset":"https:\/\/i0.wp.com\/noticiasribeiraopreto.com.br\/wp-content\/uploads\/2024\/12\/ba15bbb0-a322-4710-b1df-a79a89037e99_2024-12-03_14-04-23_png_2024-12-03_14-04-23.webp.webp?fit=1066%2C600&ssl=1&resize=350%2C200 1x, https:\/\/i0.wp.com\/noticiasribeiraopreto.com.br\/wp-content\/uploads\/2024\/12\/ba15bbb0-a322-4710-b1df-a79a89037e99_2024-12-03_14-04-23_png_2024-12-03_14-04-23.webp.webp?fit=1066%2C600&ssl=1&resize=525%2C300 1.5x, https:\/\/i0.wp.com\/noticiasribeiraopreto.com.br\/wp-content\/uploads\/2024\/12\/ba15bbb0-a322-4710-b1df-a79a89037e99_2024-12-03_14-04-23_png_2024-12-03_14-04-23.webp.webp?fit=1066%2C600&ssl=1&resize=700%2C400 2x, https:\/\/i0.wp.com\/noticiasribeiraopreto.com.br\/wp-content\/uploads\/2024\/12\/ba15bbb0-a322-4710-b1df-a79a89037e99_2024-12-03_14-04-23_png_2024-12-03_14-04-23.webp.webp?fit=1066%2C600&ssl=1&resize=1050%2C600 3x"},"classes":[]},{"id":46052,"url":"https:\/\/noticiasribeiraopreto.com.br\/index.php\/2024\/04\/09\/peca-teatral-de-perto-ninguem-e-normal-chega-a-ribeirao-preto-entrada-e-de-graca\/","url_meta":{"origin":26913,"position":4},"title":"Pe\u00e7a teatral \u2018De Perto Ningu\u00e9m \u00e9 Normal\u2019 chega a Ribeir\u00e3o Preto; Entrada \u00e9 de gra\u00e7a","author":"noticiasribeiraopreto.com.br","date":"9 de April de 2024","format":false,"excerpt":"A pe\u00e7a teatral \u201cDe Perto Ningu\u00e9m \u00e9 Normal\u201d chega a Ribeir\u00e3o Preto nesta sexta-feira (12), com mais cinco datas confirmadas para as apresenta\u00e7\u00f5es do espet\u00e1culo (veja abaixo). A com\u00e9dia acontece no teatro do Sesi. Mesmo com entrada de gra\u00e7a, a retirada dos ingressos devem ser pelo site do Sesi \/\u2026","rel":"","context":"In &quot;Not\u00edcias de Ribeir\u00e3o Preto-SP e Regi\u00e3o&quot;","block_context":{"text":"Not\u00edcias de Ribeir\u00e3o Preto-SP e Regi\u00e3o","link":"https:\/\/noticiasribeiraopreto.com.br\/index.php\/category\/noticias-de-ribeirao-preto-sp-e-regiao-ismael-colosi\/"},"img":{"alt_text":"","src":"https:\/\/i0.wp.com\/noticiasribeiraopreto.com.br\/wp-content\/uploads\/2024\/04\/Copia-de-Copia-de-TAMANHO-EXATO-PARA-FOTOS-NO-SISTEMA-NOVO-8-1.jpg?fit=1200%2C675&ssl=1&resize=350%2C200","width":350,"height":200,"srcset":"https:\/\/i0.wp.com\/noticiasribeiraopreto.com.br\/wp-content\/uploads\/2024\/04\/Copia-de-Copia-de-TAMANHO-EXATO-PARA-FOTOS-NO-SISTEMA-NOVO-8-1.jpg?fit=1200%2C675&ssl=1&resize=350%2C200 1x, https:\/\/i0.wp.com\/noticiasribeiraopreto.com.br\/wp-content\/uploads\/2024\/04\/Copia-de-Copia-de-TAMANHO-EXATO-PARA-FOTOS-NO-SISTEMA-NOVO-8-1.jpg?fit=1200%2C675&ssl=1&resize=525%2C300 1.5x, https:\/\/i0.wp.com\/noticiasribeiraopreto.com.br\/wp-content\/uploads\/2024\/04\/Copia-de-Copia-de-TAMANHO-EXATO-PARA-FOTOS-NO-SISTEMA-NOVO-8-1.jpg?fit=1200%2C675&ssl=1&resize=700%2C400 2x, https:\/\/i0.wp.com\/noticiasribeiraopreto.com.br\/wp-content\/uploads\/2024\/04\/Copia-de-Copia-de-TAMANHO-EXATO-PARA-FOTOS-NO-SISTEMA-NOVO-8-1.jpg?fit=1200%2C675&ssl=1&resize=1050%2C600 3x"},"classes":[]},{"id":76327,"url":"https:\/\/noticiasribeiraopreto.com.br\/index.php\/2025\/08\/26\/sesi-ribeirao-preto-promove-feira-de-troca-de-livros-e-contacao-de-historias\/","url_meta":{"origin":26913,"position":5},"title":"Sesi Ribeir\u00e3o Preto promove feira de troca de livros e conta\u00e7\u00e3o de hist\u00f3rias","author":"noticiasribeiraopreto.com.br","date":"26 de August de 2025","format":false,"excerpt":"O Sesi Ribeir\u00e3o Preto recebe no pr\u00f3ximo dia 7 de setembro uma programa\u00e7\u00e3o cultural gratuita voltada para toda a fam\u00edlia. Das 14h \u00e0s 18h, o p\u00fablico poder\u00e1 participar da Feira de Troca de Livros, e, \u00e0s 16h, prestigiar a apresenta\u00e7\u00e3o da Tricotando Palavras, que traz ao palco contos populares do\u2026","rel":"","context":"In &quot;Not\u00edcias de Ribeir\u00e3o Preto-SP e Regi\u00e3o&quot;","block_context":{"text":"Not\u00edcias de Ribeir\u00e3o Preto-SP e Regi\u00e3o","link":"https:\/\/noticiasribeiraopreto.com.br\/index.php\/category\/noticias-de-ribeirao-preto-sp-e-regiao-ismael-colosi\/"},"img":{"alt_text":"","src":"https:\/\/i0.wp.com\/noticiasribeiraopreto.com.br\/wp-content\/uploads\/2025\/08\/6ca73552-6c46-46c7-bdae-e67d405f6388_2025-08-25_14-21-39.webp.webp?fit=1066%2C600&ssl=1&resize=350%2C200","width":350,"height":200,"srcset":"https:\/\/i0.wp.com\/noticiasribeiraopreto.com.br\/wp-content\/uploads\/2025\/08\/6ca73552-6c46-46c7-bdae-e67d405f6388_2025-08-25_14-21-39.webp.webp?fit=1066%2C600&ssl=1&resize=350%2C200 1x, https:\/\/i0.wp.com\/noticiasribeiraopreto.com.br\/wp-content\/uploads\/2025\/08\/6ca73552-6c46-46c7-bdae-e67d405f6388_2025-08-25_14-21-39.webp.webp?fit=1066%2C600&ssl=1&resize=525%2C300 1.5x, https:\/\/i0.wp.com\/noticiasribeiraopreto.com.br\/wp-content\/uploads\/2025\/08\/6ca73552-6c46-46c7-bdae-e67d405f6388_2025-08-25_14-21-39.webp.webp?fit=1066%2C600&ssl=1&resize=700%2C400 2x, https:\/\/i0.wp.com\/noticiasribeiraopreto.com.br\/wp-content\/uploads\/2025\/08\/6ca73552-6c46-46c7-bdae-e67d405f6388_2025-08-25_14-21-39.webp.webp?fit=1066%2C600&ssl=1&resize=1050%2C600 3x"},"classes":[]}],"jetpack_sharing_enabled":true,"jetpack_shortlink":"https:\/\/wp.me\/peQAOb-705","_links":{"self":[{"href":"https:\/\/noticiasribeiraopreto.com.br\/index.php\/wp-json\/wp\/v2\/posts\/26913","targetHints":{"allow":["GET"]}}],"collection":[{"href":"https:\/\/noticiasribeiraopreto.com.br\/index.php\/wp-json\/wp\/v2\/posts"}],"about":[{"href":"https:\/\/noticiasribeiraopreto.com.br\/index.php\/wp-json\/wp\/v2\/types\/post"}],"author":[{"embeddable":true,"href":"https:\/\/noticiasribeiraopreto.com.br\/index.php\/wp-json\/wp\/v2\/users\/1"}],"replies":[{"embeddable":true,"href":"https:\/\/noticiasribeiraopreto.com.br\/index.php\/wp-json\/wp\/v2\/comments?post=26913"}],"version-history":[{"count":0,"href":"https:\/\/noticiasribeiraopreto.com.br\/index.php\/wp-json\/wp\/v2\/posts\/26913\/revisions"}],"wp:featuredmedia":[{"embeddable":true,"href":"https:\/\/noticiasribeiraopreto.com.br\/index.php\/wp-json\/wp\/v2\/media\/26914"}],"wp:attachment":[{"href":"https:\/\/noticiasribeiraopreto.com.br\/index.php\/wp-json\/wp\/v2\/media?parent=26913"}],"wp:term":[{"taxonomy":"category","embeddable":true,"href":"https:\/\/noticiasribeiraopreto.com.br\/index.php\/wp-json\/wp\/v2\/categories?post=26913"},{"taxonomy":"post_tag","embeddable":true,"href":"https:\/\/noticiasribeiraopreto.com.br\/index.php\/wp-json\/wp\/v2\/tags?post=26913"}],"curies":[{"name":"wp","href":"https:\/\/api.w.org\/{rel}","templated":true}]}}