{"id":26941,"date":"2024-01-11T06:35:38","date_gmt":"2024-01-11T09:35:38","guid":{"rendered":"https:\/\/noticiasribeiraopreto.com.br\/index.php\/2024\/01\/11\/fundadora-da-linus-fala-sobre-expansao-da-marca\/"},"modified":"2024-01-11T06:35:38","modified_gmt":"2024-01-11T09:35:38","slug":"fundadora-da-linus-fala-sobre-expansao-da-marca","status":"publish","type":"post","link":"https:\/\/noticiasribeiraopreto.com.br\/index.php\/2024\/01\/11\/fundadora-da-linus-fala-sobre-expansao-da-marca\/","title":{"rendered":"Fundadora da Linus fala sobre expans\u00e3o da marca"},"content":{"rendered":"<div class='code-block code-block-1' style='margin: 8px 0 8px auto; text-align: right; display: block; clear: both;'>\n<p><a href=\"https:\/\/wa.link\/vpicfd\"><img data-recalc-dims=\"1\" class=\"wp-image-4922\" style=\"aspect-ratio: 2.0253164556962027; width: 561px; height: auto;\" src=\"https:\/\/i0.wp.com\/ismaelcolosi.com.br\/wp-content\/uploads\/2023\/11\/grupo-de-empregos-whatsapp-e-facebook-ismael-colosi-vagas.jpg?ssl=1\" alt=\"\" \/><\/a><\/p>\n<!-- \/wp:image -->\n<\/div>\n<p> <br \/>\n<\/p>\n<div>\n<div id=\"attachment_589345\" class=\"wp-caption alignnone style=\" max-width:=\"\"><img data-recalc-dims=\"1\" fetchpriority=\"high\" decoding=\"async\" class=\"alignnone wp-image-589345 size-full\" src=\"https:\/\/i0.wp.com\/forbes.com.br\/wp-content\/uploads\/2024\/01\/mulher-linus-isaela-chusid-768x512.jpg?resize=678%2C452&#038;ssl=1\" http:=\"\" alt=\"isabela chusid, fundadora da linus\" width=\"678\" height=\"452\" data-lazy-src=\"https:\/\/forbes.com.br\/wp-content\/uploads\/2024\/01\/mulher-linus-isaela-chusid-768x512.jpg\"\/><noscript><img data-recalc-dims=\"1\" fetchpriority=\"high\" decoding=\"async\" class=\"alignnone wp-image-589345 size-full\" src=\"https:\/\/i0.wp.com\/forbes.com.br\/wp-content\/uploads\/2024\/01\/mulher-linus-isaela-chusid-768x512.jpg?resize=678%2C452&#038;ssl=1\" alt=\"isabela chusid, fundadora da linus\" width=\"678\" height=\"452\"\/><\/noscript><\/p>\n<p class=\"wp-caption-text\">Isabela Chusid fundou a Linus em 2018, aos 23 anos, com um investimento inicial de R$ 50 mil<\/p>\n<\/div>\n<p><span style=\"font-weight: 400;\">Morando em Berlim no ano passado,<strong> Isabela Chusid<\/strong> parou uma mulher na rua para perguntar onde ela havia comprado sua sand\u00e1lia. \u201cNo Brasil\u201d, respondeu a mo\u00e7a, que usava uma <strong>Linus<\/strong>, a marca de sand\u00e1lia vegana criada por Isabela h\u00e1 cinco anos.\u00a0<\/span><\/p>\n<p><span style=\"font-weight: 400;\">O sapato foi comprado aqui, mas hoje tamb\u00e9m tamb\u00e9m est\u00e1 presente em mais de 350 pontos de vendas f\u00edsicas \u2013 dentro e fora do Brasil. Desde 2021, a Linus mira sua expans\u00e3o global: j\u00e1 chegou a Portugal, Espanha e desembarca agora no Chile, Peru, Austr\u00e1lia e Nova Zel\u00e2ndia.\u00a0<\/span><\/p>\n<p><span style=\"font-weight: 400;\">Isabela captou o interesse dos estrangeiros pela sua marca por meio de uma plataforma que rastreia os acessos ao e-commerce. \u201cTinha muita gente da Europa de modo geral, mas principalmente da Pen\u00ednsula Ib\u00e9rica, por conta da facilidade da l\u00edngua\u201d, lembra ela, que come\u00e7ou a se mexer para atender a demanda.\u00a0<\/span><\/p>\n<ul>\n<li>\n<h4>Siga o canal da <a href=\"https:\/\/whatsapp.com\/channel\/0029Va9gQKwBFLgM96cJnu0u\" target=\"_blank\" rel=\"noopener\">Forbes<\/a> e de <a href=\"https:\/\/whatsapp.com\/channel\/0029VaAZk57JuyA9F4UwQc2I\" target=\"_blank\" rel=\"noopener\">Forbes Money<\/a> no WhatsApp e receba as principais not\u00edcias sobre neg\u00f3cios, carreira, tecnologia e estilo de vida<\/h4>\n<\/li>\n<\/ul>\n<h2><b>Revenda em Portugal<\/b><\/h2>\n<p><span style=\"font-weight: 400;\">Antes de abrir o site internacionalmente, testou uma parceria com lojas em Portugal e entendeu o que mais atra\u00eda os estrangeiros. \u201cO fato de ser brasileiro ainda \u00e9 algo ex\u00f3tico, as cores trazem um ar de brasilidade e a quest\u00e3o da sustentabilidade chamou a aten\u00e7\u00e3o.\u201d<\/span><\/p>\n<p><span style=\"font-weight: 400;\">A empreendedora fez parte da lista Forbes Under 30 em 2018, que destaca os jovens mais promissores em suas \u00e1reas. \u201cA lista d\u00e1 uma chancela. As pessoas passaram a me levar mais a s\u00e9rio\u201d, diz Isabela sobre a repercuss\u00e3o.\u00a0\u00a0<\/span><\/p>\n<p><span style=\"font-weight: 400;\">Isabela est\u00e1 \u00e0 frente das <\/span><span style=\"font-weight: 400;\">\u00e1reas de marketing, comercial, produto e cultura. Mas tamb\u00e9m participa dos processos de perto e coloca a m\u00e3o na massa quando necess\u00e1rio. \u201cIsso \u00e9 muito importante em termos de cultura, porque motiva o time\u201d, diz ela, que lidera uma equipe de 25 pessoas, sendo 21 mulheres.<\/span><\/p>\n<p><span style=\"font-weight: 400;\">O sucesso do neg\u00f3cio tamb\u00e9m a levou \u00e0 C\u00fapula das Am\u00e9ricas, evento <\/span><span style=\"font-weight: 400;\">que re\u00fane chefes de Estado do continente, em 2022, na Calif\u00f3rnia. E a exposi\u00e7\u00e3o internacional ajudou no avan\u00e7o da expans\u00e3o. \u201cAcredito muito no boca a boca. Temos 140 pa\u00edses acessando o site e n\u00e3o temos an\u00fancios rodando no mundo inteiro\u201d, afirma. <\/span><\/p>\n<p><span style=\"font-weight: 400;\">O e-commerce \u00e9 acessado por pessoas de pa\u00edses t\u00e3o diversos quanto Jap\u00e3o, Trinidad e Tobago e \u00ecndia, de onde chegam mensagens enviadas por pessoas que conheceram a marca por meio de brasileiros que fazem parte de comunidades de ioga.\u00a0<\/span><\/p>\n<p><strong>Leia tamb\u00e9m:<\/strong><\/p>\n<h2><b>Crescimento com um \u00fanico produto<\/b><\/h2>\n<p><span style=\"font-weight: 400;\">Com um \u00fanico modelo e uma identidade de marca voltada para o p\u00fablico jovem, Isabela captou uma comunidade de clientes que buscam produtos sustent\u00e1veis com design. O pre\u00e7o tamb\u00e9m conta, j\u00e1 que a\u00a0 Linus \u00e9 uma releitura da [alem\u00e3] Birkenstok, feita de corti\u00e7a e couro, mas que custa o triplo do pre\u00e7o.\u00a0<\/span><\/p>\n<p><span style=\"font-weight: 400;\">No Brasil, al\u00e9m da loja f\u00edsica pr\u00f3pria em S\u00e3o Paulo, a Linus tem parceria com a marca de roupas de praia Cia. Mar\u00edtima, com a Austral e tamb\u00e9m com as lojas da Imaginarium. Nessas, vende cores exclusivas. \u201c<\/span><span style=\"font-weight: 400;\">\u00c9 um produto de baixa complexidade, que n\u00e3o quebra, n\u00e3o vence e n\u00e3o troca cole\u00e7\u00e3o. Por isso os investidores curtem \u201d, diz a empreendedora, que j\u00e1 foi procurada por pessoas interessadas em fazer sociedade.<\/span><\/p>\n<h2><b>Das multinacionais ao neg\u00f3cio <\/b><b>pr\u00f3prio <\/b><\/h2>\n<p><span style=\"font-weight: 400;\">Os neg\u00f3cios sempre estiveram presentes na fam\u00edlia. Desde cedo, viu os av\u00f3s e os pais tocando seus empreendimentos. Mas depois de se formar em administra\u00e7\u00e3o e fazer est\u00e1gio e programa de trainee em multinacionais, pensou em seguir a carreira corporativa, mas n\u00e3o por muito tempo. \u201cSofri muito, sentia que n\u00e3o me encaixava.\u201d<\/span><\/p>\n<p><span style=\"font-weight: 400;\">A empreendedora queria trabalhar com sustentabilidade, mas ainda n\u00e3o sabia como. <\/span><span style=\"font-weight: 400;\">\u201cSempre fui a \u2018eco chata\u2019 da fam\u00edlia\u201d, diz ela que, aos cinco anos, ap\u00f3s uma aula na escola, ajudou a implementar uma pol\u00edtica de reciclagem no seu pr\u00e9dio.<\/span><\/p>\n<p><span style=\"font-weight: 400;\">Depois de buscar \u2013 e n\u00e3o encontrar \u2013 sand\u00e1lias espec\u00edficas para uma condi\u00e7\u00e3o m\u00e9dica que tinha, <\/span><span style=\"font-weight: 400;\">decidiu criar a sua pr\u00f3pria. Aos 23 anos e com um<strong> investimento inicial de R$ 50 mil<\/strong>, com economias pr\u00f3prias e a ajuda da fam\u00edlia, produziu um primeiro lote com 900 pares.\u00a0<\/span><\/p>\n<p><span style=\"font-weight: 400;\">A Linus \u00e9 feita com um tipo de PVC que substitui lubrificantes de origem animal ou f\u00f3ssil por produtos de origem vegetal, o que se traduz em mais de 70% de fontes renov\u00e1veis e inesgot\u00e1veis. <\/span><span style=\"font-weight: 400;\">\u201cN\u00e3o inventei a roda, mas estava disposta a abrir m\u00e3o de um peda\u00e7o da margem para conseguir chegar numa mat\u00e9ria prima melhor.\u201d<\/span><\/p>\n<p><span style=\"font-weight: 400;\">A empresa, que \u00e9 certificada pela organiza\u00e7\u00e3o brit\u00e2nica <\/span><span style=\"font-weight: 400;\"><strong>The Vegan Society<\/strong>, <\/span><span style=\"font-weight: 400;\">come\u00e7ou compensando suas emiss\u00f5es de carbono, que hoje s\u00e3o negativas.\u00a0<\/span><\/p>\n<p>\u00a0<\/p>\n<\/div>\n<p><script type=\"rocketlazyloadscript\">\n\t\t\t\t(function(d, s, id){\n\t\t\t\t\tvar js, fjs = d.getElementsByTagName(s)[0];\n\t\t\t\t\tif (d.getElementById(id)) return;\n\t\t\t\t\tjs = d.createElement(s); js.id = id;\n\t\t\t\t\tjs.src = \"\/\/connect.facebook.net\/pt_BR\/sdk.js#xfbml=1&version=v2.9\";\n\t\t\t\t\tfjs.parentNode.insertBefore(js, fjs);\n\t\t\t\t}(document, 'script', 'facebook-jssdk'));\n\t\t\t<\/script><br \/>\n<br \/><br \/>\n<br \/><a href=\"https:\/\/forbes.com.br\/forbes-mulher\/2024\/01\/crescemos-de-forma-saudavel-mas-nao-devagar-diz-fundadora-da-linus-em-meio-a-expansao-da-marca\/\">Source link <\/a><\/p>\n<!-- CONTENT END 1 -->\n","protected":false},"excerpt":{"rendered":"<p>Isabela Chusid fundou a Linus em 2018, aos 23 anos, com um investimento inicial de R$ 50 mil Morando em Berlim no ano passado, Isabela&#8230;<\/p>\n","protected":false},"author":1,"featured_media":26942,"comment_status":"open","ping_status":"open","sticky":false,"template":"","format":"standard","meta":{"advanced_seo_description":"","jetpack_seo_html_title":"","jetpack_seo_noindex":false,"jetpack_post_was_ever_published":false,"_jetpack_newsletter_access":"","_jetpack_dont_email_post_to_subs":false,"_jetpack_newsletter_tier_id":0,"_jetpack_memberships_contains_paywalled_content":false,"_jetpack_memberships_contains_paid_content":false,"footnotes":"","jetpack_publicize_message":"","jetpack_publicize_feature_enabled":true,"jetpack_social_post_already_shared":true,"jetpack_social_options":{"image_generator_settings":{"template":"highway","default_image_id":0,"font":"","enabled":false},"version":2}},"categories":[1],"tags":[],"class_list":["post-26941","post","type-post","status-publish","format-standard","has-post-thumbnail","hentry","category-blog"],"jetpack_publicize_connections":[],"jetpack_featured_media_url":"https:\/\/i0.wp.com\/noticiasribeiraopreto.com.br\/wp-content\/uploads\/2024\/01\/mulher-linus-isaela-chusid-1024x683.jpg?fit=1024%2C683&ssl=1","jetpack-related-posts":[{"id":66401,"url":"https:\/\/noticiasribeiraopreto.com.br\/index.php\/2025\/03\/31\/jornal-da-franca-vira-lata-caramelo-faz-sucesso-em-academia-de-ginastica-no-interior-de-sao-paulo\/","url_meta":{"origin":26941,"position":0},"title":"Jornal da Franca &#8211; Vira-lata caramelo faz sucesso em academia de gin\u00e1stica no interior de S\u00e3o Paulo","author":"noticiasribeiraopreto.com.br","date":"31 de March de 2025","format":false,"excerpt":"compartilhar no whatsapp compartilhar no telegram compartilhar no facebook compartilhar no linkedin Cachorra caramelo adotada fica na porta do estabelecimento e virou xod\u00f3 dos frequentadores, que at\u00e9 conversam com ela Uma vira-lata caramelo ganhou os cora\u00e7\u00f5es dos frequentadores de uma academia localizada em Salto de Pirapora (SP), a cerca de\u2026","rel":"","context":"In &quot;Not\u00edcias de Franca-SP&quot;","block_context":{"text":"Not\u00edcias de Franca-SP","link":"https:\/\/noticiasribeiraopreto.com.br\/index.php\/category\/noticias-de-ribeirao-preto-sp-e-regiao-ismael-colosi\/noticias-franca-sp\/"},"img":{"alt_text":"","src":"https:\/\/i0.wp.com\/noticiasribeiraopreto.com.br\/wp-content\/uploads\/2025\/03\/dc19e1ee-c96f-4fae-b237-f847307a2563.jpg?fit=1170%2C788&ssl=1&resize=350%2C200","width":350,"height":200,"srcset":"https:\/\/i0.wp.com\/noticiasribeiraopreto.com.br\/wp-content\/uploads\/2025\/03\/dc19e1ee-c96f-4fae-b237-f847307a2563.jpg?fit=1170%2C788&ssl=1&resize=350%2C200 1x, https:\/\/i0.wp.com\/noticiasribeiraopreto.com.br\/wp-content\/uploads\/2025\/03\/dc19e1ee-c96f-4fae-b237-f847307a2563.jpg?fit=1170%2C788&ssl=1&resize=525%2C300 1.5x, https:\/\/i0.wp.com\/noticiasribeiraopreto.com.br\/wp-content\/uploads\/2025\/03\/dc19e1ee-c96f-4fae-b237-f847307a2563.jpg?fit=1170%2C788&ssl=1&resize=700%2C400 2x, https:\/\/i0.wp.com\/noticiasribeiraopreto.com.br\/wp-content\/uploads\/2025\/03\/dc19e1ee-c96f-4fae-b237-f847307a2563.jpg?fit=1170%2C788&ssl=1&resize=1050%2C600 3x"},"classes":[]},{"id":7088,"url":"https:\/\/noticiasribeiraopreto.com.br\/index.php\/2023\/11\/27\/musa-da-imperatriz-rafa-kalimann-aponta-detalhe-no-figurino-que-fez-a-diferenca\/","url_meta":{"origin":26941,"position":1},"title":"Musa da Imperatriz, Rafa Kalimann aponta detalhe no figurino que fez a diferen\u00e7a","author":"noticiasribeiraopreto.com.br","date":"27 de November de 2023","format":false,"excerpt":"\u201cFevereiro tem carnaval!\u201d E tem mesmo. Muitos artistas j\u00e1 est\u00e3o compartilhando as novidades para o grande evento. Dicas sobre a roupa, samba enredo e muito samba no p\u00e9 est\u00e3o na lista dos famosos para entregar neste carnaval.A influenciadora digital Rafa Kalimann compartilhou com seus seguidores um pouco do que ir\u00e1\u2026","rel":"","context":"In &quot;Blog&quot;","block_context":{"text":"Blog","link":"https:\/\/noticiasribeiraopreto.com.br\/index.php\/category\/blog\/"},"img":{"alt_text":"","src":"https:\/\/i0.wp.com\/noticiasribeiraopreto.com.br\/wp-content\/uploads\/2023\/11\/postimg-6564d09e3a7fc3101.jpg?fit=1200%2C628&ssl=1&resize=350%2C200","width":350,"height":200,"srcset":"https:\/\/i0.wp.com\/noticiasribeiraopreto.com.br\/wp-content\/uploads\/2023\/11\/postimg-6564d09e3a7fc3101.jpg?fit=1200%2C628&ssl=1&resize=350%2C200 1x, https:\/\/i0.wp.com\/noticiasribeiraopreto.com.br\/wp-content\/uploads\/2023\/11\/postimg-6564d09e3a7fc3101.jpg?fit=1200%2C628&ssl=1&resize=525%2C300 1.5x, https:\/\/i0.wp.com\/noticiasribeiraopreto.com.br\/wp-content\/uploads\/2023\/11\/postimg-6564d09e3a7fc3101.jpg?fit=1200%2C628&ssl=1&resize=700%2C400 2x, https:\/\/i0.wp.com\/noticiasribeiraopreto.com.br\/wp-content\/uploads\/2023\/11\/postimg-6564d09e3a7fc3101.jpg?fit=1200%2C628&ssl=1&resize=1050%2C600 3x"},"classes":[]},{"id":62403,"url":"https:\/\/noticiasribeiraopreto.com.br\/index.php\/2025\/01\/13\/fabrica-de-massas-e-biscoitos-fecha-as-portas-no-interior-de-sp\/","url_meta":{"origin":26941,"position":2},"title":"F\u00e1brica de massas e biscoitos fecha as portas no interior de SP","author":"noticiasribeiraopreto.com.br","date":"13 de January de 2025","format":false,"excerpt":"Uma das maiores f\u00e1bricas de massas e biscoitos do Pa\u00eds, com marcas como Piraqu\u00ea e Adria, a M. Dias Branco fechou as portas da unidade que mantinha em Len\u00e7\u00f3is Paulista, no interior de S\u00e3o Paulo. A ind\u00fastria empregava 480 trabalhadores. Em nota, a empresa afirmou que a decis\u00e3o decorre de\u2026","rel":"","context":"In &quot;Not\u00edcias de Ribeir\u00e3o Preto-SP e Regi\u00e3o&quot;","block_context":{"text":"Not\u00edcias de Ribeir\u00e3o Preto-SP e Regi\u00e3o","link":"https:\/\/noticiasribeiraopreto.com.br\/index.php\/category\/noticias-de-ribeirao-preto-sp-e-regiao-ismael-colosi\/"},"img":{"alt_text":"","src":"https:\/\/i0.wp.com\/noticiasribeiraopreto.com.br\/wp-content\/uploads\/2025\/01\/biscoito_2025-01-13_17-31-57_jpg_2025-01-13_17-31-58.webp.webp?fit=1000%2C648&ssl=1&resize=350%2C200","width":350,"height":200,"srcset":"https:\/\/i0.wp.com\/noticiasribeiraopreto.com.br\/wp-content\/uploads\/2025\/01\/biscoito_2025-01-13_17-31-57_jpg_2025-01-13_17-31-58.webp.webp?fit=1000%2C648&ssl=1&resize=350%2C200 1x, https:\/\/i0.wp.com\/noticiasribeiraopreto.com.br\/wp-content\/uploads\/2025\/01\/biscoito_2025-01-13_17-31-57_jpg_2025-01-13_17-31-58.webp.webp?fit=1000%2C648&ssl=1&resize=525%2C300 1.5x, https:\/\/i0.wp.com\/noticiasribeiraopreto.com.br\/wp-content\/uploads\/2025\/01\/biscoito_2025-01-13_17-31-57_jpg_2025-01-13_17-31-58.webp.webp?fit=1000%2C648&ssl=1&resize=700%2C400 2x"},"classes":[]},{"id":68693,"url":"https:\/\/noticiasribeiraopreto.com.br\/index.php\/2025\/04\/28\/familia-de-rp-recebe-a-ultima-bencao-do-papa\/","url_meta":{"origin":26941,"position":3},"title":"Fam\u00edlia de RP recebe a \u00faltima b\u00ean\u00e7\u00e3o do Papa","author":"noticiasribeiraopreto.com.br","date":"28 de April de 2025","format":false,"excerpt":"Adalberto Luque A viagem de Isabela Fantacini e seus pais, Mauro e S\u00f4nia, come\u00e7ou a ser planejada em dezembro do ano passado. A fam\u00edlia tinha um sonho antigo de conhecer o Vaticano e ver, mesmo que de longe, o Papa Francisco. Mas os planos originais previam apenas a viagem para\u2026","rel":"","context":"In &quot;Not\u00edcias de Ribeir\u00e3o Preto-SP e Regi\u00e3o&quot;","block_context":{"text":"Not\u00edcias de Ribeir\u00e3o Preto-SP e Regi\u00e3o","link":"https:\/\/noticiasribeiraopreto.com.br\/index.php\/category\/noticias-de-ribeirao-preto-sp-e-regiao-ismael-colosi\/"},"img":{"alt_text":"","src":"https:\/\/i0.wp.com\/www.tribunaribeirao.com.br\/wp-content\/uploads\/2025\/04\/FOTO-01-Familia-Fantacini-05-Foto-Arquivo-Pessoal-scaled.jpg?resize=350%2C200&ssl=1","width":350,"height":200},"classes":[]},{"id":70446,"url":"https:\/\/noticiasribeiraopreto.com.br\/index.php\/2025\/05\/26\/minaz-jazz-brasil-fernanda-marx-e-isabela-mestriner-se-apresentam-nesta-sexta-em-ribeirao-preto\/","url_meta":{"origin":26941,"position":4},"title":"Minaz Jazz Brasil: Fernanda Marx e Isabela Mestriner se apresentam nesta sexta em Ribeir\u00e3o Preto","author":"noticiasribeiraopreto.com.br","date":"26 de May de 2025","format":false,"excerpt":"Na pr\u00f3xima\u00a0sexta-feira (30), a partir das 20h, o\u00a0Teatro Minaz, em\u00a0Ribeir\u00e3o Preto, recebe mais um show da s\u00e9rie \u201cMinaz Jazz Brasil\u201d. Nesta edi\u00e7\u00e3o, o projeto tem como convidadas Fernanda Marx e Isabela Mestriner. A s\u00e9rie de concertos e shows \u00e9 dedicada \u00e0 valoriza\u00e7\u00e3o do jazz e suas m\u00faltiplas vertentes. O projeto\u2026","rel":"","context":"In &quot;Not\u00edcias de Ribeir\u00e3o Preto-SP e Regi\u00e3o&quot;","block_context":{"text":"Not\u00edcias de Ribeir\u00e3o Preto-SP e Regi\u00e3o","link":"https:\/\/noticiasribeiraopreto.com.br\/index.php\/category\/noticias-de-ribeirao-preto-sp-e-regiao-ismael-colosi\/"},"img":{"alt_text":"","src":"https:\/\/i0.wp.com\/noticiasribeiraopreto.com.br\/wp-content\/uploads\/2025\/05\/minaz-jazz-brasil_2025-05-26_15-19-44.webp.webp?fit=1200%2C675&ssl=1&resize=350%2C200","width":350,"height":200,"srcset":"https:\/\/i0.wp.com\/noticiasribeiraopreto.com.br\/wp-content\/uploads\/2025\/05\/minaz-jazz-brasil_2025-05-26_15-19-44.webp.webp?fit=1200%2C675&ssl=1&resize=350%2C200 1x, https:\/\/i0.wp.com\/noticiasribeiraopreto.com.br\/wp-content\/uploads\/2025\/05\/minaz-jazz-brasil_2025-05-26_15-19-44.webp.webp?fit=1200%2C675&ssl=1&resize=525%2C300 1.5x, https:\/\/i0.wp.com\/noticiasribeiraopreto.com.br\/wp-content\/uploads\/2025\/05\/minaz-jazz-brasil_2025-05-26_15-19-44.webp.webp?fit=1200%2C675&ssl=1&resize=700%2C400 2x, https:\/\/i0.wp.com\/noticiasribeiraopreto.com.br\/wp-content\/uploads\/2025\/05\/minaz-jazz-brasil_2025-05-26_15-19-44.webp.webp?fit=1200%2C675&ssl=1&resize=1050%2C600 3x"},"classes":[]},{"id":85179,"url":"https:\/\/noticiasribeiraopreto.com.br\/index.php\/2026\/04\/24\/justica-marca-julgamento-de-esquerdogata\/","url_meta":{"origin":26941,"position":5},"title":"Justi\u00e7a marca julgamento de \u2018Esquerdogata\u2019","author":"noticiasribeiraopreto.com.br","date":"24 de April de 2026","format":false,"excerpt":"\r Influenciadora digital vai passar por audi\u00eancia de instru\u00e7\u00e3o pelas acusa\u00e7\u00f5es de inj\u00faria racial, desacato e resist\u00eancia \u00e0 pris\u00e3o no segundo semestre deste ano\r \r 24 de abril de 2026 07:1723 de abril de 2026 18:04 \r Compartilhar1 | Por: Adalberto Luque | O Tribunal de Justi\u00e7a de S\u00e3o Paulo\u2026","rel":"","context":"In &quot;Not\u00edcias de Ribeir\u00e3o Preto-SP e Regi\u00e3o&quot;","block_context":{"text":"Not\u00edcias de Ribeir\u00e3o Preto-SP e Regi\u00e3o","link":"https:\/\/noticiasribeiraopreto.com.br\/index.php\/category\/noticias-de-ribeirao-preto-sp-e-regiao-ismael-colosi\/"},"img":{"alt_text":"","src":"https:\/\/i0.wp.com\/noticiasribeiraopreto.com.br\/wp-content\/uploads\/2026\/04\/28-out-2025-esquerdogata1-scaled.jpg?fit=1200%2C712&ssl=1&resize=350%2C200","width":350,"height":200,"srcset":"https:\/\/i0.wp.com\/noticiasribeiraopreto.com.br\/wp-content\/uploads\/2026\/04\/28-out-2025-esquerdogata1-scaled.jpg?fit=1200%2C712&ssl=1&resize=350%2C200 1x, https:\/\/i0.wp.com\/noticiasribeiraopreto.com.br\/wp-content\/uploads\/2026\/04\/28-out-2025-esquerdogata1-scaled.jpg?fit=1200%2C712&ssl=1&resize=525%2C300 1.5x, https:\/\/i0.wp.com\/noticiasribeiraopreto.com.br\/wp-content\/uploads\/2026\/04\/28-out-2025-esquerdogata1-scaled.jpg?fit=1200%2C712&ssl=1&resize=700%2C400 2x, https:\/\/i0.wp.com\/noticiasribeiraopreto.com.br\/wp-content\/uploads\/2026\/04\/28-out-2025-esquerdogata1-scaled.jpg?fit=1200%2C712&ssl=1&resize=1050%2C600 3x"},"classes":[]}],"jetpack_sharing_enabled":true,"jetpack_shortlink":"https:\/\/wp.me\/peQAOb-70x","_links":{"self":[{"href":"https:\/\/noticiasribeiraopreto.com.br\/index.php\/wp-json\/wp\/v2\/posts\/26941","targetHints":{"allow":["GET"]}}],"collection":[{"href":"https:\/\/noticiasribeiraopreto.com.br\/index.php\/wp-json\/wp\/v2\/posts"}],"about":[{"href":"https:\/\/noticiasribeiraopreto.com.br\/index.php\/wp-json\/wp\/v2\/types\/post"}],"author":[{"embeddable":true,"href":"https:\/\/noticiasribeiraopreto.com.br\/index.php\/wp-json\/wp\/v2\/users\/1"}],"replies":[{"embeddable":true,"href":"https:\/\/noticiasribeiraopreto.com.br\/index.php\/wp-json\/wp\/v2\/comments?post=26941"}],"version-history":[{"count":0,"href":"https:\/\/noticiasribeiraopreto.com.br\/index.php\/wp-json\/wp\/v2\/posts\/26941\/revisions"}],"wp:featuredmedia":[{"embeddable":true,"href":"https:\/\/noticiasribeiraopreto.com.br\/index.php\/wp-json\/wp\/v2\/media\/26942"}],"wp:attachment":[{"href":"https:\/\/noticiasribeiraopreto.com.br\/index.php\/wp-json\/wp\/v2\/media?parent=26941"}],"wp:term":[{"taxonomy":"category","embeddable":true,"href":"https:\/\/noticiasribeiraopreto.com.br\/index.php\/wp-json\/wp\/v2\/categories?post=26941"},{"taxonomy":"post_tag","embeddable":true,"href":"https:\/\/noticiasribeiraopreto.com.br\/index.php\/wp-json\/wp\/v2\/tags?post=26941"}],"curies":[{"name":"wp","href":"https:\/\/api.w.org\/{rel}","templated":true}]}}