{"id":26995,"date":"2024-01-11T09:43:55","date_gmt":"2024-01-11T12:43:55","guid":{"rendered":"https:\/\/noticiasribeiraopreto.com.br\/index.php\/2024\/01\/11\/paciente-pode-acompanhar-tamanho-da-fila-em-upas-de-ribeirao-por-aplicativo\/"},"modified":"2024-01-11T09:43:55","modified_gmt":"2024-01-11T12:43:55","slug":"paciente-pode-acompanhar-tamanho-da-fila-em-upas-de-ribeirao-por-aplicativo","status":"publish","type":"post","link":"https:\/\/noticiasribeiraopreto.com.br\/index.php\/2024\/01\/11\/paciente-pode-acompanhar-tamanho-da-fila-em-upas-de-ribeirao-por-aplicativo\/","title":{"rendered":"Paciente pode acompanhar tamanho da fila em UPAs de Ribeir\u00e3o por aplicativo"},"content":{"rendered":"<div class='code-block code-block-1' style='margin: 8px 0 8px auto; text-align: right; display: block; clear: both;'>\n<p><a href=\"https:\/\/wa.link\/vpicfd\"><img data-recalc-dims=\"1\" class=\"wp-image-4922\" style=\"aspect-ratio: 2.0253164556962027; width: 561px; height: auto;\" src=\"https:\/\/i0.wp.com\/ismaelcolosi.com.br\/wp-content\/uploads\/2023\/11\/grupo-de-empregos-whatsapp-e-facebook-ismael-colosi-vagas.jpg?ssl=1\" alt=\"\" \/><\/a><\/p>\n<!-- \/wp:image -->\n<\/div>\n<p> <br \/>\n<\/p>\n<div data-td-block-uid=\"tdi_104\">\n<div class=\"tdb-block-inner td-fix-index\">\n<p>Os pacientes podem acompanhar o tamanho das filas de atendimento nas <strong>UPAs (Unidade de Pronto Atendimento)<\/strong> de <strong>Ribeir\u00e3o Preto<\/strong> pelo aplicativo <strong>Sa\u00fade Digital<\/strong>. A nova fun\u00e7\u00e3o permite ao usu\u00e1rio consultar o tempo m\u00e9dio de espera para atendimento por especialidades.<\/p>\n<p>Segundo a <strong><a href=\"https:\/\/www.ribeiraopreto.sp.gov.br\/portal\/saude\/\" target=\"_blank\" rel=\"noreferrer noopener nofollow\">Secretaria da Sa\u00fade de Ribeir\u00e3o Preto<\/a><\/strong>, os profissionais das UPAs s\u00e3o os respons\u00e1veis por alimentar esses dados de hora em hora.<\/p>\n<p>\u201cT\u00e3o logo eles insiram essas informa\u00e7\u00f5es no sistema, j\u00e1 aparece no aplicativo o tempo de espera e a hora da \u00faltima atualiza\u00e7\u00e3o\u201d, explica o Chefe da Divis\u00e3o de Inform\u00e1tica da pasta, Gustavo Zanin.<\/p>\n<p>O usu\u00e1rio tamb\u00e9m pode avaliar todos os atendimentos que s\u00e3o realizados via sistema Hygia, seja na aten\u00e7\u00e3o b\u00e1sica, especializada ou nos prestadores (UPAs e hospitais parceiros da SMS).<\/p>\n<h4 class=\"wp-block-heading\"><strong>Outras funcionalidades<\/strong><\/h4>\n<p>As outras funcionalidades do \u201cSa\u00fade Digital\u201d continuam ativas, como verificar estoque de medicamentos, vacinas aplicadas (no caso das vacinas contra covid-19, o registro \u00e9 feito apenas no sistema Vacivida, do Estado), data e hor\u00e1rio de consultas, faltas, verificar status de exames realizados e localizar a unidade de sa\u00fade mais pr\u00f3xima de sua resid\u00eancia.<\/p>\n<p>Para acessar o aplicativo, o paciente precisa ter em m\u00e3os o n\u00famero do<strong> Cart\u00e3o Nacional de Sa\u00fade<\/strong> ou CPF, do Hygia e data de nascimento. Para o funcionamento correto do aplicativo \u00e9 importante que os dados cadastrais do paciente estejam atualizados no sistema.<\/p>\n<p>VEJA TAMB\u00c9M<br \/>TJ-SP mant\u00e9m valor da passagem do \u00f4nibus em Ribeir\u00e3o Preto<\/p>\n<h4 class=\"wp-block-heading\"><strong>FIQUE ON<\/strong><\/h4>\n<p>Fique ligado em tudo que acontece em Ribeir\u00e3o Preto e regi\u00e3o. Siga os perfis do<strong> acidade on <\/strong>no <a href=\"https:\/\/www.instagram.com\/acidadeonribeirao\" target=\"_blank\" rel=\"noreferrer noopener nofollow\">Instagram<\/a> e no <a href=\"https:\/\/www.facebook.com\/acidadeonribeirao\" target=\"_blank\" rel=\"noreferrer noopener nofollow\">Facebook<\/a>.<\/p>\n<p>Receba not\u00edcias do<strong> acidade on <\/strong>no WhatsApp. <a href=\"https:\/\/chat.whatsapp.com\/Bnv2w66ZT4VDyZW3oiZ69n\" target=\"_blank\" rel=\"noreferrer noopener nofollow\">Para entrar no grupo, basta clicar aqui.<\/a><\/p>\n<p>Fa\u00e7a uma den\u00fancia ou sugira uma reportagem sobre a Ribeir\u00e3o Preto e regi\u00e3o pelo WhatsApp: (16) 99117 7802.<\/p>\n<p><!-- AI CONTENT END 1 -->\n<\/div>\n<\/div>\n<p><script async src=\"\/\/www.instagram.com\/embed.js\"><\/script><br \/>\n<br \/><br \/>\n<br \/><a href=\"https:\/\/www.acidadeon.com\/ribeiraopreto\/cotidiano\/paciente-pode-acompanhar-tamanho-da-fila-em-upas-de-ribeirao-por-aplicativo\/\">Source link <\/a><\/p>\n<!-- CONTENT END 1 -->\n","protected":false},"excerpt":{"rendered":"<p>Os pacientes podem acompanhar o tamanho das filas de atendimento nas UPAs (Unidade de Pronto Atendimento) de Ribeir\u00e3o Preto pelo aplicativo Sa\u00fade Digital. A nova&#8230;<\/p>\n","protected":false},"author":1,"featured_media":26996,"comment_status":"open","ping_status":"open","sticky":false,"template":"","format":"standard","meta":{"advanced_seo_description":"","jetpack_seo_html_title":"","jetpack_seo_noindex":false,"jetpack_post_was_ever_published":false,"_jetpack_newsletter_access":"","_jetpack_dont_email_post_to_subs":false,"_jetpack_newsletter_tier_id":0,"_jetpack_memberships_contains_paywalled_content":false,"_jetpack_memberships_contains_paid_content":false,"footnotes":"","jetpack_publicize_message":"","jetpack_publicize_feature_enabled":true,"jetpack_social_post_already_shared":true,"jetpack_social_options":{"image_generator_settings":{"template":"highway","default_image_id":0,"font":"","enabled":false},"version":2}},"categories":[11],"tags":[372,320,2976,256,217,134,26,3376,3343],"class_list":["post-26995","post","type-post","status-publish","format-standard","has-post-thumbnail","hentry","category-noticias-de-ribeirao-preto-sp-e-regiao-ismael-colosi","tag-acompanhar","tag-aplicativo","tag-fila","tag-paciente","tag-pode","tag-por","tag-ribeirao","tag-tamanho","tag-upas"],"jetpack_publicize_connections":[],"jetpack_featured_media_url":"https:\/\/i0.wp.com\/noticiasribeiraopreto.com.br\/wp-content\/uploads\/2024\/01\/upa.jpg?fit=1623%2C1080&ssl=1","jetpack-related-posts":[{"id":26710,"url":"https:\/\/noticiasribeiraopreto.com.br\/index.php\/2024\/01\/10\/aplicativo-saude-digital-tem-nova-funcao-que-indica-tempo-medio-de-atendimento-nas-upas\/","url_meta":{"origin":26995,"position":0},"title":"Aplicativo Sa\u00fade Digital tem nova fun\u00e7\u00e3o que indica tempo m\u00e9dio de atendimento nas UPAs \u2013 Folha de Ribeir\u00e3o","author":"noticiasribeiraopreto.com.br","date":"10 de January de 2024","format":false,"excerpt":"J\u00e1 est\u00e1 dispon\u00edvel para a popula\u00e7\u00e3o, no aplicativo Sa\u00fade Digital, a nova fun\u00e7\u00e3o que permite ao usu\u00e1rio consultar o tempo m\u00e9dio de espera para atendimento por especialidades nas UPAs \u2013 Unidades de Pronto Atendimento de Ribeir\u00e3o Preto. \u201cOs profissionais das UPAs ficam respons\u00e1veis por alimentar esses dados de hora em\u2026","rel":"","context":"In &quot;Not\u00edcias de Ribeir\u00e3o Preto-SP e Regi\u00e3o&quot;","block_context":{"text":"Not\u00edcias de Ribeir\u00e3o Preto-SP e Regi\u00e3o","link":"https:\/\/noticiasribeiraopreto.com.br\/index.php\/category\/noticias-de-ribeirao-preto-sp-e-regiao-ismael-colosi\/"},"img":{"alt_text":"","src":"https:\/\/i0.wp.com\/noticiasribeiraopreto.com.br\/wp-content\/uploads\/2024\/01\/app_saude_digital_-_foto_guilherme_sircili_22.jpg?fit=1200%2C800&ssl=1&resize=350%2C200","width":350,"height":200,"srcset":"https:\/\/i0.wp.com\/noticiasribeiraopreto.com.br\/wp-content\/uploads\/2024\/01\/app_saude_digital_-_foto_guilherme_sircili_22.jpg?fit=1200%2C800&ssl=1&resize=350%2C200 1x, https:\/\/i0.wp.com\/noticiasribeiraopreto.com.br\/wp-content\/uploads\/2024\/01\/app_saude_digital_-_foto_guilherme_sircili_22.jpg?fit=1200%2C800&ssl=1&resize=525%2C300 1.5x, https:\/\/i0.wp.com\/noticiasribeiraopreto.com.br\/wp-content\/uploads\/2024\/01\/app_saude_digital_-_foto_guilherme_sircili_22.jpg?fit=1200%2C800&ssl=1&resize=700%2C400 2x, https:\/\/i0.wp.com\/noticiasribeiraopreto.com.br\/wp-content\/uploads\/2024\/01\/app_saude_digital_-_foto_guilherme_sircili_22.jpg?fit=1200%2C800&ssl=1&resize=1050%2C600 3x"},"classes":[]},{"id":68347,"url":"https:\/\/noticiasribeiraopreto.com.br\/index.php\/2025\/04\/24\/upa-oeste-ganha-teleconsulta-tribuna-ribeirao\/","url_meta":{"origin":26995,"position":1},"title":"Upa Oeste ganha teleconsulta &#8211; Tribuna Ribeir\u00e3o","author":"noticiasribeiraopreto.com.br","date":"24 de April de 2025","format":false,"excerpt":"24 de abril de 2025 15:4924 de abril de 2025 15:501 Compartilhar0 A Prefeitura de Ribeir\u00e3o Preto implementou a teleconsulta na Unidade de Pronto Atendimento (UPA) Oeste, localizada no bairro Sumarezinho. O objetivo \u00e9 agilizar o atendimento de casos leves e reduzir as filas presenciais. O servi\u00e7o foi criado a\u2026","rel":"","context":"In &quot;Not\u00edcias de Ribeir\u00e3o Preto-SP e Regi\u00e3o&quot;","block_context":{"text":"Not\u00edcias de Ribeir\u00e3o Preto-SP e Regi\u00e3o","link":"https:\/\/noticiasribeiraopreto.com.br\/index.php\/category\/noticias-de-ribeirao-preto-sp-e-regiao-ismael-colosi\/"},"img":{"alt_text":"","src":"https:\/\/i0.wp.com\/noticiasribeiraopreto.com.br\/wp-content\/uploads\/2025\/04\/upa.jpg?fit=740%2C493&ssl=1&resize=350%2C200","width":350,"height":200,"srcset":"https:\/\/i0.wp.com\/noticiasribeiraopreto.com.br\/wp-content\/uploads\/2025\/04\/upa.jpg?fit=740%2C493&ssl=1&resize=350%2C200 1x, https:\/\/i0.wp.com\/noticiasribeiraopreto.com.br\/wp-content\/uploads\/2025\/04\/upa.jpg?fit=740%2C493&ssl=1&resize=525%2C300 1.5x, https:\/\/i0.wp.com\/noticiasribeiraopreto.com.br\/wp-content\/uploads\/2025\/04\/upa.jpg?fit=740%2C493&ssl=1&resize=700%2C400 2x"},"classes":[]},{"id":74909,"url":"https:\/\/noticiasribeiraopreto.com.br\/index.php\/2025\/07\/31\/prefeitura-lanca-app-de-teleconsulta\/","url_meta":{"origin":26995,"position":2},"title":"Prefeitura lan\u00e7a app de teleconsulta","author":"noticiasribeiraopreto.com.br","date":"31 de July de 2025","format":false,"excerpt":"O prefeito Ricardo Silva (PSD) lan\u00e7ou nesta quarta-feira, 30 de julho, o aplicativo Cuidar+On para teleconsulta. O an\u00fancio ocorreu no Centro Administrativo Prefeito Jos\u00e9 de Magalh\u00e3es, sede da prefeitura de Ribeir\u00e3o Preto. A plataforma foi desenvolvida especialmente para atender \u00e0s necessidades da popula\u00e7\u00e3o e substituir\u00e1 o Sa\u00fade24h, mantendo todos os\u2026","rel":"","context":"In &quot;Not\u00edcias de Ribeir\u00e3o Preto-SP e Regi\u00e3o&quot;","block_context":{"text":"Not\u00edcias de Ribeir\u00e3o Preto-SP e Regi\u00e3o","link":"https:\/\/noticiasribeiraopreto.com.br\/index.php\/category\/noticias-de-ribeirao-preto-sp-e-regiao-ismael-colosi\/"},"img":{"alt_text":"","src":"https:\/\/i0.wp.com\/noticiasribeiraopreto.com.br\/wp-content\/uploads\/2025\/07\/SaudeAPP-Alfredo-Risk-scaled.jpg?fit=1170%2C780&ssl=1&resize=350%2C200","width":350,"height":200,"srcset":"https:\/\/i0.wp.com\/noticiasribeiraopreto.com.br\/wp-content\/uploads\/2025\/07\/SaudeAPP-Alfredo-Risk-scaled.jpg?fit=1170%2C780&ssl=1&resize=350%2C200 1x, https:\/\/i0.wp.com\/noticiasribeiraopreto.com.br\/wp-content\/uploads\/2025\/07\/SaudeAPP-Alfredo-Risk-scaled.jpg?fit=1170%2C780&ssl=1&resize=525%2C300 1.5x, https:\/\/i0.wp.com\/noticiasribeiraopreto.com.br\/wp-content\/uploads\/2025\/07\/SaudeAPP-Alfredo-Risk-scaled.jpg?fit=1170%2C780&ssl=1&resize=700%2C400 2x, https:\/\/i0.wp.com\/noticiasribeiraopreto.com.br\/wp-content\/uploads\/2025\/07\/SaudeAPP-Alfredo-Risk-scaled.jpg?fit=1170%2C780&ssl=1&resize=1050%2C600 3x"},"classes":[]},{"id":65403,"url":"https:\/\/noticiasribeiraopreto.com.br\/index.php\/2025\/03\/19\/veja-como-consultar-resultados-de-exames-realizados-em-ribeirao-preto-pelo-aplicativo\/","url_meta":{"origin":26995,"position":3},"title":"Veja como consultar resultados de exames realizados em Ribeir\u00e3o Preto pelo aplicativo","author":"noticiasribeiraopreto.com.br","date":"19 de March de 2025","format":false,"excerpt":"A partir de agora, os usu\u00e1rios do sistema p\u00fablico de Sa\u00fade de Ribeir\u00e3o Preto podem consultar os resultados de exames laboratoriais em tempo real e acompanhar o status de encaminhamentos para consultas com especialistas e exames com o aplicativo Sa\u00fade Digital. Ficam dispon\u00edveis os resultados de exames realizados na rede\u2026","rel":"","context":"In &quot;Not\u00edcias de Ribeir\u00e3o Preto-SP e Regi\u00e3o&quot;","block_context":{"text":"Not\u00edcias de Ribeir\u00e3o Preto-SP e Regi\u00e3o","link":"https:\/\/noticiasribeiraopreto.com.br\/index.php\/category\/noticias-de-ribeirao-preto-sp-e-regiao-ismael-colosi\/"},"img":{"alt_text":"","src":"https:\/\/i0.wp.com\/noticiasribeiraopreto.com.br\/wp-content\/uploads\/2025\/03\/app-saude-digital_2025-03-19_20-00-48_jpg_2025-03-19_20-00-48.webp.webp?fit=1200%2C800&ssl=1&resize=350%2C200","width":350,"height":200,"srcset":"https:\/\/i0.wp.com\/noticiasribeiraopreto.com.br\/wp-content\/uploads\/2025\/03\/app-saude-digital_2025-03-19_20-00-48_jpg_2025-03-19_20-00-48.webp.webp?fit=1200%2C800&ssl=1&resize=350%2C200 1x, https:\/\/i0.wp.com\/noticiasribeiraopreto.com.br\/wp-content\/uploads\/2025\/03\/app-saude-digital_2025-03-19_20-00-48_jpg_2025-03-19_20-00-48.webp.webp?fit=1200%2C800&ssl=1&resize=525%2C300 1.5x, https:\/\/i0.wp.com\/noticiasribeiraopreto.com.br\/wp-content\/uploads\/2025\/03\/app-saude-digital_2025-03-19_20-00-48_jpg_2025-03-19_20-00-48.webp.webp?fit=1200%2C800&ssl=1&resize=700%2C400 2x, https:\/\/i0.wp.com\/noticiasribeiraopreto.com.br\/wp-content\/uploads\/2025\/03\/app-saude-digital_2025-03-19_20-00-48_jpg_2025-03-19_20-00-48.webp.webp?fit=1200%2C800&ssl=1&resize=1050%2C600 3x"},"classes":[]},{"id":81922,"url":"https:\/\/noticiasribeiraopreto.com.br\/index.php\/2026\/01\/30\/entenda-o-que-sao-as-tendas-instaladas-em-upas-de-ribeirao-preto\/","url_meta":{"origin":26995,"position":4},"title":"Entenda o que s\u00e3o as tendas instaladas em UPAs de Ribeir\u00e3o Preto","author":"noticiasribeiraopreto.com.br","date":"30 de January de 2026","format":false,"excerpt":"Quem passou pelas UPAs (Unidades de Pronto Atendimento) da Treze de Maio e Norte, em Ribeir\u00e3o Preto, nesta quinta-feira (29) pode ter notado as tendas instaladas em frente aos equipamentos de sa\u00fade. As tendas fazem parte do plano de enfrentamento \u00e0 dengue, de acordo com a Secretaria da Sa\u00fade. Al\u00e9m\u2026","rel":"","context":"In &quot;Not\u00edcias de Ribeir\u00e3o Preto-SP e Regi\u00e3o&quot;","block_context":{"text":"Not\u00edcias de Ribeir\u00e3o Preto-SP e Regi\u00e3o","link":"https:\/\/noticiasribeiraopreto.com.br\/index.php\/category\/noticias-de-ribeirao-preto-sp-e-regiao-ismael-colosi\/"},"img":{"alt_text":"","src":"https:\/\/i0.wp.com\/noticiasribeiraopreto.com.br\/wp-content\/uploads\/2026\/01\/tenda-dengue-upa-2_2026-01-29_20-46-41.webp.webp?fit=1200%2C800&ssl=1&resize=350%2C200","width":350,"height":200,"srcset":"https:\/\/i0.wp.com\/noticiasribeiraopreto.com.br\/wp-content\/uploads\/2026\/01\/tenda-dengue-upa-2_2026-01-29_20-46-41.webp.webp?fit=1200%2C800&ssl=1&resize=350%2C200 1x, https:\/\/i0.wp.com\/noticiasribeiraopreto.com.br\/wp-content\/uploads\/2026\/01\/tenda-dengue-upa-2_2026-01-29_20-46-41.webp.webp?fit=1200%2C800&ssl=1&resize=525%2C300 1.5x, https:\/\/i0.wp.com\/noticiasribeiraopreto.com.br\/wp-content\/uploads\/2026\/01\/tenda-dengue-upa-2_2026-01-29_20-46-41.webp.webp?fit=1200%2C800&ssl=1&resize=700%2C400 2x, https:\/\/i0.wp.com\/noticiasribeiraopreto.com.br\/wp-content\/uploads\/2026\/01\/tenda-dengue-upa-2_2026-01-29_20-46-41.webp.webp?fit=1200%2C800&ssl=1&resize=1050%2C600 3x"},"classes":[]},{"id":61076,"url":"https:\/\/noticiasribeiraopreto.com.br\/index.php\/2024\/12\/03\/vereadores-de-ribeirao-preto-realizam-fiscalizacao-na-upa-da-treze-de-maio\/","url_meta":{"origin":26995,"position":5},"title":"Vereadores de Ribeir\u00e3o Preto Realizam Fiscaliza\u00e7\u00e3o na UPA da Treze de Maio","author":"noticiasribeiraopreto.com.br","date":"3 de December de 2024","format":false,"excerpt":"Na \u00faltima semana, vereadores de Ribeir\u00e3o Preto realizaram uma vistoria na Unidade de Pronto Atendimento (UPA) da Treze de Maio, com o objetivo de verificar as condi\u00e7\u00f5es do local e identificar poss\u00edveis pontos de melhoria. Durante a fiscaliza\u00e7\u00e3o, foram analisados aspectos como infraestrutura, tempo de espera no atendimento e a\u2026","rel":"","context":"In &quot;Not\u00edcias de Ribeir\u00e3o Preto-SP e Regi\u00e3o&quot;","block_context":{"text":"Not\u00edcias de Ribeir\u00e3o Preto-SP e Regi\u00e3o","link":"https:\/\/noticiasribeiraopreto.com.br\/index.php\/category\/noticias-de-ribeirao-preto-sp-e-regiao-ismael-colosi\/"},"img":{"alt_text":"","src":"https:\/\/i0.wp.com\/noticiasribeiraopreto.com.br\/wp-content\/uploads\/2024\/12\/20241125_161355-scaled.jpg?fit=1200%2C675&ssl=1&resize=350%2C200","width":350,"height":200,"srcset":"https:\/\/i0.wp.com\/noticiasribeiraopreto.com.br\/wp-content\/uploads\/2024\/12\/20241125_161355-scaled.jpg?fit=1200%2C675&ssl=1&resize=350%2C200 1x, https:\/\/i0.wp.com\/noticiasribeiraopreto.com.br\/wp-content\/uploads\/2024\/12\/20241125_161355-scaled.jpg?fit=1200%2C675&ssl=1&resize=525%2C300 1.5x, https:\/\/i0.wp.com\/noticiasribeiraopreto.com.br\/wp-content\/uploads\/2024\/12\/20241125_161355-scaled.jpg?fit=1200%2C675&ssl=1&resize=700%2C400 2x, https:\/\/i0.wp.com\/noticiasribeiraopreto.com.br\/wp-content\/uploads\/2024\/12\/20241125_161355-scaled.jpg?fit=1200%2C675&ssl=1&resize=1050%2C600 3x"},"classes":[]}],"jetpack_sharing_enabled":true,"jetpack_shortlink":"https:\/\/wp.me\/peQAOb-71p","_links":{"self":[{"href":"https:\/\/noticiasribeiraopreto.com.br\/index.php\/wp-json\/wp\/v2\/posts\/26995","targetHints":{"allow":["GET"]}}],"collection":[{"href":"https:\/\/noticiasribeiraopreto.com.br\/index.php\/wp-json\/wp\/v2\/posts"}],"about":[{"href":"https:\/\/noticiasribeiraopreto.com.br\/index.php\/wp-json\/wp\/v2\/types\/post"}],"author":[{"embeddable":true,"href":"https:\/\/noticiasribeiraopreto.com.br\/index.php\/wp-json\/wp\/v2\/users\/1"}],"replies":[{"embeddable":true,"href":"https:\/\/noticiasribeiraopreto.com.br\/index.php\/wp-json\/wp\/v2\/comments?post=26995"}],"version-history":[{"count":0,"href":"https:\/\/noticiasribeiraopreto.com.br\/index.php\/wp-json\/wp\/v2\/posts\/26995\/revisions"}],"wp:featuredmedia":[{"embeddable":true,"href":"https:\/\/noticiasribeiraopreto.com.br\/index.php\/wp-json\/wp\/v2\/media\/26996"}],"wp:attachment":[{"href":"https:\/\/noticiasribeiraopreto.com.br\/index.php\/wp-json\/wp\/v2\/media?parent=26995"}],"wp:term":[{"taxonomy":"category","embeddable":true,"href":"https:\/\/noticiasribeiraopreto.com.br\/index.php\/wp-json\/wp\/v2\/categories?post=26995"},{"taxonomy":"post_tag","embeddable":true,"href":"https:\/\/noticiasribeiraopreto.com.br\/index.php\/wp-json\/wp\/v2\/tags?post=26995"}],"curies":[{"name":"wp","href":"https:\/\/api.w.org\/{rel}","templated":true}]}}