{"id":27001,"date":"2024-01-11T10:26:24","date_gmt":"2024-01-11T13:26:24","guid":{"rendered":"https:\/\/noticiasribeiraopreto.com.br\/index.php\/2024\/01\/11\/enem-dos-concursos-publicos-deve-acontecer-a-cada-dois-anos-e-abre-vagas-para-21-orgaos-do-governo-veja-como-se-inscrever\/"},"modified":"2024-01-11T10:26:24","modified_gmt":"2024-01-11T13:26:24","slug":"enem-dos-concursos-publicos-deve-acontecer-a-cada-dois-anos-e-abre-vagas-para-21-orgaos-do-governo-veja-como-se-inscrever","status":"publish","type":"post","link":"https:\/\/noticiasribeiraopreto.com.br\/index.php\/2024\/01\/11\/enem-dos-concursos-publicos-deve-acontecer-a-cada-dois-anos-e-abre-vagas-para-21-orgaos-do-governo-veja-como-se-inscrever\/","title":{"rendered":"\u2018Enem dos concursos p\u00fablicos\u2019 deve acontecer a cada dois anos e abre vagas para 21 \u00f3rg\u00e3os do governo \u2014 veja como se inscrever"},"content":{"rendered":"<div class='code-block code-block-1' style='margin: 8px 0 8px auto; text-align: right; display: block; clear: both;'>\n<p><a href=\"https:\/\/wa.link\/vpicfd\"><img data-recalc-dims=\"1\" class=\"wp-image-4922\" style=\"aspect-ratio: 2.0253164556962027; width: 561px; height: auto;\" src=\"https:\/\/i0.wp.com\/ismaelcolosi.com.br\/wp-content\/uploads\/2023\/11\/grupo-de-empregos-whatsapp-e-facebook-ismael-colosi-vagas.jpg?ssl=1\" alt=\"\" \/><\/a><\/p>\n<!-- \/wp:image -->\n<\/div>\n<p> <br \/>\n<\/p>\n<div id=\"js-first-letter\">\n<p>As inscri\u00e7\u00f5es para o chamado \u2018<a href=\"https:\/\/www.seudinheiro.com\/2024\/carreiras\/mais-de-6-mil-vagas-e-provas-em-220-cidades-governo-divulga-mais-detalhes-sobre-o-enem-dos-concursos-publicos-lvit\/\" target=\"_blank\" rel=\"noreferrer noopener\">Enem dos concursos p\u00fablicos<\/a>\u2019 est\u00e3o cada vez mais pr\u00f3ximas. O prazo para os cadastros para o <strong>Concurso P\u00fablico Nacional Unificado<\/strong> est\u00e1 marcado para iniciar no dia 19 de janeiro e se estender\u00e1 at\u00e9 9 de fevereiro.<\/p>\n<p>A prova acontecer\u00e1 em 5 de maio e ser\u00e1 realizada em dois turnos, de manh\u00e3 e de tarde. Os exames ser\u00e3o aplicados simultaneamente em 220 cidades.<\/p>\n<p>A taxa de inscri\u00e7\u00e3o ser\u00e1 de R$ 60 para vagas de n\u00edvel m\u00e9dio e de R$ 90 para vagas de n\u00edvel superior.\u00a0<\/p>\n<p>Os candidatos que est\u00e3o no Cadastro \u00danico (Cad\u00danico), que cursaram ensino superior pelo Fies (Fundo de Financiamento ao Estudante do Ensino Superior) ou pelo ProUni (Programa Universidade para Todos) e quem fez transplante de medula \u00f3ssea n\u00e3o pagam a inscri\u00e7\u00e3o.<\/p>\n<p>As inscri\u00e7\u00f5es ser\u00e3o feitas pela plataforma gov.br, com preenchimento de formul\u00e1rios e anexa\u00e7\u00e3o de documentos <a href=\"https:\/\/www.seudinheiro.com\/2024\/carreiras\/com-mais-de-6-mil-vagas-governo-publica-edital-do-enem-dos-concursos-veja-como-participar-davs\/\" target=\"_blank\" rel=\"noreferrer noopener\">que constam em edital<\/a>. Para se inscrever, ser\u00e1 necess\u00e1rio ter conta no portal de qualquer n\u00edvel (ouro, prata ou bronze).<\/p>\n<p>A expectativa \u00e9 de que haja entre 2 e 3 milh\u00f5es de inscri\u00e7\u00f5es, segundo a ministra da Gest\u00e3o, Esther Dweck.<\/p>\n<p>O concurso unificado re\u00fane 6.640 vagas no servi\u00e7o p\u00fablico federal, com oportunidades em 21 \u00f3rg\u00e3os diferentes.<\/p>\n<p>De acordo com a ministra, a inten\u00e7\u00e3o do governo \u00e9 realizar esse tipo de concurso a cada dois anos.<\/p>\n<p>&#8220;Esse concurso \u00e9 uma das maiores inova\u00e7\u00f5es de se pensar o Estado brasileiro e faz parte da nossa l\u00f3gica de transforma\u00e7\u00e3o. (&#8230;) Toda inova\u00e7\u00e3o gera d\u00favidas. Depois que as pessoas conhecerem os detalhes, nossa ideia \u00e9 que se torne algo permanente, provavelmente n\u00e3o anualmente, mas algo como bianual&#8221;, disse a ministra em entrevista coletiva.<\/p>\n<h2 class=\"wp-block-heading\" id=\"h-as-vagas-do-enem-dos-concursos\">As vagas do \u2018Enem dos concursos\u2019<\/h2>\n<p>O Minist\u00e9rio da Gest\u00e3o e da Inova\u00e7\u00e3o em Servi\u00e7os P\u00fablicos publicou ontem no Di\u00e1rio Oficial da Uni\u00e3o o edital do Concurso P\u00fablico Nacional Unificado.\u00a0<\/p>\n<p>O edital do que o governo tem chamado de &#8220;Enem dos concursos&#8221; trouxe os conte\u00fados das provas e os crit\u00e9rios de classifica\u00e7\u00e3o e desclassifica\u00e7\u00e3o.\u00a0<\/p>\n<p>As inscri\u00e7\u00f5es ser\u00e3o abertas em 19 de janeiro. Na inscri\u00e7\u00e3o, o candidato dever\u00e1 escolher uma das carreiras, que foram agrupadas em blocos tem\u00e1ticos:\u00a0<\/p>\n<ul>\n<li>Administra\u00e7\u00e3o e finan\u00e7as p\u00fablicas;\u00a0<\/li>\n<li>Setores econ\u00f4micos;<\/li>\n<li>Infraestrutura e regula\u00e7\u00e3o;\u00a0<\/li>\n<li>Agricultura;\u00a0<\/li>\n<li>Meio ambiente e desenvolvimento agr\u00e1rio;\u00a0<\/li>\n<li>Educa\u00e7\u00e3o, ci\u00eancia, tecnologia e inova\u00e7\u00e3o;\u00a0<\/li>\n<li>Pol\u00edticas sociais, Justi\u00e7a e sa\u00fade;\u00a0<\/li>\n<li>Trabalho e Previd\u00eancia;\u00a0<\/li>\n<li>Dados, tecnologia e informa\u00e7\u00e3o e n\u00edvel Intermedi\u00e1rio.<\/li>\n<\/ul>\n<p>O concurso unificado permitir\u00e1 a disputa por mais de um cargo, desde que dentro do mesmo bloco tem\u00e1tico.\u00a0<\/p>\n<p>O candidato pode classificar as vagas de interesse de acordo com a prefer\u00eancia e definir a prioridade para a chamada.<\/p>\n<p>A sele\u00e7\u00e3o possui cotas espec\u00edficas: 5% para candidatos portadores de necessidades especiais e 20% para candidatos pretos. Na Funai (Funda\u00e7\u00e3o Nacional dos Povos Ind\u00edgenas), 30% das vagas tamb\u00e9m ser\u00e3o reservadas para candidatos de origem ind\u00edgena.<\/p>\n<p>A divulga\u00e7\u00e3o dos resultados das provas objetivas e preliminares das provas discursivas e reda\u00e7\u00f5es ser\u00e1 feita no dia 3 de junho. J\u00e1 os resultados finais ser\u00e3o anunciados em 30 de julho.\u00a0<\/p>\n<p>Em 5 de agosto, ser\u00e1 iniciada a etapa de convoca\u00e7\u00e3o para posse e realiza\u00e7\u00e3o de cursos de forma\u00e7\u00e3o.<\/p>\n<figure class=\"wp-block-embed is-type-video is-provider-youtube wp-block-embed-youtube wp-embed-aspect-16-9 wp-has-aspect-ratio\">\n<p>\n<iframe loading=\"lazy\" title=\"ONDE INVESTIR EM 2024: A\u00c7\u00d5ES, RENDA FIXA, DIVIDENDOS, FIIS, BDRs E CRIPTOMOEDAS - INDICA\u00c7\u00d5ES GR\u00c1TIS\" width=\"500\" height=\"281\" src=\"https:\/\/www.youtube.com\/embed\/12mhWLu7bl4?feature=oembed\" frameborder=\"0\" allow=\"accelerometer; autoplay; clipboard-write; encrypted-media; gyroscope; picture-in-picture; web-share\" referrerpolicy=\"strict-origin-when-cross-origin\" allowfullscreen><\/iframe>\n<\/p>\n<\/figure>\n<h2 class=\"wp-block-heading\" id=\"h-o-concurso-publico-unificado\">O concurso p\u00fablico unificado<\/h2>\n<p>A op\u00e7\u00e3o pelo modelo de prova unificada no concurso p\u00fablico atende \u00e0 necessidade de reposi\u00e7\u00e3o do quadro de servidores, muito desfalcado em algumas carreiras.<\/p>\n<p>Al\u00e9m disso, esse tipo de sele\u00e7\u00e3o diminui o custo de realiza\u00e7\u00e3o das provas para o governo, uma vez que permite que mais \u00f3rg\u00e3os sejam atendidos no mesmo edital.\u00a0<\/p>\n<p>De acordo com o Minist\u00e9rio da Gest\u00e3o, nos \u00faltimos seis anos, o governo federal perdeu por volta de 73 mil servidores.<\/p>\n<p>O processo seletivo para o \u2018Enem dos concursos\u2019 ainda foi anunciado enquanto o governo enfrenta press\u00e3o de categorias por reajuste de sal\u00e1rios, reposi\u00e7\u00e3o de servidores e melhores condi\u00e7\u00f5es de trabalho.<\/p>\n<p>No in\u00edcio do m\u00eas, servidores do Ibama (Instituto Brasileiro do Meio Ambiente e dos Recursos Naturais Renov\u00e1veis) anunciaram paralisa\u00e7\u00e3o das atividades de fiscaliza\u00e7\u00e3o da institui\u00e7\u00e3o por melhores sal\u00e1rios e condi\u00e7\u00f5es de trabalho.<\/p>\n<p>A contrata\u00e7\u00e3o de servidores \u00e9 uma das principais reivindica\u00e7\u00f5es dos funcion\u00e1rios do \u00f3rg\u00e3o. Hoje, s\u00f3 49,2% dos servidores especialistas em ambiente est\u00e3o em atividade.<\/p>\n<p>Al\u00e9m dos funcion\u00e1rios do Ibama, auditores fiscais tamb\u00e9m est\u00e3o parcialmente em greve h\u00e1 pelo menos 50 dias pedindo reajuste de sal\u00e1rio. De acordo com a categoria, 30% do efetivo \u00e9 mantido nas aduanas do Brasil.<\/p>\n<p>Por outro lado, algumas categorias foram beneficiadas por aumentos, como a Pol\u00edcia Federal (PF) e Pol\u00edcia Rodovi\u00e1ria Federal (PRF).<\/p>\n<\/div>\n<p><br \/>\n<br \/><a href=\"https:\/\/www.seudinheiro.com\/2024\/carreiras\/enem-dos-concursos-publicos-deve-acontecer-a-cada-dois-anos-e-abre-vagas-para-21-orgaos-do-governo-veja-como-se-inscrever-miql\/\">Source link <\/a><\/p>\n<!-- CONTENT END 1 -->\n","protected":false},"excerpt":{"rendered":"<p>As inscri\u00e7\u00f5es para o chamado \u2018Enem dos concursos p\u00fablicos\u2019 est\u00e3o cada vez mais pr\u00f3ximas. O prazo para os cadastros para o Concurso P\u00fablico Nacional Unificado&#8230;<\/p>\n","protected":false},"author":1,"featured_media":27002,"comment_status":"open","ping_status":"open","sticky":false,"template":"","format":"standard","meta":{"advanced_seo_description":"","jetpack_seo_html_title":"","jetpack_seo_noindex":false,"jetpack_post_was_ever_published":false,"_jetpack_newsletter_access":"","_jetpack_dont_email_post_to_subs":false,"_jetpack_newsletter_tier_id":0,"_jetpack_memberships_contains_paywalled_content":false,"_jetpack_memberships_contains_paid_content":false,"footnotes":"","jetpack_publicize_message":"","jetpack_publicize_feature_enabled":true,"jetpack_social_post_already_shared":true,"jetpack_social_options":{"image_generator_settings":{"template":"highway","default_image_id":0,"font":"","enabled":false},"version":2}},"categories":[1235],"tags":[],"class_list":["post-27001","post","type-post","status-publish","format-standard","has-post-thumbnail","hentry","category-dinheiro-e-investimento-como-fazer-como-ganhar"],"jetpack_publicize_connections":[],"jetpack_featured_media_url":"https:\/\/i0.wp.com\/noticiasribeiraopreto.com.br\/wp-content\/uploads\/2024\/01\/1704979588_concurso-publico-vagas-agosto-profissao-CAPA-SD-715x402.jpg?fit=715%2C402&ssl=1","jetpack-related-posts":[{"id":29917,"url":"https:\/\/noticiasribeiraopreto.com.br\/index.php\/2024\/01\/19\/com-salarios-a-partir-de-r-22-mil-enem-dos-concursos-abre-inscricoes-hoje-veja-como-participar\/","url_meta":{"origin":27001,"position":0},"title":"Com sal\u00e1rios a partir de R$ 22 mil, \u201cEnem dos Concursos\u201d abre inscri\u00e7\u00f5es hoje; veja como participar","author":"noticiasribeiraopreto.com.br","date":"19 de January de 2024","format":false,"excerpt":"Come\u00e7am hoje, \u00e0s 10 horas, as inscri\u00e7\u00f5es para o Concurso P\u00fablico Nacional Unificado. Segundo o site oficial do \u201cEnem dos concursos p\u00fablicos\u201d, as inscri\u00e7\u00f5es ficar\u00e3o abertas at\u00e9 9 de fevereiro. A taxa para participa\u00e7\u00e3o do exame \u00e9 de R$ 60 para vagas de n\u00edvel m\u00e9dio e de R$ 90 para\u2026","rel":"","context":"In &quot;Dinheiro e Investimento&quot;","block_context":{"text":"Dinheiro e Investimento","link":"https:\/\/noticiasribeiraopreto.com.br\/index.php\/category\/dinheiro-e-investimento-como-fazer-como-ganhar\/"},"img":{"alt_text":"","src":"https:\/\/i0.wp.com\/noticiasribeiraopreto.com.br\/wp-content\/uploads\/2024\/01\/1705694571_concurso-publico-vagas-agosto-profissao-CAPA-SD-715x402.jpg?fit=715%2C402&ssl=1&resize=350%2C200","width":350,"height":200,"srcset":"https:\/\/i0.wp.com\/noticiasribeiraopreto.com.br\/wp-content\/uploads\/2024\/01\/1705694571_concurso-publico-vagas-agosto-profissao-CAPA-SD-715x402.jpg?fit=715%2C402&ssl=1&resize=350%2C200 1x, https:\/\/i0.wp.com\/noticiasribeiraopreto.com.br\/wp-content\/uploads\/2024\/01\/1705694571_concurso-publico-vagas-agosto-profissao-CAPA-SD-715x402.jpg?fit=715%2C402&ssl=1&resize=525%2C300 1.5x, https:\/\/i0.wp.com\/noticiasribeiraopreto.com.br\/wp-content\/uploads\/2024\/01\/1705694571_concurso-publico-vagas-agosto-profissao-CAPA-SD-715x402.jpg?fit=715%2C402&ssl=1&resize=700%2C400 2x"},"classes":[]},{"id":29660,"url":"https:\/\/noticiasribeiraopreto.com.br\/index.php\/2024\/01\/19\/inscricoes-para-enem-dos-concursos-comecam-nesta-sexta-feira\/","url_meta":{"origin":27001,"position":1},"title":"Inscri\u00e7\u00f5es para \u2018Enem dos concursos\u2019 come\u00e7am nesta sexta-feira","author":"noticiasribeiraopreto.com.br","date":"19 de January de 2024","format":false,"excerpt":"As inscri\u00e7\u00f5es para o CPNU (Concurso P\u00fablico Nacional Unificado), chamado de \u201cEnem dos concursos\u201d, come\u00e7am nesta sexta-feira (19) e seguem at\u00e9 o dia 9 de fevereiro. A prova acontece no dia 5 de maio e Ribeir\u00e3o Preto \u00e9 uma das 220 cidades que ir\u00e1 receber os candidatos que v\u00e3o disputar\u2026","rel":"","context":"In &quot;Not\u00edcias de Ribeir\u00e3o Preto-SP e Regi\u00e3o&quot;","block_context":{"text":"Not\u00edcias de Ribeir\u00e3o Preto-SP e Regi\u00e3o","link":"https:\/\/noticiasribeiraopreto.com.br\/index.php\/category\/noticias-de-ribeirao-preto-sp-e-regiao-ismael-colosi\/"},"img":{"alt_text":"","src":"https:\/\/i0.wp.com\/noticiasribeiraopreto.com.br\/wp-content\/uploads\/2024\/01\/1705633260_concurso-publico-12.jpg?fit=1200%2C800&ssl=1&resize=350%2C200","width":350,"height":200,"srcset":"https:\/\/i0.wp.com\/noticiasribeiraopreto.com.br\/wp-content\/uploads\/2024\/01\/1705633260_concurso-publico-12.jpg?fit=1200%2C800&ssl=1&resize=350%2C200 1x, https:\/\/i0.wp.com\/noticiasribeiraopreto.com.br\/wp-content\/uploads\/2024\/01\/1705633260_concurso-publico-12.jpg?fit=1200%2C800&ssl=1&resize=525%2C300 1.5x, https:\/\/i0.wp.com\/noticiasribeiraopreto.com.br\/wp-content\/uploads\/2024\/01\/1705633260_concurso-publico-12.jpg?fit=1200%2C800&ssl=1&resize=700%2C400 2x, https:\/\/i0.wp.com\/noticiasribeiraopreto.com.br\/wp-content\/uploads\/2024\/01\/1705633260_concurso-publico-12.jpg?fit=1200%2C800&ssl=1&resize=1050%2C600 3x"},"classes":[]},{"id":33319,"url":"https:\/\/noticiasribeiraopreto.com.br\/index.php\/2024\/01\/29\/enem-dos-concursos-saiba-como-consultar-os-pedidos-de-isencao-da-taxa-de-inscricao\/","url_meta":{"origin":27001,"position":2},"title":"Enem dos Concursos: saiba como consultar os pedidos de isen\u00e7\u00e3o da taxa de inscri\u00e7\u00e3o","author":"noticiasribeiraopreto.com.br","date":"29 de January de 2024","format":false,"excerpt":"Da reda\u00e7\u00e3oi Da reda\u00e7\u00e3o 29\/01\/2024 - 8:31 O resultado preliminar da an\u00e1lise dos pedidos de isen\u00e7\u00e3o do pagamento da taxa de inscri\u00e7\u00e3o do Concurso P\u00fablico Nacional Unificado (CPNU) ser\u00e1 divulgado nesta segunda-feira, dia 29, na \u00e1rea do candidato. A an\u00e1lise aparece na p\u00e1gina do certame, que \u00e9 organizado pelo Minist\u00e9rio\u2026","rel":"","context":"In &quot;Vagas de Emprego em Ribeir\u00e3o Preto-SP&quot;","block_context":{"text":"Vagas de Emprego em Ribeir\u00e3o Preto-SP","link":"https:\/\/noticiasribeiraopreto.com.br\/index.php\/category\/empregos-classificados-vagas-trabalho\/vagas-de-empregos-em-ribeirao-preto-regiao-brasil\/"},"img":{"alt_text":"","src":"https:\/\/i0.wp.com\/noticiasribeiraopreto.com.br\/wp-content\/uploads\/2024\/01\/concursounificado.jpg?fit=900%2C600&ssl=1&resize=350%2C200","width":350,"height":200,"srcset":"https:\/\/i0.wp.com\/noticiasribeiraopreto.com.br\/wp-content\/uploads\/2024\/01\/concursounificado.jpg?fit=900%2C600&ssl=1&resize=350%2C200 1x, https:\/\/i0.wp.com\/noticiasribeiraopreto.com.br\/wp-content\/uploads\/2024\/01\/concursounificado.jpg?fit=900%2C600&ssl=1&resize=525%2C300 1.5x, https:\/\/i0.wp.com\/noticiasribeiraopreto.com.br\/wp-content\/uploads\/2024\/01\/concursounificado.jpg?fit=900%2C600&ssl=1&resize=700%2C400 2x"},"classes":[]},{"id":29744,"url":"https:\/\/noticiasribeiraopreto.com.br\/index.php\/2024\/01\/19\/enem-dos-concursos-abre-inscricoes-hoje\/","url_meta":{"origin":27001,"position":3},"title":"Enem dos concursos abre inscri\u00e7\u00f5es hoje \u00a0","author":"noticiasribeiraopreto.com.br","date":"19 de January de 2024","format":false,"excerpt":"19 de janeiro de 2024 | 8:3019 de janeiro de 2024 | 8:24 0Come\u00e7am nesta sexta-feira, 19 de janeiro, as inscri\u00e7\u00f5es para o Concurso P\u00fablico Nacional Unificado. O certame vai selecionar, de uma s\u00f3 vez, 6.640 servidores para 21 \u00f3rg\u00e3os p\u00fablicos federais. No ato da inscri\u00e7\u00e3o, feita exclusivamente pelo aplicativo\u2026","rel":"","context":"In &quot;Not\u00edcias de Ribeir\u00e3o Preto-SP e Regi\u00e3o&quot;","block_context":{"text":"Not\u00edcias de Ribeir\u00e3o Preto-SP e Regi\u00e3o","link":"https:\/\/noticiasribeiraopreto.com.br\/index.php\/category\/noticias-de-ribeirao-preto-sp-e-regiao-ismael-colosi\/"},"img":{"alt_text":"","src":"https:\/\/i0.wp.com\/noticiasribeiraopreto.com.br\/wp-content\/uploads\/2024\/01\/Concurso-Rafa-Neddermeyer-Ag.Br_-scaled.jpg?fit=1000%2C603&ssl=1&resize=350%2C200","width":350,"height":200,"srcset":"https:\/\/i0.wp.com\/noticiasribeiraopreto.com.br\/wp-content\/uploads\/2024\/01\/Concurso-Rafa-Neddermeyer-Ag.Br_-scaled.jpg?fit=1000%2C603&ssl=1&resize=350%2C200 1x, https:\/\/i0.wp.com\/noticiasribeiraopreto.com.br\/wp-content\/uploads\/2024\/01\/Concurso-Rafa-Neddermeyer-Ag.Br_-scaled.jpg?fit=1000%2C603&ssl=1&resize=525%2C300 1.5x, https:\/\/i0.wp.com\/noticiasribeiraopreto.com.br\/wp-content\/uploads\/2024\/01\/Concurso-Rafa-Neddermeyer-Ag.Br_-scaled.jpg?fit=1000%2C603&ssl=1&resize=700%2C400 2x"},"classes":[]},{"id":35571,"url":"https:\/\/noticiasribeiraopreto.com.br\/index.php\/2024\/02\/06\/ultimos-dias-para-inscricoes-no-enem-dos-concursos-veja-como-participar\/","url_meta":{"origin":27001,"position":4},"title":"\u00daltimos dias para inscri\u00e7\u00f5es no \u2018Enem dos Concursos\u2019; Veja como participar","author":"noticiasribeiraopreto.com.br","date":"6 de February de 2024","format":false,"excerpt":"As inscri\u00e7\u00f5es para o Concurso P\u00fablico Unificado, o \u201cEnem dos Concursos\u201d, termina nesta sexta-feira (9). Os interessados em se inscrever devem acessar o site da Funda\u00e7\u00e3o Cesgranrio e estar inscrito na plataforma GOV.BR. Os candidatos no ato da inscri\u00e7\u00e3o devem escolher um entre os oito blocos tem\u00e1ticos do concurso. Em\u2026","rel":"","context":"In &quot;Not\u00edcias de Ribeir\u00e3o Preto-SP e Regi\u00e3o&quot;","block_context":{"text":"Not\u00edcias de Ribeir\u00e3o Preto-SP e Regi\u00e3o","link":"https:\/\/noticiasribeiraopreto.com.br\/index.php\/category\/noticias-de-ribeirao-preto-sp-e-regiao-ismael-colosi\/"},"img":{"alt_text":"","src":"https:\/\/i0.wp.com\/noticiasribeiraopreto.com.br\/wp-content\/uploads\/2024\/02\/enem.jpeg?fit=768%2C420&ssl=1&resize=350%2C200","width":350,"height":200,"srcset":"https:\/\/i0.wp.com\/noticiasribeiraopreto.com.br\/wp-content\/uploads\/2024\/02\/enem.jpeg?fit=768%2C420&ssl=1&resize=350%2C200 1x, https:\/\/i0.wp.com\/noticiasribeiraopreto.com.br\/wp-content\/uploads\/2024\/02\/enem.jpeg?fit=768%2C420&ssl=1&resize=525%2C300 1.5x, https:\/\/i0.wp.com\/noticiasribeiraopreto.com.br\/wp-content\/uploads\/2024\/02\/enem.jpeg?fit=768%2C420&ssl=1&resize=700%2C400 2x"},"classes":[]},{"id":32492,"url":"https:\/\/noticiasribeiraopreto.com.br\/index.php\/2024\/01\/25\/veja-quem-tem-direito-isencao-de-inscricao-no-enem-dos-concursos\/","url_meta":{"origin":27001,"position":5},"title":"Veja quem tem direito a isen\u00e7\u00e3o de inscri\u00e7\u00e3o no \u2018Enem dos Concursos\u2019","author":"noticiasribeiraopreto.com.br","date":"25 de January de 2024","format":false,"excerpt":"O pedido de isen\u00e7\u00e3o para a taxa de inscri\u00e7\u00e3o do Concurso P\u00fablico Nacional Unificado, conhecido \u201cEnem dos Concursos\u201d termina nesta sexta-feira (26). Para os interessados que n\u00e3o se enquadram nos requisitos de isentos, o prazo para se inscrever \u00e9 at\u00e9 o dia 9 de fevereiro. A inscri\u00e7\u00e3o e o pedido\u2026","rel":"","context":"In &quot;Not\u00edcias de Ribeir\u00e3o Preto-SP e Regi\u00e3o&quot;","block_context":{"text":"Not\u00edcias de Ribeir\u00e3o Preto-SP e Regi\u00e3o","link":"https:\/\/noticiasribeiraopreto.com.br\/index.php\/category\/noticias-de-ribeirao-preto-sp-e-regiao-ismael-colosi\/"},"img":{"alt_text":"","src":"https:\/\/i0.wp.com\/noticiasribeiraopreto.com.br\/wp-content\/uploads\/2024\/01\/1706195577_concurso-publico.jpg?fit=1200%2C800&ssl=1&resize=350%2C200","width":350,"height":200,"srcset":"https:\/\/i0.wp.com\/noticiasribeiraopreto.com.br\/wp-content\/uploads\/2024\/01\/1706195577_concurso-publico.jpg?fit=1200%2C800&ssl=1&resize=350%2C200 1x, https:\/\/i0.wp.com\/noticiasribeiraopreto.com.br\/wp-content\/uploads\/2024\/01\/1706195577_concurso-publico.jpg?fit=1200%2C800&ssl=1&resize=525%2C300 1.5x, https:\/\/i0.wp.com\/noticiasribeiraopreto.com.br\/wp-content\/uploads\/2024\/01\/1706195577_concurso-publico.jpg?fit=1200%2C800&ssl=1&resize=700%2C400 2x, https:\/\/i0.wp.com\/noticiasribeiraopreto.com.br\/wp-content\/uploads\/2024\/01\/1706195577_concurso-publico.jpg?fit=1200%2C800&ssl=1&resize=1050%2C600 3x"},"classes":[]}],"jetpack_sharing_enabled":true,"jetpack_shortlink":"https:\/\/wp.me\/peQAOb-71v","_links":{"self":[{"href":"https:\/\/noticiasribeiraopreto.com.br\/index.php\/wp-json\/wp\/v2\/posts\/27001","targetHints":{"allow":["GET"]}}],"collection":[{"href":"https:\/\/noticiasribeiraopreto.com.br\/index.php\/wp-json\/wp\/v2\/posts"}],"about":[{"href":"https:\/\/noticiasribeiraopreto.com.br\/index.php\/wp-json\/wp\/v2\/types\/post"}],"author":[{"embeddable":true,"href":"https:\/\/noticiasribeiraopreto.com.br\/index.php\/wp-json\/wp\/v2\/users\/1"}],"replies":[{"embeddable":true,"href":"https:\/\/noticiasribeiraopreto.com.br\/index.php\/wp-json\/wp\/v2\/comments?post=27001"}],"version-history":[{"count":0,"href":"https:\/\/noticiasribeiraopreto.com.br\/index.php\/wp-json\/wp\/v2\/posts\/27001\/revisions"}],"wp:featuredmedia":[{"embeddable":true,"href":"https:\/\/noticiasribeiraopreto.com.br\/index.php\/wp-json\/wp\/v2\/media\/27002"}],"wp:attachment":[{"href":"https:\/\/noticiasribeiraopreto.com.br\/index.php\/wp-json\/wp\/v2\/media?parent=27001"}],"wp:term":[{"taxonomy":"category","embeddable":true,"href":"https:\/\/noticiasribeiraopreto.com.br\/index.php\/wp-json\/wp\/v2\/categories?post=27001"},{"taxonomy":"post_tag","embeddable":true,"href":"https:\/\/noticiasribeiraopreto.com.br\/index.php\/wp-json\/wp\/v2\/tags?post=27001"}],"curies":[{"name":"wp","href":"https:\/\/api.w.org\/{rel}","templated":true}]}}