{"id":27011,"date":"2024-01-11T10:53:27","date_gmt":"2024-01-11T13:53:27","guid":{"rendered":"https:\/\/noticiasribeiraopreto.com.br\/index.php\/2024\/01\/11\/enem-dos-concursos-ocorrera-a-cada-dois-anos-diz-ministra\/"},"modified":"2024-01-11T10:53:27","modified_gmt":"2024-01-11T13:53:27","slug":"enem-dos-concursos-ocorrera-a-cada-dois-anos-diz-ministra","status":"publish","type":"post","link":"https:\/\/noticiasribeiraopreto.com.br\/index.php\/2024\/01\/11\/enem-dos-concursos-ocorrera-a-cada-dois-anos-diz-ministra\/","title":{"rendered":"\u2018Enem dos concursos\u2019 ocorrer\u00e1 a cada dois anos, diz ministra"},"content":{"rendered":"<div class='code-block code-block-1' style='margin: 8px 0 8px auto; text-align: right; display: block; clear: both;'>\n<p><a href=\"https:\/\/wa.link\/vpicfd\"><img data-recalc-dims=\"1\" class=\"wp-image-4922\" style=\"aspect-ratio: 2.0253164556962027; width: 561px; height: auto;\" src=\"https:\/\/i0.wp.com\/ismaelcolosi.com.br\/wp-content\/uploads\/2023\/11\/grupo-de-empregos-whatsapp-e-facebook-ismael-colosi-vagas.jpg?ssl=1\" alt=\"\" \/><\/a><\/p>\n<!-- \/wp:image -->\n<\/div>\n<p> <br \/>\n<\/p>\n<div id=\"\">\n<div class=\"content-infos\">\n<div class=\"texts\">\n<p class=\"author tooltip-comp\"> Da reda\u00e7\u00e3o<span class=\"icon-i\">i<\/span><span class=\"tooltiptext\"> <span class=\"author\"><span>Da reda\u00e7\u00e3o<\/span> <\/span><span class=\"desc\"\/> <\/span><\/p>\n<p>11\/01\/2024 &#8211; 10:51<\/p>\n<\/div>\n<div id=\"share-modal\" class=\"share-modal\"> <button class=\"box-close btn-share\"> <img decoding=\"async\" src=\"https:\/\/istoedinheiro.com.br\/wp-content\/themes\/dinheiro-wp-theme\/assets\/img\/svg\/closeIcon.svg?x46096\" alt=\"Close icon\" class=\"close-btn lazy\"\/> <\/button><\/div>\n<\/p><\/div>\n<p>A ministra da Gest\u00e3o, Esther Dweck, afirmou que o concurso p\u00fablico unificado, conhecido como \u2018Enem dos concursos\u2019, deve ser realizado a cada dois anos. Neste ano, a primeira edi\u00e7\u00e3o, que teve o edital publicado na quarta-feira, 10, oferecer\u00e1\u00a0 6,6 mil vagas. A expectativa \u00e9 de que haja entre 2 e 3 milh\u00f5es de inscri\u00e7\u00f5es.<\/p>\n<p>O Concurso P\u00fablico Nacional Unificado ter\u00e1 provas em <a href=\"https:\/\/www.gov.br\/gestao\/pt-br\/concursonacional\/locais-de-prova\" rel=\"nofollow noopener\" target=\"_blank\"><strong>217 cidades<\/strong><\/a>, em todas as unidades da federa\u00e7\u00e3o, e ter\u00e1 6.640 vagas no servi\u00e7o p\u00fablico federal, sendo 21 \u00f3rg\u00e3os diferentes. Os editais do concurso trazem, entre outras informa\u00e7\u00f5es, os conte\u00fados das provas e os crit\u00e9rios de classifica\u00e7\u00e3o e desclassifica\u00e7\u00e3o.<\/p>\n<p>\u201cA l\u00f3gica do concurso p\u00fablico \u00e9 que tenhamos servidores com a cara do Brasil. Vimos que muitos concursos autorizados eram realizados s\u00f3 em Bras\u00edlia, e isso limitava a capacidade da popula\u00e7\u00e3o de prestar\u201d afirmou Dweck.<\/p>\n<h4><strong>Quando ser\u00e1 a prova?<\/strong><\/h4>\n<p>As inscri\u00e7\u00f5es ser\u00e3o do dia 19 de janeiro at\u00e9 o dia 9 de fevereiro e a realiza\u00e7\u00e3o da prova ser\u00e1 no dia 5 de maio em dois turnos, manh\u00e3 e tarde. A inscri\u00e7\u00e3o \u00e9 \u00fanica para o certame.<\/p>\n<p><strong>Quais os \u00f3rg\u00e3os e cargos do Concurso Unificado?<\/strong><\/p>\n<p>O Minist\u00e9rio da Gest\u00e3o, organizador do concurso, responde pela maior parte das vagas ofertadas, com 1.480 em diferentes carreiras. Saiba quais s\u00e3o os \u00f3rg\u00e3os que aderiram ao Concurso P\u00fablico Nacional Unificado e as vagas por carreira <a href=\"https:\/\/www.gov.br\/gestao\/pt-br\/concursonacional\/orgaos-e-carreiras\/cnu-orgaos-carreiras-vagas.pdf\" rel=\"nofollow noopener\" target=\"_blank\"><strong>aqui<\/strong><\/a>. Veja \u00f3rg\u00e3os com maior n\u00famero de vagas:<\/p>\n<ul>\n<li>Minist\u00e9rio do Trabalho e Emprego \u2013 900 vagas<\/li>\n<li>Instituto Nacional de Coloniza\u00e7\u00e3o e Reforma Agr\u00e1ria (Incra) \u2013 742 vagas<\/li>\n<li>Instituto Brasileiro de Geografia e Estat\u00edstica (IBGE) \u2013 620 vagas<\/li>\n<li>Funda\u00e7\u00e3o Nacional dos Povos Ind\u00edgenas (Funai) \u2013 502 vagas<\/li>\n<li>Minist\u00e9rio da Ci\u00eancia, Tecnologia e Inova\u00e7\u00e3o \u2013 296 vagas<\/li>\n<li>Minist\u00e9rio da Sa\u00fade \u2013 220 vagas<\/li>\n<\/ul>\n<h4><strong>Onde a prova ser\u00e1 aplicada?<\/strong><\/h4>\n<p>O Concurso P\u00fablico Nacional Unificado ter\u00e1 provas sendo aplicadas simultaneamente em <strong>217 cidades. <a href=\"https:\/\/www.gov.br\/gestao\/pt-br\/concursonacional\/locais-de-prova\" rel=\"nofollow noopener\" target=\"_blank\">Veja aqui a rela\u00e7\u00e3o completa<\/a>.<\/strong><\/p>\n<p>A densidade populacional, o raio de influ\u00eancia microrregional e a facilidade de acesso foram os crit\u00e9rios utilizados pela Comiss\u00e3o Organizadora do CPNU para a escolha das cidades.<\/p>\n<p>Na regi\u00e3o Norte, as provas ser\u00e3o aplicadas em 39 munic\u00edpios, sendo dois no Acre, nove no Amazonas, tr\u00eas no estado do Amap\u00e1, 16 no Par\u00e1, quatro em Rond\u00f4nia, dois em Roraima e tr\u00eas no Tocantins.<\/p>\n<p>No Nordeste, os candidatos poder\u00e3o realizar o certame em 54 munic\u00edpios: dois em Alagoas, 16 na Bahia, seis no Cear\u00e1, nove no Maranh\u00e3o, quatro na Para\u00edba, cinco em Pernambuco, sete no Piau\u00ed, tr\u00eas no Rio Grande do Norte e dois no estado de Sergipe.<\/p>\n<div class=\"\">\n<div id=\"content\">\n<div id=\"content-core\">\n<div id=\"parent-fieldname-text\">\n<p class=\" \">J\u00e1 na regi\u00e3o Centro-Oeste, o CPNU alcan\u00e7ar\u00e1 20 munic\u00edpios, distribu\u00eddos entre Goi\u00e1s, com oito locais de aplica\u00e7\u00e3o da prova, Mato Grosso do Sul com quatro, outros sete em Mato Grosso e um no Distrito Federal. O Sudeste ter\u00e1 44 munic\u00edpios onde ser\u00e3o aplicadas as provas, sendo quatro no Esp\u00edrito Santo, 24 em Minas Gerais, quatro no estado do Rio de Janeiro e 12 em S\u00e3o Paulo. Por fim, a regi\u00e3o Sul ter\u00e1 23 munic\u00edpios onde ser\u00e1 aplicado o certame: oito no Paran\u00e1, nove no Rio Grande do Sul e seis em Santa Catarina.<\/p>\n<p><span style=\"font-weight: 400\">A ministra refor\u00e7ou que mais tr\u00eas cidades foram inclu\u00eddas desde o\u00faltimo an\u00fancio: Santos (SP), Petr\u00f3polis (RJ) e Blumenau (SC). Ela explicou que, com isso, 94% da popula\u00e7\u00e3o brasileira estar\u00e1 at\u00e9 100 km de um local de prova.\u00a0 <\/span><\/p>\n<\/div>\n<\/div>\n<\/div>\n<\/div>\n<h4><strong>Quem vai organizar o Concurso P\u00fablico Nacional Unificado?<\/strong><\/h4>\n<p>A Funda\u00e7\u00e3o <span class=\"il\">Cesgranrio<\/span>\u00a0dever\u00e1 divulgar o edital com requisitos, vagas, sal\u00e1rios, conte\u00fado program\u00e1tico, formas de inscri\u00e7\u00e3o, crit\u00e9rios de sele\u00e7\u00e3o, data e local das provas. A assinatura do contrato entre a Funda\u00e7\u00e3o\u00a0<span class=\"il\">Cesgranrio<\/span>\u00a0e o MGI deve ser realizada at\u00e9 o fim de novembro.<\/p>\n<p><strong>Veja aqui o calend\u00e1rio completo do Concurso P\u00fablico Nacional Unificado:<\/strong><\/p>\n<ul>\n<li>Inscri\u00e7\u00f5es: 19\/01 a 09\/02\/2024<\/li>\n<li>Divulga\u00e7\u00e3o dos dados finais de inscri\u00e7\u00f5es: 29\/02\/2024<\/li>\n<li>Divulga\u00e7\u00e3o dos Cart\u00f5es de Confirma\u00e7\u00e3o: 29\/04\/2024<\/li>\n<li>Aplica\u00e7\u00e3o das Provas: 05\/05\/2024<\/li>\n<li>Divulga\u00e7\u00e3o dos resultados das provas objetivas e preliminares das provas discursivas e reda\u00e7\u00e3o: 03\/06\/2024<\/li>\n<li>Divulga\u00e7\u00e3o Final dos Resultados: 30\/07\/2024<\/li>\n<li>In\u00edcio da Convoca\u00e7\u00e3o para posse e Cursos de Forma\u00e7\u00e3o: 05\/08\/2024<\/li>\n<\/ul>\n<h3><strong>Pre\u00e7o da inscri\u00e7\u00e3o<\/strong><\/h3>\n<p><span style=\"font-weight: 400\">Na coletiva foi confirmado que o valor das inscri\u00e7\u00f5es para o processo ser\u00e1 de R$ 60 para n\u00edvel m\u00e9dio e R$ 90 no n\u00edvel superior. Benefici\u00e1rios do Bolsa Fam\u00edlia, doadores de medula \u00f3ssea, pessoas que s\u00e3o ou tenham sido bolsistas do ProUni ou financiadas via Fies ter\u00e3o isen\u00e7\u00e3o.\u00a0<\/span><\/p>\n<h3><strong>Como vai funcionar os blocos tem\u00e1ticos?\u00a0<\/strong><\/h3>\n<p><span style=\"font-weight: 400\">O candidato ter\u00e1 que escolher um dos blocos tem\u00e1ticos na hora de fazer a inscri\u00e7\u00e3o, o que vai interferir nas vagas que ele vai concorrer. Os blocos s\u00e3o sete: Infraestrutura, exatas e engenharia; Tecnologia, dados e informa\u00e7\u00e3o; Ambiental, agr\u00e1rio e biol\u00f3gicas; Trabalho e sa\u00fade do servidor; Educa\u00e7\u00e3o, sa\u00fade, Desenvolvimento Social e Direitos Humanos; Setores econ\u00f4micos e regula\u00e7\u00e3o e Gest\u00e3o governamental e administra\u00e7\u00e3o p\u00fablica.\u00a0<\/span><\/p>\n<h3><strong>Reserva de vagas<\/strong><\/h3>\n<p><span style=\"font-weight: 400\">Ser\u00e3o reservadas 20% das vagas para pessoas negras e 5% para pessoas com defici\u00eancia. Na Funai, 30% das vagas ser\u00e3o reservadas para pessoas ind\u00edgenas. <\/span><\/p>\n<p><em>Com Ag\u00eancia Brasil e Estad\u00e3o Conte\u00fado<\/em><\/p>\n<p>\u00a0<\/p>\n<p>\u00a0<\/p>\n<section data-hb-type=\"ads\" name=\"adsMateria\" data-hb-position=\"after-content\" data-hb-provider=\"\">\n<hr\/>\n<\/section>\n<div id=\"share-modal\" class=\"share-modal\"> <button class=\"box-close btn-share\"> <img decoding=\"async\" src=\"https:\/\/istoedinheiro.com.br\/wp-content\/themes\/dinheiro-wp-theme\/assets\/img\/svg\/closeIcon.svg?x46096\" alt=\"Close icon\" class=\"close-btn lazy\"\/> <\/button><\/div>\n<\/p><\/div>\n<p><script>!function(f,b,e,v,n,t,s){if(f.fbq)return;n=f.fbq=function(){n.callMethod?n.callMethod.apply(n,arguments):n.queue.push(arguments)};if(!f._fbq)f._fbq=n;n.push=n;n.loaded=!0;n.version='2.0';n.queue=[];t=b.createElement(e);t.async=!0;t.src=v;s=b.getElementsByTagName(e)[0];s.parentNode.insertBefore(t,s)}(window,document,'script','<\/script><br \/>\n<br \/><br \/>\n<br \/><a href=\"https:\/\/istoedinheiro.com.br\/enem-dos-concursos-ocorrera-a-cada-dois-anos-diz-ministra\/\">Source link <\/a><\/p>\n<!-- CONTENT END 1 -->\n","protected":false},"excerpt":{"rendered":"<p>Da reda\u00e7\u00e3oi Da reda\u00e7\u00e3o 11\/01\/2024 &#8211; 10:51 A ministra da Gest\u00e3o, Esther Dweck, afirmou que o concurso p\u00fablico unificado, conhecido como \u2018Enem dos concursos\u2019, deve&#8230;<\/p>\n","protected":false},"author":1,"featured_media":27012,"comment_status":"open","ping_status":"open","sticky":false,"template":"","format":"standard","meta":{"advanced_seo_description":"","jetpack_seo_html_title":"","jetpack_seo_noindex":false,"jetpack_post_was_ever_published":false,"_jetpack_newsletter_access":"","_jetpack_dont_email_post_to_subs":false,"_jetpack_newsletter_tier_id":0,"_jetpack_memberships_contains_paywalled_content":false,"_jetpack_memberships_contains_paid_content":false,"footnotes":"","jetpack_publicize_message":"","jetpack_publicize_feature_enabled":true,"jetpack_social_post_already_shared":true,"jetpack_social_options":{"image_generator_settings":{"template":"highway","default_image_id":0,"font":"","enabled":false},"version":2}},"categories":[7],"tags":[],"class_list":["post-27011","post","type-post","status-publish","format-standard","has-post-thumbnail","hentry","category-vagas-de-empregos-em-ribeirao-preto-regiao-brasil"],"jetpack_publicize_connections":[],"jetpack_featured_media_url":"https:\/\/i0.wp.com\/noticiasribeiraopreto.com.br\/wp-content\/uploads\/2024\/01\/1704981211_concurso-publico.jpg?fit=883%2C510&ssl=1","jetpack-related-posts":[{"id":27001,"url":"https:\/\/noticiasribeiraopreto.com.br\/index.php\/2024\/01\/11\/enem-dos-concursos-publicos-deve-acontecer-a-cada-dois-anos-e-abre-vagas-para-21-orgaos-do-governo-veja-como-se-inscrever\/","url_meta":{"origin":27011,"position":0},"title":"\u2018Enem dos concursos p\u00fablicos\u2019 deve acontecer a cada dois anos e abre vagas para 21 \u00f3rg\u00e3os do governo \u2014 veja como se inscrever","author":"noticiasribeiraopreto.com.br","date":"11 de January de 2024","format":false,"excerpt":"As inscri\u00e7\u00f5es para o chamado \u2018Enem dos concursos p\u00fablicos\u2019 est\u00e3o cada vez mais pr\u00f3ximas. O prazo para os cadastros para o Concurso P\u00fablico Nacional Unificado est\u00e1 marcado para iniciar no dia 19 de janeiro e se estender\u00e1 at\u00e9 9 de fevereiro. A prova acontecer\u00e1 em 5 de maio e ser\u00e1\u2026","rel":"","context":"In &quot;Dinheiro e Investimento&quot;","block_context":{"text":"Dinheiro e Investimento","link":"https:\/\/noticiasribeiraopreto.com.br\/index.php\/category\/dinheiro-e-investimento-como-fazer-como-ganhar\/"},"img":{"alt_text":"","src":"https:\/\/i0.wp.com\/noticiasribeiraopreto.com.br\/wp-content\/uploads\/2024\/01\/1704979588_concurso-publico-vagas-agosto-profissao-CAPA-SD-715x402.jpg?fit=715%2C402&ssl=1&resize=350%2C200","width":350,"height":200,"srcset":"https:\/\/i0.wp.com\/noticiasribeiraopreto.com.br\/wp-content\/uploads\/2024\/01\/1704979588_concurso-publico-vagas-agosto-profissao-CAPA-SD-715x402.jpg?fit=715%2C402&ssl=1&resize=350%2C200 1x, https:\/\/i0.wp.com\/noticiasribeiraopreto.com.br\/wp-content\/uploads\/2024\/01\/1704979588_concurso-publico-vagas-agosto-profissao-CAPA-SD-715x402.jpg?fit=715%2C402&ssl=1&resize=525%2C300 1.5x, https:\/\/i0.wp.com\/noticiasribeiraopreto.com.br\/wp-content\/uploads\/2024\/01\/1704979588_concurso-publico-vagas-agosto-profissao-CAPA-SD-715x402.jpg?fit=715%2C402&ssl=1&resize=700%2C400 2x"},"classes":[]},{"id":27593,"url":"https:\/\/noticiasribeiraopreto.com.br\/index.php\/2024\/01\/12\/concurso-unificado-amplia-vagas-para-cadastro-reserva\/","url_meta":{"origin":27011,"position":1},"title":"Concurso unificado amplia vagas para cadastro reserva \u2013 Folha de Ribeir\u00e3o","author":"noticiasribeiraopreto.com.br","date":"12 de January de 2024","format":false,"excerpt":"O governo federal publicou um decreto prevendo a amplia\u00e7\u00e3o do n\u00famero de vagas para cadastro de reserva do Concurso Nacional Unificado, chamado de Enem dos Concursos. A norma que estabeleceu o certame previa que o quantitativo do cadastro de reserva seria o dobro da quantidade vagas. Pela nova regra, publicada\u2026","rel":"","context":"In &quot;Not\u00edcias de Ribeir\u00e3o Preto-SP e Regi\u00e3o&quot;","block_context":{"text":"Not\u00edcias de Ribeir\u00e3o Preto-SP e Regi\u00e3o","link":"https:\/\/noticiasribeiraopreto.com.br\/index.php\/category\/noticias-de-ribeirao-preto-sp-e-regiao-ismael-colosi\/"},"img":{"alt_text":"Arte Enem dos Concursos. Reserva de Vagas e Cronograma. Foto: Arte\/EBC","src":"https:\/\/i0.wp.com\/agenciabrasil.ebc.com.br\/sites\/default\/files\/thumbnails\/image\/enem_concurso2_copy.jpg?resize=350%2C200&ssl=1","width":350,"height":200,"srcset":"https:\/\/i0.wp.com\/agenciabrasil.ebc.com.br\/sites\/default\/files\/thumbnails\/image\/enem_concurso2_copy.jpg?resize=350%2C200&ssl=1 1x, https:\/\/i0.wp.com\/agenciabrasil.ebc.com.br\/sites\/default\/files\/thumbnails\/image\/enem_concurso2_copy.jpg?resize=525%2C300&ssl=1 1.5x, https:\/\/i0.wp.com\/agenciabrasil.ebc.com.br\/sites\/default\/files\/thumbnails\/image\/enem_concurso2_copy.jpg?resize=700%2C400&ssl=1 2x, https:\/\/i0.wp.com\/agenciabrasil.ebc.com.br\/sites\/default\/files\/thumbnails\/image\/enem_concurso2_copy.jpg?resize=1050%2C600&ssl=1 3x"},"classes":[]},{"id":26668,"url":"https:\/\/noticiasribeiraopreto.com.br\/index.php\/2024\/01\/10\/governo-publica-edital-do-enem-dos-concursos\/","url_meta":{"origin":27011,"position":2},"title":"Governo publica edital do &#8216;Enem dos concursos&#8217;","author":"noticiasribeiraopreto.com.br","date":"10 de January de 2024","format":false,"excerpt":"O Governo Federal publica, nesta quarta-feira (10), o edital do Concurso P\u00fablico Nacional Unificado, apelidado de \"Enem dos concursos\". Segundo o Minist\u00e9rio da Gest\u00e3o e da Inova\u00e7\u00e3o em Servi\u00e7os P\u00fablicos, o edital ser\u00e1 divulgado em edi\u00e7\u00e3o extra do Di\u00e1rio Oficial da Uni\u00e3o (DOU). O \u00f3rg\u00e3o marcou para uma entrevista para\u2026","rel":"","context":"In &quot;Dinheiro e Investimento&quot;","block_context":{"text":"Dinheiro e Investimento","link":"https:\/\/noticiasribeiraopreto.com.br\/index.php\/category\/dinheiro-e-investimento-como-fazer-como-ganhar\/"},"img":{"alt_text":"","src":"https:\/\/i0.wp.com\/noticiasribeiraopreto.com.br\/wp-content\/uploads\/2024\/01\/concurso-publico-vagas-agosto-profissao-CAPA-SD-715x402.jpg?fit=715%2C402&ssl=1&resize=350%2C200","width":350,"height":200,"srcset":"https:\/\/i0.wp.com\/noticiasribeiraopreto.com.br\/wp-content\/uploads\/2024\/01\/concurso-publico-vagas-agosto-profissao-CAPA-SD-715x402.jpg?fit=715%2C402&ssl=1&resize=350%2C200 1x, https:\/\/i0.wp.com\/noticiasribeiraopreto.com.br\/wp-content\/uploads\/2024\/01\/concurso-publico-vagas-agosto-profissao-CAPA-SD-715x402.jpg?fit=715%2C402&ssl=1&resize=525%2C300 1.5x, https:\/\/i0.wp.com\/noticiasribeiraopreto.com.br\/wp-content\/uploads\/2024\/01\/concurso-publico-vagas-agosto-profissao-CAPA-SD-715x402.jpg?fit=715%2C402&ssl=1&resize=700%2C400 2x"},"classes":[]},{"id":26766,"url":"https:\/\/noticiasribeiraopreto.com.br\/index.php\/2024\/01\/10\/enem-dos-concursos-o-que-voce-precisa-saber-sobre-o-concurso-publico-nacional-unificado\/","url_meta":{"origin":27011,"position":3},"title":"\u2018Enem dos concursos\u2019: o que voc\u00ea precisa saber sobre o Concurso P\u00fablico Nacional Unificado","author":"noticiasribeiraopreto.com.br","date":"10 de January de 2024","format":false,"excerpt":"O governo detalhou nesta quarta-feira, 10, as regras do Concurso P\u00fablico Nacional Unificado, o chamado \u2018Enem dos concursos\u2019. O edital ser\u00e1 publicado em edi\u00e7\u00e3o extra do Di\u00e1rio Oficial da Uni\u00e3o (DOU). A ministra da Gest\u00e3o e Inova\u00e7\u00e3o em Servi\u00e7os P\u00fablicos, Esther Dweck, realizou uma coletiva para esclarecer alguns pontos.O Concurso\u2026","rel":"","context":"In &quot;Vagas de Emprego em Ribeir\u00e3o Preto-SP&quot;","block_context":{"text":"Vagas de Emprego em Ribeir\u00e3o Preto-SP","link":"https:\/\/noticiasribeiraopreto.com.br\/index.php\/category\/empregos-classificados-vagas-trabalho\/vagas-de-empregos-em-ribeirao-preto-regiao-brasil\/"},"img":{"alt_text":"","src":"https:\/\/i0.wp.com\/noticiasribeiraopreto.com.br\/wp-content\/uploads\/2024\/01\/1704922892_concurso-publico.jpg?fit=883%2C510&ssl=1&resize=350%2C200","width":350,"height":200,"srcset":"https:\/\/i0.wp.com\/noticiasribeiraopreto.com.br\/wp-content\/uploads\/2024\/01\/1704922892_concurso-publico.jpg?fit=883%2C510&ssl=1&resize=350%2C200 1x, https:\/\/i0.wp.com\/noticiasribeiraopreto.com.br\/wp-content\/uploads\/2024\/01\/1704922892_concurso-publico.jpg?fit=883%2C510&ssl=1&resize=525%2C300 1.5x, https:\/\/i0.wp.com\/noticiasribeiraopreto.com.br\/wp-content\/uploads\/2024\/01\/1704922892_concurso-publico.jpg?fit=883%2C510&ssl=1&resize=700%2C400 2x"},"classes":[]},{"id":26537,"url":"https:\/\/noticiasribeiraopreto.com.br\/index.php\/2024\/01\/10\/edital-do-enem-dos-concursos-publicos-sera-divulgado-nesta-quarta-ribeirao-recebe-provas\/","url_meta":{"origin":27011,"position":4},"title":"Edital do \u2018Enem dos concursos p\u00fablicos\u2019 ser\u00e1 divulgado nesta quarta; Ribeir\u00e3o recebe provas","author":"noticiasribeiraopreto.com.br","date":"10 de January de 2024","format":false,"excerpt":"O edital do Concurso P\u00fablico Nacional Unificado, o \u201cEnem dos Concursos P\u00fablicos\u201d, ser\u00e1 publicado nesta quarta-feira (10) pelo Governo Federal. A prova ser\u00e1 aplicada em 217 cidades de todo o Brasil, incluindo Ribeir\u00e3o Preto. As inscri\u00e7\u00f5es v\u00e3o come\u00e7ar dia 19 de janeiro e seguem at\u00e9 9 de fevereiro no site\u2026","rel":"","context":"In &quot;Not\u00edcias de Ribeir\u00e3o Preto-SP e Regi\u00e3o&quot;","block_context":{"text":"Not\u00edcias de Ribeir\u00e3o Preto-SP e Regi\u00e3o","link":"https:\/\/noticiasribeiraopreto.com.br\/index.php\/category\/noticias-de-ribeirao-preto-sp-e-regiao-ismael-colosi\/"},"img":{"alt_text":"","src":"https:\/\/i0.wp.com\/noticiasribeiraopreto.com.br\/wp-content\/uploads\/2024\/01\/1704886578_concurso-publico.jpg?fit=1200%2C800&ssl=1&resize=350%2C200","width":350,"height":200,"srcset":"https:\/\/i0.wp.com\/noticiasribeiraopreto.com.br\/wp-content\/uploads\/2024\/01\/1704886578_concurso-publico.jpg?fit=1200%2C800&ssl=1&resize=350%2C200 1x, https:\/\/i0.wp.com\/noticiasribeiraopreto.com.br\/wp-content\/uploads\/2024\/01\/1704886578_concurso-publico.jpg?fit=1200%2C800&ssl=1&resize=525%2C300 1.5x, https:\/\/i0.wp.com\/noticiasribeiraopreto.com.br\/wp-content\/uploads\/2024\/01\/1704886578_concurso-publico.jpg?fit=1200%2C800&ssl=1&resize=700%2C400 2x, https:\/\/i0.wp.com\/noticiasribeiraopreto.com.br\/wp-content\/uploads\/2024\/01\/1704886578_concurso-publico.jpg?fit=1200%2C800&ssl=1&resize=1050%2C600 3x"},"classes":[]},{"id":63184,"url":"https:\/\/noticiasribeiraopreto.com.br\/index.php\/2025\/02\/05\/saiba-quando-sera-lancado-o-edital-da-2a-edicao-do-concurso-publico-unificado\/","url_meta":{"origin":27011,"position":5},"title":"Saiba quando ser\u00e1 lan\u00e7ado o edital da 2\u00aa edi\u00e7\u00e3o do Concurso P\u00fablico Unificado","author":"noticiasribeiraopreto.com.br","date":"5 de February de 2025","format":false,"excerpt":"A ministra da Gest\u00e3o e da Inova\u00e7\u00e3o em Servi\u00e7os P\u00fablicos, Esther Dweck, disse nesta quarta-feira (5) que o edital da 2\u00aa edi\u00e7\u00e3o do Concurso P\u00fablico Unificado deve ser lan\u00e7ado at\u00e9 o final do primeiro trimestre de 2025. Segundo a ministra, a prova deve ser realizada novamente em agosto. O an\u00fancio\u2026","rel":"","context":"In &quot;Not\u00edcias de Ribeir\u00e3o Preto-SP e Regi\u00e3o&quot;","block_context":{"text":"Not\u00edcias de Ribeir\u00e3o Preto-SP e Regi\u00e3o","link":"https:\/\/noticiasribeiraopreto.com.br\/index.php\/category\/noticias-de-ribeirao-preto-sp-e-regiao-ismael-colosi\/"},"img":{"alt_text":"","src":"https:\/\/i0.wp.com\/noticiasribeiraopreto.com.br\/wp-content\/uploads\/2025\/02\/prova-concurso-publico-3.jpg?fit=1200%2C800&ssl=1&resize=350%2C200","width":350,"height":200,"srcset":"https:\/\/i0.wp.com\/noticiasribeiraopreto.com.br\/wp-content\/uploads\/2025\/02\/prova-concurso-publico-3.jpg?fit=1200%2C800&ssl=1&resize=350%2C200 1x, https:\/\/i0.wp.com\/noticiasribeiraopreto.com.br\/wp-content\/uploads\/2025\/02\/prova-concurso-publico-3.jpg?fit=1200%2C800&ssl=1&resize=525%2C300 1.5x, https:\/\/i0.wp.com\/noticiasribeiraopreto.com.br\/wp-content\/uploads\/2025\/02\/prova-concurso-publico-3.jpg?fit=1200%2C800&ssl=1&resize=700%2C400 2x, https:\/\/i0.wp.com\/noticiasribeiraopreto.com.br\/wp-content\/uploads\/2025\/02\/prova-concurso-publico-3.jpg?fit=1200%2C800&ssl=1&resize=1050%2C600 3x"},"classes":[]}],"jetpack_sharing_enabled":true,"jetpack_shortlink":"https:\/\/wp.me\/peQAOb-71F","_links":{"self":[{"href":"https:\/\/noticiasribeiraopreto.com.br\/index.php\/wp-json\/wp\/v2\/posts\/27011","targetHints":{"allow":["GET"]}}],"collection":[{"href":"https:\/\/noticiasribeiraopreto.com.br\/index.php\/wp-json\/wp\/v2\/posts"}],"about":[{"href":"https:\/\/noticiasribeiraopreto.com.br\/index.php\/wp-json\/wp\/v2\/types\/post"}],"author":[{"embeddable":true,"href":"https:\/\/noticiasribeiraopreto.com.br\/index.php\/wp-json\/wp\/v2\/users\/1"}],"replies":[{"embeddable":true,"href":"https:\/\/noticiasribeiraopreto.com.br\/index.php\/wp-json\/wp\/v2\/comments?post=27011"}],"version-history":[{"count":0,"href":"https:\/\/noticiasribeiraopreto.com.br\/index.php\/wp-json\/wp\/v2\/posts\/27011\/revisions"}],"wp:featuredmedia":[{"embeddable":true,"href":"https:\/\/noticiasribeiraopreto.com.br\/index.php\/wp-json\/wp\/v2\/media\/27012"}],"wp:attachment":[{"href":"https:\/\/noticiasribeiraopreto.com.br\/index.php\/wp-json\/wp\/v2\/media?parent=27011"}],"wp:term":[{"taxonomy":"category","embeddable":true,"href":"https:\/\/noticiasribeiraopreto.com.br\/index.php\/wp-json\/wp\/v2\/categories?post=27011"},{"taxonomy":"post_tag","embeddable":true,"href":"https:\/\/noticiasribeiraopreto.com.br\/index.php\/wp-json\/wp\/v2\/tags?post=27011"}],"curies":[{"name":"wp","href":"https:\/\/api.w.org\/{rel}","templated":true}]}}