{"id":27066,"date":"2024-01-11T12:47:28","date_gmt":"2024-01-11T15:47:28","guid":{"rendered":"https:\/\/noticiasribeiraopreto.com.br\/index.php\/2024\/01\/11\/saiba-quando-as-aulas-serao-retomadas-na-rede-municipal-de-ribeirao-preto\/"},"modified":"2024-01-11T12:47:28","modified_gmt":"2024-01-11T15:47:28","slug":"saiba-quando-as-aulas-serao-retomadas-na-rede-municipal-de-ribeirao-preto","status":"publish","type":"post","link":"https:\/\/noticiasribeiraopreto.com.br\/index.php\/2024\/01\/11\/saiba-quando-as-aulas-serao-retomadas-na-rede-municipal-de-ribeirao-preto\/","title":{"rendered":"Saiba quando as aulas ser\u00e3o retomadas na rede municipal de Ribeir\u00e3o Preto"},"content":{"rendered":"<div class='code-block code-block-1' style='margin: 8px 0 8px auto; text-align: right; display: block; clear: both;'>\n<p><a href=\"https:\/\/wa.link\/vpicfd\"><img data-recalc-dims=\"1\" class=\"wp-image-4922\" style=\"aspect-ratio: 2.0253164556962027; width: 561px; height: auto;\" src=\"https:\/\/i0.wp.com\/ismaelcolosi.com.br\/wp-content\/uploads\/2023\/11\/grupo-de-empregos-whatsapp-e-facebook-ismael-colosi-vagas.jpg?ssl=1\" alt=\"\" \/><\/a><\/p>\n<!-- \/wp:image -->\n<\/div>\n<p> <br \/>\n<\/p>\n<div data-td-block-uid=\"tdi_104\">\n<div class=\"tdb-block-inner td-fix-index\">\n<p><strong>As aulas da rede municipal de Ribeir\u00e3o Preto recome\u00e7am no dia 5 de fevereiro para todos os alunos <\/strong>da educa\u00e7\u00e3o infantil, ensino fundamental, educa\u00e7\u00e3o especial, educa\u00e7\u00e3o de jovens e adultos e ensino profissionalizante.<\/p>\n<p><strong>Fazem parte da rede municipal 139 escolas, sendo 32 de ensino fundamental, 105 de educa\u00e7\u00e3o infantil<\/strong>, uma de ensino profissional b\u00e1sico, Dr. Celso Charuri e o centro de educa\u00e7\u00e3o especial, Egydio Pedreschi.<\/p>\n<p>\u201cAs reuni\u00f5es com as equipes t\u00e9cnicas e pedag\u00f3gicas acontecem desde o segundo semestre de 2023 com o objetivo de avaliar o processo educacional e estabelecer as metas a serem cumpridas\u201d, informou a Secretaria Municipal da Educa\u00e7\u00e3o.<\/p>\n<p>Segundo Felipe Elias Miguel, secret\u00e1rio da Educa\u00e7\u00e3o, o planejamento escolar \u201cinclui a contrata\u00e7\u00e3o de professores, o transporte escolar, a alimenta\u00e7\u00e3o, o material did\u00e1tico, o material escolar e a estrutura dos espa\u00e7os\u201d.<\/p>\n<p>Ainda segundo o secret\u00e1rio, \u201cos novos gestores tamb\u00e9m est\u00e3o sendo atribu\u00eddos \u00e0s escolas e iniciar\u00e3o suas atividades junto com o recome\u00e7o das aulas\u201d.<\/p>\n<p>SAIBA MAIS<br \/>Hipermercado anuncia fechamento de loja em shopping de Ribeir\u00e3o Preto<\/p>\n<h4 class=\"wp-block-heading\"><strong>FIQUE ON<\/strong><\/h4>\n<p>Fique ligado em tudo que acontece em Ribeir\u00e3o Preto e regi\u00e3o. Siga os perfis do <strong>acidade on<\/strong> no <a href=\"https:\/\/www.instagram.com\/acidadeonribeirao?igsh=MTUzeTBnamJyM2g0dw==\" target=\"_blank\" rel=\"noreferrer noopener\">Instagram<\/a> e no <a href=\"https:\/\/www.facebook.com\/acidadeonribeirao\" target=\"_blank\" rel=\"noreferrer noopener\">Facebook<\/a>.<\/p>\n<p>Receba not\u00edcias do acidade on no WhatsApp. Para entrar no grupo, basta <a href=\"https:\/\/chat.whatsapp.com\/Bnv2w66ZT4VDyZW3oiZ69n\" target=\"_blank\" rel=\"noreferrer noopener\">clicar aqui.<\/a><\/p>\n<p>Fa\u00e7a uma den\u00fancia ou sugira uma reportagem sobre Ribeir\u00e3o Preto e regi\u00e3o pelo WhatsApp: <strong>16 99117 7802.<\/strong><\/p>\n<p>VEJA TAMB\u00c9M<br \/>Confira o que rolou na primeira festa do BBB 24<\/p>\n<p><!-- AI CONTENT END 1 -->\n<\/div>\n<\/div>\n<p><script async src=\"\/\/www.instagram.com\/embed.js\"><\/script><br \/>\n<br \/><br \/>\n<br \/><a href=\"https:\/\/www.acidadeon.com\/ribeiraopreto\/cotidiano\/saiba-quando-as-aulas-serao-retomadas-na-rede-municipal-de-ribeirao-preto\/\">Source link <\/a><\/p>\n<!-- CONTENT END 1 -->\n","protected":false},"excerpt":{"rendered":"<p>As aulas da rede municipal de Ribeir\u00e3o Preto recome\u00e7am no dia 5 de fevereiro para todos os alunos da educa\u00e7\u00e3o infantil, ensino fundamental, educa\u00e7\u00e3o especial,&#8230;<\/p>\n","protected":false},"author":1,"featured_media":27067,"comment_status":"open","ping_status":"open","sticky":false,"template":"","format":"standard","meta":{"advanced_seo_description":"","jetpack_seo_html_title":"","jetpack_seo_noindex":false,"jetpack_post_was_ever_published":false,"_jetpack_newsletter_access":"","_jetpack_dont_email_post_to_subs":false,"_jetpack_newsletter_tier_id":0,"_jetpack_memberships_contains_paywalled_content":false,"_jetpack_memberships_contains_paid_content":false,"footnotes":"","jetpack_publicize_message":"","jetpack_publicize_feature_enabled":true,"jetpack_social_post_already_shared":true,"jetpack_social_options":{"image_generator_settings":{"template":"highway","default_image_id":0,"font":"","enabled":false},"version":2}},"categories":[11],"tags":[3231,592,27,620,591,3385,26,123,2462],"class_list":["post-27066","post","type-post","status-publish","format-standard","has-post-thumbnail","hentry","category-noticias-de-ribeirao-preto-sp-e-regiao-ismael-colosi","tag-aulas","tag-municipal","tag-preto","tag-quando","tag-rede","tag-retomadas","tag-ribeirao","tag-saiba","tag-serao"],"jetpack_publicize_connections":[],"jetpack_featured_media_url":"https:\/\/i0.wp.com\/noticiasribeiraopreto.com.br\/wp-content\/uploads\/2024\/01\/2021_09_21_volta_as_aulas_presenciais_mousinho_-_foto_guilherme_sircili_43.jpg?fit=1620%2C1080&ssl=1","jetpack-related-posts":[{"id":34989,"url":"https:\/\/noticiasribeiraopreto.com.br\/index.php\/2024\/02\/04\/aulas-voltam-nesta-segunda-feira-5\/","url_meta":{"origin":27066,"position":0},"title":"Aulas voltam nesta segunda-feira, 5 \u00a0","author":"noticiasribeiraopreto.com.br","date":"4 de February de 2024","format":false,"excerpt":"O ano letivo da rede municipal de ensino de Ribeir\u00e3o Preto ter\u00e1 in\u00edcio nesta segunda-feira, 5 de fevereiro, para todos os cerca de 50 mil alunos da educa\u00e7\u00e3o infantil, ensino fundamental, educa\u00e7\u00e3o especial, educa\u00e7\u00e3o de jovens e adultos e ensino profissionalizante. \u201cTodas as nossas escolas est\u00e3o prontas para mais um\u2026","rel":"","context":"In &quot;Not\u00edcias de Ribeir\u00e3o Preto-SP e Regi\u00e3o&quot;","block_context":{"text":"Not\u00edcias de Ribeir\u00e3o Preto-SP e Regi\u00e3o","link":"https:\/\/noticiasribeiraopreto.com.br\/index.php\/category\/noticias-de-ribeirao-preto-sp-e-regiao-ismael-colosi\/"},"img":{"alt_text":"","src":"https:\/\/i0.wp.com\/noticiasribeiraopreto.com.br\/wp-content\/uploads\/2024\/02\/AulaRP-Guilherme-Sircili-scaled.jpg?fit=967%2C645&ssl=1&resize=350%2C200","width":350,"height":200,"srcset":"https:\/\/i0.wp.com\/noticiasribeiraopreto.com.br\/wp-content\/uploads\/2024\/02\/AulaRP-Guilherme-Sircili-scaled.jpg?fit=967%2C645&ssl=1&resize=350%2C200 1x, https:\/\/i0.wp.com\/noticiasribeiraopreto.com.br\/wp-content\/uploads\/2024\/02\/AulaRP-Guilherme-Sircili-scaled.jpg?fit=967%2C645&ssl=1&resize=525%2C300 1.5x, https:\/\/i0.wp.com\/noticiasribeiraopreto.com.br\/wp-content\/uploads\/2024\/02\/AulaRP-Guilherme-Sircili-scaled.jpg?fit=967%2C645&ssl=1&resize=700%2C400 2x"},"classes":[]},{"id":74697,"url":"https:\/\/noticiasribeiraopreto.com.br\/index.php\/2025\/07\/27\/50-mil-alunos-voltam-as-aulas-nesta-segunda-na-rede-municipal-de-ribeirao-preto\/","url_meta":{"origin":27066,"position":1},"title":"50 mil alunos voltam \u00e0s aulas nesta segunda na rede municipal de Ribeir\u00e3o Preto","author":"noticiasribeiraopreto.com.br","date":"27 de July de 2025","format":false,"excerpt":"As aulas do segundo semestre letivo ser\u00e3o retornadas nesta segunda-feira (28), a partir das 7h, em 146 escolas da rede municipal de ensino de Ribeir\u00e3o Preto. Aproximadamente 50 mil alunos da Educa\u00e7\u00e3o Infantil, Ensino Fundamental e Educa\u00e7\u00e3o de Jovens e Adultos (EJA) devem voltar \u00e0s atividades ap\u00f3s o per\u00edodo de\u2026","rel":"","context":"In &quot;Not\u00edcias de Ribeir\u00e3o Preto-SP e Regi\u00e3o&quot;","block_context":{"text":"Not\u00edcias de Ribeir\u00e3o Preto-SP e Regi\u00e3o","link":"https:\/\/noticiasribeiraopreto.com.br\/index.php\/category\/noticias-de-ribeirao-preto-sp-e-regiao-ismael-colosi\/"},"img":{"alt_text":"","src":"https:\/\/i0.wp.com\/noticiasribeiraopreto.com.br\/wp-content\/uploads\/2025\/07\/a.ok_.educacao_volta_as_aulas_2025_-_foto_guilherme_sircili_18_2025-07-27_20-59-52.webp.webp?fit=1200%2C799&ssl=1&resize=350%2C200","width":350,"height":200,"srcset":"https:\/\/i0.wp.com\/noticiasribeiraopreto.com.br\/wp-content\/uploads\/2025\/07\/a.ok_.educacao_volta_as_aulas_2025_-_foto_guilherme_sircili_18_2025-07-27_20-59-52.webp.webp?fit=1200%2C799&ssl=1&resize=350%2C200 1x, https:\/\/i0.wp.com\/noticiasribeiraopreto.com.br\/wp-content\/uploads\/2025\/07\/a.ok_.educacao_volta_as_aulas_2025_-_foto_guilherme_sircili_18_2025-07-27_20-59-52.webp.webp?fit=1200%2C799&ssl=1&resize=525%2C300 1.5x, https:\/\/i0.wp.com\/noticiasribeiraopreto.com.br\/wp-content\/uploads\/2025\/07\/a.ok_.educacao_volta_as_aulas_2025_-_foto_guilherme_sircili_18_2025-07-27_20-59-52.webp.webp?fit=1200%2C799&ssl=1&resize=700%2C400 2x, https:\/\/i0.wp.com\/noticiasribeiraopreto.com.br\/wp-content\/uploads\/2025\/07\/a.ok_.educacao_volta_as_aulas_2025_-_foto_guilherme_sircili_18_2025-07-27_20-59-52.webp.webp?fit=1200%2C799&ssl=1&resize=1050%2C600 3x"},"classes":[]},{"id":74703,"url":"https:\/\/noticiasribeiraopreto.com.br\/index.php\/2025\/07\/28\/aulas-sao-retomadas-nesta-segunda-em-rp\/","url_meta":{"origin":27066,"position":2},"title":"Aulas s\u00e3o retomadas nesta segunda em RP","author":"noticiasribeiraopreto.com.br","date":"28 de July de 2025","format":false,"excerpt":"28 de julho de 2025 06:3027 de julho de 2025 10:0413 Compartilhar0 Cerca de 50 mil alunos da\u00a0rede municipal de ensino retornam\u00a0\u00e0s aulas nesta\u00a0segunda-feira, 28 de julho, a partir das\u00a0sete\u00a0horas,\u00a0em\u00a0146 escolas ligadas \u00e0 prefeitura de Ribeir\u00e3o Preto. S\u00e3o\u00a0estudantes de Educa\u00e7\u00e3o Infantil, Ensino Fundamental e Educa\u00e7\u00e3o de Jovens e Adultos (EJA).\u00a0\u00a0\u00a0Durante\u2026","rel":"","context":"In &quot;Not\u00edcias de Ribeir\u00e3o Preto-SP e Regi\u00e3o&quot;","block_context":{"text":"Not\u00edcias de Ribeir\u00e3o Preto-SP e Regi\u00e3o","link":"https:\/\/noticiasribeiraopreto.com.br\/index.php\/category\/noticias-de-ribeirao-preto-sp-e-regiao-ismael-colosi\/"},"img":{"alt_text":"","src":"https:\/\/i0.wp.com\/noticiasribeiraopreto.com.br\/wp-content\/uploads\/2025\/07\/1-29-scaled-1.jpg?fit=675%2C450&ssl=1&resize=350%2C200","width":350,"height":200,"srcset":"https:\/\/i0.wp.com\/noticiasribeiraopreto.com.br\/wp-content\/uploads\/2025\/07\/1-29-scaled-1.jpg?fit=675%2C450&ssl=1&resize=350%2C200 1x, https:\/\/i0.wp.com\/noticiasribeiraopreto.com.br\/wp-content\/uploads\/2025\/07\/1-29-scaled-1.jpg?fit=675%2C450&ssl=1&resize=525%2C300 1.5x"},"classes":[]},{"id":34524,"url":"https:\/\/noticiasribeiraopreto.com.br\/index.php\/2024\/02\/02\/reajuste-do-piso-de-professores-da-educacao-basica-nao-atinge-rp\/","url_meta":{"origin":27066,"position":3},"title":"RP paga acima do piso do magist\u00e9rio","author":"noticiasribeiraopreto.com.br","date":"2 de February de 2024","format":false,"excerpt":"2 de fevereiro de 2024 | 11:002 de fevereiro de 2024 | 8:26 0O Minist\u00e9rio da Educa\u00e7\u00e3o (MEC) publicou, em edi\u00e7\u00e3o extra do Di\u00e1rio Oficial da Uni\u00e3o (DOU) de quarta-feira, 31 de janeiro, o valor do piso salarial profissional nacional do magist\u00e9rio p\u00fablico da educa\u00e7\u00e3o b\u00e1sica a ser pago no\u2026","rel":"","context":"In &quot;Not\u00edcias de Ribeir\u00e3o Preto-SP e Regi\u00e3o&quot;","block_context":{"text":"Not\u00edcias de Ribeir\u00e3o Preto-SP e Regi\u00e3o","link":"https:\/\/noticiasribeiraopreto.com.br\/index.php\/category\/noticias-de-ribeirao-preto-sp-e-regiao-ismael-colosi\/"},"img":{"alt_text":"","src":"https:\/\/i0.wp.com\/noticiasribeiraopreto.com.br\/wp-content\/uploads\/2024\/02\/EducaPIS-Guilherme-Sircili-scaled.jpg?fit=1000%2C551&ssl=1&resize=350%2C200","width":350,"height":200,"srcset":"https:\/\/i0.wp.com\/noticiasribeiraopreto.com.br\/wp-content\/uploads\/2024\/02\/EducaPIS-Guilherme-Sircili-scaled.jpg?fit=1000%2C551&ssl=1&resize=350%2C200 1x, https:\/\/i0.wp.com\/noticiasribeiraopreto.com.br\/wp-content\/uploads\/2024\/02\/EducaPIS-Guilherme-Sircili-scaled.jpg?fit=1000%2C551&ssl=1&resize=525%2C300 1.5x, https:\/\/i0.wp.com\/noticiasribeiraopreto.com.br\/wp-content\/uploads\/2024\/02\/EducaPIS-Guilherme-Sircili-scaled.jpg?fit=1000%2C551&ssl=1&resize=700%2C400 2x"},"classes":[]},{"id":62266,"url":"https:\/\/noticiasribeiraopreto.com.br\/index.php\/2025\/01\/08\/veja-como-solicitar-uma-vaga-na-rede-municipal-de-ensino-de-ribeirao-preto\/","url_meta":{"origin":27066,"position":4},"title":"Veja como solicitar uma vaga na rede municipal de ensino de Ribeir\u00e3o Preto","author":"noticiasribeiraopreto.com.br","date":"8 de January de 2025","format":false,"excerpt":"As inscri\u00e7\u00f5es para a rede municipal de ensino de Ribeir\u00e3o Preto est\u00e3o abertas. \u00c9 poss\u00edvel solicitar uma vaga na Educa\u00e7\u00e3o Infantil ou no Ensino Fundamental de forma presencial ou on-line. A Prefeitura de Ribeir\u00e3o Preto orienta que os pais ou respons\u00e1veis realizem a inscri\u00e7\u00e3o com anteced\u00eancia, para evitar qualquer tipo\u2026","rel":"","context":"In &quot;Not\u00edcias de Ribeir\u00e3o Preto-SP e Regi\u00e3o&quot;","block_context":{"text":"Not\u00edcias de Ribeir\u00e3o Preto-SP e Regi\u00e3o","link":"https:\/\/noticiasribeiraopreto.com.br\/index.php\/category\/noticias-de-ribeirao-preto-sp-e-regiao-ismael-colosi\/"},"img":{"alt_text":"","src":"https:\/\/i0.wp.com\/noticiasribeiraopreto.com.br\/wp-content\/uploads\/2025\/01\/Copia-de-Copia-de-Copia-de-TAMANHO-EXATO-PARA-FOTOS-NO-SISTEMA-NOVO-2025-01-08T193453.168_2025-01-08_22-41-52_png_2025-01-08_22-41-52.webp.webp?fit=1200%2C675&ssl=1&resize=350%2C200","width":350,"height":200,"srcset":"https:\/\/i0.wp.com\/noticiasribeiraopreto.com.br\/wp-content\/uploads\/2025\/01\/Copia-de-Copia-de-Copia-de-TAMANHO-EXATO-PARA-FOTOS-NO-SISTEMA-NOVO-2025-01-08T193453.168_2025-01-08_22-41-52_png_2025-01-08_22-41-52.webp.webp?fit=1200%2C675&ssl=1&resize=350%2C200 1x, https:\/\/i0.wp.com\/noticiasribeiraopreto.com.br\/wp-content\/uploads\/2025\/01\/Copia-de-Copia-de-Copia-de-TAMANHO-EXATO-PARA-FOTOS-NO-SISTEMA-NOVO-2025-01-08T193453.168_2025-01-08_22-41-52_png_2025-01-08_22-41-52.webp.webp?fit=1200%2C675&ssl=1&resize=525%2C300 1.5x, https:\/\/i0.wp.com\/noticiasribeiraopreto.com.br\/wp-content\/uploads\/2025\/01\/Copia-de-Copia-de-Copia-de-TAMANHO-EXATO-PARA-FOTOS-NO-SISTEMA-NOVO-2025-01-08T193453.168_2025-01-08_22-41-52_png_2025-01-08_22-41-52.webp.webp?fit=1200%2C675&ssl=1&resize=700%2C400 2x, https:\/\/i0.wp.com\/noticiasribeiraopreto.com.br\/wp-content\/uploads\/2025\/01\/Copia-de-Copia-de-Copia-de-TAMANHO-EXATO-PARA-FOTOS-NO-SISTEMA-NOVO-2025-01-08T193453.168_2025-01-08_22-41-52_png_2025-01-08_22-41-52.webp.webp?fit=1200%2C675&ssl=1&resize=1050%2C600 3x"},"classes":[]},{"id":74639,"url":"https:\/\/noticiasribeiraopreto.com.br\/index.php\/2025\/07\/26\/alunos-voltam-as-aulas-nesta-segunda-em-rp\/","url_meta":{"origin":27066,"position":5},"title":"Alunos voltam \u00e0s aulas nesta segunda em RP","author":"noticiasribeiraopreto.com.br","date":"26 de July de 2025","format":false,"excerpt":"26 de julho de 2025 09:0025 de julho de 2025 23:3911 Compartilhar0 Cerca de 50 mil alunos da rede municipal de ensino retornam \u00e0s aulas nesta segunda-feira, 28 de julho, a partir das sete horas,em 146 escolas ligadas \u00e0 prefeitura de Ribeir\u00e3o Preto. S\u00e3o estudantes de Educa\u00e7\u00e3o Infantil, Ensino Fundamental\u2026","rel":"","context":"In &quot;Not\u00edcias de Ribeir\u00e3o Preto-SP e Regi\u00e3o&quot;","block_context":{"text":"Not\u00edcias de Ribeir\u00e3o Preto-SP e Regi\u00e3o","link":"https:\/\/noticiasribeiraopreto.com.br\/index.php\/category\/noticias-de-ribeirao-preto-sp-e-regiao-ismael-colosi\/"},"img":{"alt_text":"","src":"https:\/\/i0.wp.com\/noticiasribeiraopreto.com.br\/wp-content\/uploads\/2025\/07\/AulaRP-Fernando-Gonzaga-scaled.jpg?fit=750%2C500&ssl=1&resize=350%2C200","width":350,"height":200,"srcset":"https:\/\/i0.wp.com\/noticiasribeiraopreto.com.br\/wp-content\/uploads\/2025\/07\/AulaRP-Fernando-Gonzaga-scaled.jpg?fit=750%2C500&ssl=1&resize=350%2C200 1x, https:\/\/i0.wp.com\/noticiasribeiraopreto.com.br\/wp-content\/uploads\/2025\/07\/AulaRP-Fernando-Gonzaga-scaled.jpg?fit=750%2C500&ssl=1&resize=525%2C300 1.5x, https:\/\/i0.wp.com\/noticiasribeiraopreto.com.br\/wp-content\/uploads\/2025\/07\/AulaRP-Fernando-Gonzaga-scaled.jpg?fit=750%2C500&ssl=1&resize=700%2C400 2x"},"classes":[]}],"jetpack_sharing_enabled":true,"jetpack_shortlink":"https:\/\/wp.me\/peQAOb-72y","_links":{"self":[{"href":"https:\/\/noticiasribeiraopreto.com.br\/index.php\/wp-json\/wp\/v2\/posts\/27066","targetHints":{"allow":["GET"]}}],"collection":[{"href":"https:\/\/noticiasribeiraopreto.com.br\/index.php\/wp-json\/wp\/v2\/posts"}],"about":[{"href":"https:\/\/noticiasribeiraopreto.com.br\/index.php\/wp-json\/wp\/v2\/types\/post"}],"author":[{"embeddable":true,"href":"https:\/\/noticiasribeiraopreto.com.br\/index.php\/wp-json\/wp\/v2\/users\/1"}],"replies":[{"embeddable":true,"href":"https:\/\/noticiasribeiraopreto.com.br\/index.php\/wp-json\/wp\/v2\/comments?post=27066"}],"version-history":[{"count":0,"href":"https:\/\/noticiasribeiraopreto.com.br\/index.php\/wp-json\/wp\/v2\/posts\/27066\/revisions"}],"wp:featuredmedia":[{"embeddable":true,"href":"https:\/\/noticiasribeiraopreto.com.br\/index.php\/wp-json\/wp\/v2\/media\/27067"}],"wp:attachment":[{"href":"https:\/\/noticiasribeiraopreto.com.br\/index.php\/wp-json\/wp\/v2\/media?parent=27066"}],"wp:term":[{"taxonomy":"category","embeddable":true,"href":"https:\/\/noticiasribeiraopreto.com.br\/index.php\/wp-json\/wp\/v2\/categories?post=27066"},{"taxonomy":"post_tag","embeddable":true,"href":"https:\/\/noticiasribeiraopreto.com.br\/index.php\/wp-json\/wp\/v2\/tags?post=27066"}],"curies":[{"name":"wp","href":"https:\/\/api.w.org\/{rel}","templated":true}]}}