{"id":27074,"date":"2024-01-11T13:04:07","date_gmt":"2024-01-11T16:04:07","guid":{"rendered":"https:\/\/noticiasribeiraopreto.com.br\/index.php\/2024\/01\/11\/jornalista-da-globo-e-internado-pela-2a-vez-em-4-dias-emissora-divulgou-nota-sobre-quadro-de-saude\/"},"modified":"2024-01-11T13:04:07","modified_gmt":"2024-01-11T16:04:07","slug":"jornalista-da-globo-e-internado-pela-2a-vez-em-4-dias-emissora-divulgou-nota-sobre-quadro-de-saude","status":"publish","type":"post","link":"https:\/\/noticiasribeiraopreto.com.br\/index.php\/2024\/01\/11\/jornalista-da-globo-e-internado-pela-2a-vez-em-4-dias-emissora-divulgou-nota-sobre-quadro-de-saude\/","title":{"rendered":"Jornalista da Globo \u00e9 internado pela 2\u00aa vez em 4 dias; emissora divulgou nota sobre quadro de sa\u00fade"},"content":{"rendered":"<div class='code-block code-block-1' style='margin: 8px 0 8px auto; text-align: right; display: block; clear: both;'>\n<p><a href=\"https:\/\/wa.link\/vpicfd\"><img data-recalc-dims=\"1\" class=\"wp-image-4922\" style=\"aspect-ratio: 2.0253164556962027; width: 561px; height: auto;\" src=\"https:\/\/i0.wp.com\/ismaelcolosi.com.br\/wp-content\/uploads\/2023\/11\/grupo-de-empregos-whatsapp-e-facebook-ismael-colosi-vagas.jpg?ssl=1\" alt=\"\" \/><\/a><\/p>\n<!-- \/wp:image -->\n<\/div>\n<p> <br \/>\n<\/p>\n<div itemprop=\"text\">\n<p>O jornalista Marcelo Pereira, conhecido por seu trabalho como apresentador do mapa-tempo no programa \u201cHora 1\u201d da Globo, tem sido alvo de preocupa\u00e7\u00f5es e mist\u00e9rios dentro da emissora.<\/p>\n<p>Desde 26 de dezembro, Pereira est\u00e1 fora do ar e, recentemente, foi hospitalizado duas vezes em apenas quatro dias. Sua primeira interna\u00e7\u00e3o ocorreu inesperadamente.<\/p>\n<p>Na madrugada de 3 de janeiro, enquanto se preparava para retomar suas fun\u00e7\u00f5es no \u201cHora 1\u201d ap\u00f3s as festas de fim de ano, Pereira sofreu um mal-estar.<\/p>\n<p>Rapidamente levado ao hospital, ele foi substitu\u00eddo por Eliezer dos Santos na previs\u00e3o do dia, enquanto Thais Luquesi e Tiago Scheuer assumiram suas fun\u00e7\u00f5es no \u201cBom Dia Brasil\u201d.<\/p>\n<p>Pereira recebeu alta logo ap\u00f3s, mas n\u00e3o retornou ao trabalho, optando por descansar. O epis\u00f3dio se repetiu no fim de semana seguinte. Durante uma visita \u00e0 sua m\u00e3e em Mau\u00e1, Grande S\u00e3o Paulo, ele sentiu-se mal novamente e foi internado no Hospital e Maternidade Ribeir\u00e3o Pires.<\/p>\n<p>Segundo o boletim m\u00e9dico que foi divulgado pela emissora, Pereira foi admitido na Unidade de Terapia Intensiva (UTI) no dia 6 de janeiro, com dor abdominal e instabilidade hemodin\u00e2mica.<\/p>\n<p>Ap\u00f3s melhorias, ele foi transferido para a unidade de interna\u00e7\u00e3o, onde permanece sem previs\u00e3o de alta, mas com condi\u00e7\u00e3o est\u00e1vel. A aus\u00eancia de informa\u00e7\u00f5es sobre o estado de sa\u00fade de Pereira gerou inquieta\u00e7\u00e3o entre seus colegas na Globo.<\/p>\n<p>A falta de comunica\u00e7\u00e3o desde a primeira hospitaliza\u00e7\u00e3o levantou especula\u00e7\u00f5es sobre a gravidade de seu quadro.\u00a0 A emissora informou que Thais Luquesi continuar\u00e1 substituindo Pereira at\u00e9 seu retorno.<\/p>\n<p>Tentativas de contato com Marcelo Pereira foram feitas, mas ele n\u00e3o respondeu, apenas visualizou as mensagens e acionou a Comunica\u00e7\u00e3o da Globo para responder em seu lugar.<\/p>\n<\/div>\n<p><br \/>\n<br \/><a href=\"https:\/\/fnmais.com\/jornalista-globo-internado-pela-2a-vez-em-4-dias-emissora-divulgou-nota-sobre-quadro-saude\/\">Source link <\/a><\/p>\n<!-- CONTENT END 1 -->\n","protected":false},"excerpt":{"rendered":"<p>O jornalista Marcelo Pereira, conhecido por seu trabalho como apresentador do mapa-tempo no programa \u201cHora 1\u201d da Globo, tem sido alvo de preocupa\u00e7\u00f5es e mist\u00e9rios&#8230;<\/p>\n","protected":false},"author":1,"featured_media":27075,"comment_status":"open","ping_status":"open","sticky":false,"template":"","format":"standard","meta":{"advanced_seo_description":"","jetpack_seo_html_title":"","jetpack_seo_noindex":false,"jetpack_post_was_ever_published":false,"_jetpack_newsletter_access":"","_jetpack_dont_email_post_to_subs":false,"_jetpack_newsletter_tier_id":0,"_jetpack_memberships_contains_paywalled_content":false,"_jetpack_memberships_contains_paid_content":false,"footnotes":"","jetpack_publicize_message":"","jetpack_publicize_feature_enabled":true,"jetpack_social_post_already_shared":true,"jetpack_social_options":{"image_generator_settings":{"template":"highway","default_image_id":0,"font":"","enabled":false},"version":2}},"categories":[1],"tags":[],"class_list":["post-27074","post","type-post","status-publish","format-standard","has-post-thumbnail","hentry","category-blog"],"jetpack_publicize_connections":[],"jetpack_featured_media_url":"https:\/\/i0.wp.com\/noticiasribeiraopreto.com.br\/wp-content\/uploads\/2024\/01\/postimg-659feecbde9043933.jpg?fit=1200%2C628&ssl=1","jetpack-related-posts":[{"id":25951,"url":"https:\/\/noticiasribeiraopreto.com.br\/index.php\/2024\/01\/08\/jornalista-da-tv-globo-sofre-mal-subito-e-e-encaminhado-as-pressas-para-hospital\/","url_meta":{"origin":27074,"position":0},"title":"Jornalista da TV Globo sofre mal s\u00fabito e \u00e9 encaminhado \u00e0s pressas para hospital","author":"noticiasribeiraopreto.com.br","date":"8 de January de 2024","format":false,"excerpt":"Com menos de uma semana ap\u00f3s o infarto de Jos\u00e9 Roberto Burnier, outro jornalista da emissora Globo, Marcelo Pereira, causou preocupa\u00e7\u00e3o ao sofrer com um mal s\u00fabito. Assim, ele foi retirado da emissora por uma ambul\u00e2ncia.O incidente ocorreu nesta \u00faltima quarta-feira, dia 3 de janeiro, momentos antes de Pereira ter\u2026","rel":"","context":"In &quot;Blog&quot;","block_context":{"text":"Blog","link":"https:\/\/noticiasribeiraopreto.com.br\/index.php\/category\/blog\/"},"img":{"alt_text":"","src":"https:\/\/i0.wp.com\/noticiasribeiraopreto.com.br\/wp-content\/uploads\/2024\/01\/postimg-659c413d815be8753.jpg?fit=1200%2C628&ssl=1&resize=350%2C200","width":350,"height":200,"srcset":"https:\/\/i0.wp.com\/noticiasribeiraopreto.com.br\/wp-content\/uploads\/2024\/01\/postimg-659c413d815be8753.jpg?fit=1200%2C628&ssl=1&resize=350%2C200 1x, https:\/\/i0.wp.com\/noticiasribeiraopreto.com.br\/wp-content\/uploads\/2024\/01\/postimg-659c413d815be8753.jpg?fit=1200%2C628&ssl=1&resize=525%2C300 1.5x, https:\/\/i0.wp.com\/noticiasribeiraopreto.com.br\/wp-content\/uploads\/2024\/01\/postimg-659c413d815be8753.jpg?fit=1200%2C628&ssl=1&resize=700%2C400 2x, https:\/\/i0.wp.com\/noticiasribeiraopreto.com.br\/wp-content\/uploads\/2024\/01\/postimg-659c413d815be8753.jpg?fit=1200%2C628&ssl=1&resize=1050%2C600 3x"},"classes":[]},{"id":27208,"url":"https:\/\/noticiasribeiraopreto.com.br\/index.php\/2024\/01\/11\/o-que-aconteceu-com-marcelo-pereira-jornalista-foi-internado-duas-vezes-em-apenas-4-dias-e-preocupa-fas\/","url_meta":{"origin":27074,"position":1},"title":"O que aconteceu com Marcelo Pereira? Jornalista foi internado duas vezes em apenas 4 dias e preocupa f\u00e3s","author":"noticiasribeiraopreto.com.br","date":"11 de January de 2024","format":false,"excerpt":"Marcelo Pereira \u00e9 um jornaista bastante conhecido por suas apresenta\u00e7\u00f5es no programa \u2018Bom Dia Brasil\u2019, no momento, ele se encontrado afastado das telas, o que deixou muitos telespectadores preocupados com sua sa\u00fade geral.Diante disso, chegou a ser exposto que o apresentador foi internado duas vezes em um intervalo de quatro\u2026","rel":"","context":"In &quot;Blog&quot;","block_context":{"text":"Blog","link":"https:\/\/noticiasribeiraopreto.com.br\/index.php\/category\/blog\/"},"img":{"alt_text":"","src":"https:\/\/i0.wp.com\/noticiasribeiraopreto.com.br\/wp-content\/uploads\/2024\/01\/postimg-65a01eee3728a5764.jpg?fit=1200%2C628&ssl=1&resize=350%2C200","width":350,"height":200,"srcset":"https:\/\/i0.wp.com\/noticiasribeiraopreto.com.br\/wp-content\/uploads\/2024\/01\/postimg-65a01eee3728a5764.jpg?fit=1200%2C628&ssl=1&resize=350%2C200 1x, https:\/\/i0.wp.com\/noticiasribeiraopreto.com.br\/wp-content\/uploads\/2024\/01\/postimg-65a01eee3728a5764.jpg?fit=1200%2C628&ssl=1&resize=525%2C300 1.5x, https:\/\/i0.wp.com\/noticiasribeiraopreto.com.br\/wp-content\/uploads\/2024\/01\/postimg-65a01eee3728a5764.jpg?fit=1200%2C628&ssl=1&resize=700%2C400 2x, https:\/\/i0.wp.com\/noticiasribeiraopreto.com.br\/wp-content\/uploads\/2024\/01\/postimg-65a01eee3728a5764.jpg?fit=1200%2C628&ssl=1&resize=1050%2C600 3x"},"classes":[]},{"id":25025,"url":"https:\/\/noticiasribeiraopreto.com.br\/index.php\/2024\/01\/05\/chega-ao-fim-a-luta-de-jose-roberto-burnier-apos-infarto-ele-venceu\/","url_meta":{"origin":27074,"position":2},"title":"Chega ao fim a luta de Jos\u00e9 Roberto Burnier ap\u00f3s infarto; ele venceu","author":"noticiasribeiraopreto.com.br","date":"5 de January de 2024","format":false,"excerpt":"Na manh\u00e3 desta sexta-feira, dia 5 de janeiro, o jornalista Jos\u00e9 Roberto Burnier recebeu alta hospitalar ap\u00f3s ter passado por um per\u00eddo de interna\u00e7\u00e3o no Hospital S\u00edrio-Lib\u00e2nes, na regi\u00e3o de S\u00e3o Paulo.Sua entrada no hospital ocorreu no dia 29 de dezembro, ap\u00f3s ter se submetido a uma angioplastia durante a\u2026","rel":"","context":"In &quot;Blog&quot;","block_context":{"text":"Blog","link":"https:\/\/noticiasribeiraopreto.com.br\/index.php\/category\/blog\/"},"img":{"alt_text":"","src":"https:\/\/i0.wp.com\/noticiasribeiraopreto.com.br\/wp-content\/uploads\/2024\/01\/postimg-65986f03dd9c93453.jpg?fit=1200%2C628&ssl=1&resize=350%2C200","width":350,"height":200,"srcset":"https:\/\/i0.wp.com\/noticiasribeiraopreto.com.br\/wp-content\/uploads\/2024\/01\/postimg-65986f03dd9c93453.jpg?fit=1200%2C628&ssl=1&resize=350%2C200 1x, https:\/\/i0.wp.com\/noticiasribeiraopreto.com.br\/wp-content\/uploads\/2024\/01\/postimg-65986f03dd9c93453.jpg?fit=1200%2C628&ssl=1&resize=525%2C300 1.5x, https:\/\/i0.wp.com\/noticiasribeiraopreto.com.br\/wp-content\/uploads\/2024\/01\/postimg-65986f03dd9c93453.jpg?fit=1200%2C628&ssl=1&resize=700%2C400 2x, https:\/\/i0.wp.com\/noticiasribeiraopreto.com.br\/wp-content\/uploads\/2024\/01\/postimg-65986f03dd9c93453.jpg?fit=1200%2C628&ssl=1&resize=1050%2C600 3x"},"classes":[]},{"id":7810,"url":"https:\/\/noticiasribeiraopreto.com.br\/index.php\/2023\/11\/28\/chega-ao-fim-a-luta-do-jornalista-evaristo-costa-apos-internacao-ele-venceu\/","url_meta":{"origin":27074,"position":3},"title":"Chega ao fim a luta do jornalista Evaristo Costa ap\u00f3s interna\u00e7\u00e3o; ele venceu","author":"noticiasribeiraopreto.com.br","date":"28 de November de 2023","format":false,"excerpt":"Ap\u00f3s ter ido parado no hospital e ter precisado de uma interna\u00e7\u00e3o, o famoso jornalista Evaristo Costa se pronunciou em suas redes sociais, alegando que j\u00e1 recebeu alta e inicou os seus preparativos para conseguir retornar ao seu lar.O comunicador recebeu o diagn\u00f3stico de eripsela, uma infec\u00e7\u00e3o de pele. Com\u2026","rel":"","context":"In &quot;Blog&quot;","block_context":{"text":"Blog","link":"https:\/\/noticiasribeiraopreto.com.br\/index.php\/category\/blog\/"},"img":{"alt_text":"","src":"https:\/\/i0.wp.com\/noticiasribeiraopreto.com.br\/wp-content\/uploads\/2023\/11\/postimg-656679acdb02f9237.jpg?fit=1200%2C628&ssl=1&resize=350%2C200","width":350,"height":200,"srcset":"https:\/\/i0.wp.com\/noticiasribeiraopreto.com.br\/wp-content\/uploads\/2023\/11\/postimg-656679acdb02f9237.jpg?fit=1200%2C628&ssl=1&resize=350%2C200 1x, https:\/\/i0.wp.com\/noticiasribeiraopreto.com.br\/wp-content\/uploads\/2023\/11\/postimg-656679acdb02f9237.jpg?fit=1200%2C628&ssl=1&resize=525%2C300 1.5x, https:\/\/i0.wp.com\/noticiasribeiraopreto.com.br\/wp-content\/uploads\/2023\/11\/postimg-656679acdb02f9237.jpg?fit=1200%2C628&ssl=1&resize=700%2C400 2x, https:\/\/i0.wp.com\/noticiasribeiraopreto.com.br\/wp-content\/uploads\/2023\/11\/postimg-656679acdb02f9237.jpg?fit=1200%2C628&ssl=1&resize=1050%2C600 3x"},"classes":[]},{"id":21395,"url":"https:\/\/noticiasribeiraopreto.com.br\/index.php\/2023\/12\/27\/chega-ao-fim-de-forma-tragica-as-buscas-por-menina-de-4-anos-que-desapareceu-apos-cair-em-rio-de-sc-era-uma-filha-maravilhosa\/","url_meta":{"origin":27074,"position":4},"title":"Chega ao fim de forma tr\u00e1gica as buscas por menina de 4 anos que desapareceu ap\u00f3s cair em rio de SC: &#8216;Era uma filha maravilhosa&#8217;","author":"noticiasribeiraopreto.com.br","date":"27 de December de 2023","format":false,"excerpt":"O corpo da menina de 4 anos, Lavinia Oliveira Pereira, desaparecida desde domingo em Pedras Grandes, Sul de Santa Catarina, foi encontrado no in\u00edcio da tarde desta quarta-feira, cerca de 13 quil\u00f4metros do local onde foi vista pela \u00faltima vez, de acordo com informa\u00e7\u00f5es dos bombeiros.A trag\u00e9dia ocorreu quando a\u2026","rel":"","context":"In &quot;Blog&quot;","block_context":{"text":"Blog","link":"https:\/\/noticiasribeiraopreto.com.br\/index.php\/category\/blog\/"},"img":{"alt_text":"","src":"https:\/\/i0.wp.com\/noticiasribeiraopreto.com.br\/wp-content\/uploads\/2023\/12\/postimg-658c82d7959899819.jpg?fit=1200%2C628&ssl=1&resize=350%2C200","width":350,"height":200,"srcset":"https:\/\/i0.wp.com\/noticiasribeiraopreto.com.br\/wp-content\/uploads\/2023\/12\/postimg-658c82d7959899819.jpg?fit=1200%2C628&ssl=1&resize=350%2C200 1x, https:\/\/i0.wp.com\/noticiasribeiraopreto.com.br\/wp-content\/uploads\/2023\/12\/postimg-658c82d7959899819.jpg?fit=1200%2C628&ssl=1&resize=525%2C300 1.5x, https:\/\/i0.wp.com\/noticiasribeiraopreto.com.br\/wp-content\/uploads\/2023\/12\/postimg-658c82d7959899819.jpg?fit=1200%2C628&ssl=1&resize=700%2C400 2x, https:\/\/i0.wp.com\/noticiasribeiraopreto.com.br\/wp-content\/uploads\/2023\/12\/postimg-658c82d7959899819.jpg?fit=1200%2C628&ssl=1&resize=1050%2C600 3x"},"classes":[]},{"id":46569,"url":"https:\/\/noticiasribeiraopreto.com.br\/index.php\/2024\/04\/12\/globo-transmite-primeira-etapa-do-circuito-sertanejo-2024\/","url_meta":{"origin":27074,"position":5},"title":"Globo transmite primeira etapa do &#8220;Circuito Sertanejo 2024&#8221;","author":"noticiasribeiraopreto.com.br","date":"12 de April de 2024","format":false,"excerpt":"Globo transmite primeira etapa do \u201cCircuito Sertanejo 2024\u201dMultishow, Globoplay e TV Globo exibem shows de Fernando & Sorocaba, Luan Pereira e Malifoo, que acontecem no dia 13 de abril O\u00a0Circuito Sertanejo, o maior circuito de shows do pa\u00eds,\u00a0est\u00e1 de volta \u00e0\u00a0Globo! A primeira edi\u00e7\u00e3o de 2024 aterrissa na ExpoLondrina, no\u2026","rel":"","context":"In &quot;Not\u00edcias de Ribeir\u00e3o Preto-SP e Regi\u00e3o&quot;","block_context":{"text":"Not\u00edcias de Ribeir\u00e3o Preto-SP e Regi\u00e3o","link":"https:\/\/noticiasribeiraopreto.com.br\/index.php\/category\/noticias-de-ribeirao-preto-sp-e-regiao-ismael-colosi\/"},"img":{"alt_text":"","src":"https:\/\/i0.wp.com\/noticiasribeiraopreto.com.br\/wp-content\/uploads\/2024\/04\/Untitled-2.jpg?fit=1200%2C800&ssl=1&resize=350%2C200","width":350,"height":200,"srcset":"https:\/\/i0.wp.com\/noticiasribeiraopreto.com.br\/wp-content\/uploads\/2024\/04\/Untitled-2.jpg?fit=1200%2C800&ssl=1&resize=350%2C200 1x, https:\/\/i0.wp.com\/noticiasribeiraopreto.com.br\/wp-content\/uploads\/2024\/04\/Untitled-2.jpg?fit=1200%2C800&ssl=1&resize=525%2C300 1.5x, https:\/\/i0.wp.com\/noticiasribeiraopreto.com.br\/wp-content\/uploads\/2024\/04\/Untitled-2.jpg?fit=1200%2C800&ssl=1&resize=700%2C400 2x, https:\/\/i0.wp.com\/noticiasribeiraopreto.com.br\/wp-content\/uploads\/2024\/04\/Untitled-2.jpg?fit=1200%2C800&ssl=1&resize=1050%2C600 3x"},"classes":[]}],"jetpack_sharing_enabled":true,"jetpack_shortlink":"https:\/\/wp.me\/peQAOb-72G","_links":{"self":[{"href":"https:\/\/noticiasribeiraopreto.com.br\/index.php\/wp-json\/wp\/v2\/posts\/27074","targetHints":{"allow":["GET"]}}],"collection":[{"href":"https:\/\/noticiasribeiraopreto.com.br\/index.php\/wp-json\/wp\/v2\/posts"}],"about":[{"href":"https:\/\/noticiasribeiraopreto.com.br\/index.php\/wp-json\/wp\/v2\/types\/post"}],"author":[{"embeddable":true,"href":"https:\/\/noticiasribeiraopreto.com.br\/index.php\/wp-json\/wp\/v2\/users\/1"}],"replies":[{"embeddable":true,"href":"https:\/\/noticiasribeiraopreto.com.br\/index.php\/wp-json\/wp\/v2\/comments?post=27074"}],"version-history":[{"count":0,"href":"https:\/\/noticiasribeiraopreto.com.br\/index.php\/wp-json\/wp\/v2\/posts\/27074\/revisions"}],"wp:featuredmedia":[{"embeddable":true,"href":"https:\/\/noticiasribeiraopreto.com.br\/index.php\/wp-json\/wp\/v2\/media\/27075"}],"wp:attachment":[{"href":"https:\/\/noticiasribeiraopreto.com.br\/index.php\/wp-json\/wp\/v2\/media?parent=27074"}],"wp:term":[{"taxonomy":"category","embeddable":true,"href":"https:\/\/noticiasribeiraopreto.com.br\/index.php\/wp-json\/wp\/v2\/categories?post=27074"},{"taxonomy":"post_tag","embeddable":true,"href":"https:\/\/noticiasribeiraopreto.com.br\/index.php\/wp-json\/wp\/v2\/tags?post=27074"}],"curies":[{"name":"wp","href":"https:\/\/api.w.org\/{rel}","templated":true}]}}