{"id":27084,"date":"2024-01-11T13:28:10","date_gmt":"2024-01-11T16:28:10","guid":{"rendered":"https:\/\/noticiasribeiraopreto.com.br\/index.php\/2024\/01\/11\/sintomas-tratamento-e-prevencao-da-doenca-que-afetou-tais-araujo-e-a-afastou-da-globo\/"},"modified":"2024-01-11T13:28:10","modified_gmt":"2024-01-11T16:28:10","slug":"sintomas-tratamento-e-prevencao-da-doenca-que-afetou-tais-araujo-e-a-afastou-da-globo","status":"publish","type":"post","link":"https:\/\/noticiasribeiraopreto.com.br\/index.php\/2024\/01\/11\/sintomas-tratamento-e-prevencao-da-doenca-que-afetou-tais-araujo-e-a-afastou-da-globo\/","title":{"rendered":"sintomas, tratamento e preven\u00e7\u00e3o da doen\u00e7a que afetou Tais Ara\u00fajo e a afastou da Globo"},"content":{"rendered":"<div class='code-block code-block-1' style='margin: 8px 0 8px auto; text-align: right; display: block; clear: both;'>\n<p><a href=\"https:\/\/wa.link\/vpicfd\"><img data-recalc-dims=\"1\" class=\"wp-image-4922\" style=\"aspect-ratio: 2.0253164556962027; width: 561px; height: auto;\" src=\"https:\/\/i0.wp.com\/ismaelcolosi.com.br\/wp-content\/uploads\/2023\/11\/grupo-de-empregos-whatsapp-e-facebook-ismael-colosi-vagas.jpg?ssl=1\" alt=\"\" \/><\/a><\/p>\n<!-- \/wp:image -->\n<\/div>\n<p> <br \/>\n<\/p>\n<div itemprop=\"text\">\n<p>A famosa atriz Ta\u00eds Ara\u00fajo precisou receber atendimento m\u00e9dico ap\u00f3s ter passado por um procedimento para tratar uma h\u00e9rnia de disco lombar. Ela foi diagnosticada com essa condi\u00e7\u00e3o e ficar\u00e1 de fora da sua programa\u00e7\u00e3o normal at\u00e9 conseguir se recuperar.<\/p>\n<p>E afinal, o que se trata a doen\u00e7a que acometeu a querida artista brasileira? A h\u00e9rnia de disco lombar \u00e9 uma condi\u00e7\u00e3o que acomete uma regi\u00e3o espec\u00edfica da coluna, chamada disco intervertebral.<\/p>\n<p>Sendo ela uma das principais causas de afastamentos do trabalho por raz\u00f5es de sa\u00fade em 2023, segundo informa\u00e7\u00f5es fornecidas por \u00f3rg\u00e3os de sa\u00fade.<\/p>\n<p>Apenas no ano passado, foi relatado que mais de 2,5 milh\u00f5es de brasileiros foram afastados do trabalho devido aos problemas de sa\u00fade que enfrentavam e que afetavam a suas vidas.<\/p>\n<p>Profissionais da sa\u00fade destacam que a h\u00e9rnia de disco \u00e9 mais em pessoas jovens, principalmente, na faixa et\u00e1ria dos 20 aos 40 anos. Os sintomas incluem dor lombar intensa, que irradia para a perna, perda da sensibilidade, fraqueza muscula, choques e formigamentos nos membros.<\/p>\n<p>Para previr essa condi\u00e7\u00e3o \u00e9 necess\u00e1rio adotar um estilo de vida saud\u00e1vel, incluindo pr\u00e1ticas de atividade f\u00edsica regular, uma postura adequada no trabalho e na realiza\u00e7\u00e3o de atividades dom\u00e9sticas.<\/p>\n<p><strong>\u201cUm diagn\u00f3stico equivocado levar\u00e1 invariavelmente a um tratamento errado\u201d<\/strong>, explica Renato Ureda, que atua como ortopedista e atende diversos pacientes.<\/p>\n<p>Al\u00e9m disso, a cirurgia nem sempre \u00e9 necess\u00e1ria, e tratamentos como medicamentos, reabilita\u00e7\u00e3o f\u00edsica e m\u00e9todos analg\u00e9sicos podem ser eficazes. O diagn\u00f3stico preciso \u00e9 crucial para um tratamento adequado.<\/p>\n<\/div>\n<p><br \/>\n<br \/><a href=\"https:\/\/fnmais.com\/hernia-disco-sintomas-tratamento-prevencao-doenca-que-afetou-tais-araujo-afastou-globo\/\">Source link <\/a><\/p>\n<!-- CONTENT END 1 -->\n","protected":false},"excerpt":{"rendered":"<p>A famosa atriz Ta\u00eds Ara\u00fajo precisou receber atendimento m\u00e9dico ap\u00f3s ter passado por um procedimento para tratar uma h\u00e9rnia de disco lombar. Ela foi diagnosticada&#8230;<\/p>\n","protected":false},"author":1,"featured_media":27085,"comment_status":"open","ping_status":"open","sticky":false,"template":"","format":"standard","meta":{"advanced_seo_description":"","jetpack_seo_html_title":"","jetpack_seo_noindex":false,"jetpack_post_was_ever_published":false,"_jetpack_newsletter_access":"","_jetpack_dont_email_post_to_subs":false,"_jetpack_newsletter_tier_id":0,"_jetpack_memberships_contains_paywalled_content":false,"_jetpack_memberships_contains_paid_content":false,"footnotes":"","jetpack_publicize_message":"","jetpack_publicize_feature_enabled":true,"jetpack_social_post_already_shared":true,"jetpack_social_options":{"image_generator_settings":{"template":"highway","default_image_id":0,"font":"","enabled":false},"version":2}},"categories":[1],"tags":[],"class_list":["post-27084","post","type-post","status-publish","format-standard","has-post-thumbnail","hentry","category-blog"],"jetpack_publicize_connections":[],"jetpack_featured_media_url":"https:\/\/i0.wp.com\/noticiasribeiraopreto.com.br\/wp-content\/uploads\/2024\/01\/postimg-65a0118f575563070.jpg?fit=1200%2C628&ssl=1","jetpack-related-posts":[{"id":26729,"url":"https:\/\/noticiasribeiraopreto.com.br\/index.php\/2024\/01\/10\/triste-noticia-sobre-internacao-de-tais-araujo-em-hospital-revela-diagnostico-apos-procedimento-segundo-colunista\/","url_meta":{"origin":27084,"position":0},"title":"Triste not\u00edcia sobre interna\u00e7\u00e3o de Ta\u00eds Ara\u00fajo em hospital revela diagn\u00f3stico ap\u00f3s procedimento, segundo colunista","author":"noticiasribeiraopreto.com.br","date":"10 de January de 2024","format":false,"excerpt":"Aos 41 anos, a renomada atriz Ta\u00eds Ara\u00fajo foi motivo de preocupa\u00e7\u00e3o para os f\u00e3s ap\u00f3s ter sido internada no hospital S\u00edrio Liban\u00eas em S\u00e3o Paulo onde precisou ficar internada e precisar de atendimento.A atriz relatou dores nas costas, o que a levou at\u00e9 o hospital. Ela chegou a passar\u2026","rel":"","context":"In &quot;Blog&quot;","block_context":{"text":"Blog","link":"https:\/\/noticiasribeiraopreto.com.br\/index.php\/category\/blog\/"},"img":{"alt_text":"","src":"https:\/\/i0.wp.com\/noticiasribeiraopreto.com.br\/wp-content\/uploads\/2024\/01\/postimg-659ef3a3c3d0b6470.jpg?fit=1200%2C628&ssl=1&resize=350%2C200","width":350,"height":200,"srcset":"https:\/\/i0.wp.com\/noticiasribeiraopreto.com.br\/wp-content\/uploads\/2024\/01\/postimg-659ef3a3c3d0b6470.jpg?fit=1200%2C628&ssl=1&resize=350%2C200 1x, https:\/\/i0.wp.com\/noticiasribeiraopreto.com.br\/wp-content\/uploads\/2024\/01\/postimg-659ef3a3c3d0b6470.jpg?fit=1200%2C628&ssl=1&resize=525%2C300 1.5x, https:\/\/i0.wp.com\/noticiasribeiraopreto.com.br\/wp-content\/uploads\/2024\/01\/postimg-659ef3a3c3d0b6470.jpg?fit=1200%2C628&ssl=1&resize=700%2C400 2x, https:\/\/i0.wp.com\/noticiasribeiraopreto.com.br\/wp-content\/uploads\/2024\/01\/postimg-659ef3a3c3d0b6470.jpg?fit=1200%2C628&ssl=1&resize=1050%2C600 3x"},"classes":[]},{"id":26739,"url":"https:\/\/noticiasribeiraopreto.com.br\/index.php\/2024\/01\/10\/tais-araujo-sente-dores-agudas-e-acaba-internada-assessoria-se-manifestou\/","url_meta":{"origin":27084,"position":1},"title":"Ta\u00eds Ara\u00fajo sente dores agudas e acaba internada; assessoria se manifestou","author":"noticiasribeiraopreto.com.br","date":"10 de January de 2024","format":false,"excerpt":"Na \u00faltima segunda-feira (08\/01), a atriz Ta\u00eds Ara\u00fajo acabou sendo internada ap\u00f3s apresentar fortes dores. A atriz deu entrada no Hospital S\u00edrio-Liban\u00eas, em S\u00e3o Paulo, onde permanece at\u00e9 agora.Nesta quarta, a informa\u00e7\u00e3o parou na imprensa e a assessoria da atriz se manifestou. Por meio de nota, representantes de Ta\u00eds Ara\u00fajo\u2026","rel":"","context":"In &quot;Blog&quot;","block_context":{"text":"Blog","link":"https:\/\/noticiasribeiraopreto.com.br\/index.php\/category\/blog\/"},"img":{"alt_text":"","src":"https:\/\/i0.wp.com\/noticiasribeiraopreto.com.br\/wp-content\/uploads\/2024\/01\/postimg-659ef37d653903386.jpg?fit=1200%2C628&ssl=1&resize=350%2C200","width":350,"height":200,"srcset":"https:\/\/i0.wp.com\/noticiasribeiraopreto.com.br\/wp-content\/uploads\/2024\/01\/postimg-659ef37d653903386.jpg?fit=1200%2C628&ssl=1&resize=350%2C200 1x, https:\/\/i0.wp.com\/noticiasribeiraopreto.com.br\/wp-content\/uploads\/2024\/01\/postimg-659ef37d653903386.jpg?fit=1200%2C628&ssl=1&resize=525%2C300 1.5x, https:\/\/i0.wp.com\/noticiasribeiraopreto.com.br\/wp-content\/uploads\/2024\/01\/postimg-659ef37d653903386.jpg?fit=1200%2C628&ssl=1&resize=700%2C400 2x, https:\/\/i0.wp.com\/noticiasribeiraopreto.com.br\/wp-content\/uploads\/2024\/01\/postimg-659ef37d653903386.jpg?fit=1200%2C628&ssl=1&resize=1050%2C600 3x"},"classes":[]},{"id":31235,"url":"https:\/\/noticiasribeiraopreto.com.br\/index.php\/2024\/01\/21\/ator-lazaro-ramos-passa-mal-e-noticia-triste-e-confirmada-ele-teve-uma-ver-mais\/","url_meta":{"origin":27084,"position":2},"title":"Ator L\u00e1zaro Ramos PASSA MAL e not\u00edcia TRISTE \u00e9 confirmada: &#8220;Ele teve uma&#8230;Ver mais","author":"noticiasribeiraopreto.com.br","date":"21 de January de 2024","format":false,"excerpt":"Uma not\u00edcia preocupante deixou muitos brasileiros em alerta neste domingo (21), causando como\u00e7\u00e3o entre os f\u00e3s do artista L\u00e1zaro Ramos. O ator foi levado \u00e0s pressas a uma unidade de sa\u00fade pela sua esposa Ta\u00eds Ara\u00fajo depois de passar mal em sua casa na sexta (19) em sua cidade natal,\u2026","rel":"","context":"In &quot;Variedades&quot;","block_context":{"text":"Variedades","link":"https:\/\/noticiasribeiraopreto.com.br\/index.php\/category\/variedades\/"},"img":{"alt_text":"","src":"https:\/\/i0.wp.com\/noticiasribeiraopreto.com.br\/wp-content\/uploads\/2024\/01\/Apresentacao-sem-titulo-2.png?fit=960%2C540&ssl=1&resize=350%2C200","width":350,"height":200,"srcset":"https:\/\/i0.wp.com\/noticiasribeiraopreto.com.br\/wp-content\/uploads\/2024\/01\/Apresentacao-sem-titulo-2.png?fit=960%2C540&ssl=1&resize=350%2C200 1x, https:\/\/i0.wp.com\/noticiasribeiraopreto.com.br\/wp-content\/uploads\/2024\/01\/Apresentacao-sem-titulo-2.png?fit=960%2C540&ssl=1&resize=525%2C300 1.5x, https:\/\/i0.wp.com\/noticiasribeiraopreto.com.br\/wp-content\/uploads\/2024\/01\/Apresentacao-sem-titulo-2.png?fit=960%2C540&ssl=1&resize=700%2C400 2x"},"classes":[]},{"id":27184,"url":"https:\/\/noticiasribeiraopreto.com.br\/index.php\/2024\/01\/11\/tais-araujo-fala-pela-primeira-vez-apos-receber-alta-hospitalar-estava-urrando-de-dor\/","url_meta":{"origin":27084,"position":3},"title":"Ta\u00eds Ara\u00fajo fala pela primeira vez ap\u00f3s receber alta hospitalar: &#8216;estava urrando de dor&#8217;","author":"noticiasribeiraopreto.com.br","date":"11 de January de 2024","format":false,"excerpt":"Na \u00faltima segunda-feira (08\/01), a atriz Ta\u00eds Ara\u00fajo foi parar no hospital e acabou sendo internada ap\u00f3s sofrer uma crise aguda de dor nas costas. J\u00e1 na quarta, a assessoria da atriz se manifestou.Agora foi a vez da pr\u00f3pria Ta\u00eds Ara\u00fajo falar com seus seguidores. Em raz\u00e3o do problema de\u2026","rel":"","context":"In &quot;Blog&quot;","block_context":{"text":"Blog","link":"https:\/\/noticiasribeiraopreto.com.br\/index.php\/category\/blog\/"},"img":{"alt_text":"","src":"https:\/\/i0.wp.com\/noticiasribeiraopreto.com.br\/wp-content\/uploads\/2024\/01\/postimg-65a0442642ee78048.jpg?fit=1200%2C628&ssl=1&resize=350%2C200","width":350,"height":200,"srcset":"https:\/\/i0.wp.com\/noticiasribeiraopreto.com.br\/wp-content\/uploads\/2024\/01\/postimg-65a0442642ee78048.jpg?fit=1200%2C628&ssl=1&resize=350%2C200 1x, https:\/\/i0.wp.com\/noticiasribeiraopreto.com.br\/wp-content\/uploads\/2024\/01\/postimg-65a0442642ee78048.jpg?fit=1200%2C628&ssl=1&resize=525%2C300 1.5x, https:\/\/i0.wp.com\/noticiasribeiraopreto.com.br\/wp-content\/uploads\/2024\/01\/postimg-65a0442642ee78048.jpg?fit=1200%2C628&ssl=1&resize=700%2C400 2x, https:\/\/i0.wp.com\/noticiasribeiraopreto.com.br\/wp-content\/uploads\/2024\/01\/postimg-65a0442642ee78048.jpg?fit=1200%2C628&ssl=1&resize=1050%2C600 3x"},"classes":[]},{"id":31253,"url":"https:\/\/noticiasribeiraopreto.com.br\/index.php\/2024\/01\/21\/lazaro-ramos-passa-mal-e-e-internado-apos-ser-socorrido-as-pressas-por-tais-araujo\/","url_meta":{"origin":27084,"position":4},"title":"L\u00e1zaro Ramos passa mal e \u00e9 internado ap\u00f3s ser socorrido as pressas por Ta\u00eds Ara\u00fajo","author":"noticiasribeiraopreto.com.br","date":"21 de January de 2024","format":false,"excerpt":"Neste domingo (21\/01), a assessoria de L\u00e1zaro Ramos se manifestou ap\u00f3s not\u00edcias de que o ator teria sofrido um mal-estar e sido socorrido as pressas pela esposa, a atriz Ta\u00eds Ara\u00fajo.De acordo com as informa\u00e7\u00f5es, L\u00e1zaro teve um mal-estar em casa e desmaiou, sendo socorrido pela esposa e levado \u00e0s\u2026","rel":"","context":"In &quot;Blog&quot;","block_context":{"text":"Blog","link":"https:\/\/noticiasribeiraopreto.com.br\/index.php\/category\/blog\/"},"img":{"alt_text":"","src":"https:\/\/i0.wp.com\/noticiasribeiraopreto.com.br\/wp-content\/uploads\/2024\/01\/postimg-65ad69ac09be46360.jpg?fit=1200%2C628&ssl=1&resize=350%2C200","width":350,"height":200,"srcset":"https:\/\/i0.wp.com\/noticiasribeiraopreto.com.br\/wp-content\/uploads\/2024\/01\/postimg-65ad69ac09be46360.jpg?fit=1200%2C628&ssl=1&resize=350%2C200 1x, https:\/\/i0.wp.com\/noticiasribeiraopreto.com.br\/wp-content\/uploads\/2024\/01\/postimg-65ad69ac09be46360.jpg?fit=1200%2C628&ssl=1&resize=525%2C300 1.5x, https:\/\/i0.wp.com\/noticiasribeiraopreto.com.br\/wp-content\/uploads\/2024\/01\/postimg-65ad69ac09be46360.jpg?fit=1200%2C628&ssl=1&resize=700%2C400 2x, https:\/\/i0.wp.com\/noticiasribeiraopreto.com.br\/wp-content\/uploads\/2024\/01\/postimg-65ad69ac09be46360.jpg?fit=1200%2C628&ssl=1&resize=1050%2C600 3x"},"classes":[]},{"id":66236,"url":"https:\/\/noticiasribeiraopreto.com.br\/index.php\/2025\/03\/29\/jornal-da-franca-sindrome-da-carteira-entenda-o-risco-de-sentar-com-o-objeto-no-bolso\/","url_meta":{"origin":27084,"position":5},"title":"Jornal da Franca &#8211; S\u00edndrome da carteira: entenda o risco de sentar com o objeto no bolso","author":"noticiasribeiraopreto.com.br","date":"29 de March de 2025","format":false,"excerpt":"compartilhar no whatsapp compartilhar no telegram compartilhar no facebook compartilhar no linkedin O h\u00e1bito de sentar com a carteira no bolso traseiro pode for\u00e7ar uma compress\u00e3o do nervo ci\u00e1tico, causando dores e problemas de sa\u00fade Sentar com a carteira no bolso traseiro da cal\u00e7a pode trazer problemas de sa\u00fade, sabia?\u2026","rel":"","context":"In &quot;Not\u00edcias de Franca-SP&quot;","block_context":{"text":"Not\u00edcias de Franca-SP","link":"https:\/\/noticiasribeiraopreto.com.br\/index.php\/category\/noticias-de-ribeirao-preto-sp-e-regiao-ismael-colosi\/noticias-franca-sp\/"},"img":{"alt_text":"","src":"https:\/\/i0.wp.com\/noticiasribeiraopreto.com.br\/wp-content\/uploads\/2025\/03\/homem-sentado-com-carteira-no-bolso-da-calca-shutterstock.jpg?fit=1200%2C717&ssl=1&resize=350%2C200","width":350,"height":200,"srcset":"https:\/\/i0.wp.com\/noticiasribeiraopreto.com.br\/wp-content\/uploads\/2025\/03\/homem-sentado-com-carteira-no-bolso-da-calca-shutterstock.jpg?fit=1200%2C717&ssl=1&resize=350%2C200 1x, https:\/\/i0.wp.com\/noticiasribeiraopreto.com.br\/wp-content\/uploads\/2025\/03\/homem-sentado-com-carteira-no-bolso-da-calca-shutterstock.jpg?fit=1200%2C717&ssl=1&resize=525%2C300 1.5x, https:\/\/i0.wp.com\/noticiasribeiraopreto.com.br\/wp-content\/uploads\/2025\/03\/homem-sentado-com-carteira-no-bolso-da-calca-shutterstock.jpg?fit=1200%2C717&ssl=1&resize=700%2C400 2x, https:\/\/i0.wp.com\/noticiasribeiraopreto.com.br\/wp-content\/uploads\/2025\/03\/homem-sentado-com-carteira-no-bolso-da-calca-shutterstock.jpg?fit=1200%2C717&ssl=1&resize=1050%2C600 3x"},"classes":[]}],"jetpack_sharing_enabled":true,"jetpack_shortlink":"https:\/\/wp.me\/peQAOb-72Q","_links":{"self":[{"href":"https:\/\/noticiasribeiraopreto.com.br\/index.php\/wp-json\/wp\/v2\/posts\/27084","targetHints":{"allow":["GET"]}}],"collection":[{"href":"https:\/\/noticiasribeiraopreto.com.br\/index.php\/wp-json\/wp\/v2\/posts"}],"about":[{"href":"https:\/\/noticiasribeiraopreto.com.br\/index.php\/wp-json\/wp\/v2\/types\/post"}],"author":[{"embeddable":true,"href":"https:\/\/noticiasribeiraopreto.com.br\/index.php\/wp-json\/wp\/v2\/users\/1"}],"replies":[{"embeddable":true,"href":"https:\/\/noticiasribeiraopreto.com.br\/index.php\/wp-json\/wp\/v2\/comments?post=27084"}],"version-history":[{"count":0,"href":"https:\/\/noticiasribeiraopreto.com.br\/index.php\/wp-json\/wp\/v2\/posts\/27084\/revisions"}],"wp:featuredmedia":[{"embeddable":true,"href":"https:\/\/noticiasribeiraopreto.com.br\/index.php\/wp-json\/wp\/v2\/media\/27085"}],"wp:attachment":[{"href":"https:\/\/noticiasribeiraopreto.com.br\/index.php\/wp-json\/wp\/v2\/media?parent=27084"}],"wp:term":[{"taxonomy":"category","embeddable":true,"href":"https:\/\/noticiasribeiraopreto.com.br\/index.php\/wp-json\/wp\/v2\/categories?post=27084"},{"taxonomy":"post_tag","embeddable":true,"href":"https:\/\/noticiasribeiraopreto.com.br\/index.php\/wp-json\/wp\/v2\/tags?post=27084"}],"curies":[{"name":"wp","href":"https:\/\/api.w.org\/{rel}","templated":true}]}}