{"id":27092,"date":"2024-01-11T13:48:08","date_gmt":"2024-01-11T16:48:08","guid":{"rendered":"https:\/\/noticiasribeiraopreto.com.br\/index.php\/2024\/01\/11\/bbb24-video-de-sister-expondo-romance-com-traficante-internacional-viraliza-homem-da-minha-vida\/"},"modified":"2024-01-11T13:48:08","modified_gmt":"2024-01-11T16:48:08","slug":"bbb24-video-de-sister-expondo-romance-com-traficante-internacional-viraliza-homem-da-minha-vida","status":"publish","type":"post","link":"https:\/\/noticiasribeiraopreto.com.br\/index.php\/2024\/01\/11\/bbb24-video-de-sister-expondo-romance-com-traficante-internacional-viraliza-homem-da-minha-vida\/","title":{"rendered":"BBB24: V\u00eddeo de sister expondo romance com traficante internacional viraliza: \u2018Homem da minha vida&#8217;"},"content":{"rendered":"<div class='code-block code-block-1' style='margin: 8px 0 8px auto; text-align: right; display: block; clear: both;'>\n<p><a href=\"https:\/\/wa.link\/vpicfd\"><img data-recalc-dims=\"1\" class=\"wp-image-4922\" style=\"aspect-ratio: 2.0253164556962027; width: 561px; height: auto;\" src=\"https:\/\/i0.wp.com\/ismaelcolosi.com.br\/wp-content\/uploads\/2023\/11\/grupo-de-empregos-whatsapp-e-facebook-ismael-colosi-vagas.jpg?ssl=1\" alt=\"\" \/><\/a><\/p>\n<!-- \/wp:image -->\n<\/div>\n<p> <br \/>\n<\/p>\n<div itemprop=\"text\">\n<p>Quem se disp\u00f5e a participar de um reality show como o Big Brother Brasil sabe bem que ter\u00e1 sua vida revirada de ponta a cabe\u00e7a.<\/p>\n<p>Sendo assim, segredos s\u00e3o desenterrados, publica\u00e7\u00f5es nas redes sociais voltam a viralizar, como \u00e9 neste caso, que um v\u00eddeo compartilhado por uma das Sisters, voltou \u00e0 tona e vem chamando a aten\u00e7\u00e3o.<\/p>\n<p>Antes de ser selecionada e entrar para o confinamento da vig\u00e9sima quarta edi\u00e7\u00e3o do Big Brother Brasil, a primeira l\u00edder do programa, Deniziane Ferreira, revelou atrav\u00e9s de um v\u00eddeo que viveu um t\u00f3rrido romance com um homem que na verdade era um traficante internacional.<\/p>\n<p>Em mar\u00e7o de 2023, a sister compartilhou um relato rom\u00e2ntico por meio de um v\u00eddeo que ela compartilhou no TikTok, e as imagens voltaram a viralizar e est\u00e3o circulando nas redes sociais ap\u00f3s a estreia do BBB24.<\/p>\n<p>No seu relato, Deniziane narra como conheceu o rapaz atrav\u00e9s do Instagram e como se viu envolvida em um profundo sentimento de amor. A profissional de fisioterapia menciona que o homem abordava assuntos pr\u00e1ticos do cotidiano, isso a cativou e a mineira se enamorou por ele.<\/p>\n<p>No v\u00eddeo a sister afirmou que viveu um affair com um homem que ela comparou ao personagem do livro \u2018Cinquenta Tons de Cinza\u2019, Christian Grey.<\/p>\n<p>Ainda de acordo com a fisioterapeuta eles tiveram um encontro perfeito, que se beijaram no p\u00f4r do sol e disparou: \u2018Parecia que tinha encontrado o homem da minha vida\u2019. Confira o v\u00eddeo abaixo:<\/p>\n<blockquote class=\"twitter-tweet\" data-media-max-width=\"560\">\n<p dir=\"ltr\" lang=\"pt\">Deniziane ficar 15 horas numa prova de resist\u00eancia n\u00e3o \u00e9 nada pra quem estava disposta a entrar pro nicho de cunhadas do tiktok <a href=\"https:\/\/twitter.com\/hashtag\/bbb24?src=hash&amp;ref_src=twsrc%5Etfw\">#bbb24<\/a> <a href=\"https:\/\/t.co\/dLHHbFbHqG\">pic.twitter.com\/dLHHbFbHqG<\/a><\/p>\n<p>\u2014 patty (@pattytuitou) <a href=\"https:\/\/twitter.com\/pattytuitou\/status\/1744780925332795786?ref_src=twsrc%5Etfw\">January 9, 2024<\/a><\/p>\n<\/blockquote>\n<p>Ap\u00f3s algum tempo, ela afirmou que a rela\u00e7\u00e3o havia esfriado e ent\u00e3o ela resolveu pesquisar mais sobre o homem e descobriu que ele j\u00e1 havia sido preso por tr\u00e1fico.\u00a0<a href=\"https:\/\/mulherinteressante.com\/bbb-24-enquete-uol-aponta-quem-entre-maycon-giovanna-yasmin-brunet-sera-primeiro-deixar-casa-mais-vigiada-brasil\/?fbsu=348&amp;fbsl=1HYG\" target=\"_blank\" rel=\"nofollow noopener\">Enquete\u00a0aponta\u00a0quem ser\u00e1\u00a0o\u00a0primeiro eliminado do BBB24.<\/a><\/p>\n<\/div>\n<p><script async src=\"\/\/platform.twitter.com\/widgets.js\" charset=\"utf-8\"><\/script><br \/>\n<br \/><br \/>\n<br \/><a href=\"https:\/\/fnmais.com\/bbb24-video-sister-expondo-romance-com-traficante-internacional-viraliza-homem-minha-vida\/\">Source link <\/a><\/p>\n<!-- CONTENT END 1 -->\n","protected":false},"excerpt":{"rendered":"<p>Quem se disp\u00f5e a participar de um reality show como o Big Brother Brasil sabe bem que ter\u00e1 sua vida revirada de ponta a cabe\u00e7a&#8230;.<\/p>\n","protected":false},"author":1,"featured_media":27093,"comment_status":"open","ping_status":"open","sticky":false,"template":"","format":"standard","meta":{"advanced_seo_description":"","jetpack_seo_html_title":"","jetpack_seo_noindex":false,"jetpack_post_was_ever_published":false,"_jetpack_newsletter_access":"","_jetpack_dont_email_post_to_subs":false,"_jetpack_newsletter_tier_id":0,"_jetpack_memberships_contains_paywalled_content":false,"_jetpack_memberships_contains_paid_content":false,"footnotes":"","jetpack_publicize_message":"","jetpack_publicize_feature_enabled":true,"jetpack_social_post_already_shared":true,"jetpack_social_options":{"image_generator_settings":{"template":"highway","default_image_id":0,"font":"","enabled":false},"version":2}},"categories":[1],"tags":[],"class_list":["post-27092","post","type-post","status-publish","format-standard","has-post-thumbnail","hentry","category-blog"],"jetpack_publicize_connections":[],"jetpack_featured_media_url":"https:\/\/i0.wp.com\/noticiasribeiraopreto.com.br\/wp-content\/uploads\/2024\/01\/postimg-65a00bf3ca3d32293.jpg?fit=1200%2C628&ssl=1","jetpack-related-posts":[{"id":16777,"url":"https:\/\/noticiasribeiraopreto.com.br\/index.php\/2023\/12\/16\/velorio-do-cantor-gospel-pedro-henrique-que-faleceu-durante-show-e-marcado-por-grande-comocao-fotos-e-videos\/","url_meta":{"origin":27092,"position":0},"title":"Vel\u00f3rio do cantor gospel Pedro Henrique que faleceu durante show \u00e9 marcado por grande como\u00e7\u00e3o; fotos e v\u00eddeos","author":"noticiasribeiraopreto.com.br","date":"16 de December de 2023","format":false,"excerpt":"Um famoso cantor gospel perdeu sua vida enquanto estava se apresentando durante um show, na regi\u00e3o de Feira de Santana, na Bahia. Ele n\u00e3o resistiu enquanto estava no palco e um v\u00eddeo do momento chegou a viralizar nas redes sociais.Agora, com sua morte anunciada, muitos est\u00e3o lamentando sua partida, e\u2026","rel":"","context":"In &quot;Blog&quot;","block_context":{"text":"Blog","link":"https:\/\/noticiasribeiraopreto.com.br\/index.php\/category\/blog\/"},"img":{"alt_text":"","src":"https:\/\/i0.wp.com\/noticiasribeiraopreto.com.br\/wp-content\/uploads\/2023\/12\/postimg-657dc1fd2c9a99084.jpg?fit=1200%2C628&ssl=1&resize=350%2C200","width":350,"height":200,"srcset":"https:\/\/i0.wp.com\/noticiasribeiraopreto.com.br\/wp-content\/uploads\/2023\/12\/postimg-657dc1fd2c9a99084.jpg?fit=1200%2C628&ssl=1&resize=350%2C200 1x, https:\/\/i0.wp.com\/noticiasribeiraopreto.com.br\/wp-content\/uploads\/2023\/12\/postimg-657dc1fd2c9a99084.jpg?fit=1200%2C628&ssl=1&resize=525%2C300 1.5x, https:\/\/i0.wp.com\/noticiasribeiraopreto.com.br\/wp-content\/uploads\/2023\/12\/postimg-657dc1fd2c9a99084.jpg?fit=1200%2C628&ssl=1&resize=700%2C400 2x, https:\/\/i0.wp.com\/noticiasribeiraopreto.com.br\/wp-content\/uploads\/2023\/12\/postimg-657dc1fd2c9a99084.jpg?fit=1200%2C628&ssl=1&resize=1050%2C600 3x"},"classes":[]},{"id":64345,"url":"https:\/\/noticiasribeiraopreto.com.br\/index.php\/2025\/03\/07\/jornal-da-franca-menino-tem-parada-cardiaca-por-10-minutos-e-ao-acordar-diz-que-falou-com-deus\/","url_meta":{"origin":27092,"position":1},"title":"Jornal da Franca &#8211; Menino tem parada card\u00edaca por 10 minutos e, ao acordar, diz que falou com Deus","author":"noticiasribeiraopreto.com.br","date":"7 de March de 2025","format":false,"excerpt":"compartilhar no whatsapp compartilhar no telegram compartilhar no facebook compartilhar no linkedin O menino teve uma parada card\u00edaca durante um treino de futebol no in\u00edcio de dezembro do ano passado e v\u00eddeo voltou a viralizar agora Nicolas, ap\u00f3s sofrer uma parada card\u00edaca, contou ter ouvido Deus dizer que n\u00e3o era\u2026","rel":"","context":"In &quot;Not\u00edcias de Franca-SP&quot;","block_context":{"text":"Not\u00edcias de Franca-SP","link":"https:\/\/noticiasribeiraopreto.com.br\/index.php\/category\/noticias-de-ribeirao-preto-sp-e-regiao-ismael-colosi\/noticias-franca-sp\/"},"img":{"alt_text":"","src":"https:\/\/i0.wp.com\/noticiasribeiraopreto.com.br\/wp-content\/uploads\/2025\/03\/5245da37-57c3-4b6f-a2f7-241b6f30784d.jpg?fit=768%2C538&ssl=1&resize=350%2C200","width":350,"height":200,"srcset":"https:\/\/i0.wp.com\/noticiasribeiraopreto.com.br\/wp-content\/uploads\/2025\/03\/5245da37-57c3-4b6f-a2f7-241b6f30784d.jpg?fit=768%2C538&ssl=1&resize=350%2C200 1x, https:\/\/i0.wp.com\/noticiasribeiraopreto.com.br\/wp-content\/uploads\/2025\/03\/5245da37-57c3-4b6f-a2f7-241b6f30784d.jpg?fit=768%2C538&ssl=1&resize=525%2C300 1.5x, https:\/\/i0.wp.com\/noticiasribeiraopreto.com.br\/wp-content\/uploads\/2025\/03\/5245da37-57c3-4b6f-a2f7-241b6f30784d.jpg?fit=768%2C538&ssl=1&resize=700%2C400 2x"},"classes":[]},{"id":83952,"url":"https:\/\/noticiasribeiraopreto.com.br\/index.php\/2026\/03\/30\/jovem-de-ribeirao-conhecida-como-mini-gloria-maria-faz-estagio-no-altas-horas\/","url_meta":{"origin":27092,"position":2},"title":"Jovem de Ribeir\u00e3o, conhecida como \u201cMini Gl\u00f3ria Maria\u201d faz est\u00e1gio no Altas Horas","author":"noticiasribeiraopreto.com.br","date":"30 de March de 2026","format":false,"excerpt":"\r \r \r 30 de mar\u00e7o de 2026 01:3029 de mar\u00e7o de 2026 17:09 \r Compartilhar0 Igor Ramos Ela ficou famosa ao realizar com 11 anos, um v\u00eddeo no bairro onde mora em Ribeir\u00e3o, imitando a lend\u00e1ria jornalista Gl\u00f3ria Maria. Foi o suficiente para viralizar e at\u00e9 resultar em um\u2026","rel":"","context":"In &quot;Not\u00edcias de Ribeir\u00e3o Preto-SP e Regi\u00e3o&quot;","block_context":{"text":"Not\u00edcias de Ribeir\u00e3o Preto-SP e Regi\u00e3o","link":"https:\/\/noticiasribeiraopreto.com.br\/index.php\/category\/noticias-de-ribeirao-preto-sp-e-regiao-ismael-colosi\/"},"img":{"alt_text":"","src":"https:\/\/i0.wp.com\/noticiasribeiraopreto.com.br\/wp-content\/uploads\/2026\/03\/WhatsApp-Image-2026-03-29-at-16.42.19.jpeg?fit=1107%2C706&ssl=1&resize=350%2C200","width":350,"height":200,"srcset":"https:\/\/i0.wp.com\/noticiasribeiraopreto.com.br\/wp-content\/uploads\/2026\/03\/WhatsApp-Image-2026-03-29-at-16.42.19.jpeg?fit=1107%2C706&ssl=1&resize=350%2C200 1x, https:\/\/i0.wp.com\/noticiasribeiraopreto.com.br\/wp-content\/uploads\/2026\/03\/WhatsApp-Image-2026-03-29-at-16.42.19.jpeg?fit=1107%2C706&ssl=1&resize=525%2C300 1.5x, https:\/\/i0.wp.com\/noticiasribeiraopreto.com.br\/wp-content\/uploads\/2026\/03\/WhatsApp-Image-2026-03-29-at-16.42.19.jpeg?fit=1107%2C706&ssl=1&resize=700%2C400 2x, https:\/\/i0.wp.com\/noticiasribeiraopreto.com.br\/wp-content\/uploads\/2026\/03\/WhatsApp-Image-2026-03-29-at-16.42.19.jpeg?fit=1107%2C706&ssl=1&resize=1050%2C600 3x"},"classes":[]},{"id":26230,"url":"https:\/\/noticiasribeiraopreto.com.br\/index.php\/2024\/01\/09\/mae-de-melody-se-irrita-com-sugestao-de-anitta-para-filha-iniciar-romance-com-filho-de-ivete-sangalo\/","url_meta":{"origin":27092,"position":3},"title":"M\u00e3e de Melody se irrita com sugest\u00e3o de Anitta para filha iniciar romance com filho de Ivete Sangalo","author":"noticiasribeiraopreto.com.br","date":"9 de January de 2024","format":false,"excerpt":"Uma das mais estouradas nas plataformas digitais de m\u00fasica e m\u00eddia, o nome da cantora Anitta vira repercuss\u00e3o por diversos motivos. Dentre eles, algumas declara\u00e7\u00f5es dadas pela cantora.Dona de uma personalidade sincerona, Anitta desta vez desagradou uma de suas f\u00e3s. Esta seria Day Lima, a m\u00e3e da cantora Melody. Isso\u2026","rel":"","context":"In &quot;Blog&quot;","block_context":{"text":"Blog","link":"https:\/\/noticiasribeiraopreto.com.br\/index.php\/category\/blog\/"},"img":{"alt_text":"","src":"https:\/\/i0.wp.com\/noticiasribeiraopreto.com.br\/wp-content\/uploads\/2024\/01\/postimg-659d88495a6412250.jpg?fit=1200%2C628&ssl=1&resize=350%2C200","width":350,"height":200,"srcset":"https:\/\/i0.wp.com\/noticiasribeiraopreto.com.br\/wp-content\/uploads\/2024\/01\/postimg-659d88495a6412250.jpg?fit=1200%2C628&ssl=1&resize=350%2C200 1x, https:\/\/i0.wp.com\/noticiasribeiraopreto.com.br\/wp-content\/uploads\/2024\/01\/postimg-659d88495a6412250.jpg?fit=1200%2C628&ssl=1&resize=525%2C300 1.5x, https:\/\/i0.wp.com\/noticiasribeiraopreto.com.br\/wp-content\/uploads\/2024\/01\/postimg-659d88495a6412250.jpg?fit=1200%2C628&ssl=1&resize=700%2C400 2x, https:\/\/i0.wp.com\/noticiasribeiraopreto.com.br\/wp-content\/uploads\/2024\/01\/postimg-659d88495a6412250.jpg?fit=1200%2C628&ssl=1&resize=1050%2C600 3x"},"classes":[]},{"id":37023,"url":"https:\/\/noticiasribeiraopreto.com.br\/index.php\/2024\/02\/13\/video-davi-e-acusado-de-tentar-beijar-isabelle-publico-pede-expulsao-do-participante-e-decisao-deixa-todos-em-choque\/","url_meta":{"origin":27092,"position":4},"title":"V\u00cdDEO: Davi \u00e9 acusado de tentar beijar Isabelle, p\u00fablico pede expuls\u00e3o do participante e decis\u00e3o deixa todos em CHOQUE","author":"noticiasribeiraopreto.com.br","date":"13 de February de 2024","format":false,"excerpt":"Um epis\u00f3dio que ocorreu no Big Brother Brasil 24 envolvendo os participante Davi e Isabelle deixou todos em choque. A pol\u00eamica arrasta uma acusa\u00e7\u00e3o de tentativa de beijo for\u00e7ado contra a sister. V\u00eddeos que circulam nas redes sociais mostram um momento em que Davi se aproxima de Isabelle, apertas suas\u2026","rel":"","context":"In &quot;Variedades&quot;","block_context":{"text":"Variedades","link":"https:\/\/noticiasribeiraopreto.com.br\/index.php\/category\/variedades\/"},"img":{"alt_text":"","src":"https:\/\/i0.wp.com\/noticiasribeiraopreto.com.br\/wp-content\/uploads\/2024\/02\/VIDEO-Davi-e-acusado-de-tentar-beijar-Isabelle-a-forca-e-publico-pede-expulsao-do-participante.webp.webp?fit=1017%2C567&ssl=1&resize=350%2C200","width":350,"height":200,"srcset":"https:\/\/i0.wp.com\/noticiasribeiraopreto.com.br\/wp-content\/uploads\/2024\/02\/VIDEO-Davi-e-acusado-de-tentar-beijar-Isabelle-a-forca-e-publico-pede-expulsao-do-participante.webp.webp?fit=1017%2C567&ssl=1&resize=350%2C200 1x, https:\/\/i0.wp.com\/noticiasribeiraopreto.com.br\/wp-content\/uploads\/2024\/02\/VIDEO-Davi-e-acusado-de-tentar-beijar-Isabelle-a-forca-e-publico-pede-expulsao-do-participante.webp.webp?fit=1017%2C567&ssl=1&resize=525%2C300 1.5x, https:\/\/i0.wp.com\/noticiasribeiraopreto.com.br\/wp-content\/uploads\/2024\/02\/VIDEO-Davi-e-acusado-de-tentar-beijar-Isabelle-a-forca-e-publico-pede-expulsao-do-participante.webp.webp?fit=1017%2C567&ssl=1&resize=700%2C400 2x"},"classes":[]},{"id":32679,"url":"https:\/\/noticiasribeiraopreto.com.br\/index.php\/2024\/01\/26\/video-traficante-se-da-mal-durante-fuga-em-alta-velocidade\/","url_meta":{"origin":27092,"position":5},"title":"V\u00cdDEO &#8211; Traficante se d\u00e1 mal durante fuga em alta velocidade","author":"noticiasribeiraopreto.com.br","date":"26 de January de 2024","format":false,"excerpt":"Homem tentava fugir de policiais civis em avenida da zona Oeste, mas acabou sendo preso com oito tijolos de maconha 25 de janeiro de 2024 | 15:4425 de janeiro de 2024 | 15:45 2Por: Adalberto LuqueUm homem foi preso, na manh\u00e3 desta quinta-feira (25), ap\u00f3s uma persegui\u00e7\u00e3o em alta velocidade\u2026","rel":"","context":"In &quot;Not\u00edcias de Ribeir\u00e3o Preto-SP e Regi\u00e3o&quot;","block_context":{"text":"Not\u00edcias de Ribeir\u00e3o Preto-SP e Regi\u00e3o","link":"https:\/\/noticiasribeiraopreto.com.br\/index.php\/category\/noticias-de-ribeirao-preto-sp-e-regiao-ismael-colosi\/"},"img":{"alt_text":"","src":"https:\/\/i0.wp.com\/noticiasribeiraopreto.com.br\/wp-content\/uploads\/2024\/01\/00-25-jan-2024-fuga-alucinada-01-foto-divulgacao.jpg?fit=761%2C426&ssl=1&resize=350%2C200","width":350,"height":200,"srcset":"https:\/\/i0.wp.com\/noticiasribeiraopreto.com.br\/wp-content\/uploads\/2024\/01\/00-25-jan-2024-fuga-alucinada-01-foto-divulgacao.jpg?fit=761%2C426&ssl=1&resize=350%2C200 1x, https:\/\/i0.wp.com\/noticiasribeiraopreto.com.br\/wp-content\/uploads\/2024\/01\/00-25-jan-2024-fuga-alucinada-01-foto-divulgacao.jpg?fit=761%2C426&ssl=1&resize=525%2C300 1.5x, https:\/\/i0.wp.com\/noticiasribeiraopreto.com.br\/wp-content\/uploads\/2024\/01\/00-25-jan-2024-fuga-alucinada-01-foto-divulgacao.jpg?fit=761%2C426&ssl=1&resize=700%2C400 2x"},"classes":[]}],"jetpack_sharing_enabled":true,"jetpack_shortlink":"https:\/\/wp.me\/peQAOb-72Y","_links":{"self":[{"href":"https:\/\/noticiasribeiraopreto.com.br\/index.php\/wp-json\/wp\/v2\/posts\/27092","targetHints":{"allow":["GET"]}}],"collection":[{"href":"https:\/\/noticiasribeiraopreto.com.br\/index.php\/wp-json\/wp\/v2\/posts"}],"about":[{"href":"https:\/\/noticiasribeiraopreto.com.br\/index.php\/wp-json\/wp\/v2\/types\/post"}],"author":[{"embeddable":true,"href":"https:\/\/noticiasribeiraopreto.com.br\/index.php\/wp-json\/wp\/v2\/users\/1"}],"replies":[{"embeddable":true,"href":"https:\/\/noticiasribeiraopreto.com.br\/index.php\/wp-json\/wp\/v2\/comments?post=27092"}],"version-history":[{"count":0,"href":"https:\/\/noticiasribeiraopreto.com.br\/index.php\/wp-json\/wp\/v2\/posts\/27092\/revisions"}],"wp:featuredmedia":[{"embeddable":true,"href":"https:\/\/noticiasribeiraopreto.com.br\/index.php\/wp-json\/wp\/v2\/media\/27093"}],"wp:attachment":[{"href":"https:\/\/noticiasribeiraopreto.com.br\/index.php\/wp-json\/wp\/v2\/media?parent=27092"}],"wp:term":[{"taxonomy":"category","embeddable":true,"href":"https:\/\/noticiasribeiraopreto.com.br\/index.php\/wp-json\/wp\/v2\/categories?post=27092"},{"taxonomy":"post_tag","embeddable":true,"href":"https:\/\/noticiasribeiraopreto.com.br\/index.php\/wp-json\/wp\/v2\/tags?post=27092"}],"curies":[{"name":"wp","href":"https:\/\/api.w.org\/{rel}","templated":true}]}}