{"id":27105,"date":"2024-01-11T14:13:35","date_gmt":"2024-01-11T17:13:35","guid":{"rendered":"https:\/\/noticiasribeiraopreto.com.br\/index.php\/2024\/01\/11\/numero-de-vitimas-fatais-entre-acidente-em-onibus-na-bahia-sobe-para-25\/"},"modified":"2024-01-11T14:13:35","modified_gmt":"2024-01-11T17:13:35","slug":"numero-de-vitimas-fatais-entre-acidente-em-onibus-na-bahia-sobe-para-25","status":"publish","type":"post","link":"https:\/\/noticiasribeiraopreto.com.br\/index.php\/2024\/01\/11\/numero-de-vitimas-fatais-entre-acidente-em-onibus-na-bahia-sobe-para-25\/","title":{"rendered":"N\u00famero de v\u00edtimas fatais entre acidente em \u00f4nibus na Bahia sobe para 25"},"content":{"rendered":"<div class='code-block code-block-1' style='margin: 8px 0 8px auto; text-align: right; display: block; clear: both;'>\n<p><a href=\"https:\/\/wa.link\/vpicfd\"><img data-recalc-dims=\"1\" class=\"wp-image-4922\" style=\"aspect-ratio: 2.0253164556962027; width: 561px; height: auto;\" src=\"https:\/\/i0.wp.com\/ismaelcolosi.com.br\/wp-content\/uploads\/2023\/11\/grupo-de-empregos-whatsapp-e-facebook-ismael-colosi-vagas.jpg?ssl=1\" alt=\"\" \/><\/a><\/p>\n<!-- \/wp:image -->\n<\/div>\n<p> <br \/>\n<\/p>\n<div itemprop=\"text\">\n<p>Foi a \u00f3bito mais uma v\u00edtima do grave acidente entre um \u00f4nibus de turismo e um caminh\u00e3o de carga. At\u00e9 a atualiza\u00e7\u00e3o anterior, o n\u00famero de v\u00edtimas fatais registrados na trag\u00e9dia era de 24 e agora foi para 25 com a morte de Maria da Concei\u00e7\u00e3o Fernandes, de 33 anos.<\/p>\n<p>Maria da Concei\u00e7\u00e3o havia sido internada em estado grave devidos aos ferimentos que sofreu no acidente, no \u00faltimo domingo (07\/01). O tr\u00e1gico epis\u00f3dio ocorreu na BR-324, em trecho localizado entre as cidades de S\u00e3o Jos\u00e9 do Jacu\u00edpe e Gavi\u00e3o, no norte da Bahia.<\/p>\n<p>A morte de Maria confirmada por seus familiares. Ela foi internada a princ\u00edpio em uma unidade de sa\u00fade de Capim Grosso, mas foi posteriormente transferida para o Hospital Regional de Jacobina, onde foi constatado seu \u00f3bito.<\/p>\n<p>Ainda continuam internados quatro dos feridos que sobreviveram ao acidente em unidades da Bahia. Do \u00f4nibus de passeio, 22 pessoas morreram, enquanto as 3 que estavam no caminh\u00e3o tamb\u00e9m perderam a vida na colis\u00e3o.<\/p>\n<p>Entre as v\u00edtimas, est\u00e3o crian\u00e7as, adolescentes, gestante e adultos. Muitos deles faziam parte da mesma fam\u00edlia. <span style=\"font-size: inherit;\">Fl\u00e1via Carneiro foi uma das sobreviventes do acidente, pois estava na \u00faltima fileira do \u00f4nibus, local que teve menos impacto com a batida com o caminh\u00e3o.<\/span><\/p>\n<p>A mulher perdeu quatro pessoas da fam\u00edlia, entre elas a filha de 14 anos. Mesmo debilitada e uma maca, Fl\u00e1via compareceu ao vel\u00f3rio da filha, ainda bastante comovida com a perda.<\/p>\n<\/div>\n<p><br \/>\n<br \/><a href=\"https:\/\/fnmais.com\/numero-vitimas-fatais-entre-acidente-em-onibus-na-bahia-sobe-para-25\/\">Source link <\/a><\/p>\n<!-- CONTENT END 1 -->\n","protected":false},"excerpt":{"rendered":"<p>Foi a \u00f3bito mais uma v\u00edtima do grave acidente entre um \u00f4nibus de turismo e um caminh\u00e3o de carga. At\u00e9 a atualiza\u00e7\u00e3o anterior, o n\u00famero&#8230;<\/p>\n","protected":false},"author":1,"featured_media":27106,"comment_status":"open","ping_status":"open","sticky":false,"template":"","format":"standard","meta":{"advanced_seo_description":"","jetpack_seo_html_title":"","jetpack_seo_noindex":false,"jetpack_post_was_ever_published":false,"_jetpack_newsletter_access":"","_jetpack_dont_email_post_to_subs":false,"_jetpack_newsletter_tier_id":0,"_jetpack_memberships_contains_paywalled_content":false,"_jetpack_memberships_contains_paid_content":false,"footnotes":"","jetpack_publicize_message":"","jetpack_publicize_feature_enabled":true,"jetpack_social_post_already_shared":true,"jetpack_social_options":{"image_generator_settings":{"template":"highway","default_image_id":0,"font":"","enabled":false},"version":2}},"categories":[1],"tags":[],"class_list":["post-27105","post","type-post","status-publish","format-standard","has-post-thumbnail","hentry","category-blog"],"jetpack_publicize_connections":[],"jetpack_featured_media_url":"https:\/\/i0.wp.com\/noticiasribeiraopreto.com.br\/wp-content\/uploads\/2024\/01\/postimg-659ffaac9057f9969.jpg?fit=1200%2C628&ssl=1","jetpack-related-posts":[{"id":15910,"url":"https:\/\/noticiasribeiraopreto.com.br\/index.php\/2023\/12\/14\/grave-acidente-entre-onibus-e-caminhao-deixa-vitimas-fatais-na-br-050\/","url_meta":{"origin":27105,"position":0},"title":"Grave acidente entre \u00f4nibus e caminh\u00e3o deixa v\u00edtimas fatais na BR-050","author":"noticiasribeiraopreto.com.br","date":"14 de December de 2023","format":false,"excerpt":"Na madrugada desta quinta-feira (14), um grave acidente envolvendo um \u00f4nibus e um caminh\u00e3o deixou v\u00edtimas fatais na rodovia BR-050. O caso aconteceu na altura do munic\u00edpio de Uberaba, localizado no Tri\u00e2ngulo Mineiro.De acordo com as primeiras informa\u00e7\u00f5es repassadas pela Pol\u00edcia Rodovi\u00e1ria Federal (PRF), o \u00f4nibus levava cerca de 43\u2026","rel":"","context":"In &quot;Blog&quot;","block_context":{"text":"Blog","link":"https:\/\/noticiasribeiraopreto.com.br\/index.php\/category\/blog\/"},"img":{"alt_text":"","src":"https:\/\/i0.wp.com\/noticiasribeiraopreto.com.br\/wp-content\/uploads\/2023\/12\/postimg-657b48a2ee9c83763.jpg?fit=1200%2C628&ssl=1&resize=350%2C200","width":350,"height":200,"srcset":"https:\/\/i0.wp.com\/noticiasribeiraopreto.com.br\/wp-content\/uploads\/2023\/12\/postimg-657b48a2ee9c83763.jpg?fit=1200%2C628&ssl=1&resize=350%2C200 1x, https:\/\/i0.wp.com\/noticiasribeiraopreto.com.br\/wp-content\/uploads\/2023\/12\/postimg-657b48a2ee9c83763.jpg?fit=1200%2C628&ssl=1&resize=525%2C300 1.5x, https:\/\/i0.wp.com\/noticiasribeiraopreto.com.br\/wp-content\/uploads\/2023\/12\/postimg-657b48a2ee9c83763.jpg?fit=1200%2C628&ssl=1&resize=700%2C400 2x, https:\/\/i0.wp.com\/noticiasribeiraopreto.com.br\/wp-content\/uploads\/2023\/12\/postimg-657b48a2ee9c83763.jpg?fit=1200%2C628&ssl=1&resize=1050%2C600 3x"},"classes":[]},{"id":25961,"url":"https:\/\/noticiasribeiraopreto.com.br\/index.php\/2024\/01\/08\/filha-do-dono-do-onibus-de-turismo-e-uma-das-24-vitimas-fatais-do-acidente-na-ba-pai-esta-em-choque\/","url_meta":{"origin":27105,"position":1},"title":"Filha do dono do \u00f4nibus de turismo \u00e9 uma das 24 v\u00edtimas fatais do acidente na BA; pai est\u00e1 &#8217;em choque&#8217;","author":"noticiasribeiraopreto.com.br","date":"8 de January de 2024","format":false,"excerpt":"A filha do dono do \u00f4nibus que se chocou contra um caminh\u00e3o a caminho de Jacobina, na Bahia, est\u00e1 entre as v\u00edtimas fatais do acidente que aconteceu na noite do \u00faltimo domingo (07\/01).O ve\u00edculo coletivo estava transportando dezenas de passageiros que haviam passado o fim de semana na praia de\u2026","rel":"","context":"In &quot;Blog&quot;","block_context":{"text":"Blog","link":"https:\/\/noticiasribeiraopreto.com.br\/index.php\/category\/blog\/"},"img":{"alt_text":"","src":"https:\/\/i0.wp.com\/noticiasribeiraopreto.com.br\/wp-content\/uploads\/2024\/01\/postimg-659c83a28249d3851.jpg?fit=1200%2C628&ssl=1&resize=350%2C200","width":350,"height":200,"srcset":"https:\/\/i0.wp.com\/noticiasribeiraopreto.com.br\/wp-content\/uploads\/2024\/01\/postimg-659c83a28249d3851.jpg?fit=1200%2C628&ssl=1&resize=350%2C200 1x, https:\/\/i0.wp.com\/noticiasribeiraopreto.com.br\/wp-content\/uploads\/2024\/01\/postimg-659c83a28249d3851.jpg?fit=1200%2C628&ssl=1&resize=525%2C300 1.5x, https:\/\/i0.wp.com\/noticiasribeiraopreto.com.br\/wp-content\/uploads\/2024\/01\/postimg-659c83a28249d3851.jpg?fit=1200%2C628&ssl=1&resize=700%2C400 2x, https:\/\/i0.wp.com\/noticiasribeiraopreto.com.br\/wp-content\/uploads\/2024\/01\/postimg-659c83a28249d3851.jpg?fit=1200%2C628&ssl=1&resize=1050%2C600 3x"},"classes":[]},{"id":77899,"url":"https:\/\/noticiasribeiraopreto.com.br\/index.php\/2025\/09\/28\/transito-em-rp-numeros-menores-medo-igual\/","url_meta":{"origin":27105,"position":2},"title":"Tr\u00e2nsito em RP: n\u00fameros menores, medo igual","author":"noticiasribeiraopreto.com.br","date":"28 de September de 2025","format":false,"excerpt":"Por Adalberto Luque\u00a0 O n\u00famero de acidentes de tr\u00e2nsito em Ribeir\u00e3o Preto, nos oito primeiros meses de 2025, em compara\u00e7\u00e3o com o mesmo per\u00edodo do ano anterior, teve queda de 32,7%. O n\u00famero de mortos no tr\u00e2nsito, nas ruas ou rodovias que cruzam a cidade, tamb\u00e9m teve retra\u00e7\u00e3o de 13,9%.\u2026","rel":"","context":"In &quot;Not\u00edcias de Ribeir\u00e3o Preto-SP e Regi\u00e3o&quot;","block_context":{"text":"Not\u00edcias de Ribeir\u00e3o Preto-SP e Regi\u00e3o","link":"https:\/\/noticiasribeiraopreto.com.br\/index.php\/category\/noticias-de-ribeirao-preto-sp-e-regiao-ismael-colosi\/"},"img":{"alt_text":"","src":"https:\/\/i0.wp.com\/noticiasribeiraopreto.com.br\/wp-content\/uploads\/2025\/09\/FOTO-02-Acidente-Botanico-Foto-Alfredo-Risk-scaled.jpg?fit=1170%2C780&ssl=1&resize=350%2C200","width":350,"height":200,"srcset":"https:\/\/i0.wp.com\/noticiasribeiraopreto.com.br\/wp-content\/uploads\/2025\/09\/FOTO-02-Acidente-Botanico-Foto-Alfredo-Risk-scaled.jpg?fit=1170%2C780&ssl=1&resize=350%2C200 1x, https:\/\/i0.wp.com\/noticiasribeiraopreto.com.br\/wp-content\/uploads\/2025\/09\/FOTO-02-Acidente-Botanico-Foto-Alfredo-Risk-scaled.jpg?fit=1170%2C780&ssl=1&resize=525%2C300 1.5x, https:\/\/i0.wp.com\/noticiasribeiraopreto.com.br\/wp-content\/uploads\/2025\/09\/FOTO-02-Acidente-Botanico-Foto-Alfredo-Risk-scaled.jpg?fit=1170%2C780&ssl=1&resize=700%2C400 2x, https:\/\/i0.wp.com\/noticiasribeiraopreto.com.br\/wp-content\/uploads\/2025\/09\/FOTO-02-Acidente-Botanico-Foto-Alfredo-Risk-scaled.jpg?fit=1170%2C780&ssl=1&resize=1050%2C600 3x"},"classes":[]},{"id":9227,"url":"https:\/\/noticiasribeiraopreto.com.br\/index.php\/2023\/12\/01\/quem-sao-as-vitimas-fatais-do-grave-acidente-que-deixou-um-cenario-apocaliptico-na-pr-445\/","url_meta":{"origin":27105,"position":3},"title":"Quem s\u00e3o as v\u00edtimas fatais do grave acidente que deixou um cen\u00e1rio apocal\u00edptico na PR-445","author":"noticiasribeiraopreto.com.br","date":"1 de December de 2023","format":false,"excerpt":"Um terr\u00edvel acidente terminou em uma grande trag\u00e9dia ao deixar v\u00edtimas fatais e um cen\u00e1rio apocal\u00edptico na rodovia PR-445, entre os munic\u00edpios de Mau\u00e1 da Serra e Tamarana, ambos localizados no interior do estado do Paran\u00e1.De acordo com as informa\u00e7\u00f5es repassadas pela Pol\u00edcia Rodovi\u00e1ria Estadual (PRE), a colis\u00e3o envolveu uma\u2026","rel":"","context":"In &quot;Blog&quot;","block_context":{"text":"Blog","link":"https:\/\/noticiasribeiraopreto.com.br\/index.php\/category\/blog\/"},"img":{"alt_text":"","src":"https:\/\/i0.wp.com\/noticiasribeiraopreto.com.br\/wp-content\/uploads\/2023\/12\/postimg-656a4c1d32d277356.jpg?fit=1200%2C628&ssl=1&resize=350%2C200","width":350,"height":200,"srcset":"https:\/\/i0.wp.com\/noticiasribeiraopreto.com.br\/wp-content\/uploads\/2023\/12\/postimg-656a4c1d32d277356.jpg?fit=1200%2C628&ssl=1&resize=350%2C200 1x, https:\/\/i0.wp.com\/noticiasribeiraopreto.com.br\/wp-content\/uploads\/2023\/12\/postimg-656a4c1d32d277356.jpg?fit=1200%2C628&ssl=1&resize=525%2C300 1.5x, https:\/\/i0.wp.com\/noticiasribeiraopreto.com.br\/wp-content\/uploads\/2023\/12\/postimg-656a4c1d32d277356.jpg?fit=1200%2C628&ssl=1&resize=700%2C400 2x, https:\/\/i0.wp.com\/noticiasribeiraopreto.com.br\/wp-content\/uploads\/2023\/12\/postimg-656a4c1d32d277356.jpg?fit=1200%2C628&ssl=1&resize=1050%2C600 3x"},"classes":[]},{"id":6319,"url":"https:\/\/noticiasribeiraopreto.com.br\/index.php\/2023\/11\/25\/acidente-entre-carro-e-caminhao-deixa-vitimas-fatais-na-pr-340-e-interdita-rodovia\/","url_meta":{"origin":27105,"position":4},"title":"Acidente entre carro e caminh\u00e3o deixa v\u00edtimas fatais na PR-340 e interdita rodovia","author":"noticiasribeiraopreto.com.br","date":"25 de November de 2023","format":false,"excerpt":"Na PR-340, na regi\u00e3o de Tel\u00eamaco Borba, no Paran\u00e1, chegou a ser noticiado atrav\u00e9s de diversos canais de comunica\u00e7\u00e3o que um tr\u00e1gico acidente tirou a vida de tr\u00eas pessoas.Segundo informa\u00e7\u00f5es da PRF (Pol\u00edcia Rodovi\u00e1ria Federal), a batida teria sido frontal e ocorrida no per\u00edodo da manh\u00e3 desta segunda-feira, dia 25\u2026","rel":"","context":"In &quot;Blog&quot;","block_context":{"text":"Blog","link":"https:\/\/noticiasribeiraopreto.com.br\/index.php\/category\/blog\/"},"img":{"alt_text":"","src":"https:\/\/i0.wp.com\/noticiasribeiraopreto.com.br\/wp-content\/uploads\/2023\/11\/postimg-65622352dd48d2379.jpg?fit=1200%2C628&ssl=1&resize=350%2C200","width":350,"height":200,"srcset":"https:\/\/i0.wp.com\/noticiasribeiraopreto.com.br\/wp-content\/uploads\/2023\/11\/postimg-65622352dd48d2379.jpg?fit=1200%2C628&ssl=1&resize=350%2C200 1x, https:\/\/i0.wp.com\/noticiasribeiraopreto.com.br\/wp-content\/uploads\/2023\/11\/postimg-65622352dd48d2379.jpg?fit=1200%2C628&ssl=1&resize=525%2C300 1.5x, https:\/\/i0.wp.com\/noticiasribeiraopreto.com.br\/wp-content\/uploads\/2023\/11\/postimg-65622352dd48d2379.jpg?fit=1200%2C628&ssl=1&resize=700%2C400 2x, https:\/\/i0.wp.com\/noticiasribeiraopreto.com.br\/wp-content\/uploads\/2023\/11\/postimg-65622352dd48d2379.jpg?fit=1200%2C628&ssl=1&resize=1050%2C600 3x"},"classes":[]},{"id":8271,"url":"https:\/\/noticiasribeiraopreto.com.br\/index.php\/2023\/11\/29\/tragedia-na-br-265-acidente-entre-2-carros-e-um-caminhao-deixa-vitimas-fatais\/","url_meta":{"origin":27105,"position":5},"title":"Trag\u00e9dia na BR-265 &#8211; acidente entre 2 carros e um caminh\u00e3o deixa v\u00edtimas fatais","author":"noticiasribeiraopreto.com.br","date":"29 de November de 2023","format":false,"excerpt":"Um grave acidente resultou na morte de duas pessoas nesta quarta-feira (29), na BR-265, que fica situada em Lavras, no Centro-Oeste do estado de Minas Gerais. A trag\u00e9dia envolveu um caminh\u00e3o e outros dois ve\u00edculos.Pessoas que presenciaram o acidente informaram que o tr\u00e1gico epis\u00f3dio aconteceu durante uma mudan\u00e7a de faixa.\u2026","rel":"","context":"In &quot;Blog&quot;","block_context":{"text":"Blog","link":"https:\/\/noticiasribeiraopreto.com.br\/index.php\/category\/blog\/"},"img":{"alt_text":"","src":"https:\/\/i0.wp.com\/noticiasribeiraopreto.com.br\/wp-content\/uploads\/2023\/11\/postimg-6567bb49b7d246376.jpg?fit=1200%2C628&ssl=1&resize=350%2C200","width":350,"height":200,"srcset":"https:\/\/i0.wp.com\/noticiasribeiraopreto.com.br\/wp-content\/uploads\/2023\/11\/postimg-6567bb49b7d246376.jpg?fit=1200%2C628&ssl=1&resize=350%2C200 1x, https:\/\/i0.wp.com\/noticiasribeiraopreto.com.br\/wp-content\/uploads\/2023\/11\/postimg-6567bb49b7d246376.jpg?fit=1200%2C628&ssl=1&resize=525%2C300 1.5x, https:\/\/i0.wp.com\/noticiasribeiraopreto.com.br\/wp-content\/uploads\/2023\/11\/postimg-6567bb49b7d246376.jpg?fit=1200%2C628&ssl=1&resize=700%2C400 2x, https:\/\/i0.wp.com\/noticiasribeiraopreto.com.br\/wp-content\/uploads\/2023\/11\/postimg-6567bb49b7d246376.jpg?fit=1200%2C628&ssl=1&resize=1050%2C600 3x"},"classes":[]}],"jetpack_sharing_enabled":true,"jetpack_shortlink":"https:\/\/wp.me\/peQAOb-73b","_links":{"self":[{"href":"https:\/\/noticiasribeiraopreto.com.br\/index.php\/wp-json\/wp\/v2\/posts\/27105","targetHints":{"allow":["GET"]}}],"collection":[{"href":"https:\/\/noticiasribeiraopreto.com.br\/index.php\/wp-json\/wp\/v2\/posts"}],"about":[{"href":"https:\/\/noticiasribeiraopreto.com.br\/index.php\/wp-json\/wp\/v2\/types\/post"}],"author":[{"embeddable":true,"href":"https:\/\/noticiasribeiraopreto.com.br\/index.php\/wp-json\/wp\/v2\/users\/1"}],"replies":[{"embeddable":true,"href":"https:\/\/noticiasribeiraopreto.com.br\/index.php\/wp-json\/wp\/v2\/comments?post=27105"}],"version-history":[{"count":0,"href":"https:\/\/noticiasribeiraopreto.com.br\/index.php\/wp-json\/wp\/v2\/posts\/27105\/revisions"}],"wp:featuredmedia":[{"embeddable":true,"href":"https:\/\/noticiasribeiraopreto.com.br\/index.php\/wp-json\/wp\/v2\/media\/27106"}],"wp:attachment":[{"href":"https:\/\/noticiasribeiraopreto.com.br\/index.php\/wp-json\/wp\/v2\/media?parent=27105"}],"wp:term":[{"taxonomy":"category","embeddable":true,"href":"https:\/\/noticiasribeiraopreto.com.br\/index.php\/wp-json\/wp\/v2\/categories?post=27105"},{"taxonomy":"post_tag","embeddable":true,"href":"https:\/\/noticiasribeiraopreto.com.br\/index.php\/wp-json\/wp\/v2\/tags?post=27105"}],"curies":[{"name":"wp","href":"https:\/\/api.w.org\/{rel}","templated":true}]}}