{"id":27115,"date":"2024-01-11T14:35:11","date_gmt":"2024-01-11T17:35:11","guid":{"rendered":"https:\/\/noticiasribeiraopreto.com.br\/index.php\/2024\/01\/11\/lula-e-bolsonaro-no-mesmo-partido-policia-federal-investiga-adulteracao-de-dados-do-cadastro-do-presidente-na-justica-eleitoral\/"},"modified":"2024-01-11T14:35:11","modified_gmt":"2024-01-11T17:35:11","slug":"lula-e-bolsonaro-no-mesmo-partido-policia-federal-investiga-adulteracao-de-dados-do-cadastro-do-presidente-na-justica-eleitoral","status":"publish","type":"post","link":"https:\/\/noticiasribeiraopreto.com.br\/index.php\/2024\/01\/11\/lula-e-bolsonaro-no-mesmo-partido-policia-federal-investiga-adulteracao-de-dados-do-cadastro-do-presidente-na-justica-eleitoral\/","title":{"rendered":"Lula e Bolsonaro no mesmo partido? Pol\u00edcia Federal investiga adultera\u00e7\u00e3o de dados do cadastro do presidente na justi\u00e7a eleitoral\u00a0"},"content":{"rendered":"<div class='code-block code-block-1' style='margin: 8px 0 8px auto; text-align: right; display: block; clear: both;'>\n<p><a href=\"https:\/\/wa.link\/vpicfd\"><img data-recalc-dims=\"1\" class=\"wp-image-4922\" style=\"aspect-ratio: 2.0253164556962027; width: 561px; height: auto;\" src=\"https:\/\/i0.wp.com\/ismaelcolosi.com.br\/wp-content\/uploads\/2023\/11\/grupo-de-empregos-whatsapp-e-facebook-ismael-colosi-vagas.jpg?ssl=1\" alt=\"\" \/><\/a><\/p>\n<!-- \/wp:image -->\n<\/div>\n<p> <br \/>\n<\/p>\n<div id=\"js-first-letter\">\n<p>Rivais e\u2026 integrantes do mesmo partido? \u00c9 o que aconteceu com o presidente<strong> Luiz In\u00e1cio Lula da Silva<\/strong> e seu antecessor, Jair Bolsonaro. O Tribunal Superior Eleitoral (TSE) identificou \u201cclaros ind\u00edcios de falsidade ideol\u00f3gica\u201d em uma filia\u00e7\u00e3o feita em nome do petista ao <strong>PL<\/strong>, partido de Bolsonaro.<\/p>\n<p>Lula estava formalmente desligado do PT desde julho de 2023. Foi enquanto que ocorreu seu suposto ingresso na legenda advers\u00e1ria.<\/p>\n<p>Na certid\u00e3o de filia\u00e7\u00e3o partid\u00e1ria de Lula, revelada em primeira m\u00e3o pelo jornal <em>O Globo<\/em> e confirmada pelo Seu Dinheiro, consta que o presidente teria se filiado ao PL em julho do ano passado. O cadastro da filia\u00e7\u00e3o foi feito em outubro no sistema do TSE.<\/p>\n<p>Por conta da falsa filia\u00e7\u00e3o feita em seu nome, o presidente passou a integrar o PL em S\u00e3o Bernardo do Campo, onde mant\u00e9m resid\u00eancia.<\/p>\n<p>O TSE pediu \u00e0 Pol\u00edcia Federal (PF) que abra um inqu\u00e9rito policial para investigar o poss\u00edvel crime.<\/p>\n<p>Afinal, a altera\u00e7\u00e3o de qualquer filia\u00e7\u00e3o partid\u00e1ria de um eleitor s\u00f3 pode ser feita pelo pr\u00f3prio partido respons\u00e1vel pela filia\u00e7\u00e3o, mediante um representante desse partido que acesse o sistema Filia com uma senha pessoal.<\/p>\n<p>Segundo informa\u00e7\u00f5es do TSE enviadas ao <strong>Seu Dinheiro<\/strong>, o tribunal j\u00e1 detectou que a senha utilizada \u2014 e que foi imediatamente cancelada \u2014 \u00e9 de Daniela Leite e Aguiar, que seria advogada do PL.<\/p>\n<p>N\u00e3o houve ataque ao sistema Filia ou falha na sua programa\u00e7\u00e3o, destaca o tribunal. \u201cO que ocorreu foi o uso de credenciais v\u00e1lidas para o registro de uma nova filia\u00e7\u00e3o falsa\u201d.<\/p>\n<p>\u201cNo caso da certid\u00e3o a que se refere a sua demanda, h\u00e1 claros ind\u00edcios de falsidade ideol\u00f3gica, tendo sido anulada a altera\u00e7\u00e3o\u201d, escreveu o TSE.<\/p>\n<p>Por conta da falsa filia\u00e7\u00e3o feita com seu nome, o presidente passou a integrar os quadros do PL em S\u00e3o Bernardo do Campo, cidade do ABC paulista onde tem resid\u00eancia.<\/p>\n<p>\u201cConsiderando a exist\u00eancia de ind\u00edcios de crime a partir da inser\u00e7\u00e3o de dados falsos em sistema eleitoral, encaminhem-se c\u00f3pia dos presentes autos ao diretor-geral da Pol\u00edcia Federal para ado\u00e7\u00e3o de todas as provid\u00eancias cab\u00edveis que dever\u00e3o, oportunamente, ser informadas a este Tribunal Superior Eleitoral\u201d, escreveu ministro e presidente do TSE, Alexandre de Moraes.<\/p>\n<p>Na decis\u00e3o, Moraes disse ser \u201cfato not\u00f3rio\u201d que Lula \u00e9 filiado ao PT, partido do qual \u00e9 fundador e presidente honor\u00e1rio.\u00a0<\/p>\n<p>O PL encaminhou uma nota da empresa Idatha, contratada pelo partido para fazer o gerenciamento de dados junto ao sistema Filia, \u00e0 imprensa.\u00a0<\/p>\n<p>A Idatha afirmou estar totalmente \u00e0 disposi\u00e7\u00e3o para esclarecer o ocorrido e acrescentou que o acesso ao sistema de filia\u00e7\u00e3o \u00e9 feito por meio de senha nacional fornecida pelo TSE e de posse da delegada nacional do partido.<\/p>\n<p><em>*Com informa\u00e7\u00f5es de O Globo e Ag\u00eancia Brasil.<\/em><\/p>\n<\/div>\n<p><br \/>\n<br \/><a href=\"https:\/\/www.seudinheiro.com\/2024\/politica\/lula-e-bolsonaro-no-mesmo-partido-policia-federal-investiga-adulteracao-de-dados-do-cadastro-do-presidente-na-justica-eleitoral-miql\/\">Source link <\/a><\/p>\n<!-- CONTENT END 1 -->\n","protected":false},"excerpt":{"rendered":"<p>Rivais e\u2026 integrantes do mesmo partido? \u00c9 o que aconteceu com o presidente Luiz In\u00e1cio Lula da Silva e seu antecessor, Jair Bolsonaro. O Tribunal&#8230;<\/p>\n","protected":false},"author":1,"featured_media":27116,"comment_status":"open","ping_status":"open","sticky":false,"template":"","format":"standard","meta":{"advanced_seo_description":"","jetpack_seo_html_title":"","jetpack_seo_noindex":false,"jetpack_post_was_ever_published":false,"_jetpack_newsletter_access":"","_jetpack_dont_email_post_to_subs":false,"_jetpack_newsletter_tier_id":0,"_jetpack_memberships_contains_paywalled_content":false,"_jetpack_memberships_contains_paid_content":false,"footnotes":"","jetpack_publicize_message":"","jetpack_publicize_feature_enabled":true,"jetpack_social_post_already_shared":true,"jetpack_social_options":{"image_generator_settings":{"template":"highway","default_image_id":0,"font":"","enabled":false},"version":2}},"categories":[1235],"tags":[],"class_list":["post-27115","post","type-post","status-publish","format-standard","has-post-thumbnail","hentry","category-dinheiro-e-investimento-como-fazer-como-ganhar"],"jetpack_publicize_connections":[],"jetpack_featured_media_url":"https:\/\/i0.wp.com\/noticiasribeiraopreto.com.br\/wp-content\/uploads\/2024\/01\/Lula-X-Bolsonaro-v3-creditos-Ricardo-Stuckert-Flickr-Lula-Oficial-Alan-Santos-PR-montagem-Brenda-Silva-628x353.jpg?fit=628%2C353&ssl=1","jetpack-related-posts":[{"id":34811,"url":"https:\/\/noticiasribeiraopreto.com.br\/index.php\/2024\/02\/03\/chegada-de-marta-suplicy-ao-pt-divide-partido-e-membros-se-opoe-a-filiacao-da-politica-ao-partido\/","url_meta":{"origin":27115,"position":0},"title":"Chegada de Marta Suplicy ao PT divide partido e membros se op\u00f5e \u00e0 filia\u00e7\u00e3o da pol\u00edtica ao partido","author":"noticiasribeiraopreto.com.br","date":"3 de February de 2024","format":false,"excerpt":"Valter Pomar, dirigente nacional do Partido dos Trabalhadores (PT), publicou na manh\u00e3 deste s\u00e1bado (3), um manifesto em que pede a impugna\u00e7\u00e3o da filia\u00e7\u00e3o de Marta Suplicy ao partido, confirmada em cerim\u00f4nia na \u00faltima sexta-feira (2). Pomar \u00e9 l\u00edder da tend\u00eancia Articula\u00e7\u00e3o de Esquerda (AE), conhecida por posi\u00e7\u00f5es contr\u00e1rias \u00e0s\u2026","rel":"","context":"In &quot;Dinheiro e Investimento&quot;","block_context":{"text":"Dinheiro e Investimento","link":"https:\/\/noticiasribeiraopreto.com.br\/index.php\/category\/dinheiro-e-investimento-como-fazer-como-ganhar\/"},"img":{"alt_text":"","src":"https:\/\/i0.wp.com\/noticiasribeiraopreto.com.br\/wp-content\/uploads\/2024\/02\/Artes-SD-Mille-715x402.png?fit=715%2C402&ssl=1&resize=350%2C200","width":350,"height":200,"srcset":"https:\/\/i0.wp.com\/noticiasribeiraopreto.com.br\/wp-content\/uploads\/2024\/02\/Artes-SD-Mille-715x402.png?fit=715%2C402&ssl=1&resize=350%2C200 1x, https:\/\/i0.wp.com\/noticiasribeiraopreto.com.br\/wp-content\/uploads\/2024\/02\/Artes-SD-Mille-715x402.png?fit=715%2C402&ssl=1&resize=525%2C300 1.5x, https:\/\/i0.wp.com\/noticiasribeiraopreto.com.br\/wp-content\/uploads\/2024\/02\/Artes-SD-Mille-715x402.png?fit=715%2C402&ssl=1&resize=700%2C400 2x"},"classes":[]},{"id":11196,"url":"https:\/\/noticiasribeiraopreto.com.br\/index.php\/2023\/12\/05\/posse-de-milei-na-argentina-bolsonaro-e-seu-cla-confirmam-presenca-sera-que-lula-tambem-vai-estar-la\/","url_meta":{"origin":27115,"position":1},"title":"Posse de Milei na Argentina: Bolsonaro e seu cl\u00e3 confirmam presen\u00e7a \u2014 ser\u00e1 que Lula tamb\u00e9m vai estar l\u00e1?","author":"noticiasribeiraopreto.com.br","date":"5 de December de 2023","format":false,"excerpt":"Depois que Javier Milei venceu o segundo turno das elei\u00e7\u00f5es na Argentina, houve uma certeza: o ex-presidente Jair Bolsonaro (PL) estaria na posse do novo ocupante da Casa Rosada. O que ningu\u00e9m sabia ao certo era se o atual chefe do Planalto, Luiz In\u00e1cio Lula da Silva, iria \u00e0 cerim\u00f4nia.\u00a0\u00a0\u2026","rel":"","context":"In &quot;Dinheiro e Investimento&quot;","block_context":{"text":"Dinheiro e Investimento","link":"https:\/\/noticiasribeiraopreto.com.br\/index.php\/category\/dinheiro-e-investimento-como-fazer-como-ganhar\/"},"img":{"alt_text":"","src":"https:\/\/i0.wp.com\/noticiasribeiraopreto.com.br\/wp-content\/uploads\/2023\/12\/3-715x402.jpg?fit=715%2C402&ssl=1&resize=350%2C200","width":350,"height":200,"srcset":"https:\/\/i0.wp.com\/noticiasribeiraopreto.com.br\/wp-content\/uploads\/2023\/12\/3-715x402.jpg?fit=715%2C402&ssl=1&resize=350%2C200 1x, https:\/\/i0.wp.com\/noticiasribeiraopreto.com.br\/wp-content\/uploads\/2023\/12\/3-715x402.jpg?fit=715%2C402&ssl=1&resize=525%2C300 1.5x, https:\/\/i0.wp.com\/noticiasribeiraopreto.com.br\/wp-content\/uploads\/2023\/12\/3-715x402.jpg?fit=715%2C402&ssl=1&resize=700%2C400 2x"},"classes":[]},{"id":83137,"url":"https:\/\/noticiasribeiraopreto.com.br\/index.php\/2026\/03\/10\/mdb-cancela-filiacao-de-dado-dolabella-cinco-dias-apos-anuncio-de-pre-candidatura\/","url_meta":{"origin":27115,"position":2},"title":"MDB cancela filia\u00e7\u00e3o de Dado Dolabella cinco dias ap\u00f3s an\u00fancio de pr\u00e9-candidatura","author":"noticiasribeiraopreto.com.br","date":"10 de March de 2026","format":false,"excerpt":"O Movimento Democr\u00e1tico Brasileiro (MDB) cancelou nesta segunda-feira (9) a filia\u00e7\u00e3o do ator e cantor Dado Dolabella ao diret\u00f3rio do partido no Rio de Janeiro. A decis\u00e3o foi divulgada cinco dias ap\u00f3s o artista anunciar que pretendia disputar uma vaga como pr\u00e9-candidato a deputado federal. O comunicado foi publicado nas\u2026","rel":"","context":"In &quot;Not\u00edcias de Ribeir\u00e3o Preto-SP e Regi\u00e3o&quot;","block_context":{"text":"Not\u00edcias de Ribeir\u00e3o Preto-SP e Regi\u00e3o","link":"https:\/\/noticiasribeiraopreto.com.br\/index.php\/category\/noticias-de-ribeirao-preto-sp-e-regiao-ismael-colosi\/"},"img":{"alt_text":"","src":"https:\/\/i0.wp.com\/noticiasribeiraopreto.com.br\/wp-content\/uploads\/2026\/03\/palace-35_2026-03-09_19-51-58.webp.webp?fit=1200%2C675&ssl=1&resize=350%2C200","width":350,"height":200,"srcset":"https:\/\/i0.wp.com\/noticiasribeiraopreto.com.br\/wp-content\/uploads\/2026\/03\/palace-35_2026-03-09_19-51-58.webp.webp?fit=1200%2C675&ssl=1&resize=350%2C200 1x, https:\/\/i0.wp.com\/noticiasribeiraopreto.com.br\/wp-content\/uploads\/2026\/03\/palace-35_2026-03-09_19-51-58.webp.webp?fit=1200%2C675&ssl=1&resize=525%2C300 1.5x, https:\/\/i0.wp.com\/noticiasribeiraopreto.com.br\/wp-content\/uploads\/2026\/03\/palace-35_2026-03-09_19-51-58.webp.webp?fit=1200%2C675&ssl=1&resize=700%2C400 2x, https:\/\/i0.wp.com\/noticiasribeiraopreto.com.br\/wp-content\/uploads\/2026\/03\/palace-35_2026-03-09_19-51-58.webp.webp?fit=1200%2C675&ssl=1&resize=1050%2C600 3x"},"classes":[]},{"id":28206,"url":"https:\/\/noticiasribeiraopreto.com.br\/index.php\/2024\/01\/15\/voce-prefere-um-presidente-horrivel-ou-pessimo-bolsonaro-acredita-saber-a-resposta\/","url_meta":{"origin":27115,"position":3},"title":"Voc\u00ea prefere um presidente horr\u00edvel ou p\u00e9ssimo? Bolsonaro acredita saber a resposta","author":"noticiasribeiraopreto.com.br","date":"15 de January de 2024","format":false,"excerpt":"Passa elei\u00e7\u00e3o, chega elei\u00e7\u00e3o e frequentemente ouvimos algu\u00e9m dizer que vai votar em fulano ou sicrano por ser o \u201cmenos pior\u201d. Agora o \u201cmenos pior\u201d acaba de ser redefinido pelo ex-presidente Jair Bolsonaro em sua mais recente cr\u00edtica a seu sucessor, Luiz In\u00e1cio Lula da Silva. \u201cPosso ser um cara\u2026","rel":"","context":"In &quot;Dinheiro e Investimento&quot;","block_context":{"text":"Dinheiro e Investimento","link":"https:\/\/noticiasribeiraopreto.com.br\/index.php\/category\/dinheiro-e-investimento-como-fazer-como-ganhar\/"},"img":{"alt_text":"","src":"https:\/\/i0.wp.com\/noticiasribeiraopreto.com.br\/wp-content\/uploads\/2024\/01\/Bolsonaro-como-Dracula-e-fantasma-com-estrela-do-PT-creditos-Shutterstock-Site-PT-montagem-Brenda-Silva-628x353.jpg?fit=628%2C353&ssl=1&resize=350%2C200","width":350,"height":200,"srcset":"https:\/\/i0.wp.com\/noticiasribeiraopreto.com.br\/wp-content\/uploads\/2024\/01\/Bolsonaro-como-Dracula-e-fantasma-com-estrela-do-PT-creditos-Shutterstock-Site-PT-montagem-Brenda-Silva-628x353.jpg?fit=628%2C353&ssl=1&resize=350%2C200 1x, https:\/\/i0.wp.com\/noticiasribeiraopreto.com.br\/wp-content\/uploads\/2024\/01\/Bolsonaro-como-Dracula-e-fantasma-com-estrela-do-PT-creditos-Shutterstock-Site-PT-montagem-Brenda-Silva-628x353.jpg?fit=628%2C353&ssl=1&resize=525%2C300 1.5x"},"classes":[]},{"id":39415,"url":"https:\/\/noticiasribeiraopreto.com.br\/index.php\/2024\/02\/26\/na-avenida-paulista-bolsonaro-parte-pra-cima-de-lula-e-faz-revelacao-bombastica-o-impeachment-ver-mais\/","url_meta":{"origin":27115,"position":4},"title":"Na Avenida Paulista, Bolsonaro PARTE PRA CIMA de Lula e faz REVELA\u00c7\u00c3O BOMB\u00c1STICA: &#8220;O impeachment&#8230;Ver mais","author":"noticiasribeiraopreto.com.br","date":"26 de February de 2024","format":false,"excerpt":"Um discurso impactante do ex-presidente da rep\u00fablica Jair Messias Bolsonaro (PL) foi o grande ponto de uma manifesta\u00e7\u00e3o de apoio na Avenida Paulista onde milhares de pessoas compareceram com camisas de cor verde e amarelo. O ex-presidente ao lado de sua esposa Michelle Bolsonaro comentou sobre os \u00faltimos acontecimentos envolvendo\u2026","rel":"","context":"In &quot;Variedades&quot;","block_context":{"text":"Variedades","link":"https:\/\/noticiasribeiraopreto.com.br\/index.php\/category\/variedades\/"},"img":{"alt_text":"","src":"https:\/\/i0.wp.com\/noticiasribeiraopreto.com.br\/wp-content\/uploads\/2024\/02\/Apresentacao-sem-titulo-9.png?fit=960%2C540&ssl=1&resize=350%2C200","width":350,"height":200,"srcset":"https:\/\/i0.wp.com\/noticiasribeiraopreto.com.br\/wp-content\/uploads\/2024\/02\/Apresentacao-sem-titulo-9.png?fit=960%2C540&ssl=1&resize=350%2C200 1x, https:\/\/i0.wp.com\/noticiasribeiraopreto.com.br\/wp-content\/uploads\/2024\/02\/Apresentacao-sem-titulo-9.png?fit=960%2C540&ssl=1&resize=525%2C300 1.5x, https:\/\/i0.wp.com\/noticiasribeiraopreto.com.br\/wp-content\/uploads\/2024\/02\/Apresentacao-sem-titulo-9.png?fit=960%2C540&ssl=1&resize=700%2C400 2x"},"classes":[]},{"id":25837,"url":"https:\/\/noticiasribeiraopreto.com.br\/index.php\/2024\/01\/08\/8-de-janeiro-o-que-aconteceu-com-os-5-principais-personagens-1-ano-depois-dos-atos-golpistas\/","url_meta":{"origin":27115,"position":5},"title":"8 de Janeiro: O que aconteceu com os 5 principais personagens 1 ano depois dos atos golpistas","author":"noticiasribeiraopreto.com.br","date":"8 de January de 2024","format":false,"excerpt":"Hoje faz um ano que uma desengon\u00e7ada tentativa de ruptura da ordem democr\u00e1tica destruiu a sede dos Tr\u00eas Poderes, em Bras\u00edlia, e assustou a maior parte do brasileiros, mas fracassou em seu objetivo: provocar uma instabilidade social que levasse as For\u00e7as Armadas a intervir e, eventualmente, depor o ent\u00e3o rec\u00e9m-empossado\u2026","rel":"","context":"In &quot;Dinheiro e Investimento&quot;","block_context":{"text":"Dinheiro e Investimento","link":"https:\/\/noticiasribeiraopreto.com.br\/index.php\/category\/dinheiro-e-investimento-como-fazer-como-ganhar\/"},"img":{"alt_text":"","src":"https:\/\/i0.wp.com\/noticiasribeiraopreto.com.br\/wp-content\/uploads\/2024\/01\/invasao-ao-congresso-ibovespa-628x353.jpg?fit=628%2C353&ssl=1&resize=350%2C200","width":350,"height":200,"srcset":"https:\/\/i0.wp.com\/noticiasribeiraopreto.com.br\/wp-content\/uploads\/2024\/01\/invasao-ao-congresso-ibovespa-628x353.jpg?fit=628%2C353&ssl=1&resize=350%2C200 1x, https:\/\/i0.wp.com\/noticiasribeiraopreto.com.br\/wp-content\/uploads\/2024\/01\/invasao-ao-congresso-ibovespa-628x353.jpg?fit=628%2C353&ssl=1&resize=525%2C300 1.5x"},"classes":[]}],"jetpack_sharing_enabled":true,"jetpack_shortlink":"https:\/\/wp.me\/peQAOb-73l","_links":{"self":[{"href":"https:\/\/noticiasribeiraopreto.com.br\/index.php\/wp-json\/wp\/v2\/posts\/27115","targetHints":{"allow":["GET"]}}],"collection":[{"href":"https:\/\/noticiasribeiraopreto.com.br\/index.php\/wp-json\/wp\/v2\/posts"}],"about":[{"href":"https:\/\/noticiasribeiraopreto.com.br\/index.php\/wp-json\/wp\/v2\/types\/post"}],"author":[{"embeddable":true,"href":"https:\/\/noticiasribeiraopreto.com.br\/index.php\/wp-json\/wp\/v2\/users\/1"}],"replies":[{"embeddable":true,"href":"https:\/\/noticiasribeiraopreto.com.br\/index.php\/wp-json\/wp\/v2\/comments?post=27115"}],"version-history":[{"count":0,"href":"https:\/\/noticiasribeiraopreto.com.br\/index.php\/wp-json\/wp\/v2\/posts\/27115\/revisions"}],"wp:featuredmedia":[{"embeddable":true,"href":"https:\/\/noticiasribeiraopreto.com.br\/index.php\/wp-json\/wp\/v2\/media\/27116"}],"wp:attachment":[{"href":"https:\/\/noticiasribeiraopreto.com.br\/index.php\/wp-json\/wp\/v2\/media?parent=27115"}],"wp:term":[{"taxonomy":"category","embeddable":true,"href":"https:\/\/noticiasribeiraopreto.com.br\/index.php\/wp-json\/wp\/v2\/categories?post=27115"},{"taxonomy":"post_tag","embeddable":true,"href":"https:\/\/noticiasribeiraopreto.com.br\/index.php\/wp-json\/wp\/v2\/tags?post=27115"}],"curies":[{"name":"wp","href":"https:\/\/api.w.org\/{rel}","templated":true}]}}