{"id":27122,"date":"2024-01-11T14:40:44","date_gmt":"2024-01-11T17:40:44","guid":{"rendered":"https:\/\/noticiasribeiraopreto.com.br\/index.php\/2024\/01\/11\/grupo-seb\/"},"modified":"2024-01-11T14:40:44","modified_gmt":"2024-01-11T17:40:44","slug":"grupo-seb","status":"publish","type":"post","link":"https:\/\/noticiasribeiraopreto.com.br\/index.php\/2024\/01\/11\/grupo-seb\/","title":{"rendered":"Grupo SEB"},"content":{"rendered":"<li data-testid=\"job-list__listitem\" class=\"sc-78c96a81-1 kuswqD\"><a aria-label=\"Vaga para Efetivo como Agente Escolar   em Ribeir\u00e3o Preto - SP\" data-testid=\"job-list__listitem-href\" href=\"https:\/\/gruposeb.gupy.io\/jobs\/6129710?jobBoardSource=gupy_public_page\">\n<div class=\"sc-78c96a81-2 gqUSWe\">\n<div class=\"sc-78c96a81-3 eOVXQb\">Agente Escolar  <\/div>\n<div class=\"sc-78c96a81-4 hYftrp\">Ribeir\u00e3o Preto &#8211; SP<\/div>\n<div class=\"sc-78c96a81-5 iyLhsB\">Efetivo<\/div>\n<\/div>\n<p><\/a><\/li>\n<!-- CONTENT END 1 -->\n","protected":false},"excerpt":{"rendered":"<p>Agente Escolar Ribeir\u00e3o Preto &#8211; SP Efetivo<\/p>\n","protected":false},"author":1,"featured_media":27123,"comment_status":"open","ping_status":"open","sticky":false,"template":"","format":"standard","meta":{"advanced_seo_description":"","jetpack_seo_html_title":"","jetpack_seo_noindex":false,"jetpack_post_was_ever_published":false,"_jetpack_newsletter_access":"","_jetpack_dont_email_post_to_subs":false,"_jetpack_newsletter_tier_id":0,"_jetpack_memberships_contains_paywalled_content":false,"_jetpack_memberships_contains_paid_content":false,"footnotes":"","jetpack_publicize_message":"","jetpack_publicize_feature_enabled":true,"jetpack_social_post_already_shared":true,"jetpack_social_options":{"image_generator_settings":{"template":"highway","default_image_id":0,"font":"","enabled":false},"version":2}},"categories":[7],"tags":[],"class_list":["post-27122","post","type-post","status-publish","format-standard","has-post-thumbnail","hentry","category-vagas-de-empregos-em-ribeirao-preto-regiao-brasil"],"jetpack_publicize_connections":[],"jetpack_featured_media_url":"https:\/\/i0.wp.com\/noticiasribeiraopreto.com.br\/wp-content\/uploads\/2024\/01\/1704994848_2021-12-09_14-39_logo.png?fit=1182%2C1182&ssl=1","jetpack-related-posts":[{"id":47083,"url":"https:\/\/noticiasribeiraopreto.com.br\/index.php\/2024\/04\/22\/20-vagas-de-empregos-entre-e-veja-oportunidades-de-trabalho-em-ribeirao-preto-sp-21\/","url_meta":{"origin":27122,"position":0},"title":"20 vagas de empregos: entre e veja oportunidades de trabalho em Ribeir\u00e3o Preto-SP","author":"noticiasribeiraopreto.com.br","date":"22 de April de 2024","format":false,"excerpt":"Lista de Vagas em Ribeir\u00e3o Preto Ribeir\u00e3o Preto - SP Assistente de Planejamento Ver mais Ribeir\u00e3o Preto - SP Vendedor(a) de Cal\u00e7ados Ver mais Ribeir\u00e3o Preto - SP Aprendiz Estoquista Ver mais Ribeir\u00e3o Preto - SP FISCAL DE CAIXA Ver mais Ribeir\u00e3o Preto - SP Vendedor(a) Ver mais Ribeir\u00e3o Preto\u2026","rel":"","context":"In &quot;Vagas de Emprego em Ribeir\u00e3o Preto-SP&quot;","block_context":{"text":"Vagas de Emprego em Ribeir\u00e3o Preto-SP","link":"https:\/\/noticiasribeiraopreto.com.br\/index.php\/category\/empregos-classificados-vagas-trabalho\/vagas-de-empregos-em-ribeirao-preto-regiao-brasil\/"},"img":{"alt_text":"","src":"https:\/\/i0.wp.com\/noticiasribeiraopreto.com.br\/wp-content\/uploads\/2024\/04\/RibeiroPretoterfeirocommaisde800vagasdeempregonestaquinta_Tamanho_2_image.jpg?fit=1200%2C900&ssl=1&resize=350%2C200","width":350,"height":200,"srcset":"https:\/\/i0.wp.com\/noticiasribeiraopreto.com.br\/wp-content\/uploads\/2024\/04\/RibeiroPretoterfeirocommaisde800vagasdeempregonestaquinta_Tamanho_2_image.jpg?fit=1200%2C900&ssl=1&resize=350%2C200 1x, https:\/\/i0.wp.com\/noticiasribeiraopreto.com.br\/wp-content\/uploads\/2024\/04\/RibeiroPretoterfeirocommaisde800vagasdeempregonestaquinta_Tamanho_2_image.jpg?fit=1200%2C900&ssl=1&resize=525%2C300 1.5x, https:\/\/i0.wp.com\/noticiasribeiraopreto.com.br\/wp-content\/uploads\/2024\/04\/RibeiroPretoterfeirocommaisde800vagasdeempregonestaquinta_Tamanho_2_image.jpg?fit=1200%2C900&ssl=1&resize=700%2C400 2x, https:\/\/i0.wp.com\/noticiasribeiraopreto.com.br\/wp-content\/uploads\/2024\/04\/RibeiroPretoterfeirocommaisde800vagasdeempregonestaquinta_Tamanho_2_image.jpg?fit=1200%2C900&ssl=1&resize=1050%2C600 3x"},"classes":[]},{"id":47089,"url":"https:\/\/noticiasribeiraopreto.com.br\/index.php\/2024\/04\/22\/vagas-em-ribeirao-preto-destaques-6\/","url_meta":{"origin":27122,"position":1},"title":"Vagas em Ribeir\u00e3o Preto: Destaques","author":"noticiasribeiraopreto.com.br","date":"22 de April de 2024","format":false,"excerpt":"Lista de Vagas em Ribeir\u00e3o Preto Ribeir\u00e3o Preto - SP Assistente de Planejamento Ver mais Ribeir\u00e3o Preto - SP Vendedor(a) de Cal\u00e7ados Ver mais Ribeir\u00e3o Preto - SP Aprendiz Estoquista Ver mais Ribeir\u00e3o Preto - SP FISCAL DE CAIXA Ver mais Ribeir\u00e3o Preto - SP Vendedor(a) Ver mais Ribeir\u00e3o Preto\u2026","rel":"","context":"In &quot;Vagas de Emprego em Ribeir\u00e3o Preto-SP&quot;","block_context":{"text":"Vagas de Emprego em Ribeir\u00e3o Preto-SP","link":"https:\/\/noticiasribeiraopreto.com.br\/index.php\/category\/empregos-classificados-vagas-trabalho\/vagas-de-empregos-em-ribeirao-preto-regiao-brasil\/"},"img":{"alt_text":"","src":"","width":0,"height":0},"classes":[]},{"id":51796,"url":"https:\/\/noticiasribeiraopreto.com.br\/index.php\/2024\/05\/30\/confira-14-vagas-de-jovem-aprendiz-em-ribeirao-preto-sp-53\/","url_meta":{"origin":27122,"position":2},"title":"Confira 14 Vagas de Jovem Aprendiz  em Ribeir\u00e3o Preto, SP","author":"noticiasribeiraopreto.com.br","date":"30 de May de 2024","format":false,"excerpt":"Jovem AprendizTELMACA Combinar1 vaga: Ribeir\u00e3o Preto - SP (1)Publicada ontem Jovem AprendizGRUPO REALA Combinar1 vaga: Ribeir\u00e3o Preto - SP (1)Publicada ontem Jovem AprendizVIACAO SAO BENTO A Combinar1 vaga: Ribeir\u00e3o Preto - SP (1)Atualizada em 24\/05 Jovem Aprendiz - Log\u00edsticaDABIA Combinar1 vaga: Ribeir\u00e3o Preto - SP (1)Publicada ontem Jovem Aprendiz -\u2026","rel":"","context":"In &quot;Vagas de Emprego em Ribeir\u00e3o Preto-SP&quot;","block_context":{"text":"Vagas de Emprego em Ribeir\u00e3o Preto-SP","link":"https:\/\/noticiasribeiraopreto.com.br\/index.php\/category\/empregos-classificados-vagas-trabalho\/vagas-de-empregos-em-ribeirao-preto-regiao-brasil\/"},"img":{"alt_text":"","src":"","width":0,"height":0},"classes":[]},{"id":23138,"url":"https:\/\/noticiasribeiraopreto.com.br\/index.php\/2024\/01\/01\/confira-14-vagas-de-recepcionista-em-ribeirao-preto-sp-11\/","url_meta":{"origin":27122,"position":3},"title":"Confira 14 Vagas de Recepcionista em Ribeir\u00e3o Preto, SP","author":"noticiasribeiraopreto.com.br","date":"1 de January de 2024","format":false,"excerpt":"Recepcionista ComercialPaiva e Moreno Servi\u00e7os em Odontologia S\/S. - EPPDe R$ 1.001,00 a R$ 2.000,002 vagas: Ribeir\u00e3o Preto - SP (2)Atualizada em 28\/12 Recepcionista (Aparelhos Auditivos)INTEGRAR CAPACITACAO E DESENVOLVIMENTO PROFISSIONAL LTDAVaga com recrutador muito ativoA Combinar1 vaga: Ribeir\u00e3o Preto - SP (1)Publicada em 28\/12 RecepcionistaEfficience Neg\u00f3cios Imobili\u00e1riosDe R$ 1.001,00 a\u2026","rel":"","context":"In &quot;Vagas de Emprego em Ribeir\u00e3o Preto-SP&quot;","block_context":{"text":"Vagas de Emprego em Ribeir\u00e3o Preto-SP","link":"https:\/\/noticiasribeiraopreto.com.br\/index.php\/category\/empregos-classificados-vagas-trabalho\/vagas-de-empregos-em-ribeirao-preto-regiao-brasil\/"},"img":{"alt_text":"","src":"https:\/\/i0.wp.com\/noticiasribeiraopreto.com.br\/wp-content\/uploads\/2023\/12\/Recepcionista-1.webp.webp?fit=1200%2C675&ssl=1&resize=350%2C200","width":350,"height":200,"srcset":"https:\/\/i0.wp.com\/noticiasribeiraopreto.com.br\/wp-content\/uploads\/2023\/12\/Recepcionista-1.webp.webp?fit=1200%2C675&ssl=1&resize=350%2C200 1x, https:\/\/i0.wp.com\/noticiasribeiraopreto.com.br\/wp-content\/uploads\/2023\/12\/Recepcionista-1.webp.webp?fit=1200%2C675&ssl=1&resize=525%2C300 1.5x, https:\/\/i0.wp.com\/noticiasribeiraopreto.com.br\/wp-content\/uploads\/2023\/12\/Recepcionista-1.webp.webp?fit=1200%2C675&ssl=1&resize=700%2C400 2x, https:\/\/i0.wp.com\/noticiasribeiraopreto.com.br\/wp-content\/uploads\/2023\/12\/Recepcionista-1.webp.webp?fit=1200%2C675&ssl=1&resize=1050%2C600 3x"},"classes":[]},{"id":41551,"url":"https:\/\/noticiasribeiraopreto.com.br\/index.php\/2024\/03\/08\/confira-14-vagas-de-auxiliar-administrativo-em-ribeirao-preto-sp-23\/","url_meta":{"origin":27122,"position":4},"title":"Confira 14 Vagas de Auxiliar Administrativo em Ribeir\u00e3o Preto, SP","author":"noticiasribeiraopreto.com.br","date":"8 de March de 2024","format":false,"excerpt":"Assistente Administrativo Assist\u00eancia T\u00e9cnica de ObraEmpresa do segmento da Constru\u00e7\u00e3o CivilDe R$ 2.001,00 a R$ 3.000,001 vaga: Ribeir\u00e3o Preto - SP (1)Publicada em 04\/03 Auxiliar AdministrativoMarmoraria Sertanezina Vaga com recrutador muito ativoDe R$ 2.001,00 a R$ 3.000,001 vaga: Ribeir\u00e3o Preto - SP (1)Publicada em 05\/03 Auxiliar Administrativo********Vaga com recrutador muito\u2026","rel":"","context":"In &quot;Vagas de Emprego em Ribeir\u00e3o Preto-SP&quot;","block_context":{"text":"Vagas de Emprego em Ribeir\u00e3o Preto-SP","link":"https:\/\/noticiasribeiraopreto.com.br\/index.php\/category\/empregos-classificados-vagas-trabalho\/vagas-de-empregos-em-ribeirao-preto-regiao-brasil\/"},"img":{"alt_text":"","src":"https:\/\/i0.wp.com\/noticiasribeiraopreto.com.br\/wp-content\/uploads\/2024\/03\/NC3A3o-Me-Toque-oferece-Curso-de-Auxiliar-Administrativo-1.jpg?fit=687%2C370&ssl=1&resize=350%2C200","width":350,"height":200,"srcset":"https:\/\/i0.wp.com\/noticiasribeiraopreto.com.br\/wp-content\/uploads\/2024\/03\/NC3A3o-Me-Toque-oferece-Curso-de-Auxiliar-Administrativo-1.jpg?fit=687%2C370&ssl=1&resize=350%2C200 1x, https:\/\/i0.wp.com\/noticiasribeiraopreto.com.br\/wp-content\/uploads\/2024\/03\/NC3A3o-Me-Toque-oferece-Curso-de-Auxiliar-Administrativo-1.jpg?fit=687%2C370&ssl=1&resize=525%2C300 1.5x"},"classes":[]},{"id":42492,"url":"https:\/\/noticiasribeiraopreto.com.br\/index.php\/2024\/03\/14\/inscricoes-abertas-para-agentes-da-rede-estadual-de-ensino-em-ribeirao-preto\/","url_meta":{"origin":27122,"position":5},"title":"Inscri\u00e7\u00f5es abertas para agentes da rede estadual de ensino em Ribeir\u00e3o Preto","author":"noticiasribeiraopreto.com.br","date":"14 de March de 2024","format":false,"excerpt":"A Diretoria de Ensino da Regi\u00e3o de Ribeir\u00e3o Preto abriu nesta quinta-feira (14) as inscri\u00e7\u00f5es para os interessados em participar do processo seletivo que oferece 179 vagas para agentes de organiza\u00e7\u00e3o escolar, em regime de contrata\u00e7\u00e3o tempor\u00e1ria. As inscri\u00e7\u00f5es s\u00e3o gratuitas e v\u00e3o at\u00e9 dia 27 de mar\u00e7o. Para participar\u2026","rel":"","context":"In &quot;Not\u00edcias de Ribeir\u00e3o Preto-SP e Regi\u00e3o&quot;","block_context":{"text":"Not\u00edcias de Ribeir\u00e3o Preto-SP e Regi\u00e3o","link":"https:\/\/noticiasribeiraopreto.com.br\/index.php\/category\/noticias-de-ribeirao-preto-sp-e-regiao-ismael-colosi\/"},"img":{"alt_text":"","src":"https:\/\/i0.wp.com\/noticiasribeiraopreto.com.br\/wp-content\/uploads\/2024\/03\/1710454113_Capturar-3.jpg?fit=874%2C525&ssl=1&resize=350%2C200","width":350,"height":200,"srcset":"https:\/\/i0.wp.com\/noticiasribeiraopreto.com.br\/wp-content\/uploads\/2024\/03\/1710454113_Capturar-3.jpg?fit=874%2C525&ssl=1&resize=350%2C200 1x, https:\/\/i0.wp.com\/noticiasribeiraopreto.com.br\/wp-content\/uploads\/2024\/03\/1710454113_Capturar-3.jpg?fit=874%2C525&ssl=1&resize=525%2C300 1.5x, https:\/\/i0.wp.com\/noticiasribeiraopreto.com.br\/wp-content\/uploads\/2024\/03\/1710454113_Capturar-3.jpg?fit=874%2C525&ssl=1&resize=700%2C400 2x"},"classes":[]}],"jetpack_sharing_enabled":true,"jetpack_shortlink":"https:\/\/wp.me\/peQAOb-73s","_links":{"self":[{"href":"https:\/\/noticiasribeiraopreto.com.br\/index.php\/wp-json\/wp\/v2\/posts\/27122","targetHints":{"allow":["GET"]}}],"collection":[{"href":"https:\/\/noticiasribeiraopreto.com.br\/index.php\/wp-json\/wp\/v2\/posts"}],"about":[{"href":"https:\/\/noticiasribeiraopreto.com.br\/index.php\/wp-json\/wp\/v2\/types\/post"}],"author":[{"embeddable":true,"href":"https:\/\/noticiasribeiraopreto.com.br\/index.php\/wp-json\/wp\/v2\/users\/1"}],"replies":[{"embeddable":true,"href":"https:\/\/noticiasribeiraopreto.com.br\/index.php\/wp-json\/wp\/v2\/comments?post=27122"}],"version-history":[{"count":0,"href":"https:\/\/noticiasribeiraopreto.com.br\/index.php\/wp-json\/wp\/v2\/posts\/27122\/revisions"}],"wp:featuredmedia":[{"embeddable":true,"href":"https:\/\/noticiasribeiraopreto.com.br\/index.php\/wp-json\/wp\/v2\/media\/27123"}],"wp:attachment":[{"href":"https:\/\/noticiasribeiraopreto.com.br\/index.php\/wp-json\/wp\/v2\/media?parent=27122"}],"wp:term":[{"taxonomy":"category","embeddable":true,"href":"https:\/\/noticiasribeiraopreto.com.br\/index.php\/wp-json\/wp\/v2\/categories?post=27122"},{"taxonomy":"post_tag","embeddable":true,"href":"https:\/\/noticiasribeiraopreto.com.br\/index.php\/wp-json\/wp\/v2\/tags?post=27122"}],"curies":[{"name":"wp","href":"https:\/\/api.w.org\/{rel}","templated":true}]}}