{"id":27184,"date":"2024-01-11T17:01:40","date_gmt":"2024-01-11T20:01:40","guid":{"rendered":"https:\/\/noticiasribeiraopreto.com.br\/index.php\/2024\/01\/11\/tais-araujo-fala-pela-primeira-vez-apos-receber-alta-hospitalar-estava-urrando-de-dor\/"},"modified":"2024-01-11T17:01:40","modified_gmt":"2024-01-11T20:01:40","slug":"tais-araujo-fala-pela-primeira-vez-apos-receber-alta-hospitalar-estava-urrando-de-dor","status":"publish","type":"post","link":"https:\/\/noticiasribeiraopreto.com.br\/index.php\/2024\/01\/11\/tais-araujo-fala-pela-primeira-vez-apos-receber-alta-hospitalar-estava-urrando-de-dor\/","title":{"rendered":"Ta\u00eds Ara\u00fajo fala pela primeira vez ap\u00f3s receber alta hospitalar: &#8216;estava urrando de dor&#8217;"},"content":{"rendered":"<div class='code-block code-block-1' style='margin: 8px 0 8px auto; text-align: right; display: block; clear: both;'>\n<p><a href=\"https:\/\/wa.link\/vpicfd\"><img data-recalc-dims=\"1\" class=\"wp-image-4922\" style=\"aspect-ratio: 2.0253164556962027; width: 561px; height: auto;\" src=\"https:\/\/i0.wp.com\/ismaelcolosi.com.br\/wp-content\/uploads\/2023\/11\/grupo-de-empregos-whatsapp-e-facebook-ismael-colosi-vagas.jpg?ssl=1\" alt=\"\" \/><\/a><\/p>\n<!-- \/wp:image -->\n<\/div>\n<p> <br \/>\n<\/p>\n<div itemprop=\"text\">\n<p>Na \u00faltima segunda-feira (08\/01), a atriz Ta\u00eds Ara\u00fajo foi parar no hospital e acabou sendo internada ap\u00f3s sofrer uma crise aguda de dor nas costas. J\u00e1 na quarta, a assessoria da atriz se manifestou.<\/p>\n<p>Agora foi a vez da pr\u00f3pria Ta\u00eds Ara\u00fajo falar com seus seguidores. Em raz\u00e3o do problema de sa\u00fade, a atriz vai precisar se afastar de alguns epis\u00f3dios do \u201cThe Masked Brasil\u201d, mas garantiu que se recupera bem.<\/p>\n<p><b>\u201cEu tive uma crise, uma h\u00e9rnia lombar muito forte, que n\u00e3o conseguia nem me mexer, dores muito fortes. Obrigada Dito, que foi meu anjo, que me pegou quando estava urrando de dor e me levou direto para o hospital\u201d,<\/b> agradeceu a atriz.<\/p>\n<p>Ta\u00eds ainda esclareceu que precisou se afastar dos tr\u00eas primeiros epis\u00f3dios do programa musical, mas minimizou sua aus\u00eancia, destacando o car\u00e1ter divertido e descontra\u00eddo que o programa sempre teve.<\/p>\n<p>A atriz ainda tranquilizou seu p\u00fablico explicando que esta bem e que agora tem uma longa reabilita\u00e7\u00e3o pela frente. <b>\u201cEstou bem, estou at\u00e9 na Bahia de volta e agora s\u00e3o meses de fisioterapia, cuidados intensos\u201d<\/b>, afirmou.<\/p>\n<p>No comunicado da assessoria, foi revelado que a atriz precisou passar por um procedimento. No entanto, n\u00e3o foram dados mais detalhes sobre qual teria sido o procedimento. Apesar disso, ressalta que a atriz j\u00e1 esta bem.<\/p>\n<p>O The Masked Brasil ganhou espa\u00e7o definitivamente na TV brasileira, conquistando f\u00e3s fieis. O programa recebe famosos mascarados que colocam a voz em jogo.<\/p>\n<\/div>\n<p><br \/>\n<br \/><a href=\"https:\/\/fnmais.com\/tais-araujo-fala-pela-primeira-vez-apos-receber-alta-hospitalar-estava-urrando-dor\/\">Source link <\/a><\/p>\n<!-- CONTENT END 1 -->\n","protected":false},"excerpt":{"rendered":"<p>Na \u00faltima segunda-feira (08\/01), a atriz Ta\u00eds Ara\u00fajo foi parar no hospital e acabou sendo internada ap\u00f3s sofrer uma crise aguda de dor nas costas&#8230;.<\/p>\n","protected":false},"author":1,"featured_media":27185,"comment_status":"open","ping_status":"open","sticky":false,"template":"","format":"standard","meta":{"advanced_seo_description":"","jetpack_seo_html_title":"","jetpack_seo_noindex":false,"jetpack_post_was_ever_published":false,"_jetpack_newsletter_access":"","_jetpack_dont_email_post_to_subs":false,"_jetpack_newsletter_tier_id":0,"_jetpack_memberships_contains_paywalled_content":false,"_jetpack_memberships_contains_paid_content":false,"footnotes":"","jetpack_publicize_message":"","jetpack_publicize_feature_enabled":true,"jetpack_social_post_already_shared":true,"jetpack_social_options":{"image_generator_settings":{"template":"highway","default_image_id":0,"font":"","enabled":false},"version":2}},"categories":[1],"tags":[],"class_list":["post-27184","post","type-post","status-publish","format-standard","has-post-thumbnail","hentry","category-blog"],"jetpack_publicize_connections":[],"jetpack_featured_media_url":"https:\/\/i0.wp.com\/noticiasribeiraopreto.com.br\/wp-content\/uploads\/2024\/01\/postimg-65a0442642ee78048.jpg?fit=1200%2C628&ssl=1","jetpack-related-posts":[{"id":31253,"url":"https:\/\/noticiasribeiraopreto.com.br\/index.php\/2024\/01\/21\/lazaro-ramos-passa-mal-e-e-internado-apos-ser-socorrido-as-pressas-por-tais-araujo\/","url_meta":{"origin":27184,"position":0},"title":"L\u00e1zaro Ramos passa mal e \u00e9 internado ap\u00f3s ser socorrido as pressas por Ta\u00eds Ara\u00fajo","author":"noticiasribeiraopreto.com.br","date":"21 de January de 2024","format":false,"excerpt":"Neste domingo (21\/01), a assessoria de L\u00e1zaro Ramos se manifestou ap\u00f3s not\u00edcias de que o ator teria sofrido um mal-estar e sido socorrido as pressas pela esposa, a atriz Ta\u00eds Ara\u00fajo.De acordo com as informa\u00e7\u00f5es, L\u00e1zaro teve um mal-estar em casa e desmaiou, sendo socorrido pela esposa e levado \u00e0s\u2026","rel":"","context":"In &quot;Blog&quot;","block_context":{"text":"Blog","link":"https:\/\/noticiasribeiraopreto.com.br\/index.php\/category\/blog\/"},"img":{"alt_text":"","src":"https:\/\/i0.wp.com\/noticiasribeiraopreto.com.br\/wp-content\/uploads\/2024\/01\/postimg-65ad69ac09be46360.jpg?fit=1200%2C628&ssl=1&resize=350%2C200","width":350,"height":200,"srcset":"https:\/\/i0.wp.com\/noticiasribeiraopreto.com.br\/wp-content\/uploads\/2024\/01\/postimg-65ad69ac09be46360.jpg?fit=1200%2C628&ssl=1&resize=350%2C200 1x, https:\/\/i0.wp.com\/noticiasribeiraopreto.com.br\/wp-content\/uploads\/2024\/01\/postimg-65ad69ac09be46360.jpg?fit=1200%2C628&ssl=1&resize=525%2C300 1.5x, https:\/\/i0.wp.com\/noticiasribeiraopreto.com.br\/wp-content\/uploads\/2024\/01\/postimg-65ad69ac09be46360.jpg?fit=1200%2C628&ssl=1&resize=700%2C400 2x, https:\/\/i0.wp.com\/noticiasribeiraopreto.com.br\/wp-content\/uploads\/2024\/01\/postimg-65ad69ac09be46360.jpg?fit=1200%2C628&ssl=1&resize=1050%2C600 3x"},"classes":[]},{"id":26739,"url":"https:\/\/noticiasribeiraopreto.com.br\/index.php\/2024\/01\/10\/tais-araujo-sente-dores-agudas-e-acaba-internada-assessoria-se-manifestou\/","url_meta":{"origin":27184,"position":1},"title":"Ta\u00eds Ara\u00fajo sente dores agudas e acaba internada; assessoria se manifestou","author":"noticiasribeiraopreto.com.br","date":"10 de January de 2024","format":false,"excerpt":"Na \u00faltima segunda-feira (08\/01), a atriz Ta\u00eds Ara\u00fajo acabou sendo internada ap\u00f3s apresentar fortes dores. A atriz deu entrada no Hospital S\u00edrio-Liban\u00eas, em S\u00e3o Paulo, onde permanece at\u00e9 agora.Nesta quarta, a informa\u00e7\u00e3o parou na imprensa e a assessoria da atriz se manifestou. Por meio de nota, representantes de Ta\u00eds Ara\u00fajo\u2026","rel":"","context":"In &quot;Blog&quot;","block_context":{"text":"Blog","link":"https:\/\/noticiasribeiraopreto.com.br\/index.php\/category\/blog\/"},"img":{"alt_text":"","src":"https:\/\/i0.wp.com\/noticiasribeiraopreto.com.br\/wp-content\/uploads\/2024\/01\/postimg-659ef37d653903386.jpg?fit=1200%2C628&ssl=1&resize=350%2C200","width":350,"height":200,"srcset":"https:\/\/i0.wp.com\/noticiasribeiraopreto.com.br\/wp-content\/uploads\/2024\/01\/postimg-659ef37d653903386.jpg?fit=1200%2C628&ssl=1&resize=350%2C200 1x, https:\/\/i0.wp.com\/noticiasribeiraopreto.com.br\/wp-content\/uploads\/2024\/01\/postimg-659ef37d653903386.jpg?fit=1200%2C628&ssl=1&resize=525%2C300 1.5x, https:\/\/i0.wp.com\/noticiasribeiraopreto.com.br\/wp-content\/uploads\/2024\/01\/postimg-659ef37d653903386.jpg?fit=1200%2C628&ssl=1&resize=700%2C400 2x, https:\/\/i0.wp.com\/noticiasribeiraopreto.com.br\/wp-content\/uploads\/2024\/01\/postimg-659ef37d653903386.jpg?fit=1200%2C628&ssl=1&resize=1050%2C600 3x"},"classes":[]},{"id":26729,"url":"https:\/\/noticiasribeiraopreto.com.br\/index.php\/2024\/01\/10\/triste-noticia-sobre-internacao-de-tais-araujo-em-hospital-revela-diagnostico-apos-procedimento-segundo-colunista\/","url_meta":{"origin":27184,"position":2},"title":"Triste not\u00edcia sobre interna\u00e7\u00e3o de Ta\u00eds Ara\u00fajo em hospital revela diagn\u00f3stico ap\u00f3s procedimento, segundo colunista","author":"noticiasribeiraopreto.com.br","date":"10 de January de 2024","format":false,"excerpt":"Aos 41 anos, a renomada atriz Ta\u00eds Ara\u00fajo foi motivo de preocupa\u00e7\u00e3o para os f\u00e3s ap\u00f3s ter sido internada no hospital S\u00edrio Liban\u00eas em S\u00e3o Paulo onde precisou ficar internada e precisar de atendimento.A atriz relatou dores nas costas, o que a levou at\u00e9 o hospital. Ela chegou a passar\u2026","rel":"","context":"In &quot;Blog&quot;","block_context":{"text":"Blog","link":"https:\/\/noticiasribeiraopreto.com.br\/index.php\/category\/blog\/"},"img":{"alt_text":"","src":"https:\/\/i0.wp.com\/noticiasribeiraopreto.com.br\/wp-content\/uploads\/2024\/01\/postimg-659ef3a3c3d0b6470.jpg?fit=1200%2C628&ssl=1&resize=350%2C200","width":350,"height":200,"srcset":"https:\/\/i0.wp.com\/noticiasribeiraopreto.com.br\/wp-content\/uploads\/2024\/01\/postimg-659ef3a3c3d0b6470.jpg?fit=1200%2C628&ssl=1&resize=350%2C200 1x, https:\/\/i0.wp.com\/noticiasribeiraopreto.com.br\/wp-content\/uploads\/2024\/01\/postimg-659ef3a3c3d0b6470.jpg?fit=1200%2C628&ssl=1&resize=525%2C300 1.5x, https:\/\/i0.wp.com\/noticiasribeiraopreto.com.br\/wp-content\/uploads\/2024\/01\/postimg-659ef3a3c3d0b6470.jpg?fit=1200%2C628&ssl=1&resize=700%2C400 2x, https:\/\/i0.wp.com\/noticiasribeiraopreto.com.br\/wp-content\/uploads\/2024\/01\/postimg-659ef3a3c3d0b6470.jpg?fit=1200%2C628&ssl=1&resize=1050%2C600 3x"},"classes":[]},{"id":27084,"url":"https:\/\/noticiasribeiraopreto.com.br\/index.php\/2024\/01\/11\/sintomas-tratamento-e-prevencao-da-doenca-que-afetou-tais-araujo-e-a-afastou-da-globo\/","url_meta":{"origin":27184,"position":3},"title":"sintomas, tratamento e preven\u00e7\u00e3o da doen\u00e7a que afetou Tais Ara\u00fajo e a afastou da Globo","author":"noticiasribeiraopreto.com.br","date":"11 de January de 2024","format":false,"excerpt":"A famosa atriz Ta\u00eds Ara\u00fajo precisou receber atendimento m\u00e9dico ap\u00f3s ter passado por um procedimento para tratar uma h\u00e9rnia de disco lombar. Ela foi diagnosticada com essa condi\u00e7\u00e3o e ficar\u00e1 de fora da sua programa\u00e7\u00e3o normal at\u00e9 conseguir se recuperar.E afinal, o que se trata a doen\u00e7a que acometeu a\u2026","rel":"","context":"In &quot;Blog&quot;","block_context":{"text":"Blog","link":"https:\/\/noticiasribeiraopreto.com.br\/index.php\/category\/blog\/"},"img":{"alt_text":"","src":"https:\/\/i0.wp.com\/noticiasribeiraopreto.com.br\/wp-content\/uploads\/2024\/01\/postimg-65a0118f575563070.jpg?fit=1200%2C628&ssl=1&resize=350%2C200","width":350,"height":200,"srcset":"https:\/\/i0.wp.com\/noticiasribeiraopreto.com.br\/wp-content\/uploads\/2024\/01\/postimg-65a0118f575563070.jpg?fit=1200%2C628&ssl=1&resize=350%2C200 1x, https:\/\/i0.wp.com\/noticiasribeiraopreto.com.br\/wp-content\/uploads\/2024\/01\/postimg-65a0118f575563070.jpg?fit=1200%2C628&ssl=1&resize=525%2C300 1.5x, https:\/\/i0.wp.com\/noticiasribeiraopreto.com.br\/wp-content\/uploads\/2024\/01\/postimg-65a0118f575563070.jpg?fit=1200%2C628&ssl=1&resize=700%2C400 2x, https:\/\/i0.wp.com\/noticiasribeiraopreto.com.br\/wp-content\/uploads\/2024\/01\/postimg-65a0118f575563070.jpg?fit=1200%2C628&ssl=1&resize=1050%2C600 3x"},"classes":[]},{"id":10756,"url":"https:\/\/noticiasribeiraopreto.com.br\/index.php\/2023\/12\/05\/heloisa-perisse-sofre-dura-perda-e-se-manifesta-em-meio-ao-luto-muito-triste\/","url_meta":{"origin":27184,"position":4},"title":"Helo\u00edsa Periss\u00e9 sofre dura perda e se manifesta em meio ao luto: &#8216;muito triste&#8217;","author":"noticiasribeiraopreto.com.br","date":"5 de December de 2023","format":false,"excerpt":"A perda de um animal de estima\u00e7\u00e3o \u00e9 uma dor que poucas pessoas s\u00e3o capazes de expressar em palavras. Para quem viveu uma rela\u00e7\u00e3o \u00edntima com seu animalzinho, a despedida \u00e9 realmente muito dif\u00edcil.Esse tipo de dor e sentimento de perda afeta qualquer pessoa, independente da situa\u00e7\u00e3o financeira ou status.\u2026","rel":"","context":"In &quot;Blog&quot;","block_context":{"text":"Blog","link":"https:\/\/noticiasribeiraopreto.com.br\/index.php\/category\/blog\/"},"img":{"alt_text":"","src":"https:\/\/i0.wp.com\/noticiasribeiraopreto.com.br\/wp-content\/uploads\/2023\/12\/postimg-656ea9dca6ab33343.jpg?fit=1200%2C628&ssl=1&resize=350%2C200","width":350,"height":200,"srcset":"https:\/\/i0.wp.com\/noticiasribeiraopreto.com.br\/wp-content\/uploads\/2023\/12\/postimg-656ea9dca6ab33343.jpg?fit=1200%2C628&ssl=1&resize=350%2C200 1x, https:\/\/i0.wp.com\/noticiasribeiraopreto.com.br\/wp-content\/uploads\/2023\/12\/postimg-656ea9dca6ab33343.jpg?fit=1200%2C628&ssl=1&resize=525%2C300 1.5x, https:\/\/i0.wp.com\/noticiasribeiraopreto.com.br\/wp-content\/uploads\/2023\/12\/postimg-656ea9dca6ab33343.jpg?fit=1200%2C628&ssl=1&resize=700%2C400 2x, https:\/\/i0.wp.com\/noticiasribeiraopreto.com.br\/wp-content\/uploads\/2023\/12\/postimg-656ea9dca6ab33343.jpg?fit=1200%2C628&ssl=1&resize=1050%2C600 3x"},"classes":[]},{"id":8057,"url":"https:\/\/noticiasribeiraopreto.com.br\/index.php\/2023\/11\/29\/motivo-da-internacao-de-isis-valverde-e-exposto-e-detalhes-sao-divulgados-corpo-dizendo-para\/","url_meta":{"origin":27184,"position":5},"title":"Motivo da interna\u00e7\u00e3o de Isis Valverde \u00e9 exposto e detalhes s\u00e3o divulgados: &#8216;Corpo dizendo para&#8217;","author":"noticiasribeiraopreto.com.br","date":"29 de November de 2023","format":false,"excerpt":"Nesta \u00faltima segunda-feira, dia 27 de novembro, a famosa atriz Isis Valverde deixou a todos preocupados ap\u00f3s ter publicado algumas imagens em que apareceu hospitalizada, deitada em uma cama de hospital.E diante de toda a situa\u00e7\u00e3o, a artista precisou explicar o que teria acontecido com ela, revelando qual seria o\u2026","rel":"","context":"In &quot;Blog&quot;","block_context":{"text":"Blog","link":"https:\/\/noticiasribeiraopreto.com.br\/index.php\/category\/blog\/"},"img":{"alt_text":"","src":"https:\/\/i0.wp.com\/noticiasribeiraopreto.com.br\/wp-content\/uploads\/2023\/11\/postimg-65673826536656155.jpg?fit=1200%2C628&ssl=1&resize=350%2C200","width":350,"height":200,"srcset":"https:\/\/i0.wp.com\/noticiasribeiraopreto.com.br\/wp-content\/uploads\/2023\/11\/postimg-65673826536656155.jpg?fit=1200%2C628&ssl=1&resize=350%2C200 1x, https:\/\/i0.wp.com\/noticiasribeiraopreto.com.br\/wp-content\/uploads\/2023\/11\/postimg-65673826536656155.jpg?fit=1200%2C628&ssl=1&resize=525%2C300 1.5x, https:\/\/i0.wp.com\/noticiasribeiraopreto.com.br\/wp-content\/uploads\/2023\/11\/postimg-65673826536656155.jpg?fit=1200%2C628&ssl=1&resize=700%2C400 2x, https:\/\/i0.wp.com\/noticiasribeiraopreto.com.br\/wp-content\/uploads\/2023\/11\/postimg-65673826536656155.jpg?fit=1200%2C628&ssl=1&resize=1050%2C600 3x"},"classes":[]}],"jetpack_sharing_enabled":true,"jetpack_shortlink":"https:\/\/wp.me\/peQAOb-74s","_links":{"self":[{"href":"https:\/\/noticiasribeiraopreto.com.br\/index.php\/wp-json\/wp\/v2\/posts\/27184","targetHints":{"allow":["GET"]}}],"collection":[{"href":"https:\/\/noticiasribeiraopreto.com.br\/index.php\/wp-json\/wp\/v2\/posts"}],"about":[{"href":"https:\/\/noticiasribeiraopreto.com.br\/index.php\/wp-json\/wp\/v2\/types\/post"}],"author":[{"embeddable":true,"href":"https:\/\/noticiasribeiraopreto.com.br\/index.php\/wp-json\/wp\/v2\/users\/1"}],"replies":[{"embeddable":true,"href":"https:\/\/noticiasribeiraopreto.com.br\/index.php\/wp-json\/wp\/v2\/comments?post=27184"}],"version-history":[{"count":0,"href":"https:\/\/noticiasribeiraopreto.com.br\/index.php\/wp-json\/wp\/v2\/posts\/27184\/revisions"}],"wp:featuredmedia":[{"embeddable":true,"href":"https:\/\/noticiasribeiraopreto.com.br\/index.php\/wp-json\/wp\/v2\/media\/27185"}],"wp:attachment":[{"href":"https:\/\/noticiasribeiraopreto.com.br\/index.php\/wp-json\/wp\/v2\/media?parent=27184"}],"wp:term":[{"taxonomy":"category","embeddable":true,"href":"https:\/\/noticiasribeiraopreto.com.br\/index.php\/wp-json\/wp\/v2\/categories?post=27184"},{"taxonomy":"post_tag","embeddable":true,"href":"https:\/\/noticiasribeiraopreto.com.br\/index.php\/wp-json\/wp\/v2\/tags?post=27184"}],"curies":[{"name":"wp","href":"https:\/\/api.w.org\/{rel}","templated":true}]}}