{"id":27272,"date":"2024-01-11T21:02:25","date_gmt":"2024-01-12T00:02:25","guid":{"rendered":"https:\/\/noticiasribeiraopreto.com.br\/index.php\/2024\/01\/11\/feres-sabino-sera-homenageado-em-sp\/"},"modified":"2024-01-11T21:02:25","modified_gmt":"2024-01-12T00:02:25","slug":"feres-sabino-sera-homenageado-em-sp","status":"publish","type":"post","link":"https:\/\/noticiasribeiraopreto.com.br\/index.php\/2024\/01\/11\/feres-sabino-sera-homenageado-em-sp\/","title":{"rendered":"Feres Sabino ser\u00e1\u00a0homenageado em SP\u00a0"},"content":{"rendered":"<div class='code-block code-block-1' style='margin: 8px 0 8px auto; text-align: right; display: block; clear: both;'>\n<p><a href=\"https:\/\/wa.link\/vpicfd\"><img data-recalc-dims=\"1\" class=\"wp-image-4922\" style=\"aspect-ratio: 2.0253164556962027; width: 561px; height: auto;\" src=\"https:\/\/i0.wp.com\/ismaelcolosi.com.br\/wp-content\/uploads\/2023\/11\/grupo-de-empregos-whatsapp-e-facebook-ismael-colosi-vagas.jpg?ssl=1\" alt=\"\" \/><\/a><\/p>\n<!-- \/wp:image -->\n<\/div>\n<p> <br \/>\n<\/p>\n<div id=\"post-370040\">\n<header class=\"entry-header penci-entry-header penci-title-center\">\n<p> <span class=\"entry-meta-item penci-posted-on\"><i class=\"fa fa-clock-o\"\/><time class=\"entry-date published\" datetime=\"2024-01-11T17:00:14-03:00\">11 de janeiro de 2024 | 17:00<\/time><time class=\"updated\" datetime=\"2024-01-11T09:44:24-03:00\">11 de janeiro de 2024 | 9:44<\/time><\/span><\/p>\n<p> <span class=\"penci-social-buttons penci-social-share-footer\"><a href=\"#\" class=\"penci-post-like penci_post-meta_item  single-like-button penci-social-item like\" data-post_id=\"370040\" title=\"Like\" data-like=\"Like\" data-unlike=\"Unlike\"><i class=\"fa fa-thumbs-o-up\"\/><span class=\"penci-share-number\">0<\/span><\/a><i class=\"fa fa-facebook\"\/><a class=\"penci-social-item twitter\" target=\"_blank\" rel=\"noopener\" title=\"\" href=\"https:\/\/twitter.com\/intent\/tweet?text=Feres%20Sabino%20ser\u00e1\u00a0homenageado%20em%20SP\u00a0%20-%20https:\/\/www.tribunaribeirao.com.br\/site\/feres-sabino-sera-homenageado-em-sp\/\"><i class=\"fa fa-twitter\"\/><\/a><i class=\"fa fa-whatsapp\"\/><\/span><\/header>\n<div class=\"penci-entry-content entry-content\">\n<p><span class=\"TextRun SCXW13608902 BCX0\" lang=\"PT-BR\" xml:lang=\"PT-BR\" data-contrast=\"none\"><span class=\"NormalTextRun SCXW13608902 BCX0\">Advogado, p<\/span><span class=\"NormalTextRun SCXW13608902 BCX0\">rocurador-geral do Estado no governo de Andr\u00e9 Franco Montoro e membro da Academia <\/span><span class=\"NormalTextRun SpellingErrorV2Themed SCXW13608902 BCX0\">Ribeir\u00e3opretana<\/span><span class=\"NormalTextRun SCXW13608902 BCX0\"> de Letras<\/span><span class=\"NormalTextRun SCXW13608902 BCX0\">, Feres Sabino<\/span><\/span> <span class=\"TextRun SCXW13608902 BCX0\" lang=\"PT-BR\" xml:lang=\"PT-BR\" data-contrast=\"auto\"><span class=\"NormalTextRun SCXW13608902 BCX0\">\u2013<\/span><span class=\"NormalTextRun SCXW13608902 BCX0\"> articulista <\/span><span class=\"NormalTextRun SCXW13608902 BCX0\">do Tribuna<\/span> <span class=\"NormalTextRun SCXW13608902 BCX0\">\u2013<\/span> <\/span><span class=\"TextRun SCXW13608902 BCX0\" lang=\"PT-BR\" xml:lang=\"PT-BR\" data-contrast=\"none\"><span class=\"NormalTextRun SCXW13608902 BCX0\">receber\u00e1 a medalha da Ordem do M\u00e9rito do Servidor P\u00fablico do Estado de S\u00e3o Paulo em cerim\u00f4nia a ser realizada na sede da Associa\u00e7\u00e3o dos Funcion\u00e1rios <\/span><span class=\"NormalTextRun ContextualSpellingAndGrammarErrorV2Themed SCXW13608902 BCX0\">P\u00fablicos\u00a0 de<\/span><span class=\"NormalTextRun SCXW13608902 BCX0\"> S\u00e3o <\/span><span class=\"NormalTextRun ContextualSpellingAndGrammarErrorV2Themed SCXW13608902 BCX0\">Paulo<\/span><span class=\"NormalTextRun ContextualSpellingAndGrammarErrorV2Themed SCXW13608902 BCX0\">(<\/span><span class=\"NormalTextRun SCXW13608902 BCX0\">AFPESP<\/span><span class=\"NormalTextRun SCXW13608902 BCX0\">), <\/span><span class=\"NormalTextRun SCXW13608902 BCX0\">localizada na <\/span><span class=\"NormalTextRun SCXW13608902 BCX0\">r<\/span><span class=\"NormalTextRun SCXW13608902 BCX0\">ua Bittencourt Rodrigues<\/span><span class=\"NormalTextRun SCXW13608902 BCX0\"> n\u00ba <\/span><span class=\"NormalTextRun SCXW13608902 BCX0\">155, <\/span><span class=\"NormalTextRun SCXW13608902 BCX0\">na capital paulista, <\/span><span class=\"NormalTextRun SCXW13608902 BCX0\">\u00e0s 16<\/span> <span class=\"NormalTextRun SCXW13608902 BCX0\">horas do dia 17 de janeiro.<\/span><\/span><span class=\"LineBreakBlob BlobObject DragDrop SCXW13608902 BCX0\"><span class=\"SCXW13608902 BCX0\">\u00a0<\/span><br class=\"SCXW13608902 BCX0\"\/><\/span><span class=\"LineBreakBlob BlobObject DragDrop SCXW13608902 BCX0\"><span class=\"SCXW13608902 BCX0\">\u00a0<\/span><br class=\"SCXW13608902 BCX0\"\/><\/span><span class=\"TextRun SCXW13608902 BCX0\" lang=\"PT-BR\" xml:lang=\"PT-BR\" data-contrast=\"none\"><span class=\"NormalTextRun SCXW13608902 BCX0\">A informa\u00e7\u00e3o foi passada do Tribuna por S\u00e9rgio Roxo, a<\/span><span class=\"NormalTextRun SCXW13608902 BCX0\">dvogado, professor livre docente aposentado da <\/span><span class=\"NormalTextRun SCXW13608902 BCX0\">Unesp<\/span><span class=\"NormalTextRun SCXW13608902 BCX0\">, doutor, procurador de Justi\u00e7a aposentado, <\/span><span class=\"NormalTextRun SCXW13608902 BCX0\">tamb\u00e9m <\/span><span class=\"NormalTextRun SCXW13608902 BCX0\">membro da Academia <\/span><span class=\"NormalTextRun SpellingErrorV2Themed SCXW13608902 BCX0\">Ribeir\u00e3opretana<\/span><span class=\"NormalTextRun SCXW13608902 BCX0\"> de Letras<\/span><span class=\"NormalTextRun SCXW13608902 BCX0\">, amigo de longa data de Feres Sabino e tamb\u00e9m articulista do Tribuna.<\/span><\/span><span class=\"LineBreakBlob BlobObject DragDrop SCXW13608902 BCX0\"><span class=\"SCXW13608902 BCX0\">\u00a0<\/span><br class=\"SCXW13608902 BCX0\"\/><\/span><span class=\"LineBreakBlob BlobObject DragDrop SCXW13608902 BCX0\"><span class=\"SCXW13608902 BCX0\">\u00a0<\/span><br class=\"SCXW13608902 BCX0\"\/><\/span><span class=\"TextRun SCXW13608902 BCX0\" lang=\"PT-BR\" xml:lang=\"PT-BR\" data-contrast=\"none\"><span class=\"NormalTextRun SCXW13608902 BCX0\">\u201c<\/span><span class=\"NormalTextRun SCXW13608902 BCX0\">A homenagem feita pela AFPESP, entidade com mais de 400.000 associados<\/span><span class=\"NormalTextRun SCXW13608902 BCX0\">,<\/span><span class=\"NormalTextRun SCXW13608902 BCX0\"> reflete os <\/span><span class=\"NormalTextRun SCXW13608902 BCX0\">i<\/span><span class=\"NormalTextRun SCXW13608902 BCX0\">mportantes servi\u00e7os prestado pelo <\/span><span class=\"NormalTextRun SCXW13608902 BCX0\">doutor Feres Sabino <\/span><span class=\"NormalTextRun SCXW13608902 BCX0\">\u00e0 classe dos <\/span><span class=\"NormalTextRun SCXW13608902 BCX0\">servidores p\u00fablicos brasileiros\u201d, diz S\u00e9rgio Roxo. <\/span><span class=\"NormalTextRun SCXW13608902 BCX0\">O homenageado foi presidente da entidade representativa dos alunos do Instituto de Educa\u00e7\u00e3o <\/span><span class=\"NormalTextRun SCXW13608902 BCX0\">Otoniel<\/span><span class=\"NormalTextRun SCXW13608902 BCX0\"> Mota de Ribeir\u00e3o Preto. <\/span><\/span><span class=\"LineBreakBlob BlobObject DragDrop SCXW13608902 BCX0\"><span class=\"SCXW13608902 BCX0\">\u00a0<\/span><br class=\"SCXW13608902 BCX0\"\/><\/span><span class=\"LineBreakBlob BlobObject DragDrop SCXW13608902 BCX0\"><span class=\"SCXW13608902 BCX0\">\u00a0<\/span><br class=\"SCXW13608902 BCX0\"\/><\/span><span class=\"TextRun SCXW13608902 BCX0\" lang=\"PT-BR\" xml:lang=\"PT-BR\" data-contrast=\"none\"><span class=\"NormalTextRun SCXW13608902 BCX0\">Colou grau na Faculdade de Direito da Universidade de S\u00e3o Paulo (<\/span><span class=\"NormalTextRun SCXW13608902 BCX0\">Largo <\/span><span class=\"NormalTextRun SCXW13608902 BCX0\">S\u00e3o Francisco). Exerceu a presid\u00eancia do Departamento Jur\u00eddico do Munic\u00edpio de Ribeir\u00e3o Preto. Foi chefe do Departamento Jur\u00eddico do Estado de S\u00e3o Paulo durante o governo de Franco Montoro. <\/span><span class=\"NormalTextRun SCXW13608902 BCX0\">Foi candidato a prefeito de Ribeir\u00e3o Preto, assim como o amigo S\u00e9rgio Roxo, que\u00a0<\/span><span class=\"NormalTextRun SCXW13608902 BCX0\">tamb\u00e9m\u00a0foi secret\u00e1rio municipal em governos petistas. <\/span><\/span><span class=\"LineBreakBlob BlobObject DragDrop SCXW13608902 BCX0\"><span class=\"SCXW13608902 BCX0\">\u00a0<\/span><br class=\"SCXW13608902 BCX0\"\/><\/span><span class=\"LineBreakBlob BlobObject DragDrop SCXW13608902 BCX0\"><span class=\"SCXW13608902 BCX0\">\u00a0<\/span><br class=\"SCXW13608902 BCX0\"\/><\/span><\/p>\n<\/div>\n<footer class=\"penci-entry-footer\"\/><\/div>\n<p><script async src=\"\/\/platform.twitter.com\/widgets.js\" charset=\"utf-8\"><\/script><br \/>\n<br \/><br \/>\n<br \/><a href=\"https:\/\/www.tribunaribeirao.com.br\/site\/feres-sabino-sera-homenageado-em-sp\/\">Source link <\/a><\/p>\n<!-- CONTENT END 1 -->\n","protected":false},"excerpt":{"rendered":"<p>11 de janeiro de 2024 | 17:0011 de janeiro de 2024 | 9:44 0 Advogado, procurador-geral do Estado no governo de Andr\u00e9 Franco Montoro e&#8230;<\/p>\n","protected":false},"author":1,"featured_media":27273,"comment_status":"open","ping_status":"open","sticky":false,"template":"","format":"standard","meta":{"advanced_seo_description":"","jetpack_seo_html_title":"","jetpack_seo_noindex":false,"jetpack_post_was_ever_published":false,"_jetpack_newsletter_access":"","_jetpack_dont_email_post_to_subs":false,"_jetpack_newsletter_tier_id":0,"_jetpack_memberships_contains_paywalled_content":false,"_jetpack_memberships_contains_paid_content":false,"footnotes":"","jetpack_publicize_message":"","jetpack_publicize_feature_enabled":true,"jetpack_social_post_already_shared":true,"jetpack_social_options":{"image_generator_settings":{"template":"highway","default_image_id":0,"font":"","enabled":false},"version":2}},"categories":[11],"tags":[3401,3402,3403],"class_list":["post-27272","post","type-post","status-publish","format-standard","has-post-thumbnail","hentry","category-noticias-de-ribeirao-preto-sp-e-regiao-ismael-colosi","tag-feres","tag-sabino","tag-serahomenageado"],"jetpack_publicize_connections":[],"jetpack_featured_media_url":"https:\/\/i0.wp.com\/noticiasribeiraopreto.com.br\/wp-content\/uploads\/2024\/01\/Feres-Max-Gallao-Mesquita-01-scaled.jpg?fit=938%2C645&ssl=1","jetpack-related-posts":[{"id":37134,"url":"https:\/\/noticiasribeiraopreto.com.br\/index.php\/2024\/02\/14\/feres-sabino-recebe-premio-challeng-coin\/","url_meta":{"origin":27272,"position":0},"title":"Feres Sabino recebe pr\u00eamio &#8220;Challeng Coin&#8221;","author":"noticiasribeiraopreto.com.br","date":"14 de February de 2024","format":false,"excerpt":"14 de fevereiro de 2024 | 15:0614 de fevereiro de 2024 | 15:07 0A Funda\u00e7\u00e3o \u201cProf Dr Manoel Pedro Pimentel\u201d \u2013 FUNAP ir\u00e1 conceder a moeda \u201cChalleng Coin\u201d, para Feres Sabino. Sabino \u00e9 Presidente da Comiss\u00e3o da Verdade da OAB de Ribeir\u00e3o Preto, membro da Academia\u00a0Ribeir\u00e3opretana\u00a0de Letras e tamb\u00e9m articulista\u2026","rel":"","context":"In &quot;Not\u00edcias de Ribeir\u00e3o Preto-SP e Regi\u00e3o&quot;","block_context":{"text":"Not\u00edcias de Ribeir\u00e3o Preto-SP e Regi\u00e3o","link":"https:\/\/noticiasribeiraopreto.com.br\/index.php\/category\/noticias-de-ribeirao-preto-sp-e-regiao-ismael-colosi\/"},"img":{"alt_text":"","src":"https:\/\/i0.wp.com\/noticiasribeiraopreto.com.br\/wp-content\/uploads\/2024\/02\/Sem-titulo-1-scaled.jpg?fit=1000%2C625&ssl=1&resize=350%2C200","width":350,"height":200,"srcset":"https:\/\/i0.wp.com\/noticiasribeiraopreto.com.br\/wp-content\/uploads\/2024\/02\/Sem-titulo-1-scaled.jpg?fit=1000%2C625&ssl=1&resize=350%2C200 1x, https:\/\/i0.wp.com\/noticiasribeiraopreto.com.br\/wp-content\/uploads\/2024\/02\/Sem-titulo-1-scaled.jpg?fit=1000%2C625&ssl=1&resize=525%2C300 1.5x, https:\/\/i0.wp.com\/noticiasribeiraopreto.com.br\/wp-content\/uploads\/2024\/02\/Sem-titulo-1-scaled.jpg?fit=1000%2C625&ssl=1&resize=700%2C400 2x"},"classes":[]},{"id":8034,"url":"https:\/\/noticiasribeiraopreto.com.br\/index.php\/2023\/11\/29\/natal-teimosia-historica-do-amor\/","url_meta":{"origin":27272,"position":1},"title":"Natal, teimosia hist\u00f3rica do amor","author":"noticiasribeiraopreto.com.br","date":"29 de November de 2023","format":false,"excerpt":"29 de novembro de 2023 | 10:0329 de novembro de 2023 | 9:13 0Quando o assunto \u00e9 Natal, logo imaginamos o Papai Noel, enfeites e luzes para marcar a data. Mas tem um apaixonado pela comemora\u00e7\u00e3o que al\u00e9m de reunir a fam\u00edlia inteira, gosta de escrever um novo texto todos\u2026","rel":"","context":"In &quot;Not\u00edcias de Ribeir\u00e3o Preto-SP e Regi\u00e3o&quot;","block_context":{"text":"Not\u00edcias de Ribeir\u00e3o Preto-SP e Regi\u00e3o","link":"https:\/\/noticiasribeiraopreto.com.br\/index.php\/category\/noticias-de-ribeirao-preto-sp-e-regiao-ismael-colosi\/"},"img":{"alt_text":"","src":"https:\/\/i0.wp.com\/noticiasribeiraopreto.com.br\/wp-content\/uploads\/2023\/11\/feressabino.jpg?fit=1200%2C900&ssl=1&resize=350%2C200","width":350,"height":200,"srcset":"https:\/\/i0.wp.com\/noticiasribeiraopreto.com.br\/wp-content\/uploads\/2023\/11\/feressabino.jpg?fit=1200%2C900&ssl=1&resize=350%2C200 1x, https:\/\/i0.wp.com\/noticiasribeiraopreto.com.br\/wp-content\/uploads\/2023\/11\/feressabino.jpg?fit=1200%2C900&ssl=1&resize=525%2C300 1.5x, https:\/\/i0.wp.com\/noticiasribeiraopreto.com.br\/wp-content\/uploads\/2023\/11\/feressabino.jpg?fit=1200%2C900&ssl=1&resize=700%2C400 2x, https:\/\/i0.wp.com\/noticiasribeiraopreto.com.br\/wp-content\/uploads\/2023\/11\/feressabino.jpg?fit=1200%2C900&ssl=1&resize=1050%2C600 3x"},"classes":[]},{"id":65826,"url":"https:\/\/noticiasribeiraopreto.com.br\/index.php\/2025\/03\/24\/mulheres-de-franca-podem-tirar-duvidas-e-buscar-auxilio-em-evento-na-praca-sabino-loureiro\/","url_meta":{"origin":27272,"position":2},"title":"Mulheres de Franca podem tirar d\u00favidas e buscar aux\u00edlio em evento na Pra\u00e7a Sabino Loureiro","author":"noticiasribeiraopreto.com.br","date":"24 de March de 2025","format":false,"excerpt":"A OAB Franca confirmou que far\u00e1 evento na pra\u00e7a Sabino Loureiro, na esta\u00e7\u00e3o, neste dia 29\/3, entre 9h e 12h, para oferecer apoio a mulheres que eventualmente enfrentem problemas com viol\u00eancia ou tenham d\u00favidas sobre os seus direitos. Al\u00e9m das a\u00e7\u00f5es de orienta\u00e7\u00e3o, est\u00e3o confirmadas apresenta\u00e7\u00f5es culturais e atividades especiais\u2026","rel":"","context":"In &quot;Not\u00edcias de Franca-SP&quot;","block_context":{"text":"Not\u00edcias de Franca-SP","link":"https:\/\/noticiasribeiraopreto.com.br\/index.php\/category\/noticias-de-ribeirao-preto-sp-e-regiao-ismael-colosi\/noticias-franca-sp\/"},"img":{"alt_text":"","src":"https:\/\/i0.wp.com\/noticiasribeiraopreto.com.br\/wp-content\/uploads\/2025\/03\/praca-sabino-loureiro.jpg?fit=1200%2C795&ssl=1&resize=350%2C200","width":350,"height":200,"srcset":"https:\/\/i0.wp.com\/noticiasribeiraopreto.com.br\/wp-content\/uploads\/2025\/03\/praca-sabino-loureiro.jpg?fit=1200%2C795&ssl=1&resize=350%2C200 1x, https:\/\/i0.wp.com\/noticiasribeiraopreto.com.br\/wp-content\/uploads\/2025\/03\/praca-sabino-loureiro.jpg?fit=1200%2C795&ssl=1&resize=525%2C300 1.5x, https:\/\/i0.wp.com\/noticiasribeiraopreto.com.br\/wp-content\/uploads\/2025\/03\/praca-sabino-loureiro.jpg?fit=1200%2C795&ssl=1&resize=700%2C400 2x, https:\/\/i0.wp.com\/noticiasribeiraopreto.com.br\/wp-content\/uploads\/2025\/03\/praca-sabino-loureiro.jpg?fit=1200%2C795&ssl=1&resize=1050%2C600 3x"},"classes":[]},{"id":44315,"url":"https:\/\/noticiasribeiraopreto.com.br\/index.php\/2024\/03\/27\/cilene-sabino-e-reeleita-presidente-da-fenaju\/","url_meta":{"origin":27272,"position":3},"title":"Cilene Sabino \u00e9 reeleita presidente da Fenaju","author":"noticiasribeiraopreto.com.br","date":"27 de March de 2024","format":false,"excerpt":"A presidente da Junta Comercial do Estado do Par\u00e1 (JUCEPA), Cilene Sabino, foi reeleita presidente da Federa\u00e7\u00e3o Nacional das Juntas Comerciais (FENAJU), em Assembleia Geral Ordin\u00e1ria realizada nessa ter\u00e7a-feira (26), na cidade de Jo\u00e3o Pessoa (PB). O mandato na entidade tem dura\u00e7\u00e3o de 1 ano. Para Cilene Sabino, a presid\u00eancia\u2026","rel":"","context":"In &quot;Not\u00edcias de Ribeir\u00e3o Preto-SP e Regi\u00e3o&quot;","block_context":{"text":"Not\u00edcias de Ribeir\u00e3o Preto-SP e Regi\u00e3o","link":"https:\/\/noticiasribeiraopreto.com.br\/index.php\/category\/noticias-de-ribeirao-preto-sp-e-regiao-ismael-colosi\/"},"img":{"alt_text":"","src":"https:\/\/i0.wp.com\/noticiasribeiraopreto.com.br\/wp-content\/uploads\/2024\/03\/IMG_8449.jpeg?fit=1200%2C582&ssl=1&resize=350%2C200","width":350,"height":200,"srcset":"https:\/\/i0.wp.com\/noticiasribeiraopreto.com.br\/wp-content\/uploads\/2024\/03\/IMG_8449.jpeg?fit=1200%2C582&ssl=1&resize=350%2C200 1x, https:\/\/i0.wp.com\/noticiasribeiraopreto.com.br\/wp-content\/uploads\/2024\/03\/IMG_8449.jpeg?fit=1200%2C582&ssl=1&resize=525%2C300 1.5x, https:\/\/i0.wp.com\/noticiasribeiraopreto.com.br\/wp-content\/uploads\/2024\/03\/IMG_8449.jpeg?fit=1200%2C582&ssl=1&resize=700%2C400 2x, https:\/\/i0.wp.com\/noticiasribeiraopreto.com.br\/wp-content\/uploads\/2024\/03\/IMG_8449.jpeg?fit=1200%2C582&ssl=1&resize=1050%2C600 3x"},"classes":[]},{"id":70282,"url":"https:\/\/noticiasribeiraopreto.com.br\/index.php\/2025\/05\/24\/video-acidente-entre-carro-e-caminhao-fere-duas-mulheres\/","url_meta":{"origin":27272,"position":4},"title":"V\u00cdDEO: Acidente entre carro e caminh\u00e3o fere duas mulheres","author":"noticiasribeiraopreto.com.br","date":"24 de May de 2025","format":false,"excerpt":"24 de maio de 2025 13:1224 de maio de 2025 13:3932 Compartilhar0 Duas mulheres ficaram feridas na manh\u00e3 deste s\u00e1bado (24) ap\u00f3s um acidente envolvendo um carro e um caminh\u00e3o no cruzamento das ruas Mariana Junqueira e Bar\u00e3o do Amazonas, no Centro de Ribeir\u00e3o Preto. De acordo com informa\u00e7\u00f5es da\u2026","rel":"","context":"In &quot;Not\u00edcias de Ribeir\u00e3o Preto-SP e Regi\u00e3o&quot;","block_context":{"text":"Not\u00edcias de Ribeir\u00e3o Preto-SP e Regi\u00e3o","link":"https:\/\/noticiasribeiraopreto.com.br\/index.php\/category\/noticias-de-ribeirao-preto-sp-e-regiao-ismael-colosi\/"},"img":{"alt_text":"","src":"https:\/\/i0.wp.com\/noticiasribeiraopreto.com.br\/wp-content\/uploads\/2025\/05\/1748105038_barao_mariana_acidente-e1748103263897.jpg?fit=800%2C450&ssl=1&resize=350%2C200","width":350,"height":200,"srcset":"https:\/\/i0.wp.com\/noticiasribeiraopreto.com.br\/wp-content\/uploads\/2025\/05\/1748105038_barao_mariana_acidente-e1748103263897.jpg?fit=800%2C450&ssl=1&resize=350%2C200 1x, https:\/\/i0.wp.com\/noticiasribeiraopreto.com.br\/wp-content\/uploads\/2025\/05\/1748105038_barao_mariana_acidente-e1748103263897.jpg?fit=800%2C450&ssl=1&resize=525%2C300 1.5x, https:\/\/i0.wp.com\/noticiasribeiraopreto.com.br\/wp-content\/uploads\/2025\/05\/1748105038_barao_mariana_acidente-e1748103263897.jpg?fit=800%2C450&ssl=1&resize=700%2C400 2x"},"classes":[]},{"id":70273,"url":"https:\/\/noticiasribeiraopreto.com.br\/index.php\/2025\/05\/24\/video-acidente-enrte-carro-e-caminhao-fere-duas-mulheres\/","url_meta":{"origin":27272,"position":5},"title":"V\u00cdDEO: Acidente enrte carro e caminh\u00e3o fere duas mulheres","author":"noticiasribeiraopreto.com.br","date":"24 de May de 2025","format":false,"excerpt":"24 de maio de 2025 13:1224 de maio de 2025 13:159 Compartilhar0 Duas mulheres ficaram feridas na manh\u00e3 deste s\u00e1bado (24) ap\u00f3s um acidente envolvendo um carro e um caminh\u00e3o no cruzamento das ruas Mariana Junqueira e Bar\u00e3o do Amazonas, no Centro de Ribeir\u00e3o Preto. De acordo com informa\u00e7\u00f5es da\u2026","rel":"","context":"In &quot;Not\u00edcias de Ribeir\u00e3o Preto-SP e Regi\u00e3o&quot;","block_context":{"text":"Not\u00edcias de Ribeir\u00e3o Preto-SP e Regi\u00e3o","link":"https:\/\/noticiasribeiraopreto.com.br\/index.php\/category\/noticias-de-ribeirao-preto-sp-e-regiao-ismael-colosi\/"},"img":{"alt_text":"","src":"https:\/\/i0.wp.com\/noticiasribeiraopreto.com.br\/wp-content\/uploads\/2025\/05\/barao_mariana_acidente-e1748103263897.jpg?fit=800%2C450&ssl=1&resize=350%2C200","width":350,"height":200,"srcset":"https:\/\/i0.wp.com\/noticiasribeiraopreto.com.br\/wp-content\/uploads\/2025\/05\/barao_mariana_acidente-e1748103263897.jpg?fit=800%2C450&ssl=1&resize=350%2C200 1x, https:\/\/i0.wp.com\/noticiasribeiraopreto.com.br\/wp-content\/uploads\/2025\/05\/barao_mariana_acidente-e1748103263897.jpg?fit=800%2C450&ssl=1&resize=525%2C300 1.5x, https:\/\/i0.wp.com\/noticiasribeiraopreto.com.br\/wp-content\/uploads\/2025\/05\/barao_mariana_acidente-e1748103263897.jpg?fit=800%2C450&ssl=1&resize=700%2C400 2x"},"classes":[]}],"jetpack_sharing_enabled":true,"jetpack_shortlink":"https:\/\/wp.me\/peQAOb-75S","_links":{"self":[{"href":"https:\/\/noticiasribeiraopreto.com.br\/index.php\/wp-json\/wp\/v2\/posts\/27272","targetHints":{"allow":["GET"]}}],"collection":[{"href":"https:\/\/noticiasribeiraopreto.com.br\/index.php\/wp-json\/wp\/v2\/posts"}],"about":[{"href":"https:\/\/noticiasribeiraopreto.com.br\/index.php\/wp-json\/wp\/v2\/types\/post"}],"author":[{"embeddable":true,"href":"https:\/\/noticiasribeiraopreto.com.br\/index.php\/wp-json\/wp\/v2\/users\/1"}],"replies":[{"embeddable":true,"href":"https:\/\/noticiasribeiraopreto.com.br\/index.php\/wp-json\/wp\/v2\/comments?post=27272"}],"version-history":[{"count":0,"href":"https:\/\/noticiasribeiraopreto.com.br\/index.php\/wp-json\/wp\/v2\/posts\/27272\/revisions"}],"wp:featuredmedia":[{"embeddable":true,"href":"https:\/\/noticiasribeiraopreto.com.br\/index.php\/wp-json\/wp\/v2\/media\/27273"}],"wp:attachment":[{"href":"https:\/\/noticiasribeiraopreto.com.br\/index.php\/wp-json\/wp\/v2\/media?parent=27272"}],"wp:term":[{"taxonomy":"category","embeddable":true,"href":"https:\/\/noticiasribeiraopreto.com.br\/index.php\/wp-json\/wp\/v2\/categories?post=27272"},{"taxonomy":"post_tag","embeddable":true,"href":"https:\/\/noticiasribeiraopreto.com.br\/index.php\/wp-json\/wp\/v2\/tags?post=27272"}],"curies":[{"name":"wp","href":"https:\/\/api.w.org\/{rel}","templated":true}]}}