{"id":27278,"date":"2024-01-11T21:23:36","date_gmt":"2024-01-12T00:23:36","guid":{"rendered":"https:\/\/noticiasribeiraopreto.com.br\/index.php\/2024\/01\/11\/video-flagra-o-momento-em-que-familia-perde-a-vida-de-maneira-tragica-pai-mae-e-filho-sao-identificados\/"},"modified":"2024-01-11T21:23:36","modified_gmt":"2024-01-12T00:23:36","slug":"video-flagra-o-momento-em-que-familia-perde-a-vida-de-maneira-tragica-pai-mae-e-filho-sao-identificados","status":"publish","type":"post","link":"https:\/\/noticiasribeiraopreto.com.br\/index.php\/2024\/01\/11\/video-flagra-o-momento-em-que-familia-perde-a-vida-de-maneira-tragica-pai-mae-e-filho-sao-identificados\/","title":{"rendered":"V\u00eddeo flagra o momento em que fam\u00edlia perde a vida de maneira tr\u00e1gica; pai, m\u00e3e e filho s\u00e3o identificados"},"content":{"rendered":"<div class='code-block code-block-1' style='margin: 8px 0 8px auto; text-align: right; display: block; clear: both;'>\n<p><a href=\"https:\/\/wa.link\/vpicfd\"><img data-recalc-dims=\"1\" class=\"wp-image-4922\" style=\"aspect-ratio: 2.0253164556962027; width: 561px; height: auto;\" src=\"https:\/\/i0.wp.com\/ismaelcolosi.com.br\/wp-content\/uploads\/2023\/11\/grupo-de-empregos-whatsapp-e-facebook-ismael-colosi-vagas.jpg?ssl=1\" alt=\"\" \/><\/a><\/p>\n<!-- \/wp:image -->\n<\/div>\n<p> <br \/>\n<\/p>\n<div itemprop=\"text\">\n<p>Um tr\u00e1gico acidente ocorreu nesta \u00faltima quarta-feira (10,) no Centro da cidade de Baturit\u00e9, localizada no interior do estado do Cear\u00e1, resultando na perda de um casal e seu filho pequeno.<\/p>\n<p>O fat\u00eddico acidente teve lugar quando a motocicleta em que viajavam foi colhida por um caminh\u00e3o na Rua Senador Jo\u00e3o Cordeiro.<\/p>\n<p>C\u00e2meras de seguran\u00e7a instaladas em uma das ruas da cidade de Baturit\u00e9, flagrou o exato momento da colis\u00e3o impactante que tirou a vida das tr\u00eas v\u00edtimas.<\/p>\n<p>De acordo com as primeiras informa\u00e7\u00f5es sobre a terr\u00edvel fatalidade, o caminh\u00e3o estava descendo uma rua \u00edngreme no momento em que o condutor perdeu o controle da dire\u00e7\u00e3o, passou por cima da moto onde estavam as tr\u00eas v\u00edtimas fatais e s\u00f3 parou ap\u00f3s colidir com um poste.<\/p>\n<p>Quando o caminh\u00e3o atropelou a moto, pai, m\u00e3e e filho ficaram presos embaixo do caminh\u00e3o. Os familiares que perderam a vida no acidente foram identificados como Tales Rian Filipe Costa, de 4 anos; Cristiane Filipe da Silva, de 31 anos, e Francisco Ant\u00f4nio da Costa Silva, de 36 anos.<\/p>\n<p>Ainda de acordo com as autoridades que foram respons\u00e1veis por atender a ocorr\u00eancia, Francisco Ant\u00f4nio, chegou a ser socorrido com vida, entretanto, devido a gravidade das les\u00f5es provocadas pelo atropelamento, ele evoluiu para o \u00f3bito no trajeto que levava a Unidade de Pronto Atendimento (UPA).<\/p>\n<p>Uma opera\u00e7\u00e3o conjunta envolvendo equipes do Corpo de Bombeiros, socorristas do Servi\u00e7o de Atendimento M\u00f3vel de Urg\u00eancia (Samu) e funcion\u00e1rios municipais foi conduzida na tentativa de resgatar a fam\u00edlia.<\/p>\n<p>Al\u00e9m disso, um trator foi empregado para auxiliar na remo\u00e7\u00e3o do caminh\u00e3o. Conforme informa\u00e7\u00f5es do Corpo de Bombeiros, a complexidade do resgate foi aumentada devido \u00e0 disposi\u00e7\u00e3o dos ve\u00edculos p\u00f3s-acidente e \u00e0s condi\u00e7\u00f5es acidentadas da via.<\/p>\n<p>Para ver o v\u00eddeo do momento do acidente <a href=\"https:\/\/g1.globo.com\/ce\/ceara\/video\/pai-mae-e-filho-morrem-atropelados-por-caminhao-no-ceara-12255834.ghtml\" target=\"_blank\" rel=\"nofollow noopener sponsored\">CLIQUE AQUI!<\/a><\/p>\n<p><iframe loading=\"lazy\" title=\"Pai, m\u00e3e e filho morrem atropelados por caminh\u00e3o em Baturit\u00e9\" width=\"500\" height=\"281\" src=\"https:\/\/www.youtube.com\/embed\/1B4wOf0h3IQ?feature=oembed\" frameborder=\"0\" allow=\"accelerometer; autoplay; clipboard-write; encrypted-media; gyroscope; picture-in-picture; web-share\" referrerpolicy=\"strict-origin-when-cross-origin\" allowfullscreen><\/iframe><\/p>\n<p><strong>\u201cComo \u00e9 uma ladeira, e o caminh\u00e3o tinha uma carga dentro do ba\u00fa, o risco dele tombar para a lateral e causar outro tipo de acidente era muito grande\u201d<\/strong><i>,<\/i> afirmou o tenente do Corpo de Bombeiros, R\u00e9gis Leite.<\/p>\n<\/div>\n<p><br \/>\n<br \/><a href=\"https:\/\/fnmais.com\/video-flagra-momento-em-que-familia-perde-vida-maneira-tragica-pai-mae-filho-sao-identificados\/\">Source link <\/a><\/p>\n<!-- CONTENT END 1 -->\n","protected":false},"excerpt":{"rendered":"<p>Um tr\u00e1gico acidente ocorreu nesta \u00faltima quarta-feira (10,) no Centro da cidade de Baturit\u00e9, localizada no interior do estado do Cear\u00e1, resultando na perda de&#8230;<\/p>\n","protected":false},"author":1,"featured_media":27279,"comment_status":"open","ping_status":"open","sticky":false,"template":"","format":"standard","meta":{"advanced_seo_description":"","jetpack_seo_html_title":"","jetpack_seo_noindex":false,"jetpack_post_was_ever_published":false,"_jetpack_newsletter_access":"","_jetpack_dont_email_post_to_subs":false,"_jetpack_newsletter_tier_id":0,"_jetpack_memberships_contains_paywalled_content":false,"_jetpack_memberships_contains_paid_content":false,"footnotes":"","jetpack_publicize_message":"","jetpack_publicize_feature_enabled":true,"jetpack_social_post_already_shared":true,"jetpack_social_options":{"image_generator_settings":{"template":"highway","default_image_id":0,"font":"","enabled":false},"version":2}},"categories":[1],"tags":[],"class_list":["post-27278","post","type-post","status-publish","format-standard","has-post-thumbnail","hentry","category-blog"],"jetpack_publicize_connections":[],"jetpack_featured_media_url":"https:\/\/i0.wp.com\/noticiasribeiraopreto.com.br\/wp-content\/uploads\/2024\/01\/postimg-65a07a0c82c683638.jpg?fit=1200%2C628&ssl=1","jetpack-related-posts":[{"id":27658,"url":"https:\/\/noticiasribeiraopreto.com.br\/index.php\/2024\/01\/12\/gravissimo-acidente-mata-pai-mae-filho-e-cunhado-na-ba\/","url_meta":{"origin":27278,"position":0},"title":"Grav\u00edssimo acidente mata pai, m\u00e3e, filho e cunhado na BA","author":"noticiasribeiraopreto.com.br","date":"12 de January de 2024","format":false,"excerpt":"Uma trag\u00e9dia chocante ocorreu na BR-116, entre as cidades de Po\u00e7\u00f5es e Planalto, na Bahia, deixando uma comunidade inteira em luto. Quatro membros de uma mesma fam\u00edlia, que viajavam de S\u00e3o Paulo para Sergipe, perderam suas vidas em um acidente devastador.O grupo, composto por Maria Tainara de Oliveira Carvalho (m\u00e3e),\u2026","rel":"","context":"In &quot;Blog&quot;","block_context":{"text":"Blog","link":"https:\/\/noticiasribeiraopreto.com.br\/index.php\/category\/blog\/"},"img":{"alt_text":"","src":"https:\/\/i0.wp.com\/noticiasribeiraopreto.com.br\/wp-content\/uploads\/2024\/01\/postimg-65a1c82012d342582.jpg?fit=1200%2C628&ssl=1&resize=350%2C200","width":350,"height":200,"srcset":"https:\/\/i0.wp.com\/noticiasribeiraopreto.com.br\/wp-content\/uploads\/2024\/01\/postimg-65a1c82012d342582.jpg?fit=1200%2C628&ssl=1&resize=350%2C200 1x, https:\/\/i0.wp.com\/noticiasribeiraopreto.com.br\/wp-content\/uploads\/2024\/01\/postimg-65a1c82012d342582.jpg?fit=1200%2C628&ssl=1&resize=525%2C300 1.5x, https:\/\/i0.wp.com\/noticiasribeiraopreto.com.br\/wp-content\/uploads\/2024\/01\/postimg-65a1c82012d342582.jpg?fit=1200%2C628&ssl=1&resize=700%2C400 2x, https:\/\/i0.wp.com\/noticiasribeiraopreto.com.br\/wp-content\/uploads\/2024\/01\/postimg-65a1c82012d342582.jpg?fit=1200%2C628&ssl=1&resize=1050%2C600 3x"},"classes":[]},{"id":19019,"url":"https:\/\/noticiasribeiraopreto.com.br\/index.php\/2023\/12\/21\/tragico-acidente-de-caminhao-na-br-277-tira-a-vida-de-pai-e-filho-mae-e-esposa-se-pronunciou-em-recado-comovente\/","url_meta":{"origin":27278,"position":1},"title":"Tr\u00e1gico acidente de caminh\u00e3o na BR-277 tira a vida de pai e filho; m\u00e3e e esposa se pronunciou em recado comovente","author":"noticiasribeiraopreto.com.br","date":"21 de December de 2023","format":false,"excerpt":"A regi\u00e3o de Prudent\u00f3polis, localizada no centro do Paran\u00e1, est\u00e1 lamentando a tr\u00e1gica not\u00edcia do falecimento do pequeno Joaquim Gael, de apenas 8 anos de idade, que foi v\u00edtima de um tr\u00e1gico acidente de caminh\u00e3o na BR-277.A triste situa\u00e7\u00e3o aconteceu nesta \u00faltima quarta-feira, dia 20 de dezembro, resultando na perda\u2026","rel":"","context":"In &quot;Blog&quot;","block_context":{"text":"Blog","link":"https:\/\/noticiasribeiraopreto.com.br\/index.php\/category\/blog\/"},"img":{"alt_text":"","src":"https:\/\/i0.wp.com\/noticiasribeiraopreto.com.br\/wp-content\/uploads\/2023\/12\/postimg-658470fd112106217.jpg?fit=1200%2C628&ssl=1&resize=350%2C200","width":350,"height":200,"srcset":"https:\/\/i0.wp.com\/noticiasribeiraopreto.com.br\/wp-content\/uploads\/2023\/12\/postimg-658470fd112106217.jpg?fit=1200%2C628&ssl=1&resize=350%2C200 1x, https:\/\/i0.wp.com\/noticiasribeiraopreto.com.br\/wp-content\/uploads\/2023\/12\/postimg-658470fd112106217.jpg?fit=1200%2C628&ssl=1&resize=525%2C300 1.5x, https:\/\/i0.wp.com\/noticiasribeiraopreto.com.br\/wp-content\/uploads\/2023\/12\/postimg-658470fd112106217.jpg?fit=1200%2C628&ssl=1&resize=700%2C400 2x, https:\/\/i0.wp.com\/noticiasribeiraopreto.com.br\/wp-content\/uploads\/2023\/12\/postimg-658470fd112106217.jpg?fit=1200%2C628&ssl=1&resize=1050%2C600 3x"},"classes":[]},{"id":28870,"url":"https:\/\/noticiasribeiraopreto.com.br\/index.php\/2024\/01\/16\/quem-eram-mae-e-filho-que-perderam-a-vida-em-grave-acidente-na-br-282\/","url_meta":{"origin":27278,"position":2},"title":"Quem eram m\u00e3e e filho que perderam a vida em grave acidente na BR-282","author":"noticiasribeiraopreto.com.br","date":"16 de January de 2024","format":false,"excerpt":"No fim da manh\u00e3 desta ter\u00e7a-feira (16), um grave acidente que teve como cen\u00e1rio a rodovia BR-282, que provocou uma enorme trag\u00e9dia deixando uma fam\u00edlia de luto.O acidente envolvendo um carro e um caminh\u00e3o na BR-282, na altura do munic\u00edpio de Ponte Serrada, que fica localizado no interior do estado\u2026","rel":"","context":"In &quot;Blog&quot;","block_context":{"text":"Blog","link":"https:\/\/noticiasribeiraopreto.com.br\/index.php\/category\/blog\/"},"img":{"alt_text":"","src":"https:\/\/i0.wp.com\/noticiasribeiraopreto.com.br\/wp-content\/uploads\/2024\/01\/postimg-65a722b4e05c58716.jpg?fit=1200%2C628&ssl=1&resize=350%2C200","width":350,"height":200,"srcset":"https:\/\/i0.wp.com\/noticiasribeiraopreto.com.br\/wp-content\/uploads\/2024\/01\/postimg-65a722b4e05c58716.jpg?fit=1200%2C628&ssl=1&resize=350%2C200 1x, https:\/\/i0.wp.com\/noticiasribeiraopreto.com.br\/wp-content\/uploads\/2024\/01\/postimg-65a722b4e05c58716.jpg?fit=1200%2C628&ssl=1&resize=525%2C300 1.5x, https:\/\/i0.wp.com\/noticiasribeiraopreto.com.br\/wp-content\/uploads\/2024\/01\/postimg-65a722b4e05c58716.jpg?fit=1200%2C628&ssl=1&resize=700%2C400 2x, https:\/\/i0.wp.com\/noticiasribeiraopreto.com.br\/wp-content\/uploads\/2024\/01\/postimg-65a722b4e05c58716.jpg?fit=1200%2C628&ssl=1&resize=1050%2C600 3x"},"classes":[]},{"id":17240,"url":"https:\/\/noticiasribeiraopreto.com.br\/index.php\/2023\/12\/17\/quem-sao-mae-e-filho-que-perderam-a-vida-em-acidente-tragico-velorio-e-sepultamento-foi-marcado-por-grande-comocao\/","url_meta":{"origin":27278,"position":3},"title":"Quem s\u00e3o m\u00e3e e filho que perderam a vida em acidente tr\u00e1gico, vel\u00f3rio e sepultamento foi marcado por grande como\u00e7\u00e3o","author":"noticiasribeiraopreto.com.br","date":"17 de December de 2023","format":false,"excerpt":"Uma trag\u00e9dia ocorreu na tarde desta da \u00faltima sexta-feira (15) com a colis\u00e3o frontal entre um caminh\u00e3o e uma caminhonete na rodovia RO-460, em processo de asfaltamento no munic\u00edpio de Buritis, localizado no interior de Rond\u00f4nia, que fica na regi\u00e3o Vale do Jamari, resultando na perda de duas vidas.De acordo\u2026","rel":"","context":"In &quot;Blog&quot;","block_context":{"text":"Blog","link":"https:\/\/noticiasribeiraopreto.com.br\/index.php\/category\/blog\/"},"img":{"alt_text":"","src":"https:\/\/i0.wp.com\/noticiasribeiraopreto.com.br\/wp-content\/uploads\/2023\/12\/postimg-657f85f5652382634.jpg?fit=1200%2C628&ssl=1&resize=350%2C200","width":350,"height":200,"srcset":"https:\/\/i0.wp.com\/noticiasribeiraopreto.com.br\/wp-content\/uploads\/2023\/12\/postimg-657f85f5652382634.jpg?fit=1200%2C628&ssl=1&resize=350%2C200 1x, https:\/\/i0.wp.com\/noticiasribeiraopreto.com.br\/wp-content\/uploads\/2023\/12\/postimg-657f85f5652382634.jpg?fit=1200%2C628&ssl=1&resize=525%2C300 1.5x, https:\/\/i0.wp.com\/noticiasribeiraopreto.com.br\/wp-content\/uploads\/2023\/12\/postimg-657f85f5652382634.jpg?fit=1200%2C628&ssl=1&resize=700%2C400 2x, https:\/\/i0.wp.com\/noticiasribeiraopreto.com.br\/wp-content\/uploads\/2023\/12\/postimg-657f85f5652382634.jpg?fit=1200%2C628&ssl=1&resize=1050%2C600 3x"},"classes":[]},{"id":79522,"url":"https:\/\/noticiasribeiraopreto.com.br\/index.php\/2025\/11\/03\/video-caminhao-desgovernado-invade-casa-em-franca\/","url_meta":{"origin":27278,"position":4},"title":"V\u00cdDEO: Caminh\u00e3o desgovernado invade casa em Franca","author":"noticiasribeiraopreto.com.br","date":"3 de November de 2025","format":false,"excerpt":"3 de novembro de 2025 13:524 Compartilhar0 \u00a0 Um caminh\u00e3o invadiu uma casa na manh\u00e3 desta segunda-feira (3), no bairro Jardim S\u00e3o Luiz, em Franca (SP), na regi\u00e3o de Ribeir\u00e3o Preto (SP). Dois v\u00eddeos de c\u00e2meras de seguran\u00e7a mostram o ve\u00edculo sendo consertado por dois homens e em determinado momento\u2026","rel":"","context":"In &quot;Not\u00edcias de Ribeir\u00e3o Preto-SP e Regi\u00e3o&quot;","block_context":{"text":"Not\u00edcias de Ribeir\u00e3o Preto-SP e Regi\u00e3o","link":"https:\/\/noticiasribeiraopreto.com.br\/index.php\/category\/noticias-de-ribeirao-preto-sp-e-regiao-ismael-colosi\/"},"img":{"alt_text":"","src":"https:\/\/i0.wp.com\/noticiasribeiraopreto.com.br\/wp-content\/uploads\/2025\/11\/cam_franca.jpeg?fit=741%2C423&ssl=1&resize=350%2C200","width":350,"height":200,"srcset":"https:\/\/i0.wp.com\/noticiasribeiraopreto.com.br\/wp-content\/uploads\/2025\/11\/cam_franca.jpeg?fit=741%2C423&ssl=1&resize=350%2C200 1x, https:\/\/i0.wp.com\/noticiasribeiraopreto.com.br\/wp-content\/uploads\/2025\/11\/cam_franca.jpeg?fit=741%2C423&ssl=1&resize=525%2C300 1.5x, https:\/\/i0.wp.com\/noticiasribeiraopreto.com.br\/wp-content\/uploads\/2025\/11\/cam_franca.jpeg?fit=741%2C423&ssl=1&resize=700%2C400 2x"},"classes":[]},{"id":62682,"url":"https:\/\/noticiasribeiraopreto.com.br\/index.php\/2025\/01\/21\/moto-pega-fogo-apos-acidente-com-caminhao-veja-video\/","url_meta":{"origin":27278,"position":5},"title":"Moto pega fogo ap\u00f3s acidente com caminh\u00e3o; Veja v\u00eddeo","author":"noticiasribeiraopreto.com.br","date":"21 de January de 2025","format":false,"excerpt":"Um motociclista ficou gravemente ferido ap\u00f3s se envolver em um acidente com um caminh\u00e3o na manh\u00e3 desta ter\u00e7a-feira (21), em Barretos, cidade a cerca de 12 quil\u00f4metros de Ribeir\u00e3o Preto. A moto chegou a pegar fogo com o impacto da colis\u00e3o \u2013 veja o v\u00eddeo abaixo. O acidente aconteceu no\u2026","rel":"","context":"In &quot;Not\u00edcias de Ribeir\u00e3o Preto-SP e Regi\u00e3o&quot;","block_context":{"text":"Not\u00edcias de Ribeir\u00e3o Preto-SP e Regi\u00e3o","link":"https:\/\/noticiasribeiraopreto.com.br\/index.php\/category\/noticias-de-ribeirao-preto-sp-e-regiao-ismael-colosi\/"},"img":{"alt_text":"","src":"https:\/\/i0.wp.com\/noticiasribeiraopreto.com.br\/wp-content\/uploads\/2025\/01\/Copia-de-Copia-de-Copia-de-TAMANHO-EXATO-PARA-FOTOS-NO-SISTEMA-NOVO-2025-01-21T181747.211_2025-01-21_21-17-52_png_2025-01-21_21-17-53.webp.webp?fit=1200%2C675&ssl=1&resize=350%2C200","width":350,"height":200,"srcset":"https:\/\/i0.wp.com\/noticiasribeiraopreto.com.br\/wp-content\/uploads\/2025\/01\/Copia-de-Copia-de-Copia-de-TAMANHO-EXATO-PARA-FOTOS-NO-SISTEMA-NOVO-2025-01-21T181747.211_2025-01-21_21-17-52_png_2025-01-21_21-17-53.webp.webp?fit=1200%2C675&ssl=1&resize=350%2C200 1x, https:\/\/i0.wp.com\/noticiasribeiraopreto.com.br\/wp-content\/uploads\/2025\/01\/Copia-de-Copia-de-Copia-de-TAMANHO-EXATO-PARA-FOTOS-NO-SISTEMA-NOVO-2025-01-21T181747.211_2025-01-21_21-17-52_png_2025-01-21_21-17-53.webp.webp?fit=1200%2C675&ssl=1&resize=525%2C300 1.5x, https:\/\/i0.wp.com\/noticiasribeiraopreto.com.br\/wp-content\/uploads\/2025\/01\/Copia-de-Copia-de-Copia-de-TAMANHO-EXATO-PARA-FOTOS-NO-SISTEMA-NOVO-2025-01-21T181747.211_2025-01-21_21-17-52_png_2025-01-21_21-17-53.webp.webp?fit=1200%2C675&ssl=1&resize=700%2C400 2x, https:\/\/i0.wp.com\/noticiasribeiraopreto.com.br\/wp-content\/uploads\/2025\/01\/Copia-de-Copia-de-Copia-de-TAMANHO-EXATO-PARA-FOTOS-NO-SISTEMA-NOVO-2025-01-21T181747.211_2025-01-21_21-17-52_png_2025-01-21_21-17-53.webp.webp?fit=1200%2C675&ssl=1&resize=1050%2C600 3x"},"classes":[]}],"jetpack_sharing_enabled":true,"jetpack_shortlink":"https:\/\/wp.me\/peQAOb-75Y","_links":{"self":[{"href":"https:\/\/noticiasribeiraopreto.com.br\/index.php\/wp-json\/wp\/v2\/posts\/27278","targetHints":{"allow":["GET"]}}],"collection":[{"href":"https:\/\/noticiasribeiraopreto.com.br\/index.php\/wp-json\/wp\/v2\/posts"}],"about":[{"href":"https:\/\/noticiasribeiraopreto.com.br\/index.php\/wp-json\/wp\/v2\/types\/post"}],"author":[{"embeddable":true,"href":"https:\/\/noticiasribeiraopreto.com.br\/index.php\/wp-json\/wp\/v2\/users\/1"}],"replies":[{"embeddable":true,"href":"https:\/\/noticiasribeiraopreto.com.br\/index.php\/wp-json\/wp\/v2\/comments?post=27278"}],"version-history":[{"count":0,"href":"https:\/\/noticiasribeiraopreto.com.br\/index.php\/wp-json\/wp\/v2\/posts\/27278\/revisions"}],"wp:featuredmedia":[{"embeddable":true,"href":"https:\/\/noticiasribeiraopreto.com.br\/index.php\/wp-json\/wp\/v2\/media\/27279"}],"wp:attachment":[{"href":"https:\/\/noticiasribeiraopreto.com.br\/index.php\/wp-json\/wp\/v2\/media?parent=27278"}],"wp:term":[{"taxonomy":"category","embeddable":true,"href":"https:\/\/noticiasribeiraopreto.com.br\/index.php\/wp-json\/wp\/v2\/categories?post=27278"},{"taxonomy":"post_tag","embeddable":true,"href":"https:\/\/noticiasribeiraopreto.com.br\/index.php\/wp-json\/wp\/v2\/tags?post=27278"}],"curies":[{"name":"wp","href":"https:\/\/api.w.org\/{rel}","templated":true}]}}