{"id":27369,"date":"2024-01-12T02:46:24","date_gmt":"2024-01-12T05:46:24","guid":{"rendered":"https:\/\/noticiasribeiraopreto.com.br\/index.php\/2024\/01\/12\/hipermercado-anuncia-fechamento-de-loja-em-shopping-de-ribeirao-preto\/"},"modified":"2024-01-12T02:46:24","modified_gmt":"2024-01-12T05:46:24","slug":"hipermercado-anuncia-fechamento-de-loja-em-shopping-de-ribeirao-preto","status":"publish","type":"post","link":"https:\/\/noticiasribeiraopreto.com.br\/index.php\/2024\/01\/12\/hipermercado-anuncia-fechamento-de-loja-em-shopping-de-ribeirao-preto\/","title":{"rendered":"Hipermercado anuncia fechamento de loja em shopping de Ribeir\u00e3o Preto"},"content":{"rendered":"<div class='code-block code-block-1' style='margin: 8px 0 8px auto; text-align: right; display: block; clear: both;'>\n<p><a href=\"https:\/\/wa.link\/vpicfd\"><img data-recalc-dims=\"1\" class=\"wp-image-4922\" style=\"aspect-ratio: 2.0253164556962027; width: 561px; height: auto;\" src=\"https:\/\/i0.wp.com\/ismaelcolosi.com.br\/wp-content\/uploads\/2023\/11\/grupo-de-empregos-whatsapp-e-facebook-ismael-colosi-vagas.jpg?ssl=1\" alt=\"\" \/><\/a><\/p>\n<!-- \/wp:image -->\n<\/div>\n<p> <br \/>\n<\/p>\n<div>\n<p>A loja da rede de hipermercados <strong>Carrefour<\/strong> do <strong>Novo Shopping<\/strong>, na zona Leste de <strong>Ribeir\u00e3o Preto<\/strong>, vai fechar no fim do m\u00eas de janeiro. Uma placa informando o encerramento das atividades aos clientes j\u00e1 foi colocada no estabelecimento.<\/p>\n<p>Segundo o comunicado,<mark style=\"background-color:#fcb900\" class=\"has-inline-color has-black-color\"> a loja vai fechar no dia 31 de janeiro.<\/mark> No aviso ainda informa que a partir desta data, os clientes poder\u00e3o continuar a frequentar as lojas do <strong>Ribeir\u00e3o Shopping<\/strong> e da <strong>Via Norte<\/strong>. A rede de hipermercados ainda conta com uma<strong> unidade do Carrefour Bairro, no Centro<\/strong>, que fica na rua Rui Barbosa.<\/p>\n<p>J\u00e1 os lojistas que t\u00eam lojas na galeria em frente ao Carrefour, foram notificados para desocuparem os espa\u00e7os at\u00e9 o dia 28.<\/p>\n<figure class=\"wp-block-image size-large\"><figcaption class=\"wp-element-caption\">Cartaz anuncia fechamento de loja do Carrefour em Ribeir\u00e3o Preto (Foto: arquivo pessoal)<\/figcaption><\/figure>\n<h4 class=\"wp-block-heading\"><strong>O que dizem?<\/strong><\/h4>\n<p>Procurado, o Novo Shopping informou que n\u00e3o fala sobre contratos de loca\u00e7\u00e3o. <\/p>\n<p>Em nota, o <strong>Grupo Carrefour Brasil <\/strong>informou que est\u00e1 em \u201cprocesso de revis\u00e3o do seu portf\u00f3lio como forma de otimizar a rede de lojas de seu ecossistema\u201d. Por isso, algumas lojas ser\u00e3o convertidas para outros formatos e tamb\u00e9m est\u00e3o previstos alguns fechamentos.<\/p>\n<p>\u201cComo um dos maiores empregadores do pa\u00eds, entendemos nossa responsabilidade e estamos lidando com a aten\u00e7\u00e3o e com o zelo que a situa\u00e7\u00e3o dos colaboradores merece\u201d, afirma.<\/p>\n<p>\u201cReafirmamos o compromisso da rede com o munic\u00edpio de Ribeir\u00e3o Preto e regi\u00e3o, uma pra\u00e7a de extrema import\u00e2ncia para nossos neg\u00f3cios, e que continuar\u00e1 contando com a presen\u00e7a do Grupo Carrefour Brasil com os formatos de Varejo, Cash&amp;Carry e Clube de Compras\u201d, completa.<\/p>\n<p>VEJA TAMB\u00c9M<br \/>TJ-SP mant\u00e9m valor da passagem do \u00f4nibus em Ribeir\u00e3o Preto<\/p>\n<h4 class=\"wp-block-heading\"><strong>FIQUE ON<\/strong><\/h4>\n<p>Fique ligado em tudo que acontece em Ribeir\u00e3o Preto e regi\u00e3o. Siga os perfis do<strong> acidade on <\/strong>no <a href=\"https:\/\/www.instagram.com\/acidadeonribeirao\" target=\"_blank\" rel=\"noreferrer noopener nofollow\">Instagram <\/a>e no <a href=\"https:\/\/www.facebook.com\/acidadeonribeirao\" target=\"_blank\" rel=\"noreferrer noopener nofollow\">Facebook.<\/a><\/p>\n<p>Receba not\u00edcias do <strong>acidade on <\/strong>no WhatsApp. <a href=\"https:\/\/chat.whatsapp.com\/Bnv2w66ZT4VDyZW3oiZ69n\" target=\"_blank\" rel=\"noreferrer noopener nofollow\">Para entrar no grupo, basta clicar aqui.<\/a><\/p>\n<p>Fa\u00e7a uma den\u00fancia ou sugira uma reportagem sobre a Ribeir\u00e3o Preto e regi\u00e3o pelo WhatsApp: (16) 99117 7802.<\/p>\n<p><!-- AI CONTENT END 1 -->\n<\/div>\n<p><script async src=\"\/\/www.instagram.com\/embed.js\"><\/script><br \/>\n<br \/><br \/>\n<br \/><a href=\"https:\/\/www.acidadeon.com\/ribeiraopreto\/economia\/hipermercado-anuncia-fechamento-de-loja-em-shopping-de-ribeirao-preto\/\">Source link <\/a><\/p>\n<!-- CONTENT END 1 -->\n","protected":false},"excerpt":{"rendered":"<p>A loja da rede de hipermercados Carrefour do Novo Shopping, na zona Leste de Ribeir\u00e3o Preto, vai fechar no fim do m\u00eas de janeiro. Uma&#8230;<\/p>\n","protected":false},"author":1,"featured_media":27370,"comment_status":"open","ping_status":"open","sticky":false,"template":"","format":"standard","meta":{"advanced_seo_description":"","jetpack_seo_html_title":"","jetpack_seo_noindex":false,"jetpack_post_was_ever_published":false,"_jetpack_newsletter_access":"","_jetpack_dont_email_post_to_subs":false,"_jetpack_newsletter_tier_id":0,"_jetpack_memberships_contains_paywalled_content":false,"_jetpack_memberships_contains_paid_content":false,"footnotes":"","jetpack_publicize_message":"","jetpack_publicize_feature_enabled":true,"jetpack_social_post_already_shared":true,"jetpack_social_options":{"image_generator_settings":{"template":"highway","default_image_id":0,"font":"","enabled":false},"version":2}},"categories":[11],"tags":[175,3425,3424,1591,27,26,302],"class_list":["post-27369","post","type-post","status-publish","format-standard","has-post-thumbnail","hentry","category-noticias-de-ribeirao-preto-sp-e-regiao-ismael-colosi","tag-anuncia","tag-fechamento","tag-hipermercado","tag-loja","tag-preto","tag-ribeirao","tag-shopping"],"jetpack_publicize_connections":[],"jetpack_featured_media_url":"https:\/\/i0.wp.com\/noticiasribeiraopreto.com.br\/wp-content\/uploads\/2024\/01\/carrefour.jpg?fit=1200%2C799&ssl=1","jetpack-related-posts":[{"id":60808,"url":"https:\/\/noticiasribeiraopreto.com.br\/index.php\/2024\/11\/26\/vai-faltar-carne-no-carrefour-rede-relata-desabastecimento-no-atacadao\/","url_meta":{"origin":27369,"position":0},"title":"Vai faltar carne no Carrefour? Rede relata desabastecimento no Atacad\u00e3o","author":"noticiasribeiraopreto.com.br","date":"26 de November de 2024","format":false,"excerpt":"O Carrefour Brasil publicou fato relevante ao mercado nesta ter\u00e7a-feira (26) que tem enfrentado desabastecimento de alguns cortes de carnes nas lojas da bandeira Atacad\u00e3o. Isso porque, desde a \u00faltima quinta-feira (21) as entregas de carne bovina nas lojas do grupo n\u00e3o ocorreram conforme programadas. A empresa destaca, no entanto,\u2026","rel":"","context":"In &quot;Not\u00edcias de Ribeir\u00e3o Preto-SP e Regi\u00e3o&quot;","block_context":{"text":"Not\u00edcias de Ribeir\u00e3o Preto-SP e Regi\u00e3o","link":"https:\/\/noticiasribeiraopreto.com.br\/index.php\/category\/noticias-de-ribeirao-preto-sp-e-regiao-ismael-colosi\/"},"img":{"alt_text":"","src":"https:\/\/i0.wp.com\/noticiasribeiraopreto.com.br\/wp-content\/uploads\/2024\/11\/carnes_2024-11-26_13-30-32_jpg_2024-11-26_13-30-32.webp.webp?fit=1200%2C800&ssl=1&resize=350%2C200","width":350,"height":200,"srcset":"https:\/\/i0.wp.com\/noticiasribeiraopreto.com.br\/wp-content\/uploads\/2024\/11\/carnes_2024-11-26_13-30-32_jpg_2024-11-26_13-30-32.webp.webp?fit=1200%2C800&ssl=1&resize=350%2C200 1x, https:\/\/i0.wp.com\/noticiasribeiraopreto.com.br\/wp-content\/uploads\/2024\/11\/carnes_2024-11-26_13-30-32_jpg_2024-11-26_13-30-32.webp.webp?fit=1200%2C800&ssl=1&resize=525%2C300 1.5x, https:\/\/i0.wp.com\/noticiasribeiraopreto.com.br\/wp-content\/uploads\/2024\/11\/carnes_2024-11-26_13-30-32_jpg_2024-11-26_13-30-32.webp.webp?fit=1200%2C800&ssl=1&resize=700%2C400 2x, https:\/\/i0.wp.com\/noticiasribeiraopreto.com.br\/wp-content\/uploads\/2024\/11\/carnes_2024-11-26_13-30-32_jpg_2024-11-26_13-30-32.webp.webp?fit=1200%2C800&ssl=1&resize=1050%2C600 3x"},"classes":[]},{"id":60770,"url":"https:\/\/noticiasribeiraopreto.com.br\/index.php\/2024\/11\/25\/rede-de-hipermercados-e-atacados-confirma-suspensao-no-fornecimento-de-carne-entenda\/","url_meta":{"origin":27369,"position":1},"title":"Rede de hipermercados e atacados confirma suspens\u00e3o no fornecimento de carne; Entenda","author":"noticiasribeiraopreto.com.br","date":"25 de November de 2024","format":false,"excerpt":"O Grupo Carrefour Brasil, formado por Carrefour, Atacad\u00e3o e Sam\u2019s Club reconheceu nesta segunda-feira (25) os impactos provocados pela ruptura de fornecimento de carnes pela ind\u00fastria nacional, ap\u00f3s grandes frigor\u00edficos interromperem a entrega de produtos \u00e0s unidades do grupo no Pa\u00eds. \u201cInfelizmente, a decis\u00e3o pela suspens\u00e3o do fornecimento de carne\u2026","rel":"","context":"In &quot;Not\u00edcias de Ribeir\u00e3o Preto-SP e Regi\u00e3o&quot;","block_context":{"text":"Not\u00edcias de Ribeir\u00e3o Preto-SP e Regi\u00e3o","link":"https:\/\/noticiasribeiraopreto.com.br\/index.php\/category\/noticias-de-ribeirao-preto-sp-e-regiao-ismael-colosi\/"},"img":{"alt_text":"","src":"https:\/\/i0.wp.com\/noticiasribeiraopreto.com.br\/wp-content\/uploads\/2024\/11\/CARNE.jpg?fit=1200%2C801&ssl=1&resize=350%2C200","width":350,"height":200,"srcset":"https:\/\/i0.wp.com\/noticiasribeiraopreto.com.br\/wp-content\/uploads\/2024\/11\/CARNE.jpg?fit=1200%2C801&ssl=1&resize=350%2C200 1x, https:\/\/i0.wp.com\/noticiasribeiraopreto.com.br\/wp-content\/uploads\/2024\/11\/CARNE.jpg?fit=1200%2C801&ssl=1&resize=525%2C300 1.5x, https:\/\/i0.wp.com\/noticiasribeiraopreto.com.br\/wp-content\/uploads\/2024\/11\/CARNE.jpg?fit=1200%2C801&ssl=1&resize=700%2C400 2x, https:\/\/i0.wp.com\/noticiasribeiraopreto.com.br\/wp-content\/uploads\/2024\/11\/CARNE.jpg?fit=1200%2C801&ssl=1&resize=1050%2C600 3x"},"classes":[]},{"id":21421,"url":"https:\/\/noticiasribeiraopreto.com.br\/index.php\/2023\/12\/27\/fim-de-uma-era-carrefour-anuncia-encerramento-de-operacoes-com-mega-saldao-de-despedida\/","url_meta":{"origin":27369,"position":2},"title":"Fim de uma era! Carrefour anuncia encerramento de opera\u00e7\u00f5es com MEGA SALD\u00c3O de despedida","author":"noticiasribeiraopreto.com.br","date":"27 de December de 2023","format":false,"excerpt":"Foto: Canva No \u00faltimo domingo (24), as unidades do Carrefour localizadas na Maraponga e no bairro de F\u00e1tima, em Fortaleza, vivenciaram uma movimenta\u00e7\u00e3o excepcionalmente intensa. Esse aumento no fluxo de clientes foi impulsionado pelo mega sald\u00e3o e a queima de estoque promovidos pela empresa. Este evento ocorre em um contexto\u2026","rel":"","context":"In &quot;Vagas de Emprego em Ribeir\u00e3o Preto-SP&quot;","block_context":{"text":"Vagas de Emprego em Ribeir\u00e3o Preto-SP","link":"https:\/\/noticiasribeiraopreto.com.br\/index.php\/category\/empregos-classificados-vagas-trabalho\/vagas-de-empregos-em-ribeirao-preto-regiao-brasil\/"},"img":{"alt_text":"","src":"https:\/\/i0.wp.com\/noticiasribeiraopreto.com.br\/wp-content\/uploads\/2023\/12\/Fim-de-uma-era-Carrefour-anuncia-encerramento-de-operacoes-com-MEGA-SALDAO-de-despedida-830x450.jpg?fit=830%2C450&ssl=1&resize=350%2C200","width":350,"height":200,"srcset":"https:\/\/i0.wp.com\/noticiasribeiraopreto.com.br\/wp-content\/uploads\/2023\/12\/Fim-de-uma-era-Carrefour-anuncia-encerramento-de-operacoes-com-MEGA-SALDAO-de-despedida-830x450.jpg?fit=830%2C450&ssl=1&resize=350%2C200 1x, https:\/\/i0.wp.com\/noticiasribeiraopreto.com.br\/wp-content\/uploads\/2023\/12\/Fim-de-uma-era-Carrefour-anuncia-encerramento-de-operacoes-com-MEGA-SALDAO-de-despedida-830x450.jpg?fit=830%2C450&ssl=1&resize=525%2C300 1.5x, https:\/\/i0.wp.com\/noticiasribeiraopreto.com.br\/wp-content\/uploads\/2023\/12\/Fim-de-uma-era-Carrefour-anuncia-encerramento-de-operacoes-com-MEGA-SALDAO-de-despedida-830x450.jpg?fit=830%2C450&ssl=1&resize=700%2C400 2x"},"classes":[]},{"id":18631,"url":"https:\/\/noticiasribeiraopreto.com.br\/index.php\/2023\/12\/20\/vagas-de-emprego-no-carrefour-em-ribeirao-preto-sp\/","url_meta":{"origin":27369,"position":3},"title":"Vagas de emprego no Carrefour em Ribeir\u00e3o Preto-SP","author":"noticiasribeiraopreto.com.br","date":"20 de December de 2023","format":false,"excerpt":"Sobre a empresa Somos l\u00edderes no mercado brasileiro de varejo alimentar, com bandeiras e marcas devidamente estabelecidas e reconhecidas pelos consumidores brasileiros. Possu\u00edmos mais de quinhentos pontos de vendas, presentes em todos os estados, entre hipermercados, supermercados, lojas de proximidade, atacados, e-commerce, postos de combust\u00edveis e drogarias. H\u00e1 mais de\u2026","rel":"","context":"In &quot;Vagas de Emprego em Ribeir\u00e3o Preto-SP&quot;","block_context":{"text":"Vagas de Emprego em Ribeir\u00e3o Preto-SP","link":"https:\/\/noticiasribeiraopreto.com.br\/index.php\/category\/empregos-classificados-vagas-trabalho\/vagas-de-empregos-em-ribeirao-preto-regiao-brasil\/"},"img":{"alt_text":"","src":"https:\/\/i0.wp.com\/noticiasribeiraopreto.com.br\/wp-content\/uploads\/2023\/12\/WhatsApp-Image-2022-05-12-at-14.36.49.jpeg?fit=1200%2C628&ssl=1&resize=350%2C200","width":350,"height":200,"srcset":"https:\/\/i0.wp.com\/noticiasribeiraopreto.com.br\/wp-content\/uploads\/2023\/12\/WhatsApp-Image-2022-05-12-at-14.36.49.jpeg?fit=1200%2C628&ssl=1&resize=350%2C200 1x, https:\/\/i0.wp.com\/noticiasribeiraopreto.com.br\/wp-content\/uploads\/2023\/12\/WhatsApp-Image-2022-05-12-at-14.36.49.jpeg?fit=1200%2C628&ssl=1&resize=525%2C300 1.5x, https:\/\/i0.wp.com\/noticiasribeiraopreto.com.br\/wp-content\/uploads\/2023\/12\/WhatsApp-Image-2022-05-12-at-14.36.49.jpeg?fit=1200%2C628&ssl=1&resize=700%2C400 2x, https:\/\/i0.wp.com\/noticiasribeiraopreto.com.br\/wp-content\/uploads\/2023\/12\/WhatsApp-Image-2022-05-12-at-14.36.49.jpeg?fit=1200%2C628&ssl=1&resize=1050%2C600 3x"},"classes":[]},{"id":22718,"url":"https:\/\/noticiasribeiraopreto.com.br\/index.php\/2023\/12\/30\/vagas-para-jovem-aprendiz-no-carrefour-de-ribeirao-preto-sp-4\/","url_meta":{"origin":27369,"position":4},"title":"Vagas para Jovem APrendiz no Carrefour de Ribeir\u00e3o Preto-SP","author":"noticiasribeiraopreto.com.br","date":"30 de December de 2023","format":false,"excerpt":"Sobre a empresa Somos l\u00edderes no mercado brasileiro de varejo alimentar, com bandeiras e marcas devidamente estabelecidas e reconhecidas pelos consumidores brasileiros. Possu\u00edmos mais de quinhentos pontos de vendas, presentes em todos os estados, entre hipermercados, supermercados, lojas de proximidade, atacados, e-commerce, postos de combust\u00edveis e drogarias. H\u00e1 mais de\u2026","rel":"","context":"In &quot;Vagas de Emprego em Ribeir\u00e3o Preto-SP&quot;","block_context":{"text":"Vagas de Emprego em Ribeir\u00e3o Preto-SP","link":"https:\/\/noticiasribeiraopreto.com.br\/index.php\/category\/empregos-classificados-vagas-trabalho\/vagas-de-empregos-em-ribeirao-preto-regiao-brasil\/"},"img":{"alt_text":"","src":"","width":0,"height":0},"classes":[]},{"id":23658,"url":"https:\/\/noticiasribeiraopreto.com.br\/index.php\/2024\/01\/02\/vagas-para-jovem-aprendiz-no-carrefour-de-ribeirao-preto-sp-5\/","url_meta":{"origin":27369,"position":5},"title":"Vagas para Jovem APrendiz no Carrefour de Ribeir\u00e3o Preto-SP","author":"noticiasribeiraopreto.com.br","date":"2 de January de 2024","format":false,"excerpt":"Sobre a empresa Somos l\u00edderes no mercado brasileiro de varejo alimentar, com bandeiras e marcas devidamente estabelecidas e reconhecidas pelos consumidores brasileiros. Possu\u00edmos mais de quinhentos pontos de vendas, presentes em todos os estados, entre hipermercados, supermercados, lojas de proximidade, atacados, e-commerce, postos de combust\u00edveis e drogarias. H\u00e1 mais de\u2026","rel":"","context":"In &quot;Vagas de Emprego em Ribeir\u00e3o Preto-SP&quot;","block_context":{"text":"Vagas de Emprego em Ribeir\u00e3o Preto-SP","link":"https:\/\/noticiasribeiraopreto.com.br\/index.php\/category\/empregos-classificados-vagas-trabalho\/vagas-de-empregos-em-ribeirao-preto-regiao-brasil\/"},"img":{"alt_text":"","src":"","width":0,"height":0},"classes":[]}],"jetpack_sharing_enabled":true,"jetpack_shortlink":"https:\/\/wp.me\/peQAOb-77r","_links":{"self":[{"href":"https:\/\/noticiasribeiraopreto.com.br\/index.php\/wp-json\/wp\/v2\/posts\/27369","targetHints":{"allow":["GET"]}}],"collection":[{"href":"https:\/\/noticiasribeiraopreto.com.br\/index.php\/wp-json\/wp\/v2\/posts"}],"about":[{"href":"https:\/\/noticiasribeiraopreto.com.br\/index.php\/wp-json\/wp\/v2\/types\/post"}],"author":[{"embeddable":true,"href":"https:\/\/noticiasribeiraopreto.com.br\/index.php\/wp-json\/wp\/v2\/users\/1"}],"replies":[{"embeddable":true,"href":"https:\/\/noticiasribeiraopreto.com.br\/index.php\/wp-json\/wp\/v2\/comments?post=27369"}],"version-history":[{"count":0,"href":"https:\/\/noticiasribeiraopreto.com.br\/index.php\/wp-json\/wp\/v2\/posts\/27369\/revisions"}],"wp:featuredmedia":[{"embeddable":true,"href":"https:\/\/noticiasribeiraopreto.com.br\/index.php\/wp-json\/wp\/v2\/media\/27370"}],"wp:attachment":[{"href":"https:\/\/noticiasribeiraopreto.com.br\/index.php\/wp-json\/wp\/v2\/media?parent=27369"}],"wp:term":[{"taxonomy":"category","embeddable":true,"href":"https:\/\/noticiasribeiraopreto.com.br\/index.php\/wp-json\/wp\/v2\/categories?post=27369"},{"taxonomy":"post_tag","embeddable":true,"href":"https:\/\/noticiasribeiraopreto.com.br\/index.php\/wp-json\/wp\/v2\/tags?post=27369"}],"curies":[{"name":"wp","href":"https:\/\/api.w.org\/{rel}","templated":true}]}}