{"id":27451,"date":"2024-01-12T10:27:33","date_gmt":"2024-01-12T13:27:33","guid":{"rendered":"https:\/\/noticiasribeiraopreto.com.br\/index.php\/2024\/01\/12\/licitacao-para-a-construcao-do-novo-predio-do-bom-prato-e-homologada\/"},"modified":"2024-01-12T10:27:33","modified_gmt":"2024-01-12T13:27:33","slug":"licitacao-para-a-construcao-do-novo-predio-do-bom-prato-e-homologada","status":"publish","type":"post","link":"https:\/\/noticiasribeiraopreto.com.br\/index.php\/2024\/01\/12\/licitacao-para-a-construcao-do-novo-predio-do-bom-prato-e-homologada\/","title":{"rendered":"Licita\u00e7\u00e3o para a constru\u00e7\u00e3o do novo pr\u00e9dio do Bom Prato \u00e9 homologada \u2013 Folha de Ribeir\u00e3o"},"content":{"rendered":"<div class='code-block code-block-1' style='margin: 8px 0 8px auto; text-align: right; display: block; clear: both;'>\n<p><a href=\"https:\/\/wa.link\/vpicfd\"><img data-recalc-dims=\"1\" class=\"wp-image-4922\" style=\"aspect-ratio: 2.0253164556962027; width: 561px; height: auto;\" src=\"https:\/\/i0.wp.com\/ismaelcolosi.com.br\/wp-content\/uploads\/2023\/11\/grupo-de-empregos-whatsapp-e-facebook-ismael-colosi-vagas.jpg?ssl=1\" alt=\"\" \/><\/a><\/p>\n<!-- \/wp:image -->\n<\/div>\n<p> <br \/>\n<\/p>\n<div>\n<p>Uma boa not\u00edcia para os frequentadores da unidade do Bom Prato no centro de Ribeir\u00e3o Preto. A licita\u00e7\u00e3o para a constru\u00e7\u00e3o do novo pr\u00e9dio do Restaurante Popular Bom Prato, foi homologada nesta quinta-feira, 11 de janeiro.<\/p>\n<p>A disputa de pre\u00e7os foi vencida pela empresa ASF ENGENHARIA E NEG\u00d3CIOS LTDA EPP, com a proposta de R$ 4.688.494,38, valor 16% menor do que o estimado no edital de abertura da licita\u00e7\u00e3o, que \u00e9 R$ 5.615.177,81.<\/p>\n<p>A nova unidade do Bom Prato ser\u00e1 constru\u00edda na rua Lafaiete, numa \u00e1rea de 1.868,14m\u00b2, a aproximadamente 150 metros da atual estrutura do Bom Prato e bem pr\u00f3ximo dos principais terminais de \u00f4nibus urbanos.\u00a0De acordo com o prefeito Duarte Nogueira, \u201co projeto arquitet\u00f4nico do novo espa\u00e7o contempla um anexo pensando em oferecer servi\u00e7os voltados a pessoas em situa\u00e7\u00e3o de vulnerabilidade social. Outro diferencial \u00e9 a implanta\u00e7\u00e3o de um espa\u00e7o pet, com objetivo de acolher os c\u00e3es de estima\u00e7\u00e3o dos frequentadores do restaurante\u201d.<\/p>\n<p>O munic\u00edpio de Ribeir\u00e3o Preto possui duas unidades do Restaurante Popular Bom Prato. A primeira funciona\u00a0atualmente \u00e0 rua Saldanha Marinho,\u00a0765, por mais de 18 anos. E mais nova, entregue em 2022, est\u00e1 instalada na avenida Governador Nogueira Garcez, na regi\u00e3o do Hospital das Clinicas.<\/p>\n<p><\/p>\n<p><strong>Servi\u00e7o<\/strong><\/p>\n<p>Unidade 1 Restaurante Popular Bom Prato<\/p>\n<p>R. Saldanha Marinho, 765 \u2013 Centro, Ribeir\u00e3o Preto<\/p>\n<p>\u00a0<\/p>\n<p>Unidade 2 Restaurante Popular Bom Prato<\/p>\n<p>Avenida Governador Lucas Nogueira Garc\u00eas, 500 \u2013 Bairro Residencial Cidade Universit\u00e1ria<\/p>\n<\/p><\/div>\n<p><br \/>\n<br \/><a href=\"https:\/\/folhaderibeirao.com.br\/2024\/01\/12\/licitacao-para-a-construcao-do-novo-predio-do-bom-prato-e-homologada\/\">Source link <\/a><\/p>\n<!-- CONTENT END 1 -->\n","protected":false},"excerpt":{"rendered":"<p>Uma boa not\u00edcia para os frequentadores da unidade do Bom Prato no centro de Ribeir\u00e3o Preto. A licita\u00e7\u00e3o para a constru\u00e7\u00e3o do novo pr\u00e9dio do&#8230;<\/p>\n","protected":false},"author":1,"featured_media":27452,"comment_status":"open","ping_status":"open","sticky":false,"template":"","format":"standard","meta":{"advanced_seo_description":"","jetpack_seo_html_title":"","jetpack_seo_noindex":false,"jetpack_post_was_ever_published":false,"_jetpack_newsletter_access":"","_jetpack_dont_email_post_to_subs":false,"_jetpack_newsletter_tier_id":0,"_jetpack_memberships_contains_paywalled_content":false,"_jetpack_memberships_contains_paid_content":false,"footnotes":"","jetpack_publicize_message":"","jetpack_publicize_feature_enabled":true,"jetpack_social_post_already_shared":true,"jetpack_social_options":{"image_generator_settings":{"template":"highway","default_image_id":0,"font":"","enabled":false},"version":2}},"categories":[11],"tags":[1238,2163,753,3434,2460,381,71,2237,2941,26],"class_list":["post-27451","post","type-post","status-publish","format-standard","has-post-thumbnail","hentry","category-noticias-de-ribeirao-preto-sp-e-regiao-ismael-colosi","tag-bom","tag-construcao","tag-folha","tag-homologada","tag-licitacao","tag-novo","tag-para","tag-prato","tag-predio","tag-ribeirao"],"jetpack_publicize_connections":[],"jetpack_featured_media_url":"https:\/\/i0.wp.com\/noticiasribeiraopreto.com.br\/wp-content\/uploads\/2024\/01\/licitacao_bom_prato4.jpeg?fit=1184%2C885&ssl=1","jetpack-related-posts":[{"id":67110,"url":"https:\/\/noticiasribeiraopreto.com.br\/index.php\/2025\/04\/09\/veja-como-esta-a-construcao-do-novo-bom-prato-de-ribeirao-preto\/","url_meta":{"origin":27451,"position":0},"title":"Veja como est\u00e1 a constru\u00e7\u00e3o do &#8216;novo&#8217; Bom Prato de Ribeir\u00e3o Preto","author":"noticiasribeiraopreto.com.br","date":"9 de April de 2025","format":false,"excerpt":"A inaugura\u00e7\u00e3o da \u201cnova\u201d unidade do Bom Prato de Ribeir\u00e3o Preto deve acontecer no segundo semestre de 2025, de acordo com a Prefeitura \u2013 veja fotos abaixo. O novo pr\u00e9dio, que substituir\u00e1 o restaurante popular da rua Saldanha Marinho, que existe h\u00e1 18 anos, est\u00e1 sendo constru\u00eddo na rua Lafaiete,\u2026","rel":"","context":"In &quot;Not\u00edcias de Ribeir\u00e3o Preto-SP e Regi\u00e3o&quot;","block_context":{"text":"Not\u00edcias de Ribeir\u00e3o Preto-SP e Regi\u00e3o","link":"https:\/\/noticiasribeiraopreto.com.br\/index.php\/category\/noticias-de-ribeirao-preto-sp-e-regiao-ismael-colosi\/"},"img":{"alt_text":"","src":"https:\/\/i0.wp.com\/noticiasribeiraopreto.com.br\/wp-content\/uploads\/2025\/04\/obras_hc_centro_-_foto_guilherme_sircili_6o_2025-04-09_21-18-05_jpg_2025-04-09_21-18-05.webp.webp?fit=1200%2C799&ssl=1&resize=350%2C200","width":350,"height":200,"srcset":"https:\/\/i0.wp.com\/noticiasribeiraopreto.com.br\/wp-content\/uploads\/2025\/04\/obras_hc_centro_-_foto_guilherme_sircili_6o_2025-04-09_21-18-05_jpg_2025-04-09_21-18-05.webp.webp?fit=1200%2C799&ssl=1&resize=350%2C200 1x, https:\/\/i0.wp.com\/noticiasribeiraopreto.com.br\/wp-content\/uploads\/2025\/04\/obras_hc_centro_-_foto_guilherme_sircili_6o_2025-04-09_21-18-05_jpg_2025-04-09_21-18-05.webp.webp?fit=1200%2C799&ssl=1&resize=525%2C300 1.5x, https:\/\/i0.wp.com\/noticiasribeiraopreto.com.br\/wp-content\/uploads\/2025\/04\/obras_hc_centro_-_foto_guilherme_sircili_6o_2025-04-09_21-18-05_jpg_2025-04-09_21-18-05.webp.webp?fit=1200%2C799&ssl=1&resize=700%2C400 2x, https:\/\/i0.wp.com\/noticiasribeiraopreto.com.br\/wp-content\/uploads\/2025\/04\/obras_hc_centro_-_foto_guilherme_sircili_6o_2025-04-09_21-18-05_jpg_2025-04-09_21-18-05.webp.webp?fit=1200%2C799&ssl=1&resize=1050%2C600 3x"},"classes":[]},{"id":79760,"url":"https:\/\/noticiasribeiraopreto.com.br\/index.php\/2025\/11\/06\/obra-do-novo-bom-prato-sera-concluida-ainda-em-2025-afirma-prefeitura-de-ribeirao-preto\/","url_meta":{"origin":27451,"position":1},"title":"Obra do novo Bom Prato ser\u00e1 conclu\u00edda ainda em 2025, afirma Prefeitura de Ribeir\u00e3o Preto","author":"noticiasribeiraopreto.com.br","date":"6 de November de 2025","format":false,"excerpt":"A Prefeitura de Ribeir\u00e3o Preto confirmou ao acidade on que a obra da nova unidade do Bom Prato, instalada na regi\u00e3o Central, ser\u00e1 conclu\u00edda ainda em 2025. O novo pr\u00e9dio substituir\u00e1 o restaurante popular da rua Saldanha Marinho, que existe h\u00e1 18 anos, e est\u00e1 sendo constru\u00eddo na rua Lafaiete,\u2026","rel":"","context":"In &quot;Not\u00edcias de Ribeir\u00e3o Preto-SP e Regi\u00e3o&quot;","block_context":{"text":"Not\u00edcias de Ribeir\u00e3o Preto-SP e Regi\u00e3o","link":"https:\/\/noticiasribeiraopreto.com.br\/index.php\/category\/noticias-de-ribeirao-preto-sp-e-regiao-ismael-colosi\/"},"img":{"alt_text":"","src":"https:\/\/i0.wp.com\/noticiasribeiraopreto.com.br\/wp-content\/uploads\/2025\/11\/palace-18_2025-11-06_22-31-47.webp.webp?fit=1200%2C675&ssl=1&resize=350%2C200","width":350,"height":200,"srcset":"https:\/\/i0.wp.com\/noticiasribeiraopreto.com.br\/wp-content\/uploads\/2025\/11\/palace-18_2025-11-06_22-31-47.webp.webp?fit=1200%2C675&ssl=1&resize=350%2C200 1x, https:\/\/i0.wp.com\/noticiasribeiraopreto.com.br\/wp-content\/uploads\/2025\/11\/palace-18_2025-11-06_22-31-47.webp.webp?fit=1200%2C675&ssl=1&resize=525%2C300 1.5x, https:\/\/i0.wp.com\/noticiasribeiraopreto.com.br\/wp-content\/uploads\/2025\/11\/palace-18_2025-11-06_22-31-47.webp.webp?fit=1200%2C675&ssl=1&resize=700%2C400 2x, https:\/\/i0.wp.com\/noticiasribeiraopreto.com.br\/wp-content\/uploads\/2025\/11\/palace-18_2025-11-06_22-31-47.webp.webp?fit=1200%2C675&ssl=1&resize=1050%2C600 3x"},"classes":[]},{"id":24410,"url":"https:\/\/noticiasribeiraopreto.com.br\/index.php\/2024\/01\/04\/novo-bom-prato-no-centro-de-ribeirao-preto-vai-custar-r-4-milhoes\/","url_meta":{"origin":27451,"position":2},"title":"Novo Bom Prato no Centro de Ribeir\u00e3o Preto vai custar R$ 4 milh\u00f5es","author":"noticiasribeiraopreto.com.br","date":"4 de January de 2024","format":false,"excerpt":"A Prefeitura de Ribeir\u00e3o Preto publicou no Di\u00e1rio Oficial do Munic\u00edpio de quarta-feira (3) que o pr\u00e9dio do novo Bom Prato no Centro deve custar R$ 4.688.494,38. O novo pr\u00e9dio vai substituir a atual unidade, que fica na rua Saldanha Marinho, 765. De acordo com o aviso de julgamento, a\u2026","rel":"","context":"In &quot;Not\u00edcias de Ribeir\u00e3o Preto-SP e Regi\u00e3o&quot;","block_context":{"text":"Not\u00edcias de Ribeir\u00e3o Preto-SP e Regi\u00e3o","link":"https:\/\/noticiasribeiraopreto.com.br\/index.php\/category\/noticias-de-ribeirao-preto-sp-e-regiao-ismael-colosi\/"},"img":{"alt_text":"","src":"https:\/\/i0.wp.com\/noticiasribeiraopreto.com.br\/wp-content\/uploads\/2024\/01\/bom-prato.jpg?fit=887%2C601&ssl=1&resize=350%2C200","width":350,"height":200,"srcset":"https:\/\/i0.wp.com\/noticiasribeiraopreto.com.br\/wp-content\/uploads\/2024\/01\/bom-prato.jpg?fit=887%2C601&ssl=1&resize=350%2C200 1x, https:\/\/i0.wp.com\/noticiasribeiraopreto.com.br\/wp-content\/uploads\/2024\/01\/bom-prato.jpg?fit=887%2C601&ssl=1&resize=525%2C300 1.5x, https:\/\/i0.wp.com\/noticiasribeiraopreto.com.br\/wp-content\/uploads\/2024\/01\/bom-prato.jpg?fit=887%2C601&ssl=1&resize=700%2C400 2x"},"classes":[]},{"id":18428,"url":"https:\/\/noticiasribeiraopreto.com.br\/index.php\/2023\/12\/20\/propostas-para-construcao-do-novo-bom-prato-serao-abertas\/","url_meta":{"origin":27451,"position":3},"title":"Propostas para constru\u00e7\u00e3o do novo Bom Prato ser\u00e3o abertas\u00a0","author":"noticiasribeiraopreto.com.br","date":"20 de December de 2023","format":false,"excerpt":"20 de dezembro de 2023 | 12:0020 de dezembro de 2023 | 10:53 0A Secretaria da Administra\u00e7\u00e3o realiza na tarde desta quarta-feira, 20 de dezembro, a abertura dos envelopes das propostas de pre\u00e7o para a constru\u00e7\u00e3o do novo pr\u00e9dio do Restaurante Popular Bom Prato, no Centro de Ribeir\u00e3o Preto. No\u2026","rel":"","context":"In &quot;Not\u00edcias de Ribeir\u00e3o Preto-SP e Regi\u00e3o&quot;","block_context":{"text":"Not\u00edcias de Ribeir\u00e3o Preto-SP e Regi\u00e3o","link":"https:\/\/noticiasribeiraopreto.com.br\/index.php\/category\/noticias-de-ribeirao-preto-sp-e-regiao-ismael-colosi\/"},"img":{"alt_text":"","src":"https:\/\/i0.wp.com\/noticiasribeiraopreto.com.br\/wp-content\/uploads\/2023\/12\/novo_bom_prato_centro_4-scaled.jpeg?fit=1000%2C562&ssl=1&resize=350%2C200","width":350,"height":200,"srcset":"https:\/\/i0.wp.com\/noticiasribeiraopreto.com.br\/wp-content\/uploads\/2023\/12\/novo_bom_prato_centro_4-scaled.jpeg?fit=1000%2C562&ssl=1&resize=350%2C200 1x, https:\/\/i0.wp.com\/noticiasribeiraopreto.com.br\/wp-content\/uploads\/2023\/12\/novo_bom_prato_centro_4-scaled.jpeg?fit=1000%2C562&ssl=1&resize=525%2C300 1.5x, https:\/\/i0.wp.com\/noticiasribeiraopreto.com.br\/wp-content\/uploads\/2023\/12\/novo_bom_prato_centro_4-scaled.jpeg?fit=1000%2C562&ssl=1&resize=700%2C400 2x"},"classes":[]},{"id":40324,"url":"https:\/\/noticiasribeiraopreto.com.br\/index.php\/2024\/03\/02\/comeca-obra-do-bom-prato-centro\/","url_meta":{"origin":27451,"position":4},"title":"Come\u00e7a obra do Bom Prato Centro\u00a0","author":"noticiasribeiraopreto.com.br","date":"2 de March de 2024","format":false,"excerpt":"Na manh\u00e3 desta sexta-feira, 1\u00ba de mar\u00e7o, a prefeitura de Ribeir\u00e3o Preto anunciou o in\u00edcio das obras para a constru\u00e7\u00e3o do novo Bom Prato Centro. O prefeito Duarte Nogueira (PSDB) assinou a ordem de servi\u00e7o. O projeto visa atender \u00e0s necessidades alimentares e de assist\u00eancia b\u00e1sica da popula\u00e7\u00e3o em situa\u00e7\u00e3o\u2026","rel":"","context":"In &quot;Not\u00edcias de Ribeir\u00e3o Preto-SP e Regi\u00e3o&quot;","block_context":{"text":"Not\u00edcias de Ribeir\u00e3o Preto-SP e Regi\u00e3o","link":"https:\/\/noticiasribeiraopreto.com.br\/index.php\/category\/noticias-de-ribeirao-preto-sp-e-regiao-ismael-colosi\/"},"img":{"alt_text":"","src":"https:\/\/i0.wp.com\/noticiasribeiraopreto.com.br\/wp-content\/uploads\/2024\/03\/BomPrato-Bom-Detalhe-Divulgacao-scaled.jpeg?fit=1000%2C563&ssl=1&resize=350%2C200","width":350,"height":200,"srcset":"https:\/\/i0.wp.com\/noticiasribeiraopreto.com.br\/wp-content\/uploads\/2024\/03\/BomPrato-Bom-Detalhe-Divulgacao-scaled.jpeg?fit=1000%2C563&ssl=1&resize=350%2C200 1x, https:\/\/i0.wp.com\/noticiasribeiraopreto.com.br\/wp-content\/uploads\/2024\/03\/BomPrato-Bom-Detalhe-Divulgacao-scaled.jpeg?fit=1000%2C563&ssl=1&resize=525%2C300 1.5x, https:\/\/i0.wp.com\/noticiasribeiraopreto.com.br\/wp-content\/uploads\/2024\/03\/BomPrato-Bom-Detalhe-Divulgacao-scaled.jpeg?fit=1000%2C563&ssl=1&resize=700%2C400 2x"},"classes":[]},{"id":27834,"url":"https:\/\/noticiasribeiraopreto.com.br\/index.php\/2024\/01\/13\/definida-empresa-do-novo-bom-prato\/","url_meta":{"origin":27451,"position":5},"title":"Definida empresa do novo Bom Prato\u00a0","author":"noticiasribeiraopreto.com.br","date":"13 de January de 2024","format":false,"excerpt":"13 de janeiro de 2024 | 14:0013 de janeiro de 2024 | 10:58 0A prefeitura de Ribeir\u00e3o Preto homologou na quinta-feira, 11 de janeiro, a licita\u00e7\u00e3o para a constru\u00e7\u00e3o do novo pr\u00e9dio do Restaurante Popular Bom Prato, no Centro da cidade\u00a0 A disputa foi vencida pela empresa ASF Engenharia e\u2026","rel":"","context":"In &quot;Not\u00edcias de Ribeir\u00e3o Preto-SP e Regi\u00e3o&quot;","block_context":{"text":"Not\u00edcias de Ribeir\u00e3o Preto-SP e Regi\u00e3o","link":"https:\/\/noticiasribeiraopreto.com.br\/index.php\/category\/noticias-de-ribeirao-preto-sp-e-regiao-ismael-colosi\/"},"img":{"alt_text":"","src":"https:\/\/i0.wp.com\/noticiasribeiraopreto.com.br\/wp-content\/uploads\/2024\/01\/BomPrato-Cen-Detalhe-Divulgacao-02-scaled.jpeg?fit=1000%2C563&ssl=1&resize=350%2C200","width":350,"height":200,"srcset":"https:\/\/i0.wp.com\/noticiasribeiraopreto.com.br\/wp-content\/uploads\/2024\/01\/BomPrato-Cen-Detalhe-Divulgacao-02-scaled.jpeg?fit=1000%2C563&ssl=1&resize=350%2C200 1x, https:\/\/i0.wp.com\/noticiasribeiraopreto.com.br\/wp-content\/uploads\/2024\/01\/BomPrato-Cen-Detalhe-Divulgacao-02-scaled.jpeg?fit=1000%2C563&ssl=1&resize=525%2C300 1.5x, https:\/\/i0.wp.com\/noticiasribeiraopreto.com.br\/wp-content\/uploads\/2024\/01\/BomPrato-Cen-Detalhe-Divulgacao-02-scaled.jpeg?fit=1000%2C563&ssl=1&resize=700%2C400 2x"},"classes":[]}],"jetpack_sharing_enabled":true,"jetpack_shortlink":"https:\/\/wp.me\/peQAOb-78L","_links":{"self":[{"href":"https:\/\/noticiasribeiraopreto.com.br\/index.php\/wp-json\/wp\/v2\/posts\/27451","targetHints":{"allow":["GET"]}}],"collection":[{"href":"https:\/\/noticiasribeiraopreto.com.br\/index.php\/wp-json\/wp\/v2\/posts"}],"about":[{"href":"https:\/\/noticiasribeiraopreto.com.br\/index.php\/wp-json\/wp\/v2\/types\/post"}],"author":[{"embeddable":true,"href":"https:\/\/noticiasribeiraopreto.com.br\/index.php\/wp-json\/wp\/v2\/users\/1"}],"replies":[{"embeddable":true,"href":"https:\/\/noticiasribeiraopreto.com.br\/index.php\/wp-json\/wp\/v2\/comments?post=27451"}],"version-history":[{"count":0,"href":"https:\/\/noticiasribeiraopreto.com.br\/index.php\/wp-json\/wp\/v2\/posts\/27451\/revisions"}],"wp:featuredmedia":[{"embeddable":true,"href":"https:\/\/noticiasribeiraopreto.com.br\/index.php\/wp-json\/wp\/v2\/media\/27452"}],"wp:attachment":[{"href":"https:\/\/noticiasribeiraopreto.com.br\/index.php\/wp-json\/wp\/v2\/media?parent=27451"}],"wp:term":[{"taxonomy":"category","embeddable":true,"href":"https:\/\/noticiasribeiraopreto.com.br\/index.php\/wp-json\/wp\/v2\/categories?post=27451"},{"taxonomy":"post_tag","embeddable":true,"href":"https:\/\/noticiasribeiraopreto.com.br\/index.php\/wp-json\/wp\/v2\/tags?post=27451"}],"curies":[{"name":"wp","href":"https:\/\/api.w.org\/{rel}","templated":true}]}}