{"id":27459,"date":"2024-01-12T10:44:05","date_gmt":"2024-01-12T13:44:05","guid":{"rendered":"https:\/\/noticiasribeiraopreto.com.br\/index.php\/2024\/01\/12\/atriz-sthefany-brito-faz-desabafo-apos-vivenciar-momentos-tensos-em-aviao\/"},"modified":"2024-01-12T10:44:05","modified_gmt":"2024-01-12T13:44:05","slug":"atriz-sthefany-brito-faz-desabafo-apos-vivenciar-momentos-tensos-em-aviao","status":"publish","type":"post","link":"https:\/\/noticiasribeiraopreto.com.br\/index.php\/2024\/01\/12\/atriz-sthefany-brito-faz-desabafo-apos-vivenciar-momentos-tensos-em-aviao\/","title":{"rendered":"atriz Sthefany Brito faz desabafo ap\u00f3s vivenciar momentos tensos em avi\u00e3o"},"content":{"rendered":"<div class='code-block code-block-1' style='margin: 8px 0 8px auto; text-align: right; display: block; clear: both;'>\n<p><a href=\"https:\/\/wa.link\/vpicfd\"><img data-recalc-dims=\"1\" class=\"wp-image-4922\" style=\"aspect-ratio: 2.0253164556962027; width: 561px; height: auto;\" src=\"https:\/\/i0.wp.com\/ismaelcolosi.com.br\/wp-content\/uploads\/2023\/11\/grupo-de-empregos-whatsapp-e-facebook-ismael-colosi-vagas.jpg?ssl=1\" alt=\"\" \/><\/a><\/p>\n<!-- \/wp:image -->\n<\/div>\n<p> <br \/>\n<\/p>\n<div itemprop=\"text\">\n<p>Recentemente, a famosa atriz Sthefany Brito surgiu em p\u00fablico para expor que passou por um susto enquanto estava realizando um voo para a Alemanha. Em certo momento, a aeronave precisou realizar um pouso de emerg\u00eancia na Espanha.<\/p>\n<p>Tudo aconteceu ap\u00f3s uma passageira ter passado muito mal. A atriz compartilhou mais detalhes de sua experi\u00eancia atrav\u00e9s dos Stories de seu Instagram, local em que costuma falar mais sobre sua vida. Ela contou que a mulher repentinamente sofreu com uma parada card\u00edaca.<\/p>\n<p><strong>\u201cPrecisavam estabilizar ela [primeiro], ou seja, estava ruim. Ficamos umas tr\u00eas horas parados, ent\u00e3o atrasou muito. Conclus\u00e3o: todo mundo que tinha conex\u00e3o, inclusive n\u00f3s, perdeu. Todo mundo perdeu o voo que ia pegar depois\u201d<\/strong>, contou Stefhany, ao dar mais detalhes diante do assunto.<\/p>\n<p>De acordo com a artista, quando a passageira passou mal, a tripula\u00e7\u00e3o questionou se havia um m\u00e9dico a bordo. A artista entendeu que a situa\u00e7\u00e3o era grave, e por conta disso, um atraso consider\u00e1vel aconteceu.<\/p>\n<p>Finalizando seu relato, a atriz lamentou o ocorrido, todos, incluindo ela mesma, perderam os voos de conex\u00e3o. Al\u00e9m disso, ela se preocupou com a passageira que passou mal, afirmando que deseja melhoras para mulher.<\/p>\n<p>O epis\u00f3dio destaca a imprevisibilidade e os desafios enfrentados durante as viagens a\u00e9reas, enfatizando a import\u00e2ncia de equipes m\u00e9dicas preparadas em casos de emerg\u00eancia.<\/p>\n<p>Muitos f\u00e3s se tranquilizaram ap\u00f3s terem tido certeza que a querida atriz estava bem. Ela tem milh\u00f5es de seguidores em seu Instagram.<\/p>\n<\/div>\n<p><br \/>\n<br \/><a href=\"https:\/\/fnmais.com\/pouso-emergencia-parada-cardiaca-atriz-sthefany-brito-faz-desabafo-apos-vivenciar-momentos-tensos-em-aviao\/\">Source link <\/a><\/p>\n<!-- CONTENT END 1 -->\n","protected":false},"excerpt":{"rendered":"<p>Recentemente, a famosa atriz Sthefany Brito surgiu em p\u00fablico para expor que passou por um susto enquanto estava realizando um voo para a Alemanha. Em&#8230;<\/p>\n","protected":false},"author":1,"featured_media":27460,"comment_status":"open","ping_status":"open","sticky":false,"template":"","format":"standard","meta":{"advanced_seo_description":"","jetpack_seo_html_title":"","jetpack_seo_noindex":false,"jetpack_post_was_ever_published":false,"_jetpack_newsletter_access":"","_jetpack_dont_email_post_to_subs":false,"_jetpack_newsletter_tier_id":0,"_jetpack_memberships_contains_paywalled_content":false,"_jetpack_memberships_contains_paid_content":false,"footnotes":"","jetpack_publicize_message":"","jetpack_publicize_feature_enabled":true,"jetpack_social_post_already_shared":true,"jetpack_social_options":{"image_generator_settings":{"template":"highway","default_image_id":0,"font":"","enabled":false},"version":2}},"categories":[1],"tags":[],"class_list":["post-27459","post","type-post","status-publish","format-standard","has-post-thumbnail","hentry","category-blog"],"jetpack_publicize_connections":[],"jetpack_featured_media_url":"https:\/\/i0.wp.com\/noticiasribeiraopreto.com.br\/wp-content\/uploads\/2024\/01\/postimg-65a13edd819914169.jpg?fit=1200%2C628&ssl=1","jetpack-related-posts":[{"id":31034,"url":"https:\/\/noticiasribeiraopreto.com.br\/index.php\/2024\/01\/20\/atriz-sthefany-acaba-de-confirmar-triste-noticia-sobre-seu-irmao-kayky-brito-ele-ver-mais\/","url_meta":{"origin":27459,"position":0},"title":"Atriz Sthefany acaba de confirmar TRISTE NOT\u00cdCIA sobre seu irm\u00e3o Kayky Brito, ele&#8230;Ver mais","author":"noticiasribeiraopreto.com.br","date":"20 de January de 2024","format":false,"excerpt":"Novas atualiza\u00e7\u00f5es sobre o caso de Kayky Brito acabam de sair e revelam o real estado do ator. Sua irm\u00e3 e tamb\u00e9m atriz reconhecida nacionalmente Sthefany Brito deu um depoimento emocionante sobre o triste acontecimento e falou com jornalistas que estavam na frente do Hospital Municipal Miguel Couto. Em frente\u2026","rel":"","context":"In &quot;Variedades&quot;","block_context":{"text":"Variedades","link":"https:\/\/noticiasribeiraopreto.com.br\/index.php\/category\/variedades\/"},"img":{"alt_text":"","src":"https:\/\/i0.wp.com\/noticiasribeiraopreto.com.br\/wp-content\/uploads\/2024\/01\/Apresentacao-sem-titulo-11.png?fit=960%2C540&ssl=1&resize=350%2C200","width":350,"height":200,"srcset":"https:\/\/i0.wp.com\/noticiasribeiraopreto.com.br\/wp-content\/uploads\/2024\/01\/Apresentacao-sem-titulo-11.png?fit=960%2C540&ssl=1&resize=350%2C200 1x, https:\/\/i0.wp.com\/noticiasribeiraopreto.com.br\/wp-content\/uploads\/2024\/01\/Apresentacao-sem-titulo-11.png?fit=960%2C540&ssl=1&resize=525%2C300 1.5x, https:\/\/i0.wp.com\/noticiasribeiraopreto.com.br\/wp-content\/uploads\/2024\/01\/Apresentacao-sem-titulo-11.png?fit=960%2C540&ssl=1&resize=700%2C400 2x"},"classes":[]},{"id":2428,"url":"https:\/\/noticiasribeiraopreto.com.br\/index.php\/2023\/11\/15\/quem-era-isis-freitas-atriz-que-perdeu-sua-vida-precocemente-aos-22-anos-famosos-lamentaram\/","url_meta":{"origin":27459,"position":1},"title":"Quem era Isis Freitas, atriz que perdeu sua vida precocemente aos 22 anos; famosos lamentaram","author":"noticiasribeiraopreto.com.br","date":"15 de November de 2023","format":false,"excerpt":"Neste domingo, dia 12 de novembro, foi anunciada a morte da atriz Isis Freira que morreu precocemente aos 22 anos de idade. A informa\u00e7\u00e3o chegou a ser confirmada por sua equipe nas redes sociais, mas a causa de sua morte, por enquanto, n\u00e3o foi informada.\u201c\u00c9 com muito pesar e tristeza\u2026","rel":"","context":"In &quot;Blog&quot;","block_context":{"text":"Blog","link":"https:\/\/noticiasribeiraopreto.com.br\/index.php\/category\/blog\/"},"img":{"alt_text":"","src":"https:\/\/i0.wp.com\/noticiasribeiraopreto.com.br\/wp-content\/uploads\/2023\/11\/postimg-65537b09ec7af1451.jpg?fit=1200%2C628&ssl=1&resize=350%2C200","width":350,"height":200,"srcset":"https:\/\/i0.wp.com\/noticiasribeiraopreto.com.br\/wp-content\/uploads\/2023\/11\/postimg-65537b09ec7af1451.jpg?fit=1200%2C628&ssl=1&resize=350%2C200 1x, https:\/\/i0.wp.com\/noticiasribeiraopreto.com.br\/wp-content\/uploads\/2023\/11\/postimg-65537b09ec7af1451.jpg?fit=1200%2C628&ssl=1&resize=525%2C300 1.5x, https:\/\/i0.wp.com\/noticiasribeiraopreto.com.br\/wp-content\/uploads\/2023\/11\/postimg-65537b09ec7af1451.jpg?fit=1200%2C628&ssl=1&resize=700%2C400 2x, https:\/\/i0.wp.com\/noticiasribeiraopreto.com.br\/wp-content\/uploads\/2023\/11\/postimg-65537b09ec7af1451.jpg?fit=1200%2C628&ssl=1&resize=1050%2C600 3x"},"classes":[]},{"id":16167,"url":"https:\/\/noticiasribeiraopreto.com.br\/index.php\/2023\/12\/15\/irma-e-esposa-de-kayky-brito-teriam-brigado-feio-no-hospital-afirma-colunista\/","url_meta":{"origin":27459,"position":2},"title":"Irm\u00e3 e esposa de Kayky Brito teriam brigado feio no hospital, afirma colunista","author":"noticiasribeiraopreto.com.br","date":"15 de December de 2023","format":false,"excerpt":"A fam\u00edlia Brito voltou a figurar nas p\u00e1ginas de fofoca nesta semana ap\u00f3s informa\u00e7\u00f5es da coluna de Mariana Morais, no Correio Braziliense. De acordo com a nota, o clima na fam\u00edlia n\u00e3o \u00e9 dos melhores.De acordo com a not\u00edcia, a rela\u00e7\u00e3o entre a esposa do ator e sua irm\u00e3 n\u00e3o\u2026","rel":"","context":"In &quot;Blog&quot;","block_context":{"text":"Blog","link":"https:\/\/noticiasribeiraopreto.com.br\/index.php\/category\/blog\/"},"img":{"alt_text":"","src":"https:\/\/i0.wp.com\/noticiasribeiraopreto.com.br\/wp-content\/uploads\/2023\/12\/postimg-657bcb09329f65789.jpg?fit=1200%2C628&ssl=1&resize=350%2C200","width":350,"height":200,"srcset":"https:\/\/i0.wp.com\/noticiasribeiraopreto.com.br\/wp-content\/uploads\/2023\/12\/postimg-657bcb09329f65789.jpg?fit=1200%2C628&ssl=1&resize=350%2C200 1x, https:\/\/i0.wp.com\/noticiasribeiraopreto.com.br\/wp-content\/uploads\/2023\/12\/postimg-657bcb09329f65789.jpg?fit=1200%2C628&ssl=1&resize=525%2C300 1.5x, https:\/\/i0.wp.com\/noticiasribeiraopreto.com.br\/wp-content\/uploads\/2023\/12\/postimg-657bcb09329f65789.jpg?fit=1200%2C628&ssl=1&resize=700%2C400 2x, https:\/\/i0.wp.com\/noticiasribeiraopreto.com.br\/wp-content\/uploads\/2023\/12\/postimg-657bcb09329f65789.jpg?fit=1200%2C628&ssl=1&resize=1050%2C600 3x"},"classes":[]},{"id":8057,"url":"https:\/\/noticiasribeiraopreto.com.br\/index.php\/2023\/11\/29\/motivo-da-internacao-de-isis-valverde-e-exposto-e-detalhes-sao-divulgados-corpo-dizendo-para\/","url_meta":{"origin":27459,"position":3},"title":"Motivo da interna\u00e7\u00e3o de Isis Valverde \u00e9 exposto e detalhes s\u00e3o divulgados: &#8216;Corpo dizendo para&#8217;","author":"noticiasribeiraopreto.com.br","date":"29 de November de 2023","format":false,"excerpt":"Nesta \u00faltima segunda-feira, dia 27 de novembro, a famosa atriz Isis Valverde deixou a todos preocupados ap\u00f3s ter publicado algumas imagens em que apareceu hospitalizada, deitada em uma cama de hospital.E diante de toda a situa\u00e7\u00e3o, a artista precisou explicar o que teria acontecido com ela, revelando qual seria o\u2026","rel":"","context":"In &quot;Blog&quot;","block_context":{"text":"Blog","link":"https:\/\/noticiasribeiraopreto.com.br\/index.php\/category\/blog\/"},"img":{"alt_text":"","src":"https:\/\/i0.wp.com\/noticiasribeiraopreto.com.br\/wp-content\/uploads\/2023\/11\/postimg-65673826536656155.jpg?fit=1200%2C628&ssl=1&resize=350%2C200","width":350,"height":200,"srcset":"https:\/\/i0.wp.com\/noticiasribeiraopreto.com.br\/wp-content\/uploads\/2023\/11\/postimg-65673826536656155.jpg?fit=1200%2C628&ssl=1&resize=350%2C200 1x, https:\/\/i0.wp.com\/noticiasribeiraopreto.com.br\/wp-content\/uploads\/2023\/11\/postimg-65673826536656155.jpg?fit=1200%2C628&ssl=1&resize=525%2C300 1.5x, https:\/\/i0.wp.com\/noticiasribeiraopreto.com.br\/wp-content\/uploads\/2023\/11\/postimg-65673826536656155.jpg?fit=1200%2C628&ssl=1&resize=700%2C400 2x, https:\/\/i0.wp.com\/noticiasribeiraopreto.com.br\/wp-content\/uploads\/2023\/11\/postimg-65673826536656155.jpg?fit=1200%2C628&ssl=1&resize=1050%2C600 3x"},"classes":[]},{"id":9183,"url":"https:\/\/noticiasribeiraopreto.com.br\/index.php\/2023\/12\/01\/carolina-dieckmann-e-internada-preocupa-fas-e-deixa-alerta\/","url_meta":{"origin":27459,"position":4},"title":"Carolina Dieckmann \u00e9 internada, preocupa f\u00e3s e deixa alerta","author":"noticiasribeiraopreto.com.br","date":"1 de December de 2023","format":false,"excerpt":"Na manh\u00e3 desta sexta-feira, dia 2 de dezembro, a famosa atriz Carolina Dieckmann publicou registros de sua interna\u00e7\u00e3o nas redes sociais. Na postagem, ela ainda aproveitou para deixar um alerta aos seus seguidores, abordando mais sobre o assunto.\u201cIsso foi ontem. J\u00e1 estou em casa e estou \u00f3tima, mas esse post\u2026","rel":"","context":"In &quot;Blog&quot;","block_context":{"text":"Blog","link":"https:\/\/noticiasribeiraopreto.com.br\/index.php\/category\/blog\/"},"img":{"alt_text":"","src":"https:\/\/i0.wp.com\/noticiasribeiraopreto.com.br\/wp-content\/uploads\/2023\/12\/postimg-656a1a46c8a7f3088.jpg?fit=1200%2C628&ssl=1&resize=350%2C200","width":350,"height":200,"srcset":"https:\/\/i0.wp.com\/noticiasribeiraopreto.com.br\/wp-content\/uploads\/2023\/12\/postimg-656a1a46c8a7f3088.jpg?fit=1200%2C628&ssl=1&resize=350%2C200 1x, https:\/\/i0.wp.com\/noticiasribeiraopreto.com.br\/wp-content\/uploads\/2023\/12\/postimg-656a1a46c8a7f3088.jpg?fit=1200%2C628&ssl=1&resize=525%2C300 1.5x, https:\/\/i0.wp.com\/noticiasribeiraopreto.com.br\/wp-content\/uploads\/2023\/12\/postimg-656a1a46c8a7f3088.jpg?fit=1200%2C628&ssl=1&resize=700%2C400 2x, https:\/\/i0.wp.com\/noticiasribeiraopreto.com.br\/wp-content\/uploads\/2023\/12\/postimg-656a1a46c8a7f3088.jpg?fit=1200%2C628&ssl=1&resize=1050%2C600 3x"},"classes":[]},{"id":20006,"url":"https:\/\/noticiasribeiraopreto.com.br\/index.php\/2023\/12\/23\/triste-noticia-sobre-a-atriz-claudia-alencar-e-exposta-por-seu-filho-em-estado-grave\/","url_meta":{"origin":27459,"position":5},"title":"Triste not\u00edcia sobre a atriz Cl\u00e1udia Alencar \u00e9 exposta por seu filho: em estado grave","author":"noticiasribeiraopreto.com.br","date":"23 de December de 2023","format":false,"excerpt":"Uma triste not\u00edcia sobre a atriz Claudia Alencar, que j\u00e1 participou de v\u00e1rias produ\u00e7\u00f5es de sucesso na TV brasileira, veio \u00e0 tona atrav\u00e9s de seu filho.De acordo com Yann Hatchuel, filho da atriz Claudia Alencar, afirmou que ela est\u00e1 internada em estado grave na Cl\u00ednica S\u00e3o Vicente, localizada na Zona\u2026","rel":"","context":"In &quot;Blog&quot;","block_context":{"text":"Blog","link":"https:\/\/noticiasribeiraopreto.com.br\/index.php\/category\/blog\/"},"img":{"alt_text":"","src":"https:\/\/i0.wp.com\/noticiasribeiraopreto.com.br\/wp-content\/uploads\/2023\/12\/postimg-65876af6465702076.jpg?fit=1200%2C628&ssl=1&resize=350%2C200","width":350,"height":200,"srcset":"https:\/\/i0.wp.com\/noticiasribeiraopreto.com.br\/wp-content\/uploads\/2023\/12\/postimg-65876af6465702076.jpg?fit=1200%2C628&ssl=1&resize=350%2C200 1x, https:\/\/i0.wp.com\/noticiasribeiraopreto.com.br\/wp-content\/uploads\/2023\/12\/postimg-65876af6465702076.jpg?fit=1200%2C628&ssl=1&resize=525%2C300 1.5x, https:\/\/i0.wp.com\/noticiasribeiraopreto.com.br\/wp-content\/uploads\/2023\/12\/postimg-65876af6465702076.jpg?fit=1200%2C628&ssl=1&resize=700%2C400 2x, https:\/\/i0.wp.com\/noticiasribeiraopreto.com.br\/wp-content\/uploads\/2023\/12\/postimg-65876af6465702076.jpg?fit=1200%2C628&ssl=1&resize=1050%2C600 3x"},"classes":[]}],"jetpack_sharing_enabled":true,"jetpack_shortlink":"https:\/\/wp.me\/peQAOb-78T","_links":{"self":[{"href":"https:\/\/noticiasribeiraopreto.com.br\/index.php\/wp-json\/wp\/v2\/posts\/27459","targetHints":{"allow":["GET"]}}],"collection":[{"href":"https:\/\/noticiasribeiraopreto.com.br\/index.php\/wp-json\/wp\/v2\/posts"}],"about":[{"href":"https:\/\/noticiasribeiraopreto.com.br\/index.php\/wp-json\/wp\/v2\/types\/post"}],"author":[{"embeddable":true,"href":"https:\/\/noticiasribeiraopreto.com.br\/index.php\/wp-json\/wp\/v2\/users\/1"}],"replies":[{"embeddable":true,"href":"https:\/\/noticiasribeiraopreto.com.br\/index.php\/wp-json\/wp\/v2\/comments?post=27459"}],"version-history":[{"count":0,"href":"https:\/\/noticiasribeiraopreto.com.br\/index.php\/wp-json\/wp\/v2\/posts\/27459\/revisions"}],"wp:featuredmedia":[{"embeddable":true,"href":"https:\/\/noticiasribeiraopreto.com.br\/index.php\/wp-json\/wp\/v2\/media\/27460"}],"wp:attachment":[{"href":"https:\/\/noticiasribeiraopreto.com.br\/index.php\/wp-json\/wp\/v2\/media?parent=27459"}],"wp:term":[{"taxonomy":"category","embeddable":true,"href":"https:\/\/noticiasribeiraopreto.com.br\/index.php\/wp-json\/wp\/v2\/categories?post=27459"},{"taxonomy":"post_tag","embeddable":true,"href":"https:\/\/noticiasribeiraopreto.com.br\/index.php\/wp-json\/wp\/v2\/tags?post=27459"}],"curies":[{"name":"wp","href":"https:\/\/api.w.org\/{rel}","templated":true}]}}